{"id":43481,"date":"2022-03-22T08:43:18","date_gmt":"2022-03-22T07:43:18","guid":{"rendered":"https:\/\/www.almega.se\/?p=43481"},"modified":"2023-10-26T15:50:27","modified_gmt":"2023-10-26T13:50:27","slug":"tjansteindikatorn-punkt-for-pandemin-ny-kris-hotar","status":"publish","type":"post","link":"https:\/\/www.almega.se\/2022\/03\/tjansteindikatorn-punkt-for-pandemin-ny-kris-hotar\/","title":{"rendered":"Tj\u00e4nste&shy;indikatorn: Punkt f\u00f6r pandemin \u2013 ny kris hotar"},"content":{"rendered":"<p class=\"intro\">Pandemins effekter \u00e4r \u00f6ver i hela tj\u00e4nstesektorn. Produktionen och jobben \u00e4r nu betydligt fler \u00e4n f\u00f6re pandemin i princip alla delar av tj\u00e4nstesektorn. Kriget i Ukraina och den stigande inflationen hotar dock att utl\u00f6sa en ny kris.<\/p>\n\n<p>\u2013 Vid \u00e5rsskiftet var produktionen i tj\u00e4nstesektorn sex procent h\u00f6gre \u00e4n f\u00f6re pandemin och Almegas nya tj\u00e4nsteindikator tyder p\u00e5 tillv\u00e4xten forts\u00e4tter men i l\u00e5ngsammare takt. Ber\u00e4kningen bygger dock p\u00e5 data som samlades in f\u00f6re krigsutbrottet. Risken \u00e4r stor att den positiva utvecklingen bryts tidigare, s\u00e4ger Almegas chefekonom Patrick Joyce.<\/p>\n\n\n\n<p>Redan under h\u00f6sten planade tillv\u00e4xten ut f\u00f6r f\u00f6retagstj\u00e4nster inom juridik, teknik, ekonomi. Avmattningen kom dock efter en mycket stark utveckling under f\u00f6rsta halv\u00e5ret 2021. Samma sak g\u00e4ller datakonsulttj\u00e4nster. Trots avmattningen var produktionen vid \u00e5rsskiftet i b\u00e5da branscherna mer \u00e4n 15 procent h\u00f6gre \u00e4n f\u00f6re pandemin.<\/p>\n\n\n<a class='Share__link Share__link--url copy-text' href='#' rel='nofollow' data-text='jobben-tillbaka' title='Dela url' data-confirmation='L\u00e4nken kopierades till urklipp'><svg class='icon icon--link'  width='18' height='18' viewBox='0 0 18 18' fill='none' xmlns='http:\/\/www.w3.org\/2000\/svg'>\n            <path d='M10.4142 0.514721L6.87868 4.05025L8.29289 5.46447L11.1213 2.63604L15.364 6.87868L12.5355 9.70711L13.9497 11.1213L17.4853 7.58579C17.8763 7.19476 17.8763 6.5626 17.4853 6.17158L11.8284 0.514721C11.4374 0.123691 10.8052 0.123691 10.4142 0.514721Z' fill='black'\/>\n            <path d='M9.7071 12.5355L6.87868 15.364L2.63604 11.1213L5.46446 8.2929L4.05025 6.87868L0.514716 10.4142C0.123686 10.8052 0.123686 11.4374 0.514716 11.8284L6.17157 17.4853C6.5626 17.8763 7.19475 17.8763 7.58578 17.4853L11.1213 13.9497L9.7071 12.5355Z' fill='black'\/>\n            <path d='M6.17157 11.8284C6.5626 12.2195 7.19475 12.2195 7.58578 11.8284L11.8284 7.58579C12.2195 7.19476 12.2195 6.56261 11.8284 6.17158C11.4374 5.78055 10.8052 5.78055 10.4142 6.17158L6.17157 10.4142C5.78054 10.8052 5.78054 11.4374 6.17157 11.8284Z' fill='black'\/>\n            <\/svg> <\/a>\n<h2 class=\"wp-block-heading\">Jobben tillbaka<\/h2>\n\n\n\n<p>De jobb som f\u00f6rsvann i tj\u00e4nstesektorn under f\u00f6rsta delen av pandemin har kommit tillbaka och nya jobb har skapats. Vid \u00e5rsskiftet arbetade 81 000 fler personer i tj\u00e4nstesektorn \u00e4n f\u00f6re pandemin. Flest nya jobb \u2013 18 000 \u2013 har skapats inom information och kommunikation. Inom bemanningsbranschen har n\u00e4stan 12 000 nya jobb skapats det senaste \u00e5ret.<\/p>\n\n\n\n<p>\u2013 Det \u00e4r gl\u00e4djande att jobben har kommit tillbaka men tj\u00e4nstef\u00f6retagen f\u00e5r allt sv\u00e5rare att rekrytera de personer de beh\u00f6ver. N\u00e4stan h\u00e4lften av f\u00f6retagen s\u00e4ger att brist p\u00e5 arbetskraft hindrar deras verksamhet, s\u00e4ger Patrick Joyce.<\/p>\n\n\n<a class='Share__link Share__link--url copy-text' href='#' rel='nofollow' data-text='\u00d6kande-priser' title='Dela url' data-confirmation='L\u00e4nken kopierades till urklipp'><svg class='icon icon--link'  width='18' height='18' viewBox='0 0 18 18' fill='none' xmlns='http:\/\/www.w3.org\/2000\/svg'>\n            <path d='M10.4142 0.514721L6.87868 4.05025L8.29289 5.46447L11.1213 2.63604L15.364 6.87868L12.5355 9.70711L13.9497 11.1213L17.4853 7.58579C17.8763 7.19476 17.8763 6.5626 17.4853 6.17158L11.8284 0.514721C11.4374 0.123691 10.8052 0.123691 10.4142 0.514721Z' fill='black'\/>\n            <path d='M9.7071 12.5355L6.87868 15.364L2.63604 11.1213L5.46446 8.2929L4.05025 6.87868L0.514716 10.4142C0.123686 10.8052 0.123686 11.4374 0.514716 11.8284L6.17157 17.4853C6.5626 17.8763 7.19475 17.8763 7.58578 17.4853L11.1213 13.9497L9.7071 12.5355Z' fill='black'\/>\n            <path d='M6.17157 11.8284C6.5626 12.2195 7.19475 12.2195 7.58578 11.8284L11.8284 7.58579C12.2195 7.19476 12.2195 6.56261 11.8284 6.17158C11.4374 5.78055 10.8052 5.78055 10.4142 6.17158L6.17157 10.4142C5.78054 10.8052 5.78054 11.4374 6.17157 11.8284Z' fill='black'\/>\n            <\/svg> <\/a>\n<h2 class=\"wp-block-heading\">\u00d6kande priser<\/h2>\n\n\n\n<p>Ett \u00e4nnu st\u00f6rre orosmoln \u00e4r priserna som stiger allt snabbare. Redan vid \u00e5rsskiftet \u00f6kade tj\u00e4nstepriserna med 4,8 procent p\u00e5 \u00e5rsbasis. Den h\u00f6gsta pris\u00f6kning som sedan 2005. De kraftiga prish\u00f6jningar p\u00e5 drivmedel, livsmedel och annan energi de senaste veckorna kommer med s\u00e4kerhet att driva p\u00e5 tj\u00e4nstepriserna \u00e4nnu mer.<\/p>\n\n\n\n<p>\u2013 Kriget i Ukraina riskerar att leda till b\u00e5de h\u00f6gre inflation och l\u00e4gre ekonomisk tillv\u00e4xt i globalt och s\u00e4rskilt i Europa. Om detta blir fallet kommer det att p\u00e5verka tj\u00e4nstesektorn som st\u00e5r f\u00f6r 40 procent av den svenska exporten, s\u00e4ger Patrick Joyce.<\/p>\n\n\n\n<p>Hela rapporten \u00e5terfinns <a href=\"https:\/\/www.almega.se\/app\/uploads\/2022\/03\/tjansteindikatorn-kvartal-ett-2022-slutversion.pdf\">h\u00e4r<\/a>.<\/p>\n","protected":false},"excerpt":{"rendered":"<p>\u2013 Vid \u00e5rsskiftet var produktionen i tj\u00e4nstesektorn sex procent h\u00f6gre \u00e4n f\u00f6re pandemin och Almegas nya tj\u00e4nsteindikator tyder p\u00e5 tillv\u00e4xten forts\u00e4tter men i l\u00e5ngsammare takt. Ber\u00e4kningen bygger dock p\u00e5 data som samlades in f\u00f6re krigsutbrottet. &hellip;<\/p>\n","protected":false},"author":6356,"featured_media":43485,"comment_status":"closed","ping_status":"closed","sticky":false,"template":"","format":"standard","meta":{"_acf_changed":false,"footnotes":""},"categories":[581],"tags":[50],"article_type":[55,56],"agreement":[],"class_list":["post-43481","post","type-post","status-publish","format-standard","has-post-thumbnail","hentry","category-tjanstesektorns-betydelse","tag-tjanstesektorns-utveckling","type-artiklar","type-nyheter"],"acf":[],"yoast_head":"<!-- This site is optimized with the Yoast SEO Premium plugin v26.8 (Yoast SEO v26.8) - https:\/\/yoast.com\/product\/yoast-seo-premium-wordpress\/ -->\n<title>Tj\u00e4nsteindikatorn: Punkt f\u00f6r pandemin \u2013 ny kris hotar | Almega<\/title>\n<meta name=\"description\" content=\"Tj\u00e4nstesektorn har \u00e5terh\u00e4mtat sig efter pandemin men kriget i Ukraina och \u00f6kad inflation skapar nu oro f\u00f6r en potentiell ny kris.\" \/>\n<meta name=\"robots\" content=\"index, follow, max-snippet:-1, max-image-preview:large, max-video-preview:-1\" \/>\n<link rel=\"canonical\" href=\"https:\/\/www.almega.se\/2022\/03\/tjansteindikatorn-punkt-for-pandemin-ny-kris-hotar\/\" \/>\n<meta property=\"og:locale\" content=\"sv_SE\" \/>\n<meta property=\"og:type\" content=\"article\" \/>\n<meta property=\"og:title\" content=\"Tj\u00e4nsteindikatorn: Punkt f\u00f6r pandemin \u2013 ny kris hotar\" \/>\n<meta property=\"og:description\" content=\"Tj\u00e4nstesektorn har \u00e5terh\u00e4mtat sig efter pandemin men kriget i Ukraina och \u00f6kad inflation skapar nu oro f\u00f6r en potentiell ny kris.\" \/>\n<meta property=\"og:url\" content=\"https:\/\/www.almega.se\/2022\/03\/tjansteindikatorn-punkt-for-pandemin-ny-kris-hotar\/\" \/>\n<meta property=\"og:site_name\" content=\"Almega\" \/>\n<meta property=\"article:published_time\" content=\"2022-03-22T07:43:18+00:00\" \/>\n<meta property=\"article:modified_time\" content=\"2023-10-26T13:50:27+00:00\" \/>\n<meta property=\"og:image\" content=\"https:\/\/www.almega.se\/app\/uploads\/2022\/03\/24f20c96-da8f-4b9b-92a3-5e93d9f260a5-scaled.jpg\" \/>\n\t<meta property=\"og:image:width\" content=\"2560\" \/>\n\t<meta property=\"og:image:height\" content=\"1707\" \/>\n\t<meta property=\"og:image:type\" content=\"image\/jpeg\" \/>\n<meta name=\"author\" content=\"Erik Juhlin\" \/>\n<meta name=\"twitter:card\" content=\"summary_large_image\" \/>\n<meta name=\"twitter:label1\" content=\"Skriven av\" \/>\n\t<meta name=\"twitter:data1\" content=\"Erik Juhlin\" \/>\n\t<meta name=\"twitter:label2\" content=\"Ber\u00e4knad l\u00e4stid\" \/>\n\t<meta name=\"twitter:data2\" content=\"2 minuter\" \/>\n<!-- \/ Yoast SEO Premium plugin. -->","yoast_head_json":{"title":"Tj\u00e4nsteindikatorn: Punkt f\u00f6r pandemin \u2013 ny kris hotar | Almega","description":"Tj\u00e4nstesektorn har \u00e5terh\u00e4mtat sig efter pandemin men kriget i Ukraina och \u00f6kad inflation skapar nu oro f\u00f6r en potentiell ny kris.","robots":{"index":"index","follow":"follow","max-snippet":"max-snippet:-1","max-image-preview":"max-image-preview:large","max-video-preview":"max-video-preview:-1"},"canonical":"https:\/\/www.almega.se\/2022\/03\/tjansteindikatorn-punkt-for-pandemin-ny-kris-hotar\/","og_locale":"sv_SE","og_type":"article","og_title":"Tj\u00e4nsteindikatorn: Punkt f\u00f6r pandemin \u2013 ny kris hotar","og_description":"Tj\u00e4nstesektorn har \u00e5terh\u00e4mtat sig efter pandemin men kriget i Ukraina och \u00f6kad inflation skapar nu oro f\u00f6r en potentiell ny kris.","og_url":"https:\/\/www.almega.se\/2022\/03\/tjansteindikatorn-punkt-for-pandemin-ny-kris-hotar\/","og_site_name":"Almega","article_published_time":"2022-03-22T07:43:18+00:00","article_modified_time":"2023-10-26T13:50:27+00:00","og_image":[{"width":2560,"height":1707,"url":"https:\/\/www.almega.se\/app\/uploads\/2022\/03\/24f20c96-da8f-4b9b-92a3-5e93d9f260a5-scaled.jpg","type":"image\/jpeg"}],"author":"Erik Juhlin","twitter_card":"summary_large_image","twitter_misc":{"Skriven av":"Erik Juhlin","Ber\u00e4knad l\u00e4stid":"2 minuter"},"schema":{"@context":"https:\/\/schema.org","@graph":[{"@type":"NewsArticle","@id":"https:\/\/www.almega.se\/2022\/03\/tjansteindikatorn-punkt-for-pandemin-ny-kris-hotar\/#article","isPartOf":{"@id":"https:\/\/www.almega.se\/2022\/03\/tjansteindikatorn-punkt-for-pandemin-ny-kris-hotar\/"},"author":{"name":"Erik Juhlin","@id":"https:\/\/www.almega.se\/#\/schema\/person\/3c181ea7ead5ab7b14c61584637720f5"},"headline":"Tj\u00e4nste&shy;indikatorn: Punkt f\u00f6r pandemin \u2013 ny kris hotar","datePublished":"2022-03-22T07:43:18+00:00","dateModified":"2023-10-26T13:50:27+00:00","mainEntityOfPage":{"@id":"https:\/\/www.almega.se\/2022\/03\/tjansteindikatorn-punkt-for-pandemin-ny-kris-hotar\/"},"wordCount":332,"image":{"@id":"https:\/\/www.almega.se\/2022\/03\/tjansteindikatorn-punkt-for-pandemin-ny-kris-hotar\/#primaryimage"},"thumbnailUrl":"https:\/\/www.almega.se\/app\/uploads\/2022\/03\/24f20c96-da8f-4b9b-92a3-5e93d9f260a5-scaled.jpg","keywords":["Tj\u00e4nstesektorns utveckling"],"articleSection":["Tj\u00e4nstesektorns betydelse"],"inLanguage":"sv-SE"},{"@type":"WebPage","@id":"https:\/\/www.almega.se\/2022\/03\/tjansteindikatorn-punkt-for-pandemin-ny-kris-hotar\/","url":"https:\/\/www.almega.se\/2022\/03\/tjansteindikatorn-punkt-for-pandemin-ny-kris-hotar\/","name":"Tj\u00e4nsteindikatorn: Punkt f\u00f6r pandemin \u2013 ny kris hotar | Almega","isPartOf":{"@id":"https:\/\/www.almega.se\/#website"},"primaryImageOfPage":{"@id":"https:\/\/www.almega.se\/2022\/03\/tjansteindikatorn-punkt-for-pandemin-ny-kris-hotar\/#primaryimage"},"image":{"@id":"https:\/\/www.almega.se\/2022\/03\/tjansteindikatorn-punkt-for-pandemin-ny-kris-hotar\/#primaryimage"},"thumbnailUrl":"https:\/\/www.almega.se\/app\/uploads\/2022\/03\/24f20c96-da8f-4b9b-92a3-5e93d9f260a5-scaled.jpg","datePublished":"2022-03-22T07:43:18+00:00","dateModified":"2023-10-26T13:50:27+00:00","author":{"@id":"https:\/\/www.almega.se\/#\/schema\/person\/3c181ea7ead5ab7b14c61584637720f5"},"description":"Tj\u00e4nstesektorn har \u00e5terh\u00e4mtat sig efter pandemin men kriget i Ukraina och \u00f6kad inflation skapar nu oro f\u00f6r en potentiell ny kris.","breadcrumb":{"@id":"https:\/\/www.almega.se\/2022\/03\/tjansteindikatorn-punkt-for-pandemin-ny-kris-hotar\/#breadcrumb"},"inLanguage":"sv-SE","potentialAction":[{"@type":"ReadAction","target":["https:\/\/www.almega.se\/2022\/03\/tjansteindikatorn-punkt-for-pandemin-ny-kris-hotar\/"]}]},{"@type":"ImageObject","inLanguage":"sv-SE","@id":"https:\/\/www.almega.se\/2022\/03\/tjansteindikatorn-punkt-for-pandemin-ny-kris-hotar\/#primaryimage","url":"https:\/\/www.almega.se\/app\/uploads\/2022\/03\/24f20c96-da8f-4b9b-92a3-5e93d9f260a5-scaled.jpg","contentUrl":"https:\/\/www.almega.se\/app\/uploads\/2022\/03\/24f20c96-da8f-4b9b-92a3-5e93d9f260a5-scaled.jpg","width":2560,"height":1707,"caption":"Patrick Joyce, chefekonom p\u00e5 Almega"},{"@type":"BreadcrumbList","@id":"https:\/\/www.almega.se\/2022\/03\/tjansteindikatorn-punkt-for-pandemin-ny-kris-hotar\/#breadcrumb","itemListElement":[{"@type":"ListItem","position":1,"name":"Home","item":"https:\/\/www.almega.se\/"},{"@type":"ListItem","position":2,"name":"Tj\u00e4nste&shy;indikatorn: Punkt f\u00f6r pandemin \u2013 ny kris hotar"}]},{"@type":"WebSite","@id":"https:\/\/www.almega.se\/#website","url":"https:\/\/www.almega.se\/","name":"Almega","description":"","potentialAction":[{"@type":"SearchAction","target":{"@type":"EntryPoint","urlTemplate":"https:\/\/www.almega.se\/?s={search_term_string}"},"query-input":{"@type":"PropertyValueSpecification","valueRequired":true,"valueName":"search_term_string"}}],"inLanguage":"sv-SE"},{"@type":"Person","@id":"https:\/\/www.almega.se\/#\/schema\/person\/3c181ea7ead5ab7b14c61584637720f5","name":"Erik Juhlin","image":{"@type":"ImageObject","inLanguage":"sv-SE","@id":"https:\/\/www.almega.se\/#\/schema\/person\/image\/","url":"https:\/\/secure.gravatar.com\/avatar\/ef0e97454357041724f27ea1630fa5bf78b30eea6fc56998e6a03142ad5b1370?s=96&d=mm&r=g","contentUrl":"https:\/\/secure.gravatar.com\/avatar\/ef0e97454357041724f27ea1630fa5bf78b30eea6fc56998e6a03142ad5b1370?s=96&d=mm&r=g","caption":"Erik Juhlin"},"url":"https:\/\/www.almega.se\/person\/erikjuhlin\/"}]}},"_links":{"self":[{"href":"https:\/\/www.almega.se\/api\/wp\/v2\/posts\/43481","targetHints":{"allow":["GET"]}}],"collection":[{"href":"https:\/\/www.almega.se\/api\/wp\/v2\/posts"}],"about":[{"href":"https:\/\/www.almega.se\/api\/wp\/v2\/types\/post"}],"author":[{"embeddable":true,"href":"https:\/\/www.almega.se\/api\/wp\/v2\/users\/6356"}],"replies":[{"embeddable":true,"href":"https:\/\/www.almega.se\/api\/wp\/v2\/comments?post=43481"}],"version-history":[{"count":3,"href":"https:\/\/www.almega.se\/api\/wp\/v2\/posts\/43481\/revisions"}],"predecessor-version":[{"id":51950,"href":"https:\/\/www.almega.se\/api\/wp\/v2\/posts\/43481\/revisions\/51950"}],"wp:featuredmedia":[{"embeddable":true,"href":"https:\/\/www.almega.se\/api\/wp\/v2\/media\/43485"}],"wp:attachment":[{"href":"https:\/\/www.almega.se\/api\/wp\/v2\/media?parent=43481"}],"wp:term":[{"taxonomy":"category","embeddable":true,"href":"https:\/\/www.almega.se\/api\/wp\/v2\/categories?post=43481"},{"taxonomy":"post_tag","embeddable":true,"href":"https:\/\/www.almega.se\/api\/wp\/v2\/tags?post=43481"},{"taxonomy":"type","embeddable":true,"href":"https:\/\/www.almega.se\/api\/wp\/v2\/article_type?post=43481"},{"taxonomy":"agreement","embeddable":true,"href":"https:\/\/www.almega.se\/api\/wp\/v2\/agreement?post=43481"}],"curies":[{"name":"wp","href":"https:\/\/api.w.org\/{rel}","templated":true}]}}