{"id":43170,"date":"2022-03-11T14:59:20","date_gmt":"2022-03-11T13:59:20","guid":{"rendered":"https:\/\/www.almega.se\/?p=43170"},"modified":"2023-01-03T15:19:19","modified_gmt":"2023-01-03T14:19:19","slug":"krigets-ekonomiska-effekter","status":"publish","type":"post","link":"https:\/\/www.almega.se\/2022\/03\/krigets-ekonomiska-effekter\/","title":{"rendered":"De ekonomiska konsekvenserna f\u00f6rv\u00e4rras"},"content":{"rendered":"<p class=\"intro\">Det ryska \u00f6verfallet p\u00e5 Ukraina \u00e4r inne p\u00e5 sin tredje vecka och blir alltmer brutalt. \u00c4ven de ekonomiska sanktioner som inf\u00f6rts mot Ryssland h\u00e5rdnar. Almegas chefekonom, Patrick Joyce, ger en nul\u00e4gesrapport av krigets ekonomiska effekter.<\/p>\n\n<p>De ekonomiska sanktioner som inf\u00f6rts mot Ryssland \u00e4r de h\u00e5rdaste som riktats mot ett st\u00f6rre land n\u00e5gonsin. V\u00e4rldens elfte st\u00f6rsta ekonomi \u00e4r i praktiken avskuret fr\u00e5n n\u00e4stan allt ekonomiskt utbyte med v\u00e4stv\u00e4rlden.<\/p>\n\n\n\n<p>\u2013 Den 12 mars st\u00e4ngs sju ryska storbanker av fr\u00e5n SWIFT, det internationella systemet f\u00f6r bank\u00f6verf\u00f6ringar. Det \u00e4r dessutom f\u00f6rbjudet att \u00f6verf\u00f6ra Eurosedlar till Ryssland vilket g\u00f6r det i princip om\u00f6jligt f\u00f6r f\u00f6retag att bedriva handel med Ryssland, oavsett om deras varor eller tj\u00e4nster omfattas av sanktioner eller inte, s\u00e4ger Patrick Joyce.<\/p>\n\n\n\n<p>Det enda som fortfarande fungerar \u00e4r energihandeln eftersom de ryska storbanker som hanterar betalningarna f\u00f6r rysk olja, naturgas och kol fortfarande undantagna fr\u00e5n sanktionerna.<\/p>\n\n\n\n<p>\u2013 I princip har alla st\u00f6rre internationella f\u00f6retag avbrutit handeln med Ryssland och stoppat sin verksamhet i landet, s\u00e4ger Patrick Joyce.<\/p>\n\n\n<a class='Share__link Share__link--url copy-text' href='#' rel='nofollow' data-text='sanktionerna-biter' title='Dela url' data-confirmation='L\u00e4nken kopierades till urklipp'><svg class='icon icon--link'  width='18' height='18' viewBox='0 0 18 18' fill='none' xmlns='http:\/\/www.w3.org\/2000\/svg'>\n            <path d='M10.4142 0.514721L6.87868 4.05025L8.29289 5.46447L11.1213 2.63604L15.364 6.87868L12.5355 9.70711L13.9497 11.1213L17.4853 7.58579C17.8763 7.19476 17.8763 6.5626 17.4853 6.17158L11.8284 0.514721C11.4374 0.123691 10.8052 0.123691 10.4142 0.514721Z' fill='black'\/>\n            <path d='M9.7071 12.5355L6.87868 15.364L2.63604 11.1213L5.46446 8.2929L4.05025 6.87868L0.514716 10.4142C0.123686 10.8052 0.123686 11.4374 0.514716 11.8284L6.17157 17.4853C6.5626 17.8763 7.19475 17.8763 7.58578 17.4853L11.1213 13.9497L9.7071 12.5355Z' fill='black'\/>\n            <path d='M6.17157 11.8284C6.5626 12.2195 7.19475 12.2195 7.58578 11.8284L11.8284 7.58579C12.2195 7.19476 12.2195 6.56261 11.8284 6.17158C11.4374 5.78055 10.8052 5.78055 10.4142 6.17158L6.17157 10.4142C5.78054 10.8052 5.78054 11.4374 6.17157 11.8284Z' fill='black'\/>\n            <\/svg> <\/a>\n<h2 class=\"wp-block-heading\">Sanktionerna biter<\/h2>\n\n\n\n<p>Sanktionerna har orsakat enorm ekonomisk skada f\u00f6r Ryssland: Rubelkursen har fallit med 50 procent. Den ryska centralbanken har tvingats inf\u00f6ra kapitalkontroller och f\u00f6rdubbla styrr\u00e4ntan till 20 procent f\u00f6r att hindra kapitalflykt fr\u00e5n Ryssland. Moskvab\u00f6rsen \u00e4r st\u00e4ngd sedan den 25 februari.<\/p>\n\n\n\n<p>\u2013 De ryska f\u00f6retag som \u00e4r noterade utomlands, exempelvis p\u00e5 Londonb\u00f6rsen, har f\u00f6rlorat n\u00e4stan hela sitt b\u00f6rsv\u00e4rde, s\u00e4ger Patrick Joyce.<\/p>\n\n\n\n<p>Som svar p\u00e5 sanktionerna har den ryska staten hotat med att konfiskera tillg\u00e5ngarna f\u00f6r de f\u00f6retag som l\u00e4mnar eller pausar sin verksamhet i landet.<\/p>\n\n\n\n<p>\u2013 Blir konfiskeringar verklighet kommer sannolikt inget utl\u00e4ndskt f\u00f6retag att vilja investera i Ryssland under mycket l\u00e5ng tid fram\u00f6ver. Ryssland kommer bli en pariastat med en krympande ekonomi, s\u00e4ger Patrick Joyce.<\/p>\n\n\n<a class='Share__link Share__link--url copy-text' href='#' rel='nofollow' data-text='begransad-effekt-via-handel' title='Dela url' data-confirmation='L\u00e4nken kopierades till urklipp'><svg class='icon icon--link'  width='18' height='18' viewBox='0 0 18 18' fill='none' xmlns='http:\/\/www.w3.org\/2000\/svg'>\n            <path d='M10.4142 0.514721L6.87868 4.05025L8.29289 5.46447L11.1213 2.63604L15.364 6.87868L12.5355 9.70711L13.9497 11.1213L17.4853 7.58579C17.8763 7.19476 17.8763 6.5626 17.4853 6.17158L11.8284 0.514721C11.4374 0.123691 10.8052 0.123691 10.4142 0.514721Z' fill='black'\/>\n            <path d='M9.7071 12.5355L6.87868 15.364L2.63604 11.1213L5.46446 8.2929L4.05025 6.87868L0.514716 10.4142C0.123686 10.8052 0.123686 11.4374 0.514716 11.8284L6.17157 17.4853C6.5626 17.8763 7.19475 17.8763 7.58578 17.4853L11.1213 13.9497L9.7071 12.5355Z' fill='black'\/>\n            <path d='M6.17157 11.8284C6.5626 12.2195 7.19475 12.2195 7.58578 11.8284L11.8284 7.58579C12.2195 7.19476 12.2195 6.56261 11.8284 6.17158C11.4374 5.78055 10.8052 5.78055 10.4142 6.17158L6.17157 10.4142C5.78054 10.8052 5.78054 11.4374 6.17157 11.8284Z' fill='black'\/>\n            <\/svg> <\/a>\n<h2 class=\"wp-block-heading\">Begr\u00e4nsad effekt via handel<\/h2>\n\n\n\n<p>De direkta effekterna p\u00e5 den svenska ekonomin av kapade kontakter med Ryssland \u00e4r \u00e4n s\u00e5 l\u00e4nge begr\u00e4nsade. Det svenska handelsutbytet med landet \u00e4r litet och \u00e4ven Sveriges viktigaste handelspartners har ett litet handelsutbyte med Ryssland.<\/p>\n\n\n\n<p>\u2013 Det stora problemet \u00e4r Europas beroende av rysk energi. Os\u00e4kerheten har drivit upp priset p\u00e5 olja, med rekordh\u00f6ga priser p\u00e5 bensin och diesel som f\u00f6ljd. Detta drabbar svenska f\u00f6retag och konsumenter och har lett till \u00f6kade priser p\u00e5 transporttj\u00e4nster. Kriget driver \u00e4ven upp priserna p\u00e5 livsmedel, s\u00e4ger Patrick Joyce.<\/p>\n\n\n\n<p>Sammantaget leder detta till att den svenska inflationen, som ligger p\u00e5 fyra procent i \u00e5rstakt, \u00f6kar ytterligare. \u00c4nnu v\u00e4rre vore dock om Europa g\u00e5r in en ny recession.<\/p>\n\n\n\n<p>\u2013 Sverige \u00e4r exportberoende och Europa \u00e4r v\u00e5r st\u00f6rsta exportmarknad. Stannar tillv\u00e4xten i Europa drabbas den svenska industrin men \u00e4ven i h\u00f6g grad tj\u00e4nstesektorn. Finanskrisen 2008 drabbade vissa tj\u00e4nstebranscher h\u00e5rt och sektorns andel av den svenska exporten \u00e4r nu h\u00f6gre \u00e4n den var d\u00e5. Det \u00e4r \u00e4nnu f\u00f6r tidigt att se vart ekonomiska utvecklingen tar v\u00e4gen, men risken f\u00f6r en ekonomisk nedg\u00e5ng \u00f6kar ju l\u00e4ngre kriget p\u00e5g\u00e5r, s\u00e4ger Patrick Joyce.<\/p>\n\n\n\n<p><a class=\"button\" href=\"https:\/\/www.almega.se\/kriget-i-ukraina\">L\u00e4s mer om kriget i Ukraina<\/a><\/p>\n","protected":false},"excerpt":{"rendered":"<p>De ekonomiska sanktioner som inf\u00f6rts mot Ryssland \u00e4r de h\u00e5rdaste som riktats mot ett st\u00f6rre land n\u00e5gonsin. V\u00e4rldens elfte st\u00f6rsta ekonomi \u00e4r i praktiken avskuret fr\u00e5n n\u00e4stan allt ekonomiskt utbyte med v\u00e4stv\u00e4rlden. \u2013 Den 12 &hellip;<\/p>\n","protected":false},"author":6356,"featured_media":43175,"comment_status":"closed","ping_status":"closed","sticky":false,"template":"","format":"standard","meta":{"_acf_changed":false,"footnotes":""},"categories":[1],"tags":[566],"article_type":[55,56],"agreement":[],"class_list":["post-43170","post","type-post","status-publish","format-standard","has-post-thumbnail","hentry","category-okategoriserade","tag-kriget-i-ukraina","type-artiklar","type-nyheter"],"acf":[],"yoast_head":"<!-- This site is optimized with the Yoast SEO Premium plugin v26.8 (Yoast SEO v26.8) - https:\/\/yoast.com\/product\/yoast-seo-premium-wordpress\/ -->\n<title>De ekonomiska konsekvenserna f\u00f6rv\u00e4rras | Almega<\/title>\n<meta name=\"description\" content=\"Den ryska attacken p\u00e5 Ukraina blir alltmer brutal. De ekonomiska sanktionerna mot Ryssland h\u00e5rdnar. Krigets ekonomiska effekter f\u00f6rv\u00e4rras.\" \/>\n<meta name=\"robots\" content=\"index, follow, max-snippet:-1, max-image-preview:large, max-video-preview:-1\" \/>\n<link rel=\"canonical\" href=\"https:\/\/www.almega.se\/2022\/03\/krigets-ekonomiska-effekter\/\" \/>\n<meta property=\"og:locale\" content=\"sv_SE\" \/>\n<meta property=\"og:type\" content=\"article\" \/>\n<meta property=\"og:title\" content=\"De ekonomiska konsekvenserna f\u00f6rv\u00e4rras\" \/>\n<meta property=\"og:description\" content=\"Den ryska attacken p\u00e5 Ukraina blir alltmer brutal. De ekonomiska sanktionerna mot Ryssland h\u00e5rdnar. Krigets ekonomiska effekter f\u00f6rv\u00e4rras.\" \/>\n<meta property=\"og:url\" content=\"https:\/\/www.almega.se\/2022\/03\/krigets-ekonomiska-effekter\/\" \/>\n<meta property=\"og:site_name\" content=\"Almega\" \/>\n<meta property=\"article:published_time\" content=\"2022-03-11T13:59:20+00:00\" \/>\n<meta property=\"article:modified_time\" content=\"2023-01-03T14:19:19+00:00\" \/>\n<meta property=\"og:image\" content=\"https:\/\/www.almega.se\/app\/uploads\/2022\/03\/gettyimages-1213625754-scaled.jpg\" \/>\n\t<meta property=\"og:image:width\" content=\"2560\" \/>\n\t<meta property=\"og:image:height\" content=\"1707\" \/>\n\t<meta property=\"og:image:type\" content=\"image\/jpeg\" \/>\n<meta name=\"author\" content=\"Erik Juhlin\" \/>\n<meta name=\"twitter:card\" content=\"summary_large_image\" \/>\n<meta name=\"twitter:label1\" content=\"Skriven av\" \/>\n\t<meta name=\"twitter:data1\" content=\"Erik Juhlin\" \/>\n\t<meta name=\"twitter:label2\" content=\"Ber\u00e4knad l\u00e4stid\" \/>\n\t<meta name=\"twitter:data2\" content=\"3 minuter\" \/>\n<!-- \/ Yoast SEO Premium plugin. -->","yoast_head_json":{"title":"De ekonomiska konsekvenserna f\u00f6rv\u00e4rras | Almega","description":"Den ryska attacken p\u00e5 Ukraina blir alltmer brutal. De ekonomiska sanktionerna mot Ryssland h\u00e5rdnar. Krigets ekonomiska effekter f\u00f6rv\u00e4rras.","robots":{"index":"index","follow":"follow","max-snippet":"max-snippet:-1","max-image-preview":"max-image-preview:large","max-video-preview":"max-video-preview:-1"},"canonical":"https:\/\/www.almega.se\/2022\/03\/krigets-ekonomiska-effekter\/","og_locale":"sv_SE","og_type":"article","og_title":"De ekonomiska konsekvenserna f\u00f6rv\u00e4rras","og_description":"Den ryska attacken p\u00e5 Ukraina blir alltmer brutal. De ekonomiska sanktionerna mot Ryssland h\u00e5rdnar. Krigets ekonomiska effekter f\u00f6rv\u00e4rras.","og_url":"https:\/\/www.almega.se\/2022\/03\/krigets-ekonomiska-effekter\/","og_site_name":"Almega","article_published_time":"2022-03-11T13:59:20+00:00","article_modified_time":"2023-01-03T14:19:19+00:00","og_image":[{"width":2560,"height":1707,"url":"https:\/\/www.almega.se\/app\/uploads\/2022\/03\/gettyimages-1213625754-scaled.jpg","type":"image\/jpeg"}],"author":"Erik Juhlin","twitter_card":"summary_large_image","twitter_misc":{"Skriven av":"Erik Juhlin","Ber\u00e4knad l\u00e4stid":"3 minuter"},"schema":{"@context":"https:\/\/schema.org","@graph":[{"@type":"NewsArticle","@id":"https:\/\/www.almega.se\/2022\/03\/krigets-ekonomiska-effekter\/#article","isPartOf":{"@id":"https:\/\/www.almega.se\/2022\/03\/krigets-ekonomiska-effekter\/"},"author":{"name":"Erik Juhlin","@id":"https:\/\/www.almega.se\/#\/schema\/person\/3c181ea7ead5ab7b14c61584637720f5"},"headline":"De ekonomiska konsekvenserna f\u00f6rv\u00e4rras","datePublished":"2022-03-11T13:59:20+00:00","dateModified":"2023-01-03T14:19:19+00:00","mainEntityOfPage":{"@id":"https:\/\/www.almega.se\/2022\/03\/krigets-ekonomiska-effekter\/"},"wordCount":514,"image":{"@id":"https:\/\/www.almega.se\/2022\/03\/krigets-ekonomiska-effekter\/#primaryimage"},"thumbnailUrl":"https:\/\/www.almega.se\/app\/uploads\/2022\/03\/gettyimages-1213625754-scaled.jpg","keywords":["Kriget i Ukraina"],"inLanguage":"sv-SE"},{"@type":"WebPage","@id":"https:\/\/www.almega.se\/2022\/03\/krigets-ekonomiska-effekter\/","url":"https:\/\/www.almega.se\/2022\/03\/krigets-ekonomiska-effekter\/","name":"De ekonomiska konsekvenserna f\u00f6rv\u00e4rras | Almega","isPartOf":{"@id":"https:\/\/www.almega.se\/#website"},"primaryImageOfPage":{"@id":"https:\/\/www.almega.se\/2022\/03\/krigets-ekonomiska-effekter\/#primaryimage"},"image":{"@id":"https:\/\/www.almega.se\/2022\/03\/krigets-ekonomiska-effekter\/#primaryimage"},"thumbnailUrl":"https:\/\/www.almega.se\/app\/uploads\/2022\/03\/gettyimages-1213625754-scaled.jpg","datePublished":"2022-03-11T13:59:20+00:00","dateModified":"2023-01-03T14:19:19+00:00","author":{"@id":"https:\/\/www.almega.se\/#\/schema\/person\/3c181ea7ead5ab7b14c61584637720f5"},"description":"Den ryska attacken p\u00e5 Ukraina blir alltmer brutal. De ekonomiska sanktionerna mot Ryssland h\u00e5rdnar. Krigets ekonomiska effekter f\u00f6rv\u00e4rras.","breadcrumb":{"@id":"https:\/\/www.almega.se\/2022\/03\/krigets-ekonomiska-effekter\/#breadcrumb"},"inLanguage":"sv-SE","potentialAction":[{"@type":"ReadAction","target":["https:\/\/www.almega.se\/2022\/03\/krigets-ekonomiska-effekter\/"]}]},{"@type":"ImageObject","inLanguage":"sv-SE","@id":"https:\/\/www.almega.se\/2022\/03\/krigets-ekonomiska-effekter\/#primaryimage","url":"https:\/\/www.almega.se\/app\/uploads\/2022\/03\/gettyimages-1213625754-scaled.jpg","contentUrl":"https:\/\/www.almega.se\/app\/uploads\/2022\/03\/gettyimages-1213625754-scaled.jpg","width":2560,"height":1707,"caption":"Os\u00e4kerheten har drivit upp priset p\u00e5 olja, med rekordh\u00f6ga priser p\u00e5 bensin och diesel som f\u00f6ljd."},{"@type":"BreadcrumbList","@id":"https:\/\/www.almega.se\/2022\/03\/krigets-ekonomiska-effekter\/#breadcrumb","itemListElement":[{"@type":"ListItem","position":1,"name":"Home","item":"https:\/\/www.almega.se\/"},{"@type":"ListItem","position":2,"name":"De ekonomiska konsekvenserna f\u00f6rv\u00e4rras"}]},{"@type":"WebSite","@id":"https:\/\/www.almega.se\/#website","url":"https:\/\/www.almega.se\/","name":"Almega","description":"","potentialAction":[{"@type":"SearchAction","target":{"@type":"EntryPoint","urlTemplate":"https:\/\/www.almega.se\/?s={search_term_string}"},"query-input":{"@type":"PropertyValueSpecification","valueRequired":true,"valueName":"search_term_string"}}],"inLanguage":"sv-SE"},{"@type":"Person","@id":"https:\/\/www.almega.se\/#\/schema\/person\/3c181ea7ead5ab7b14c61584637720f5","name":"Erik Juhlin","image":{"@type":"ImageObject","inLanguage":"sv-SE","@id":"https:\/\/www.almega.se\/#\/schema\/person\/image\/","url":"https:\/\/secure.gravatar.com\/avatar\/ef0e97454357041724f27ea1630fa5bf78b30eea6fc56998e6a03142ad5b1370?s=96&d=mm&r=g","contentUrl":"https:\/\/secure.gravatar.com\/avatar\/ef0e97454357041724f27ea1630fa5bf78b30eea6fc56998e6a03142ad5b1370?s=96&d=mm&r=g","caption":"Erik Juhlin"},"url":"https:\/\/www.almega.se\/person\/erikjuhlin\/"}]}},"_links":{"self":[{"href":"https:\/\/www.almega.se\/api\/wp\/v2\/posts\/43170","targetHints":{"allow":["GET"]}}],"collection":[{"href":"https:\/\/www.almega.se\/api\/wp\/v2\/posts"}],"about":[{"href":"https:\/\/www.almega.se\/api\/wp\/v2\/types\/post"}],"author":[{"embeddable":true,"href":"https:\/\/www.almega.se\/api\/wp\/v2\/users\/6356"}],"replies":[{"embeddable":true,"href":"https:\/\/www.almega.se\/api\/wp\/v2\/comments?post=43170"}],"version-history":[{"count":3,"href":"https:\/\/www.almega.se\/api\/wp\/v2\/posts\/43170\/revisions"}],"predecessor-version":[{"id":51887,"href":"https:\/\/www.almega.se\/api\/wp\/v2\/posts\/43170\/revisions\/51887"}],"wp:featuredmedia":[{"embeddable":true,"href":"https:\/\/www.almega.se\/api\/wp\/v2\/media\/43175"}],"wp:attachment":[{"href":"https:\/\/www.almega.se\/api\/wp\/v2\/media?parent=43170"}],"wp:term":[{"taxonomy":"category","embeddable":true,"href":"https:\/\/www.almega.se\/api\/wp\/v2\/categories?post=43170"},{"taxonomy":"post_tag","embeddable":true,"href":"https:\/\/www.almega.se\/api\/wp\/v2\/tags?post=43170"},{"taxonomy":"type","embeddable":true,"href":"https:\/\/www.almega.se\/api\/wp\/v2\/article_type?post=43170"},{"taxonomy":"agreement","embeddable":true,"href":"https:\/\/www.almega.se\/api\/wp\/v2\/agreement?post=43170"}],"curies":[{"name":"wp","href":"https:\/\/api.w.org\/{rel}","templated":true}]}}