{"id":43153,"date":"2022-03-11T11:21:02","date_gmt":"2022-03-11T10:21:02","guid":{"rendered":"https:\/\/www.almega.se\/?p=43153"},"modified":"2023-01-03T15:17:56","modified_gmt":"2023-01-03T14:17:56","slug":"skydd-och-arbete-i-sverige-for-personer-fran-ukraina","status":"publish","type":"post","link":"https:\/\/www.almega.se\/2022\/03\/skydd-och-arbete-i-sverige-for-personer-fran-ukraina\/","title":{"rendered":"Skydd och arbete i Sverige f\u00f6r personer fr\u00e5n Ukraina"},"content":{"rendered":"<p class=\"intro\">Europa st\u00e5r inf\u00f6r den st\u00f6rsta flyktingkatastrofen sedan andra v\u00e4rldskriget. Mer \u00e4n fyra miljoner m\u00e4nniskor kan tvingas fly fr\u00e5n Ukraina inom kort. Almegas chefekonom Patrick Joyce f\u00f6rklarar vad som g\u00e4ller f\u00f6r de som kommer till Sverige.<\/p>\n\n<p><span data-contrast=\"auto\">Europa st\u00e5r inf\u00f6r den st\u00f6rsta flyktingkatastrofen i Europa sedan 1945. Hittills har 2,3 miljoner m\u00e4nniskor flytt fr\u00e5n Ukraina och 4\u20135 miljoner m\u00e4nniskor kan vara p\u00e5 flykt inom kort.\u00a0\u00a0<\/span><\/p>\n\n\n<a class='Share__link Share__link--url copy-text' href='#' rel='nofollow' data-text='aktivering-av-massflyktsdirektivet' title='Dela url' data-confirmation='L\u00e4nken kopierades till urklipp'><svg class='icon icon--link'  width='18' height='18' viewBox='0 0 18 18' fill='none' xmlns='http:\/\/www.w3.org\/2000\/svg'>\n            <path d='M10.4142 0.514721L6.87868 4.05025L8.29289 5.46447L11.1213 2.63604L15.364 6.87868L12.5355 9.70711L13.9497 11.1213L17.4853 7.58579C17.8763 7.19476 17.8763 6.5626 17.4853 6.17158L11.8284 0.514721C11.4374 0.123691 10.8052 0.123691 10.4142 0.514721Z' fill='black'\/>\n            <path d='M9.7071 12.5355L6.87868 15.364L2.63604 11.1213L5.46446 8.2929L4.05025 6.87868L0.514716 10.4142C0.123686 10.8052 0.123686 11.4374 0.514716 11.8284L6.17157 17.4853C6.5626 17.8763 7.19475 17.8763 7.58578 17.4853L11.1213 13.9497L9.7071 12.5355Z' fill='black'\/>\n            <path d='M6.17157 11.8284C6.5626 12.2195 7.19475 12.2195 7.58578 11.8284L11.8284 7.58579C12.2195 7.19476 12.2195 6.56261 11.8284 6.17158C11.4374 5.78055 10.8052 5.78055 10.4142 6.17158L6.17157 10.4142C5.78054 10.8052 5.78054 11.4374 6.17157 11.8284Z' fill='black'\/>\n            <\/svg> <\/a>\n<h2 class=\"wp-block-heading\">Aktivering av massflyktsdirektivet<\/h2>\n\n\n\n<p><span data-contrast=\"auto\">M\u00e5ndagen den 7 mars \u00f6ppnade EU gr\u00e4nserna fullt ut till Ukraina genom det s\u00e5 kallade massflyktsdirektivet. Flyende fr\u00e5n Ukraina f\u00e5r skydd i EU i ett \u00e5r, men det kan komma att f\u00f6rl\u00e4ngas till tre \u00e5r. Mottagandet ska f\u00f6rdelas mellan EU:s medlemsl\u00e4nder p\u00e5 frivillig basis.<\/span><span data-ccp-props=\"{&quot;335559739&quot;:200,&quot;335559740&quot;:276}\">&nbsp;<\/span><\/p>\n\n\n\n<p><span data-contrast=\"auto\">\u2013 Migrationsverket r\u00e4knar med att 76 000 flyktingar fr\u00e5n Ukraina kan komma till Sverige f\u00f6re sommaren, men utesluter inte att det kan bli betydligt fler, s\u00e4ger Patrick Joyce.<\/span><span data-ccp-props=\"{&quot;335559739&quot;:200,&quot;335559740&quot;:276}\">&nbsp;<\/span><\/p>\n\n\n<a class='Share__link Share__link--url copy-text' href='#' rel='nofollow' data-text='registrering-och-arbetstillstand' title='Dela url' data-confirmation='L\u00e4nken kopierades till urklipp'><svg class='icon icon--link'  width='18' height='18' viewBox='0 0 18 18' fill='none' xmlns='http:\/\/www.w3.org\/2000\/svg'>\n            <path d='M10.4142 0.514721L6.87868 4.05025L8.29289 5.46447L11.1213 2.63604L15.364 6.87868L12.5355 9.70711L13.9497 11.1213L17.4853 7.58579C17.8763 7.19476 17.8763 6.5626 17.4853 6.17158L11.8284 0.514721C11.4374 0.123691 10.8052 0.123691 10.4142 0.514721Z' fill='black'\/>\n            <path d='M9.7071 12.5355L6.87868 15.364L2.63604 11.1213L5.46446 8.2929L4.05025 6.87868L0.514716 10.4142C0.123686 10.8052 0.123686 11.4374 0.514716 11.8284L6.17157 17.4853C6.5626 17.8763 7.19475 17.8763 7.58578 17.4853L11.1213 13.9497L9.7071 12.5355Z' fill='black'\/>\n            <path d='M6.17157 11.8284C6.5626 12.2195 7.19475 12.2195 7.58578 11.8284L11.8284 7.58579C12.2195 7.19476 12.2195 6.56261 11.8284 6.17158C11.4374 5.78055 10.8052 5.78055 10.4142 6.17158L6.17157 10.4142C5.78054 10.8052 5.78054 11.4374 6.17157 11.8284Z' fill='black'\/>\n            <\/svg> <\/a>\n<h2 class=\"wp-block-heading\">Registrering och arbetstillst\u00e5nd<\/h2>\n\n\n\n<p><span data-contrast=\"auto\">Flyende fr\u00e5n Ukraina som kommer till Sverige ska registrera sig hos Migrationsverkets servicekontor och kommer d\u00e4refter beviljas uppeh\u00e5lls- och arbetstillst\u00e5nd med en initial giltighetstid p\u00e5 ett \u00e5r. Processen ska g\u00e5 snabbt. Uppeh\u00e5lls- och arbetstillst\u00e5nd ska beviljas inom en vecka efter registreringen. Flyktingarna ska inte folkbokf\u00f6ras i Sverige, d\u00e4remot kan de f\u00e5 ett samordningsnummer fr\u00e5n Skatteverket.&nbsp;<\/span><span data-ccp-props=\"{&quot;335559739&quot;:200,&quot;335559740&quot;:276}\">&nbsp;<\/span><\/p>\n\n\n<a class='Share__link Share__link--url copy-text' href='#' rel='nofollow' data-text='anstalla-flyktingar-fran-ukraina' title='Dela url' data-confirmation='L\u00e4nken kopierades till urklipp'><svg class='icon icon--link'  width='18' height='18' viewBox='0 0 18 18' fill='none' xmlns='http:\/\/www.w3.org\/2000\/svg'>\n            <path d='M10.4142 0.514721L6.87868 4.05025L8.29289 5.46447L11.1213 2.63604L15.364 6.87868L12.5355 9.70711L13.9497 11.1213L17.4853 7.58579C17.8763 7.19476 17.8763 6.5626 17.4853 6.17158L11.8284 0.514721C11.4374 0.123691 10.8052 0.123691 10.4142 0.514721Z' fill='black'\/>\n            <path d='M9.7071 12.5355L6.87868 15.364L2.63604 11.1213L5.46446 8.2929L4.05025 6.87868L0.514716 10.4142C0.123686 10.8052 0.123686 11.4374 0.514716 11.8284L6.17157 17.4853C6.5626 17.8763 7.19475 17.8763 7.58578 17.4853L11.1213 13.9497L9.7071 12.5355Z' fill='black'\/>\n            <path d='M6.17157 11.8284C6.5626 12.2195 7.19475 12.2195 7.58578 11.8284L11.8284 7.58579C12.2195 7.19476 12.2195 6.56261 11.8284 6.17158C11.4374 5.78055 10.8052 5.78055 10.4142 6.17158L6.17157 10.4142C5.78054 10.8052 5.78054 11.4374 6.17157 11.8284Z' fill='black'\/>\n            <\/svg> <\/a>\n<h2 class=\"wp-block-heading\">Anst\u00e4lla flyktingar fr\u00e5n Ukraina<\/h2>\n\n\n\n<p><span data-contrast=\"auto\">Det \u00e4r m\u00f6jligt att anst\u00e4lla flyktingar fr\u00e5n Ukraina s\u00e5 snart de f\u00e5tt sitt arbetstillst\u00e5nd.<\/span><span data-ccp-props=\"{&quot;335559739&quot;:200,&quot;335559740&quot;:276}\">&nbsp;<\/span><\/p>\n\n\n\n<p><span data-contrast=\"auto\">\u2013 <\/span><span data-contrast=\"auto\">Det \u00e4r dock arbetsgivarens skyldighet att se till att giltiga arbetstillst\u00e5nd finns samt att anm\u00e4la anst\u00e4llningen till Skatteverket, s\u00e4ger Patrick Joyce.<\/span><span data-ccp-props=\"{&quot;335559739&quot;:200,&quot;335559740&quot;:276}\">&nbsp;<\/span><\/p>\n\n\n\n<p><span data-contrast=\"auto\">Har f\u00f6retaget kollektivavtal m\u00e5ste detta \u00e4ven till\u00e4mpas p\u00e5 flyktingar fr\u00e5n Ukraina med tidsbegr\u00e4nsade arbetstillst\u00e5nd.<\/span><span data-ccp-props=\"{&quot;335559739&quot;:200,&quot;335559740&quot;:276}\">&nbsp;<\/span><\/p>\n\n\n\n<p><span data-contrast=\"auto\">\u2013 <\/span><span data-contrast=\"auto\">En medarbetare som varit lokalanst\u00e4lld i Ukraina och f\u00e5r en anst\u00e4llning p\u00e5 samma f\u00f6retag i Sverige har r\u00e4tt till villkor och l\u00f6n enligt svenska avtal, s\u00e4ger Patrick Joyce.<\/span><span data-ccp-props=\"{&quot;335559739&quot;:200,&quot;335559740&quot;:276}\">&nbsp;<\/span><\/p>\n\n\n<a class='Share__link Share__link--url copy-text' href='#' rel='nofollow' data-text='stopp-for-avvisningar-till-ukraina' title='Dela url' data-confirmation='L\u00e4nken kopierades till urklipp'><svg class='icon icon--link'  width='18' height='18' viewBox='0 0 18 18' fill='none' xmlns='http:\/\/www.w3.org\/2000\/svg'>\n            <path d='M10.4142 0.514721L6.87868 4.05025L8.29289 5.46447L11.1213 2.63604L15.364 6.87868L12.5355 9.70711L13.9497 11.1213L17.4853 7.58579C17.8763 7.19476 17.8763 6.5626 17.4853 6.17158L11.8284 0.514721C11.4374 0.123691 10.8052 0.123691 10.4142 0.514721Z' fill='black'\/>\n            <path d='M9.7071 12.5355L6.87868 15.364L2.63604 11.1213L5.46446 8.2929L4.05025 6.87868L0.514716 10.4142C0.123686 10.8052 0.123686 11.4374 0.514716 11.8284L6.17157 17.4853C6.5626 17.8763 7.19475 17.8763 7.58578 17.4853L11.1213 13.9497L9.7071 12.5355Z' fill='black'\/>\n            <path d='M6.17157 11.8284C6.5626 12.2195 7.19475 12.2195 7.58578 11.8284L11.8284 7.58579C12.2195 7.19476 12.2195 6.56261 11.8284 6.17158C11.4374 5.78055 10.8052 5.78055 10.4142 6.17158L6.17157 10.4142C5.78054 10.8052 5.78054 11.4374 6.17157 11.8284Z' fill='black'\/>\n            <\/svg> <\/a>\n<h2 class=\"wp-block-heading\">Stopp f\u00f6r avvisningar till Ukraina<\/h2>\n\n\n\n<p><span data-contrast=\"auto\">Migrationsverket har tills vidare st\u00e4llt in alla avvisningar till Ukraina. Personer fr\u00e5n Ukraina som redan innan kriget befann sig i Sverige f\u00e5r stanna \u00e4ven om deras uppeh\u00e5llstillst\u00e5nd g\u00e5r ut.<\/span><span data-ccp-props=\"{&quot;335559739&quot;:200,&quot;335559740&quot;:276}\">&nbsp;<\/span><\/p>\n\n\n\n<p><span data-contrast=\"auto\">\u2013 Vid krigets inledning befann sig omkring 1\u202f 200 ukrainska medborgare i Sverige med giltiga arbetstillst\u00e5nd. S\u00e5 l\u00e4nge de ans\u00f6ker om f\u00f6rl\u00e4ngning innan tillst\u00e5ndet g\u00e5r ut kan de forts\u00e4tta arbeta h\u00e4r, s\u00e4ger Patrick Joyce.<\/span><\/p>\n\n\n\n<p><a class=\"button\" href=\"https:\/\/www.almega.se\/kriget-i-ukraina\">L\u00e4s mer om kriget i Ukraina<\/a><\/p>\n","protected":false},"excerpt":{"rendered":"<p>Europa st\u00e5r inf\u00f6r den st\u00f6rsta flyktingkatastrofen i Europa sedan 1945. Hittills har 2,3 miljoner m\u00e4nniskor flytt fr\u00e5n Ukraina och 4\u20135 miljoner m\u00e4nniskor kan vara p\u00e5 flykt inom kort.\u00a0\u00a0 Aktivering av massflyktsdirektivet M\u00e5ndagen den 7 mars &hellip;<\/p>\n","protected":false},"author":7594,"featured_media":43155,"comment_status":"closed","ping_status":"closed","sticky":false,"template":"","format":"standard","meta":{"_acf_changed":false,"footnotes":""},"categories":[1],"tags":[566],"article_type":[55,56],"agreement":[],"class_list":["post-43153","post","type-post","status-publish","format-standard","has-post-thumbnail","hentry","category-okategoriserade","tag-kriget-i-ukraina","type-artiklar","type-nyheter"],"acf":[],"yoast_head":"<!-- This site is optimized with the Yoast SEO Premium plugin v26.8 (Yoast SEO v26.8) - https:\/\/yoast.com\/product\/yoast-seo-premium-wordpress\/ -->\n<title>Skydd och arbete i Sverige f\u00f6r personer fr\u00e5n Ukraina<\/title>\n<meta name=\"description\" content=\"Mer \u00e4n fyra miljoner m\u00e4nniskor kan tvingas fly fr\u00e5n Ukraina. Almegas chefekonom f\u00f6rklarar vad som g\u00e4ller f\u00f6r de som kommer till Sverige.\u00a0\" \/>\n<meta name=\"robots\" content=\"index, follow, max-snippet:-1, max-image-preview:large, max-video-preview:-1\" \/>\n<link rel=\"canonical\" href=\"https:\/\/www.almega.se\/2022\/03\/skydd-och-arbete-i-sverige-for-personer-fran-ukraina\/\" \/>\n<meta property=\"og:locale\" content=\"sv_SE\" \/>\n<meta property=\"og:type\" content=\"article\" \/>\n<meta property=\"og:title\" content=\"Skydd och arbete i Sverige f\u00f6r personer fr\u00e5n Ukraina\" \/>\n<meta property=\"og:description\" content=\"Mer \u00e4n fyra miljoner m\u00e4nniskor kan tvingas fly fr\u00e5n Ukraina. Almegas chefekonom f\u00f6rklarar vad som g\u00e4ller f\u00f6r de som kommer till Sverige.\u00a0\" \/>\n<meta property=\"og:url\" content=\"https:\/\/www.almega.se\/2022\/03\/skydd-och-arbete-i-sverige-for-personer-fran-ukraina\/\" \/>\n<meta property=\"og:site_name\" content=\"Almega\" \/>\n<meta property=\"article:published_time\" content=\"2022-03-11T10:21:02+00:00\" \/>\n<meta property=\"article:modified_time\" content=\"2023-01-03T14:17:56+00:00\" \/>\n<meta property=\"og:image\" content=\"https:\/\/www.almega.se\/app\/uploads\/2022\/03\/skydd-och-arbete-i-sverige-for-personer-fran-ukraina_toppbild.png\" \/>\n\t<meta property=\"og:image:width\" content=\"1000\" \/>\n\t<meta property=\"og:image:height\" content=\"600\" \/>\n\t<meta property=\"og:image:type\" content=\"image\/png\" \/>\n<meta name=\"author\" content=\"Moa Thorsell\" \/>\n<meta name=\"twitter:card\" content=\"summary_large_image\" \/>\n<meta name=\"twitter:label1\" content=\"Skriven av\" \/>\n\t<meta name=\"twitter:data1\" content=\"Moa Thorsell\" \/>\n\t<meta name=\"twitter:label2\" content=\"Ber\u00e4knad l\u00e4stid\" \/>\n\t<meta name=\"twitter:data2\" content=\"2 minuter\" \/>\n<!-- \/ Yoast SEO Premium plugin. -->","yoast_head_json":{"title":"Skydd och arbete i Sverige f\u00f6r personer fr\u00e5n Ukraina","description":"Mer \u00e4n fyra miljoner m\u00e4nniskor kan tvingas fly fr\u00e5n Ukraina. Almegas chefekonom f\u00f6rklarar vad som g\u00e4ller f\u00f6r de som kommer till Sverige.\u00a0","robots":{"index":"index","follow":"follow","max-snippet":"max-snippet:-1","max-image-preview":"max-image-preview:large","max-video-preview":"max-video-preview:-1"},"canonical":"https:\/\/www.almega.se\/2022\/03\/skydd-och-arbete-i-sverige-for-personer-fran-ukraina\/","og_locale":"sv_SE","og_type":"article","og_title":"Skydd och arbete i Sverige f\u00f6r personer fr\u00e5n Ukraina","og_description":"Mer \u00e4n fyra miljoner m\u00e4nniskor kan tvingas fly fr\u00e5n Ukraina. Almegas chefekonom f\u00f6rklarar vad som g\u00e4ller f\u00f6r de som kommer till Sverige.\u00a0","og_url":"https:\/\/www.almega.se\/2022\/03\/skydd-och-arbete-i-sverige-for-personer-fran-ukraina\/","og_site_name":"Almega","article_published_time":"2022-03-11T10:21:02+00:00","article_modified_time":"2023-01-03T14:17:56+00:00","og_image":[{"width":1000,"height":600,"url":"https:\/\/www.almega.se\/app\/uploads\/2022\/03\/skydd-och-arbete-i-sverige-for-personer-fran-ukraina_toppbild.png","type":"image\/png"}],"author":"Moa Thorsell","twitter_card":"summary_large_image","twitter_misc":{"Skriven av":"Moa Thorsell","Ber\u00e4knad l\u00e4stid":"2 minuter"},"schema":{"@context":"https:\/\/schema.org","@graph":[{"@type":"NewsArticle","@id":"https:\/\/www.almega.se\/2022\/03\/skydd-och-arbete-i-sverige-for-personer-fran-ukraina\/#article","isPartOf":{"@id":"https:\/\/www.almega.se\/2022\/03\/skydd-och-arbete-i-sverige-for-personer-fran-ukraina\/"},"author":{"name":"Moa Thorsell","@id":"https:\/\/www.almega.se\/#\/schema\/person\/608be0e9b9068b1cf2da84cf89f14ab1"},"headline":"Skydd och arbete i Sverige f\u00f6r personer fr\u00e5n Ukraina","datePublished":"2022-03-11T10:21:02+00:00","dateModified":"2023-01-03T14:17:56+00:00","mainEntityOfPage":{"@id":"https:\/\/www.almega.se\/2022\/03\/skydd-och-arbete-i-sverige-for-personer-fran-ukraina\/"},"wordCount":397,"image":{"@id":"https:\/\/www.almega.se\/2022\/03\/skydd-och-arbete-i-sverige-for-personer-fran-ukraina\/#primaryimage"},"thumbnailUrl":"https:\/\/www.almega.se\/app\/uploads\/2022\/03\/skydd-och-arbete-i-sverige-for-personer-fran-ukraina_toppbild.png","keywords":["Kriget i Ukraina"],"inLanguage":"sv-SE"},{"@type":"WebPage","@id":"https:\/\/www.almega.se\/2022\/03\/skydd-och-arbete-i-sverige-for-personer-fran-ukraina\/","url":"https:\/\/www.almega.se\/2022\/03\/skydd-och-arbete-i-sverige-for-personer-fran-ukraina\/","name":"Skydd och arbete i Sverige f\u00f6r personer fr\u00e5n Ukraina","isPartOf":{"@id":"https:\/\/www.almega.se\/#website"},"primaryImageOfPage":{"@id":"https:\/\/www.almega.se\/2022\/03\/skydd-och-arbete-i-sverige-for-personer-fran-ukraina\/#primaryimage"},"image":{"@id":"https:\/\/www.almega.se\/2022\/03\/skydd-och-arbete-i-sverige-for-personer-fran-ukraina\/#primaryimage"},"thumbnailUrl":"https:\/\/www.almega.se\/app\/uploads\/2022\/03\/skydd-och-arbete-i-sverige-for-personer-fran-ukraina_toppbild.png","datePublished":"2022-03-11T10:21:02+00:00","dateModified":"2023-01-03T14:17:56+00:00","author":{"@id":"https:\/\/www.almega.se\/#\/schema\/person\/608be0e9b9068b1cf2da84cf89f14ab1"},"description":"Mer \u00e4n fyra miljoner m\u00e4nniskor kan tvingas fly fr\u00e5n Ukraina. Almegas chefekonom f\u00f6rklarar vad som g\u00e4ller f\u00f6r de som kommer till Sverige.\u00a0","breadcrumb":{"@id":"https:\/\/www.almega.se\/2022\/03\/skydd-och-arbete-i-sverige-for-personer-fran-ukraina\/#breadcrumb"},"inLanguage":"sv-SE","potentialAction":[{"@type":"ReadAction","target":["https:\/\/www.almega.se\/2022\/03\/skydd-och-arbete-i-sverige-for-personer-fran-ukraina\/"]}]},{"@type":"ImageObject","inLanguage":"sv-SE","@id":"https:\/\/www.almega.se\/2022\/03\/skydd-och-arbete-i-sverige-for-personer-fran-ukraina\/#primaryimage","url":"https:\/\/www.almega.se\/app\/uploads\/2022\/03\/skydd-och-arbete-i-sverige-for-personer-fran-ukraina_toppbild.png","contentUrl":"https:\/\/www.almega.se\/app\/uploads\/2022\/03\/skydd-och-arbete-i-sverige-for-personer-fran-ukraina_toppbild.png","width":1000,"height":600,"caption":"Skydd och arbete i Sverige f\u00f6r personer fr\u00e5n Ukraina"},{"@type":"BreadcrumbList","@id":"https:\/\/www.almega.se\/2022\/03\/skydd-och-arbete-i-sverige-for-personer-fran-ukraina\/#breadcrumb","itemListElement":[{"@type":"ListItem","position":1,"name":"Home","item":"https:\/\/www.almega.se\/"},{"@type":"ListItem","position":2,"name":"Skydd och arbete i Sverige f\u00f6r personer fr\u00e5n Ukraina"}]},{"@type":"WebSite","@id":"https:\/\/www.almega.se\/#website","url":"https:\/\/www.almega.se\/","name":"Almega","description":"","potentialAction":[{"@type":"SearchAction","target":{"@type":"EntryPoint","urlTemplate":"https:\/\/www.almega.se\/?s={search_term_string}"},"query-input":{"@type":"PropertyValueSpecification","valueRequired":true,"valueName":"search_term_string"}}],"inLanguage":"sv-SE"},{"@type":"Person","@id":"https:\/\/www.almega.se\/#\/schema\/person\/608be0e9b9068b1cf2da84cf89f14ab1","name":"Moa Thorsell","image":{"@type":"ImageObject","inLanguage":"sv-SE","@id":"https:\/\/www.almega.se\/#\/schema\/person\/image\/","url":"https:\/\/secure.gravatar.com\/avatar\/21013fd5f24a5c5a5dbf121171ff6d75c7ac2e8319c3777fcbcbf9329b2028c0?s=96&d=mm&r=g","contentUrl":"https:\/\/secure.gravatar.com\/avatar\/21013fd5f24a5c5a5dbf121171ff6d75c7ac2e8319c3777fcbcbf9329b2028c0?s=96&d=mm&r=g","caption":"Moa Thorsell"},"url":"https:\/\/www.almega.se\/person\/moathorsell\/"}]}},"_links":{"self":[{"href":"https:\/\/www.almega.se\/api\/wp\/v2\/posts\/43153","targetHints":{"allow":["GET"]}}],"collection":[{"href":"https:\/\/www.almega.se\/api\/wp\/v2\/posts"}],"about":[{"href":"https:\/\/www.almega.se\/api\/wp\/v2\/types\/post"}],"author":[{"embeddable":true,"href":"https:\/\/www.almega.se\/api\/wp\/v2\/users\/7594"}],"replies":[{"embeddable":true,"href":"https:\/\/www.almega.se\/api\/wp\/v2\/comments?post=43153"}],"version-history":[{"count":3,"href":"https:\/\/www.almega.se\/api\/wp\/v2\/posts\/43153\/revisions"}],"predecessor-version":[{"id":51882,"href":"https:\/\/www.almega.se\/api\/wp\/v2\/posts\/43153\/revisions\/51882"}],"wp:featuredmedia":[{"embeddable":true,"href":"https:\/\/www.almega.se\/api\/wp\/v2\/media\/43155"}],"wp:attachment":[{"href":"https:\/\/www.almega.se\/api\/wp\/v2\/media?parent=43153"}],"wp:term":[{"taxonomy":"category","embeddable":true,"href":"https:\/\/www.almega.se\/api\/wp\/v2\/categories?post=43153"},{"taxonomy":"post_tag","embeddable":true,"href":"https:\/\/www.almega.se\/api\/wp\/v2\/tags?post=43153"},{"taxonomy":"type","embeddable":true,"href":"https:\/\/www.almega.se\/api\/wp\/v2\/article_type?post=43153"},{"taxonomy":"agreement","embeddable":true,"href":"https:\/\/www.almega.se\/api\/wp\/v2\/agreement?post=43153"}],"curies":[{"name":"wp","href":"https:\/\/api.w.org\/{rel}","templated":true}]}}