{"id":43132,"date":"2022-03-10T11:49:48","date_gmt":"2022-03-10T10:49:48","guid":{"rendered":"https:\/\/www.almega.se\/?p=43132"},"modified":"2024-09-30T09:54:11","modified_gmt":"2024-09-30T07:54:11","slug":"sa-kan-du-som-arbetsgivare-starka-krisberedskapen-i-organisationen","status":"publish","type":"post","link":"https:\/\/www.almega.se\/2022\/03\/sa-kan-du-som-arbetsgivare-starka-krisberedskapen-i-organisationen\/","title":{"rendered":"S\u00e5 kan du som arbetsgivare st\u00e4rka kris&shy;beredskapen i organisationen"},"content":{"rendered":"<p class=\"intro\">Kriser kommer oftast of\u00f6rberedda, och kan drabba s\u00e5v\u00e4l stora som sm\u00e5 f\u00f6retag, med konsekvenser f\u00f6r b\u00e5de arbetsgivare och medarbetare. Genom att aktivt arbeta med f\u00f6retagets krisberedskap kan du minska s\u00e5rbarheten f\u00f6r dig som arbetsgivare. Vi har checklistan som hj\u00e4lper dig p\u00e5 v\u00e4gen.<\/p>\n\n<p>Begreppet kris \u00e4r stort och kan definieras p\u00e5 olika s\u00e4tt \u2013 i dagsl\u00e4get f\u00f6rs tankarna kanske till krig, terrord\u00e5d och pandemi. Men en kris kan ocks\u00e5 handla om en h\u00e4ndelse som p\u00e5verkar f\u00f6retaget och som kr\u00e4ver mycket resurser f\u00f6r att hantera \u2013 som till exempel en f\u00f6retagsl\u00e4cka, en cyberattack eller en mediestorm. Ta del av v\u00e5r checklista f\u00f6r att se hur v\u00e4l rustade ni \u00e4r i er organisation.<\/p>\n\n\n\n<ul class=\"wp-block-list\">\n<li>Finns det en intern organisation f\u00f6r krishantering p\u00e5 arbetsplatsen, en s\u00e5 kallad krisgrupp?<\/li>\n\n\n\n<li>Har denna grupp tilldelats mandat samt har kunskap f\u00f6r att utf\u00f6ra krisarbetet?<\/li>\n\n\n\n<li>Finns det en process som beskriver krisgruppens samarbete med ledningsgruppen?<\/li>\n\n\n\n<li>Finns det en krisplan som kan aktiveras vid en kris?<\/li>\n\n\n\n<li>Har ni identifierat vilka typer av kriser som skulle kunna uppst\u00e5 p\u00e5 er arbetsplats?<\/li>\n\n\n\n<li>Finns det rutiner f\u00f6r intern information vid kriser?<\/li>\n\n\n\n<li>Finns uppdaterade anh\u00f6riglistor och listor till externa leverant\u00f6rer?<\/li>\n\n\n\n<li>K\u00e4nner alla p\u00e5 arbetsplatsen till rutinerna f\u00f6r krishantering?<\/li>\n\n\n\n<li>H\u00e5lls regelbundna och f\u00f6r arbetsplatsen relevanta krishanterings\u00f6vningar?<\/li>\n<\/ul>\n\n\n\n<p><em>K\u00e4lla: Prevent<\/em><\/p>\n\n\n\n<p><a class=\"button\" href=\"https:\/\/www.almega.se\/kriget-i-ukraina\">L\u00e4s mer om kriget i Ukraina<\/a><\/p>\n","protected":false},"excerpt":{"rendered":"<p>Begreppet kris \u00e4r stort och kan definieras p\u00e5 olika s\u00e4tt \u2013 i dagsl\u00e4get f\u00f6rs tankarna kanske till krig, terrord\u00e5d och pandemi. Men en kris kan ocks\u00e5 handla om en h\u00e4ndelse som p\u00e5verkar f\u00f6retaget och som &hellip;<\/p>\n","protected":false},"author":4371,"featured_media":43133,"comment_status":"closed","ping_status":"closed","sticky":false,"template":"","format":"standard","meta":{"_acf_changed":false,"footnotes":""},"categories":[451],"tags":[533,736,566],"article_type":[55,56],"agreement":[],"class_list":["post-43132","post","type-post","status-publish","format-standard","has-post-thumbnail","hentry","category-arbetsgivarfragor","tag-arbetsmiljo","tag-beredskap","tag-kriget-i-ukraina","type-artiklar","type-nyheter"],"acf":[],"yoast_head":"<!-- This site is optimized with the Yoast SEO Premium plugin v26.8 (Yoast SEO v26.8) - https:\/\/yoast.com\/product\/yoast-seo-premium-wordpress\/ -->\n<title>S\u00e5 kan du som arbetsgivare st\u00e4rka krisberedskapen<\/title>\n<meta name=\"description\" content=\"Genom att aktivt arbeta med f\u00f6retagets krisberedskap kan du minska s\u00e5rbarheten f\u00f6r dig som arbetsgivare. Vi har checklistan som hj\u00e4lper dig p\u00e5 v\u00e4gen.\" \/>\n<meta name=\"robots\" content=\"index, follow, max-snippet:-1, max-image-preview:large, max-video-preview:-1\" \/>\n<link rel=\"canonical\" href=\"https:\/\/www.almega.se\/2022\/03\/sa-kan-du-som-arbetsgivare-starka-krisberedskapen-i-organisationen\/\" \/>\n<meta property=\"og:locale\" content=\"sv_SE\" \/>\n<meta property=\"og:type\" content=\"article\" \/>\n<meta property=\"og:title\" content=\"S\u00e5 kan du som arbetsgivare st\u00e4rka krisberedskapen i organisationen\" \/>\n<meta property=\"og:description\" content=\"Genom att aktivt arbeta med f\u00f6retagets krisberedskap kan du minska s\u00e5rbarheten f\u00f6r dig som arbetsgivare. Vi har checklistan som hj\u00e4lper dig p\u00e5 v\u00e4gen.\" \/>\n<meta property=\"og:url\" content=\"https:\/\/www.almega.se\/2022\/03\/sa-kan-du-som-arbetsgivare-starka-krisberedskapen-i-organisationen\/\" \/>\n<meta property=\"og:site_name\" content=\"Almega\" \/>\n<meta property=\"article:published_time\" content=\"2022-03-10T10:49:48+00:00\" \/>\n<meta property=\"article:modified_time\" content=\"2024-09-30T07:54:11+00:00\" \/>\n<meta property=\"og:image\" content=\"https:\/\/www.almega.se\/app\/uploads\/2022\/03\/bild-webbartikel-1000x600-38.png\" \/>\n\t<meta property=\"og:image:width\" content=\"1000\" \/>\n\t<meta property=\"og:image:height\" content=\"600\" \/>\n\t<meta property=\"og:image:type\" content=\"image\/png\" \/>\n<meta name=\"author\" content=\"Katarina Ahlsen\" \/>\n<meta name=\"twitter:card\" content=\"summary_large_image\" \/>\n<meta name=\"twitter:label1\" content=\"Skriven av\" \/>\n\t<meta name=\"twitter:data1\" content=\"Katarina Ahlsen\" \/>\n\t<meta name=\"twitter:label2\" content=\"Ber\u00e4knad l\u00e4stid\" \/>\n\t<meta name=\"twitter:data2\" content=\"2 minuter\" \/>\n<!-- \/ Yoast SEO Premium plugin. -->","yoast_head_json":{"title":"S\u00e5 kan du som arbetsgivare st\u00e4rka krisberedskapen","description":"Genom att aktivt arbeta med f\u00f6retagets krisberedskap kan du minska s\u00e5rbarheten f\u00f6r dig som arbetsgivare. Vi har checklistan som hj\u00e4lper dig p\u00e5 v\u00e4gen.","robots":{"index":"index","follow":"follow","max-snippet":"max-snippet:-1","max-image-preview":"max-image-preview:large","max-video-preview":"max-video-preview:-1"},"canonical":"https:\/\/www.almega.se\/2022\/03\/sa-kan-du-som-arbetsgivare-starka-krisberedskapen-i-organisationen\/","og_locale":"sv_SE","og_type":"article","og_title":"S\u00e5 kan du som arbetsgivare st\u00e4rka krisberedskapen i organisationen","og_description":"Genom att aktivt arbeta med f\u00f6retagets krisberedskap kan du minska s\u00e5rbarheten f\u00f6r dig som arbetsgivare. Vi har checklistan som hj\u00e4lper dig p\u00e5 v\u00e4gen.","og_url":"https:\/\/www.almega.se\/2022\/03\/sa-kan-du-som-arbetsgivare-starka-krisberedskapen-i-organisationen\/","og_site_name":"Almega","article_published_time":"2022-03-10T10:49:48+00:00","article_modified_time":"2024-09-30T07:54:11+00:00","og_image":[{"width":1000,"height":600,"url":"https:\/\/www.almega.se\/app\/uploads\/2022\/03\/bild-webbartikel-1000x600-38.png","type":"image\/png"}],"author":"Katarina Ahlsen","twitter_card":"summary_large_image","twitter_misc":{"Skriven av":"Katarina Ahlsen","Ber\u00e4knad l\u00e4stid":"2 minuter"},"schema":{"@context":"https:\/\/schema.org","@graph":[{"@type":"NewsArticle","@id":"https:\/\/www.almega.se\/2022\/03\/sa-kan-du-som-arbetsgivare-starka-krisberedskapen-i-organisationen\/#article","isPartOf":{"@id":"https:\/\/www.almega.se\/2022\/03\/sa-kan-du-som-arbetsgivare-starka-krisberedskapen-i-organisationen\/"},"author":{"name":"Katarina Ahlsen","@id":"https:\/\/www.almega.se\/#\/schema\/person\/21bb090beed442a47a2cf1e64374f091"},"headline":"S\u00e5 kan du som arbetsgivare st\u00e4rka kris&shy;beredskapen i organisationen","datePublished":"2022-03-10T10:49:48+00:00","dateModified":"2024-09-30T07:54:11+00:00","mainEntityOfPage":{"@id":"https:\/\/www.almega.se\/2022\/03\/sa-kan-du-som-arbetsgivare-starka-krisberedskapen-i-organisationen\/"},"wordCount":201,"image":{"@id":"https:\/\/www.almega.se\/2022\/03\/sa-kan-du-som-arbetsgivare-starka-krisberedskapen-i-organisationen\/#primaryimage"},"thumbnailUrl":"https:\/\/www.almega.se\/app\/uploads\/2022\/03\/bild-webbartikel-1000x600-38.png","keywords":["Arbetsmilj\u00f6","beredskap","Kriget i Ukraina"],"articleSection":["Arbetsgivarfr\u00e5gor"],"inLanguage":"sv-SE"},{"@type":"WebPage","@id":"https:\/\/www.almega.se\/2022\/03\/sa-kan-du-som-arbetsgivare-starka-krisberedskapen-i-organisationen\/","url":"https:\/\/www.almega.se\/2022\/03\/sa-kan-du-som-arbetsgivare-starka-krisberedskapen-i-organisationen\/","name":"S\u00e5 kan du som arbetsgivare st\u00e4rka krisberedskapen","isPartOf":{"@id":"https:\/\/www.almega.se\/#website"},"primaryImageOfPage":{"@id":"https:\/\/www.almega.se\/2022\/03\/sa-kan-du-som-arbetsgivare-starka-krisberedskapen-i-organisationen\/#primaryimage"},"image":{"@id":"https:\/\/www.almega.se\/2022\/03\/sa-kan-du-som-arbetsgivare-starka-krisberedskapen-i-organisationen\/#primaryimage"},"thumbnailUrl":"https:\/\/www.almega.se\/app\/uploads\/2022\/03\/bild-webbartikel-1000x600-38.png","datePublished":"2022-03-10T10:49:48+00:00","dateModified":"2024-09-30T07:54:11+00:00","author":{"@id":"https:\/\/www.almega.se\/#\/schema\/person\/21bb090beed442a47a2cf1e64374f091"},"description":"Genom att aktivt arbeta med f\u00f6retagets krisberedskap kan du minska s\u00e5rbarheten f\u00f6r dig som arbetsgivare. Vi har checklistan som hj\u00e4lper dig p\u00e5 v\u00e4gen.","breadcrumb":{"@id":"https:\/\/www.almega.se\/2022\/03\/sa-kan-du-som-arbetsgivare-starka-krisberedskapen-i-organisationen\/#breadcrumb"},"inLanguage":"sv-SE","potentialAction":[{"@type":"ReadAction","target":["https:\/\/www.almega.se\/2022\/03\/sa-kan-du-som-arbetsgivare-starka-krisberedskapen-i-organisationen\/"]}]},{"@type":"ImageObject","inLanguage":"sv-SE","@id":"https:\/\/www.almega.se\/2022\/03\/sa-kan-du-som-arbetsgivare-starka-krisberedskapen-i-organisationen\/#primaryimage","url":"https:\/\/www.almega.se\/app\/uploads\/2022\/03\/bild-webbartikel-1000x600-38.png","contentUrl":"https:\/\/www.almega.se\/app\/uploads\/2022\/03\/bild-webbartikel-1000x600-38.png","width":1000,"height":600,"caption":"m\u00e4nniskor i m\u00f6te"},{"@type":"BreadcrumbList","@id":"https:\/\/www.almega.se\/2022\/03\/sa-kan-du-som-arbetsgivare-starka-krisberedskapen-i-organisationen\/#breadcrumb","itemListElement":[{"@type":"ListItem","position":1,"name":"Home","item":"https:\/\/www.almega.se\/"},{"@type":"ListItem","position":2,"name":"S\u00e5 kan du som arbetsgivare st\u00e4rka kris&shy;beredskapen i organisationen"}]},{"@type":"WebSite","@id":"https:\/\/www.almega.se\/#website","url":"https:\/\/www.almega.se\/","name":"Almega","description":"","potentialAction":[{"@type":"SearchAction","target":{"@type":"EntryPoint","urlTemplate":"https:\/\/www.almega.se\/?s={search_term_string}"},"query-input":{"@type":"PropertyValueSpecification","valueRequired":true,"valueName":"search_term_string"}}],"inLanguage":"sv-SE"},{"@type":"Person","@id":"https:\/\/www.almega.se\/#\/schema\/person\/21bb090beed442a47a2cf1e64374f091","name":"Katarina Ahlsen","image":{"@type":"ImageObject","inLanguage":"sv-SE","@id":"https:\/\/www.almega.se\/#\/schema\/person\/image\/","url":"https:\/\/secure.gravatar.com\/avatar\/08acb5974fe161bc44fe8e62ec32e85c446ac625c171f9a7eb9f4941b883d3d9?s=96&d=mm&r=g","contentUrl":"https:\/\/secure.gravatar.com\/avatar\/08acb5974fe161bc44fe8e62ec32e85c446ac625c171f9a7eb9f4941b883d3d9?s=96&d=mm&r=g","caption":"Katarina Ahlsen"},"url":"https:\/\/www.almega.se\/person\/katarinaahlsen\/"}]}},"_links":{"self":[{"href":"https:\/\/www.almega.se\/api\/wp\/v2\/posts\/43132","targetHints":{"allow":["GET"]}}],"collection":[{"href":"https:\/\/www.almega.se\/api\/wp\/v2\/posts"}],"about":[{"href":"https:\/\/www.almega.se\/api\/wp\/v2\/types\/post"}],"author":[{"embeddable":true,"href":"https:\/\/www.almega.se\/api\/wp\/v2\/users\/4371"}],"replies":[{"embeddable":true,"href":"https:\/\/www.almega.se\/api\/wp\/v2\/comments?post=43132"}],"version-history":[{"count":4,"href":"https:\/\/www.almega.se\/api\/wp\/v2\/posts\/43132\/revisions"}],"predecessor-version":[{"id":51877,"href":"https:\/\/www.almega.se\/api\/wp\/v2\/posts\/43132\/revisions\/51877"}],"wp:featuredmedia":[{"embeddable":true,"href":"https:\/\/www.almega.se\/api\/wp\/v2\/media\/43133"}],"wp:attachment":[{"href":"https:\/\/www.almega.se\/api\/wp\/v2\/media?parent=43132"}],"wp:term":[{"taxonomy":"category","embeddable":true,"href":"https:\/\/www.almega.se\/api\/wp\/v2\/categories?post=43132"},{"taxonomy":"post_tag","embeddable":true,"href":"https:\/\/www.almega.se\/api\/wp\/v2\/tags?post=43132"},{"taxonomy":"type","embeddable":true,"href":"https:\/\/www.almega.se\/api\/wp\/v2\/article_type?post=43132"},{"taxonomy":"agreement","embeddable":true,"href":"https:\/\/www.almega.se\/api\/wp\/v2\/agreement?post=43132"}],"curies":[{"name":"wp","href":"https:\/\/api.w.org\/{rel}","templated":true}]}}