{"id":43069,"date":"2022-03-04T11:38:27","date_gmt":"2022-03-04T10:38:27","guid":{"rendered":"https:\/\/www.almega.se\/?p=43069"},"modified":"2023-01-03T15:13:24","modified_gmt":"2023-01-03T14:13:24","slug":"massflyktsdirektivet-beslutat","status":"publish","type":"post","link":"https:\/\/www.almega.se\/2022\/03\/massflyktsdirektivet-beslutat\/","title":{"rendered":"N\u00f6dregler f\u00f6r ukrainska flyktingar tr\u00e4der i kraft"},"content":{"rendered":"<p class=\"intro\">Hittills har 1,7 miljoner m\u00e4nniskor l\u00e4mnat Ukraina och flera hundratusen personer \u00e4r p\u00e5 flykt inne i Ukraina. UNHCR befarar att fyra miljoner m\u00e4nniskor kommer vara p\u00e5 flykt fr\u00e5n Ukraina inom ett par m\u00e5nader. EU:s inrikes och justitieministrar har enh\u00e4lligt beslutat att utlysa n\u00f6dl\u00e4ge och aktivera EU:s s\u00e5 kallade massflyktsdirektiv, vilket nu tr\u00e4tt i kraft. (Uppdaterad 7 mars -22)<\/p>\n\n<p>\u2013 Massflyktsdirektivet ger flyende fr\u00e5n Ukraina tempor\u00e4rt skydd i hela EU under ett \u00e5r med m\u00f6jlighet till f\u00f6rl\u00e4ngning i upp till tre \u00e5r. Detta g\u00e4ller b\u00e5de ukrainska medborgare och personer fr\u00e5n l\u00e4nder utanf\u00f6r EU men som har uppeh\u00e5llstillst\u00e5nd i Ukraina och inte kan \u00e5terv\u00e4nda hem, s\u00e4ger Patrick Joyce, chefekonom p\u00e5 Almega.<\/p>\n\n\n\n<p>Massflyktsdirektivet (temporary protection directive) ger personerna r\u00e4tt att vistas i vilket EU-land de \u00f6nskar. De f\u00e5r \u00e4ven arbetstillst\u00e5nd, r\u00e4tt till boende, sjukv\u00e5rd, skola till barnen och grundl\u00e4ggande f\u00f6rs\u00f6rjningsst\u00f6d. I dagsl\u00e4get befinner sig de 90 procent av de flyende i Ukrainas grannl\u00e4nder, fr\u00e4mst Polen. Flyktingarna ska dock f\u00f6rdelas mellan EU:s medlemsl\u00e4nder, p\u00e5 frivillig basis.<\/p>\n\n\n\n<p>\u2013 Flyende fr\u00e5n Ukraina v\u00e4ntas i f\u00f6rsta hand s\u00f6ka sig till v\u00e4nner och sl\u00e4ktningar i EU. \u00d6ver en miljon ukrainare bodde i Polen redan f\u00f6re kriget. \u00c4ven Tyskland och Italien har en stor befolkning fr\u00e5n Ukraina, s\u00e4ger Patrick Joyce.<\/p>\n\n\n\n<p>Den ukrainska gruppen i Sverige \u00e4r relativt liten \u2013 12 000 personer. Om Sverige tar emot flyende fr\u00e5n Ukraina i f\u00f6rh\u00e5llande till v\u00e5r andel av EU:s befolkning s\u00e5 handlar det om att ta emot och ge skydd till 80 000 flyktingar de n\u00e4rmaste m\u00e5naderna.<\/p>\n\n\n\n<p><a href=\"https:\/\/data2.unhcr.org\/en\/situations\/ukraine\">UNHCRS uppdatering av flyktingsituationen<\/a>.<\/p>\n\n\n\n<p><a class=\"button\" href=\"https:\/\/www.almega.se\/kriget-i-ukraina\">L\u00e4s mer om kriget i Ukraina<\/a><\/p>\n","protected":false},"excerpt":{"rendered":"<p>\u2013 Massflyktsdirektivet ger flyende fr\u00e5n Ukraina tempor\u00e4rt skydd i hela EU under ett \u00e5r med m\u00f6jlighet till f\u00f6rl\u00e4ngning i upp till tre \u00e5r. Detta g\u00e4ller b\u00e5de ukrainska medborgare och personer fr\u00e5n l\u00e4nder utanf\u00f6r EU men &hellip;<\/p>\n","protected":false},"author":6356,"featured_media":43097,"comment_status":"closed","ping_status":"closed","sticky":false,"template":"","format":"standard","meta":{"_acf_changed":false,"footnotes":""},"categories":[1],"tags":[566],"article_type":[55,56],"agreement":[],"class_list":["post-43069","post","type-post","status-publish","format-standard","has-post-thumbnail","hentry","category-okategoriserade","tag-kriget-i-ukraina","type-artiklar","type-nyheter"],"acf":[],"yoast_head":"<!-- This site is optimized with the Yoast SEO Premium plugin v26.8 (Yoast SEO v26.8) - https:\/\/yoast.com\/product\/yoast-seo-premium-wordpress\/ -->\n<title>N\u00f6dregler f\u00f6r ukrainska flyktingar tr\u00e4der i kraft | Almega<\/title>\n<meta name=\"description\" content=\"EU:s inrikes och justitieministrar har enh\u00e4lligt beslutat att utlysa n\u00f6dl\u00e4ge och aktivera EU:s s\u00e5 kallade massflyktsdirektiv.\" \/>\n<meta name=\"robots\" content=\"index, follow, max-snippet:-1, max-image-preview:large, max-video-preview:-1\" \/>\n<link rel=\"canonical\" href=\"https:\/\/www.almega.se\/2022\/03\/massflyktsdirektivet-beslutat\/\" \/>\n<meta property=\"og:locale\" content=\"sv_SE\" \/>\n<meta property=\"og:type\" content=\"article\" \/>\n<meta property=\"og:title\" content=\"N\u00f6dregler f\u00f6r ukrainska flyktingar tr\u00e4der i kraft\" \/>\n<meta property=\"og:description\" content=\"EU:s inrikes och justitieministrar har enh\u00e4lligt beslutat att utlysa n\u00f6dl\u00e4ge och aktivera EU:s s\u00e5 kallade massflyktsdirektiv.\" \/>\n<meta property=\"og:url\" content=\"https:\/\/www.almega.se\/2022\/03\/massflyktsdirektivet-beslutat\/\" \/>\n<meta property=\"og:site_name\" content=\"Almega\" \/>\n<meta property=\"article:published_time\" content=\"2022-03-04T10:38:27+00:00\" \/>\n<meta property=\"article:modified_time\" content=\"2023-01-03T14:13:24+00:00\" \/>\n<meta property=\"og:image\" content=\"https:\/\/www.almega.se\/app\/uploads\/2022\/03\/refugees-scaled.jpg\" \/>\n\t<meta property=\"og:image:width\" content=\"2560\" \/>\n\t<meta property=\"og:image:height\" content=\"1536\" \/>\n\t<meta property=\"og:image:type\" content=\"image\/jpeg\" \/>\n<meta name=\"author\" content=\"Erik Juhlin\" \/>\n<meta name=\"twitter:card\" content=\"summary_large_image\" \/>\n<meta name=\"twitter:label1\" content=\"Skriven av\" \/>\n\t<meta name=\"twitter:data1\" content=\"Erik Juhlin\" \/>\n\t<meta name=\"twitter:label2\" content=\"Ber\u00e4knad l\u00e4stid\" \/>\n\t<meta name=\"twitter:data2\" content=\"1 minut\" \/>\n<!-- \/ Yoast SEO Premium plugin. -->","yoast_head_json":{"title":"N\u00f6dregler f\u00f6r ukrainska flyktingar tr\u00e4der i kraft | Almega","description":"EU:s inrikes och justitieministrar har enh\u00e4lligt beslutat att utlysa n\u00f6dl\u00e4ge och aktivera EU:s s\u00e5 kallade massflyktsdirektiv.","robots":{"index":"index","follow":"follow","max-snippet":"max-snippet:-1","max-image-preview":"max-image-preview:large","max-video-preview":"max-video-preview:-1"},"canonical":"https:\/\/www.almega.se\/2022\/03\/massflyktsdirektivet-beslutat\/","og_locale":"sv_SE","og_type":"article","og_title":"N\u00f6dregler f\u00f6r ukrainska flyktingar tr\u00e4der i kraft","og_description":"EU:s inrikes och justitieministrar har enh\u00e4lligt beslutat att utlysa n\u00f6dl\u00e4ge och aktivera EU:s s\u00e5 kallade massflyktsdirektiv.","og_url":"https:\/\/www.almega.se\/2022\/03\/massflyktsdirektivet-beslutat\/","og_site_name":"Almega","article_published_time":"2022-03-04T10:38:27+00:00","article_modified_time":"2023-01-03T14:13:24+00:00","og_image":[{"width":2560,"height":1536,"url":"https:\/\/www.almega.se\/app\/uploads\/2022\/03\/refugees-scaled.jpg","type":"image\/jpeg"}],"author":"Erik Juhlin","twitter_card":"summary_large_image","twitter_misc":{"Skriven av":"Erik Juhlin","Ber\u00e4knad l\u00e4stid":"1 minut"},"schema":{"@context":"https:\/\/schema.org","@graph":[{"@type":"NewsArticle","@id":"https:\/\/www.almega.se\/2022\/03\/massflyktsdirektivet-beslutat\/#article","isPartOf":{"@id":"https:\/\/www.almega.se\/2022\/03\/massflyktsdirektivet-beslutat\/"},"author":{"name":"Erik Juhlin","@id":"https:\/\/www.almega.se\/#\/schema\/person\/3c181ea7ead5ab7b14c61584637720f5"},"headline":"N\u00f6dregler f\u00f6r ukrainska flyktingar tr\u00e4der i kraft","datePublished":"2022-03-04T10:38:27+00:00","dateModified":"2023-01-03T14:13:24+00:00","mainEntityOfPage":{"@id":"https:\/\/www.almega.se\/2022\/03\/massflyktsdirektivet-beslutat\/"},"wordCount":245,"image":{"@id":"https:\/\/www.almega.se\/2022\/03\/massflyktsdirektivet-beslutat\/#primaryimage"},"thumbnailUrl":"https:\/\/www.almega.se\/app\/uploads\/2022\/03\/refugees-scaled.jpg","keywords":["Kriget i Ukraina"],"inLanguage":"sv-SE"},{"@type":"WebPage","@id":"https:\/\/www.almega.se\/2022\/03\/massflyktsdirektivet-beslutat\/","url":"https:\/\/www.almega.se\/2022\/03\/massflyktsdirektivet-beslutat\/","name":"N\u00f6dregler f\u00f6r ukrainska flyktingar tr\u00e4der i kraft | Almega","isPartOf":{"@id":"https:\/\/www.almega.se\/#website"},"primaryImageOfPage":{"@id":"https:\/\/www.almega.se\/2022\/03\/massflyktsdirektivet-beslutat\/#primaryimage"},"image":{"@id":"https:\/\/www.almega.se\/2022\/03\/massflyktsdirektivet-beslutat\/#primaryimage"},"thumbnailUrl":"https:\/\/www.almega.se\/app\/uploads\/2022\/03\/refugees-scaled.jpg","datePublished":"2022-03-04T10:38:27+00:00","dateModified":"2023-01-03T14:13:24+00:00","author":{"@id":"https:\/\/www.almega.se\/#\/schema\/person\/3c181ea7ead5ab7b14c61584637720f5"},"description":"EU:s inrikes och justitieministrar har enh\u00e4lligt beslutat att utlysa n\u00f6dl\u00e4ge och aktivera EU:s s\u00e5 kallade massflyktsdirektiv.","breadcrumb":{"@id":"https:\/\/www.almega.se\/2022\/03\/massflyktsdirektivet-beslutat\/#breadcrumb"},"inLanguage":"sv-SE","potentialAction":[{"@type":"ReadAction","target":["https:\/\/www.almega.se\/2022\/03\/massflyktsdirektivet-beslutat\/"]}]},{"@type":"ImageObject","inLanguage":"sv-SE","@id":"https:\/\/www.almega.se\/2022\/03\/massflyktsdirektivet-beslutat\/#primaryimage","url":"https:\/\/www.almega.se\/app\/uploads\/2022\/03\/refugees-scaled.jpg","contentUrl":"https:\/\/www.almega.se\/app\/uploads\/2022\/03\/refugees-scaled.jpg","width":2560,"height":1536,"caption":"Rear view of unrecognizable parent of elder brother holding hand of child against tent in migrant camp"},{"@type":"BreadcrumbList","@id":"https:\/\/www.almega.se\/2022\/03\/massflyktsdirektivet-beslutat\/#breadcrumb","itemListElement":[{"@type":"ListItem","position":1,"name":"Home","item":"https:\/\/www.almega.se\/"},{"@type":"ListItem","position":2,"name":"N\u00f6dregler f\u00f6r ukrainska flyktingar tr\u00e4der i kraft"}]},{"@type":"WebSite","@id":"https:\/\/www.almega.se\/#website","url":"https:\/\/www.almega.se\/","name":"Almega","description":"","potentialAction":[{"@type":"SearchAction","target":{"@type":"EntryPoint","urlTemplate":"https:\/\/www.almega.se\/?s={search_term_string}"},"query-input":{"@type":"PropertyValueSpecification","valueRequired":true,"valueName":"search_term_string"}}],"inLanguage":"sv-SE"},{"@type":"Person","@id":"https:\/\/www.almega.se\/#\/schema\/person\/3c181ea7ead5ab7b14c61584637720f5","name":"Erik Juhlin","image":{"@type":"ImageObject","inLanguage":"sv-SE","@id":"https:\/\/www.almega.se\/#\/schema\/person\/image\/","url":"https:\/\/secure.gravatar.com\/avatar\/ef0e97454357041724f27ea1630fa5bf78b30eea6fc56998e6a03142ad5b1370?s=96&d=mm&r=g","contentUrl":"https:\/\/secure.gravatar.com\/avatar\/ef0e97454357041724f27ea1630fa5bf78b30eea6fc56998e6a03142ad5b1370?s=96&d=mm&r=g","caption":"Erik Juhlin"},"url":"https:\/\/www.almega.se\/person\/erikjuhlin\/"}]}},"_links":{"self":[{"href":"https:\/\/www.almega.se\/api\/wp\/v2\/posts\/43069","targetHints":{"allow":["GET"]}}],"collection":[{"href":"https:\/\/www.almega.se\/api\/wp\/v2\/posts"}],"about":[{"href":"https:\/\/www.almega.se\/api\/wp\/v2\/types\/post"}],"author":[{"embeddable":true,"href":"https:\/\/www.almega.se\/api\/wp\/v2\/users\/6356"}],"replies":[{"embeddable":true,"href":"https:\/\/www.almega.se\/api\/wp\/v2\/comments?post=43069"}],"version-history":[{"count":3,"href":"https:\/\/www.almega.se\/api\/wp\/v2\/posts\/43069\/revisions"}],"predecessor-version":[{"id":51872,"href":"https:\/\/www.almega.se\/api\/wp\/v2\/posts\/43069\/revisions\/51872"}],"wp:featuredmedia":[{"embeddable":true,"href":"https:\/\/www.almega.se\/api\/wp\/v2\/media\/43097"}],"wp:attachment":[{"href":"https:\/\/www.almega.se\/api\/wp\/v2\/media?parent=43069"}],"wp:term":[{"taxonomy":"category","embeddable":true,"href":"https:\/\/www.almega.se\/api\/wp\/v2\/categories?post=43069"},{"taxonomy":"post_tag","embeddable":true,"href":"https:\/\/www.almega.se\/api\/wp\/v2\/tags?post=43069"},{"taxonomy":"type","embeddable":true,"href":"https:\/\/www.almega.se\/api\/wp\/v2\/article_type?post=43069"},{"taxonomy":"agreement","embeddable":true,"href":"https:\/\/www.almega.se\/api\/wp\/v2\/agreement?post=43069"}],"curies":[{"name":"wp","href":"https:\/\/api.w.org\/{rel}","templated":true}]}}