{"id":43050,"date":"2022-03-03T10:44:26","date_gmt":"2022-03-03T09:44:26","guid":{"rendered":"https:\/\/www.almega.se\/2022\/03\/kriget-hotar-en-stark-tjanstekonjunktur\/"},"modified":"2023-01-03T15:10:51","modified_gmt":"2023-01-03T14:10:51","slug":"kriget-hotar-en-stark-tjanstekonjunktur","status":"publish","type":"post","link":"https:\/\/www.almega.se\/2022\/03\/kriget-hotar-en-stark-tjanstekonjunktur\/","title":{"rendered":"Kriget hotar en stark tj\u00e4nstekonjunktur"},"content":{"rendered":"<p class=\"intro\">Ink\u00f6pschefsindex f\u00f6r tj\u00e4nstesektorn f\u00f6ll n\u00e5got i februari men konjunkturen \u00e4r fortfarande stark. Stigande priser p\u00e5 energi, livsmedel och leveransst\u00f6rningar p\u00e5 grund av kriget i Ukraina riskerar dock att d\u00e4mpa tj\u00e4nstekonjunkturen fram\u00f6ver.<\/p>\n\n<p>Ink\u00f6pschefsindex f\u00f6r privata tj\u00e4nstesektorn (PMI\u2013tj\u00e4nster) sj\u00f6nk fr\u00e5n 68,6 i januari till 68,0 i februari men ligger fortfarande l\u00e5ngt \u00f6ver det historiska genomsnittet p\u00e5 56. Ordering\u00e5ng och produktion utvecklas \u00e4nnu starkt.<\/p>\n\n\n\n<p>Syssels\u00e4ttningen i tj\u00e4nstesektorn har fortsatt att \u00f6ka trots att m\u00e5nga branscher har brist p\u00e5 arbetskraft. Leveranstiderna har minskat n\u00e5got sedan de sista Coronarestriktionerna togs bort, men kriget kan \u00e4ndra det.<\/p>\n\n\n\n<p>\u2013 De direkta effekterna av kriget \u00e4r begr\u00e4nsade f\u00f6r tj\u00e4nstesektorn \u00e4ven om vissa branscher ber\u00f6rs mer. Techsektorns verksamhet i Ukraina har vuxit betydligt de senaste \u00e5ren. Kriget och den \u00f6kade os\u00e4kerheten i Europa riskerar dock att leda till leveransst\u00f6rningar i hela n\u00e4ringslivet som \u00e4ven drabbar tj\u00e4nstef\u00f6retagen, s\u00e4ger Patrick Joyce, chefekonom p\u00e5 tj\u00e4nstef\u00f6retagens organisation Almega.<\/p>\n\n\n\n<p>\u2013 Kraftiga prish\u00f6jningar p\u00e5 energi och livsmedel p\u00e5 grund av kriget kommer sannolikt att leda till fortsatta pris\u00f6kningar p\u00e5 tj\u00e4nster. Detta h\u00e4nder samtidigt som inflationen stiger. Redan f\u00f6re kriget hade \u00f6kade priser p\u00e5 energi och andra insatsvaror drivit upp \u00f6kningen av tj\u00e4nstepriserna till 4,8 procent i \u00e5rstakt, den h\u00f6gsta pris\u00f6kningen sedan 2005, s\u00e4ger Patrick Joyce.<\/p>\n\n\n\n<p><a class=\"button\" href=\"https:\/\/www.almega.se\/kriget-i-ukraina\">L\u00e4s mer om kriget i Ukraina<\/a><\/p>\n","protected":false},"excerpt":{"rendered":"<p>Ink\u00f6pschefsindex f\u00f6r tj\u00e4nstesektorn f\u00f6ll n\u00e5got i februari men konjunkturen \u00e4r fortfarande stark. Stigande priser p\u00e5 energi, livsmedel och leveransst\u00f6rningar p\u00e5 grund av kriget i Ukraina riskerar dock att d\u00e4mpa tj\u00e4nstekonjunkturen fram\u00f6ver.<\/p>\n","protected":false},"author":6356,"featured_media":43051,"comment_status":"closed","ping_status":"closed","sticky":false,"template":"","format":"standard","meta":{"_acf_changed":false,"footnotes":""},"categories":[581],"tags":[566,50],"article_type":[93],"agreement":[],"class_list":["post-43050","post","type-post","status-publish","format-standard","has-post-thumbnail","hentry","category-tjanstesektorns-betydelse","tag-kriget-i-ukraina","tag-tjanstesektorns-utveckling","type-pressmeddelanden"],"acf":[],"yoast_head":"<!-- This site is optimized with the Yoast SEO Premium plugin v26.8 (Yoast SEO v26.8) - https:\/\/yoast.com\/product\/yoast-seo-premium-wordpress\/ -->\n<title>Kriget hotar en stark tj\u00e4nstekonjunktur | Almega<\/title>\n<meta name=\"robots\" content=\"index, follow, max-snippet:-1, max-image-preview:large, max-video-preview:-1\" \/>\n<link rel=\"canonical\" href=\"https:\/\/www.almega.se\/2022\/03\/kriget-hotar-en-stark-tjanstekonjunktur\/\" \/>\n<meta property=\"og:locale\" content=\"sv_SE\" \/>\n<meta property=\"og:type\" content=\"article\" \/>\n<meta property=\"og:title\" content=\"Kriget hotar en stark tj\u00e4nstekonjunktur\" \/>\n<meta property=\"og:description\" content=\"Ink\u00f6pschefsindex f\u00f6r tj\u00e4nstesektorn f\u00f6ll n\u00e5got i februari men konjunkturen \u00e4r fortfarande stark. Stigande priser p\u00e5 energi, livsmedel och leveransst\u00f6rningar p\u00e5 grund av kriget i Ukraina riskerar dock att d\u00e4mpa tj\u00e4nstekonjunkturen fram\u00f6ver.\" \/>\n<meta property=\"og:url\" content=\"https:\/\/www.almega.se\/2022\/03\/kriget-hotar-en-stark-tjanstekonjunktur\/\" \/>\n<meta property=\"og:site_name\" content=\"Almega\" \/>\n<meta property=\"article:published_time\" content=\"2022-03-03T09:44:26+00:00\" \/>\n<meta property=\"article:modified_time\" content=\"2023-01-03T14:10:51+00:00\" \/>\n<meta property=\"og:image\" content=\"https:\/\/www.almega.se\/app\/uploads\/2022\/03\/e2d685ee-b12c-459b-b043-4a3e450a43a2-scaled.jpg\" \/>\n\t<meta property=\"og:image:width\" content=\"2560\" \/>\n\t<meta property=\"og:image:height\" content=\"1707\" \/>\n\t<meta property=\"og:image:type\" content=\"image\/jpeg\" \/>\n<meta name=\"author\" content=\"Erik Juhlin\" \/>\n<meta name=\"twitter:card\" content=\"summary_large_image\" \/>\n<meta name=\"twitter:label1\" content=\"Skriven av\" \/>\n\t<meta name=\"twitter:data1\" content=\"Erik Juhlin\" \/>\n\t<meta name=\"twitter:label2\" content=\"Ber\u00e4knad l\u00e4stid\" \/>\n\t<meta name=\"twitter:data2\" content=\"1 minut\" \/>\n<!-- \/ Yoast SEO Premium plugin. -->","yoast_head_json":{"title":"Kriget hotar en stark tj\u00e4nstekonjunktur | Almega","robots":{"index":"index","follow":"follow","max-snippet":"max-snippet:-1","max-image-preview":"max-image-preview:large","max-video-preview":"max-video-preview:-1"},"canonical":"https:\/\/www.almega.se\/2022\/03\/kriget-hotar-en-stark-tjanstekonjunktur\/","og_locale":"sv_SE","og_type":"article","og_title":"Kriget hotar en stark tj\u00e4nstekonjunktur","og_description":"Ink\u00f6pschefsindex f\u00f6r tj\u00e4nstesektorn f\u00f6ll n\u00e5got i februari men konjunkturen \u00e4r fortfarande stark. Stigande priser p\u00e5 energi, livsmedel och leveransst\u00f6rningar p\u00e5 grund av kriget i Ukraina riskerar dock att d\u00e4mpa tj\u00e4nstekonjunkturen fram\u00f6ver.","og_url":"https:\/\/www.almega.se\/2022\/03\/kriget-hotar-en-stark-tjanstekonjunktur\/","og_site_name":"Almega","article_published_time":"2022-03-03T09:44:26+00:00","article_modified_time":"2023-01-03T14:10:51+00:00","og_image":[{"width":2560,"height":1707,"url":"https:\/\/www.almega.se\/app\/uploads\/2022\/03\/e2d685ee-b12c-459b-b043-4a3e450a43a2-scaled.jpg","type":"image\/jpeg"}],"author":"Erik Juhlin","twitter_card":"summary_large_image","twitter_misc":{"Skriven av":"Erik Juhlin","Ber\u00e4knad l\u00e4stid":"1 minut"},"schema":{"@context":"https:\/\/schema.org","@graph":[{"@type":"NewsArticle","@id":"https:\/\/www.almega.se\/2022\/03\/kriget-hotar-en-stark-tjanstekonjunktur\/#article","isPartOf":{"@id":"https:\/\/www.almega.se\/2022\/03\/kriget-hotar-en-stark-tjanstekonjunktur\/"},"author":{"name":"Erik Juhlin","@id":"https:\/\/www.almega.se\/#\/schema\/person\/3c181ea7ead5ab7b14c61584637720f5"},"headline":"Kriget hotar en stark tj\u00e4nstekonjunktur","datePublished":"2022-03-03T09:44:26+00:00","dateModified":"2023-01-03T14:10:51+00:00","mainEntityOfPage":{"@id":"https:\/\/www.almega.se\/2022\/03\/kriget-hotar-en-stark-tjanstekonjunktur\/"},"wordCount":209,"image":{"@id":"https:\/\/www.almega.se\/2022\/03\/kriget-hotar-en-stark-tjanstekonjunktur\/#primaryimage"},"thumbnailUrl":"https:\/\/www.almega.se\/app\/uploads\/2022\/03\/e2d685ee-b12c-459b-b043-4a3e450a43a2-scaled.jpg","keywords":["Kriget i Ukraina","Tj\u00e4nstesektorns utveckling"],"articleSection":["Tj\u00e4nstesektorns betydelse"],"inLanguage":"sv-SE"},{"@type":"WebPage","@id":"https:\/\/www.almega.se\/2022\/03\/kriget-hotar-en-stark-tjanstekonjunktur\/","url":"https:\/\/www.almega.se\/2022\/03\/kriget-hotar-en-stark-tjanstekonjunktur\/","name":"Kriget hotar en stark tj\u00e4nstekonjunktur | Almega","isPartOf":{"@id":"https:\/\/www.almega.se\/#website"},"primaryImageOfPage":{"@id":"https:\/\/www.almega.se\/2022\/03\/kriget-hotar-en-stark-tjanstekonjunktur\/#primaryimage"},"image":{"@id":"https:\/\/www.almega.se\/2022\/03\/kriget-hotar-en-stark-tjanstekonjunktur\/#primaryimage"},"thumbnailUrl":"https:\/\/www.almega.se\/app\/uploads\/2022\/03\/e2d685ee-b12c-459b-b043-4a3e450a43a2-scaled.jpg","datePublished":"2022-03-03T09:44:26+00:00","dateModified":"2023-01-03T14:10:51+00:00","author":{"@id":"https:\/\/www.almega.se\/#\/schema\/person\/3c181ea7ead5ab7b14c61584637720f5"},"breadcrumb":{"@id":"https:\/\/www.almega.se\/2022\/03\/kriget-hotar-en-stark-tjanstekonjunktur\/#breadcrumb"},"inLanguage":"sv-SE","potentialAction":[{"@type":"ReadAction","target":["https:\/\/www.almega.se\/2022\/03\/kriget-hotar-en-stark-tjanstekonjunktur\/"]}]},{"@type":"ImageObject","inLanguage":"sv-SE","@id":"https:\/\/www.almega.se\/2022\/03\/kriget-hotar-en-stark-tjanstekonjunktur\/#primaryimage","url":"https:\/\/www.almega.se\/app\/uploads\/2022\/03\/e2d685ee-b12c-459b-b043-4a3e450a43a2-scaled.jpg","contentUrl":"https:\/\/www.almega.se\/app\/uploads\/2022\/03\/e2d685ee-b12c-459b-b043-4a3e450a43a2-scaled.jpg","width":2560,"height":1707,"caption":"Patrick Joyce, chefekonom p\u00e5 tj\u00e4nstef\u00f6retagens organisation Almega."},{"@type":"BreadcrumbList","@id":"https:\/\/www.almega.se\/2022\/03\/kriget-hotar-en-stark-tjanstekonjunktur\/#breadcrumb","itemListElement":[{"@type":"ListItem","position":1,"name":"Home","item":"https:\/\/www.almega.se\/"},{"@type":"ListItem","position":2,"name":"Kriget hotar en stark tj\u00e4nstekonjunktur"}]},{"@type":"WebSite","@id":"https:\/\/www.almega.se\/#website","url":"https:\/\/www.almega.se\/","name":"Almega","description":"","potentialAction":[{"@type":"SearchAction","target":{"@type":"EntryPoint","urlTemplate":"https:\/\/www.almega.se\/?s={search_term_string}"},"query-input":{"@type":"PropertyValueSpecification","valueRequired":true,"valueName":"search_term_string"}}],"inLanguage":"sv-SE"},{"@type":"Person","@id":"https:\/\/www.almega.se\/#\/schema\/person\/3c181ea7ead5ab7b14c61584637720f5","name":"Erik Juhlin","image":{"@type":"ImageObject","inLanguage":"sv-SE","@id":"https:\/\/www.almega.se\/#\/schema\/person\/image\/","url":"https:\/\/secure.gravatar.com\/avatar\/ef0e97454357041724f27ea1630fa5bf78b30eea6fc56998e6a03142ad5b1370?s=96&d=mm&r=g","contentUrl":"https:\/\/secure.gravatar.com\/avatar\/ef0e97454357041724f27ea1630fa5bf78b30eea6fc56998e6a03142ad5b1370?s=96&d=mm&r=g","caption":"Erik Juhlin"},"url":"https:\/\/www.almega.se\/person\/erikjuhlin\/"}]}},"_links":{"self":[{"href":"https:\/\/www.almega.se\/api\/wp\/v2\/posts\/43050","targetHints":{"allow":["GET"]}}],"collection":[{"href":"https:\/\/www.almega.se\/api\/wp\/v2\/posts"}],"about":[{"href":"https:\/\/www.almega.se\/api\/wp\/v2\/types\/post"}],"author":[{"embeddable":true,"href":"https:\/\/www.almega.se\/api\/wp\/v2\/users\/6356"}],"replies":[{"embeddable":true,"href":"https:\/\/www.almega.se\/api\/wp\/v2\/comments?post=43050"}],"version-history":[{"count":2,"href":"https:\/\/www.almega.se\/api\/wp\/v2\/posts\/43050\/revisions"}],"predecessor-version":[{"id":51864,"href":"https:\/\/www.almega.se\/api\/wp\/v2\/posts\/43050\/revisions\/51864"}],"wp:featuredmedia":[{"embeddable":true,"href":"https:\/\/www.almega.se\/api\/wp\/v2\/media\/43051"}],"wp:attachment":[{"href":"https:\/\/www.almega.se\/api\/wp\/v2\/media?parent=43050"}],"wp:term":[{"taxonomy":"category","embeddable":true,"href":"https:\/\/www.almega.se\/api\/wp\/v2\/categories?post=43050"},{"taxonomy":"post_tag","embeddable":true,"href":"https:\/\/www.almega.se\/api\/wp\/v2\/tags?post=43050"},{"taxonomy":"type","embeddable":true,"href":"https:\/\/www.almega.se\/api\/wp\/v2\/article_type?post=43050"},{"taxonomy":"agreement","embeddable":true,"href":"https:\/\/www.almega.se\/api\/wp\/v2\/agreement?post=43050"}],"curies":[{"name":"wp","href":"https:\/\/api.w.org\/{rel}","templated":true}]}}