{"id":42804,"date":"2022-02-24T17:13:38","date_gmt":"2022-02-24T16:13:38","guid":{"rendered":"https:\/\/www.almega.se\/?p=42804"},"modified":"2023-01-03T15:08:36","modified_gmt":"2023-01-03T14:08:36","slug":"en-tragedi-i-vardande-almegas-vd-om-situationen-i-ukraina","status":"publish","type":"post","link":"https:\/\/www.almega.se\/2022\/02\/en-tragedi-i-vardande-almegas-vd-om-situationen-i-ukraina\/","title":{"rendered":"\u201dEn tragedi i vardande&#8221; \u2013 Almegas vd om situationen i Ukraina"},"content":{"rendered":"<p class=\"intro\">Rysslands attack \u00e4r obefogad och of\u00f6rsvarlig, enligt Almega. Det \u00e4r en m\u00e4nsklig tragedi med o\u00f6versk\u00e5dliga s\u00e4kerhetspolitiska och ekonomiska konsekvenser.<\/p>\n\n<p>\u2013 Rysslands agerande \u00e4r ett oprovocerat angrepp p\u00e5 en sj\u00e4lvst\u00e4ndig, suver\u00e4n och demokratisk stat och givetvis helt oacceptabelt. Det \u00e4r en tragedi i vardande och jag t\u00e4nker fr\u00e4mst p\u00e5 de humanit\u00e4ra aspekterna av situationen d\u00e4r det i slut\u00e4nden \u00e4r m\u00e4nniskors liv som st\u00e5r p\u00e5 spel, s\u00e4ger Ann \u00d6berg, vd p\u00e5 Almega.<\/p>\n\n\n\n<p>L\u00e4get i Ukraina kommer helt visst orsaka ett stort m\u00e4nskligt lidande. Samtidigt g\u00e5r det inte att blunda f\u00f6r att det \u00e4r en extremt allvarlig s\u00e4kerhetspolitisk situation som riskerar att f\u00e5 l\u00e5ngtg\u00e5ende ekonomiska konsekvenser.<\/p>\n\n\n\n<p>\u2013 F\u00f6r vissa branscher och f\u00f6retag kan effekterna bli k\u00e4nnbara. Ukrainas betydelse som export\u00f6r av IT-tj\u00e4nster har vuxit kraftigt de senaste \u00e5ren och flera svenska IT-f\u00f6retag har omfattande verksamhet i landet. Medarbetarnas s\u00e4kerhet \u00e4r den viktigaste fr\u00e5gan just nu, s\u00e4ger Ann \u00d6berg.<\/p>\n\n\n\n<p>Den mycket stora os\u00e4kerhet som Rysslands agerande skapar riskerar att f\u00e5 l\u00e5ngtg\u00e5ende konsekvenser f\u00f6r Europa. \u00c5terh\u00e4mtningen efter pandemin riskerar att komma av sig vilket kan kasta Europa in i en ny, djup recession.<\/p>\n\n\n\n<p>\u2013 Europa \u00e4r Sveriges st\u00f6rsta exportmarknad och kraftigt f\u00f6rsvagad konjunktur kommer f\u00e5 sv\u00e5ra konsekvenser b\u00e5de f\u00f6r den svenska industrin och f\u00f6r m\u00e5nga tj\u00e4nstebranscher. \u00d6ver 40 procent av den svenska tj\u00e4nsteexporten g\u00e5r till EU-l\u00e4nder, s\u00e4ger Ann \u00d6berg.<\/p>\n\n\n\n<p><span data-ccp-props=\"{&quot;134233117&quot;:true,&quot;134233118&quot;:true}\"><a class=\"button\" href=\"https:\/\/www.almega.se\/kriget-i-ukraina\">L\u00e4s mer om kriget i Ukraina<\/a><\/span><\/p>\n","protected":false},"excerpt":{"rendered":"<p>\u2013 Rysslands agerande \u00e4r ett oprovocerat angrepp p\u00e5 en sj\u00e4lvst\u00e4ndig, suver\u00e4n och demokratisk stat och givetvis helt oacceptabelt. Det \u00e4r en tragedi i vardande och jag t\u00e4nker fr\u00e4mst p\u00e5 de humanit\u00e4ra aspekterna av situationen d\u00e4r &hellip;<\/p>\n","protected":false},"author":6356,"featured_media":42516,"comment_status":"closed","ping_status":"closed","sticky":false,"template":"","format":"standard","meta":{"_acf_changed":false,"footnotes":""},"categories":[1],"tags":[566],"article_type":[56],"agreement":[],"class_list":["post-42804","post","type-post","status-publish","format-standard","has-post-thumbnail","hentry","category-okategoriserade","tag-kriget-i-ukraina","type-nyheter"],"acf":[],"yoast_head":"<!-- This site is optimized with the Yoast SEO Premium plugin v26.8 (Yoast SEO v26.8) - https:\/\/yoast.com\/product\/yoast-seo-premium-wordpress\/ -->\n<title>\u201dEn tragedi i vardande&quot; \u2013 Almegas vd om situationen i Ukraina | Almega<\/title>\n<meta name=\"robots\" content=\"index, follow, max-snippet:-1, max-image-preview:large, max-video-preview:-1\" \/>\n<link rel=\"canonical\" href=\"https:\/\/www.almega.se\/2022\/02\/en-tragedi-i-vardande-almegas-vd-om-situationen-i-ukraina\/\" \/>\n<meta property=\"og:locale\" content=\"sv_SE\" \/>\n<meta property=\"og:type\" content=\"article\" \/>\n<meta property=\"og:title\" content=\"\u201dEn tragedi i vardande&quot; \u2013 Almegas vd om situationen i Ukraina\" \/>\n<meta property=\"og:description\" content=\"\u2013 Rysslands agerande \u00e4r ett oprovocerat angrepp p\u00e5 en sj\u00e4lvst\u00e4ndig, suver\u00e4n och demokratisk stat och givetvis helt oacceptabelt. Det \u00e4r en tragedi i vardande och jag t\u00e4nker fr\u00e4mst p\u00e5 de humanit\u00e4ra aspekterna av situationen d\u00e4r &hellip;\" \/>\n<meta property=\"og:url\" content=\"https:\/\/www.almega.se\/2022\/02\/en-tragedi-i-vardande-almegas-vd-om-situationen-i-ukraina\/\" \/>\n<meta property=\"og:site_name\" content=\"Almega\" \/>\n<meta property=\"article:published_time\" content=\"2022-02-24T16:13:38+00:00\" \/>\n<meta property=\"article:modified_time\" content=\"2023-01-03T14:08:36+00:00\" \/>\n<meta property=\"og:image\" content=\"https:\/\/www.almega.se\/app\/uploads\/2022\/02\/portratt-ann-oberg.png\" \/>\n\t<meta property=\"og:image:width\" content=\"700\" \/>\n\t<meta property=\"og:image:height\" content=\"420\" \/>\n\t<meta property=\"og:image:type\" content=\"image\/png\" \/>\n<meta name=\"author\" content=\"Erik Juhlin\" \/>\n<meta name=\"twitter:card\" content=\"summary_large_image\" \/>\n<meta name=\"twitter:label1\" content=\"Skriven av\" \/>\n\t<meta name=\"twitter:data1\" content=\"Erik Juhlin\" \/>\n\t<meta name=\"twitter:label2\" content=\"Ber\u00e4knad l\u00e4stid\" \/>\n\t<meta name=\"twitter:data2\" content=\"1 minut\" \/>\n<!-- \/ Yoast SEO Premium plugin. -->","yoast_head_json":{"title":"\u201dEn tragedi i vardande\" \u2013 Almegas vd om situationen i Ukraina | Almega","robots":{"index":"index","follow":"follow","max-snippet":"max-snippet:-1","max-image-preview":"max-image-preview:large","max-video-preview":"max-video-preview:-1"},"canonical":"https:\/\/www.almega.se\/2022\/02\/en-tragedi-i-vardande-almegas-vd-om-situationen-i-ukraina\/","og_locale":"sv_SE","og_type":"article","og_title":"\u201dEn tragedi i vardande\" \u2013 Almegas vd om situationen i Ukraina","og_description":"\u2013 Rysslands agerande \u00e4r ett oprovocerat angrepp p\u00e5 en sj\u00e4lvst\u00e4ndig, suver\u00e4n och demokratisk stat och givetvis helt oacceptabelt. Det \u00e4r en tragedi i vardande och jag t\u00e4nker fr\u00e4mst p\u00e5 de humanit\u00e4ra aspekterna av situationen d\u00e4r &hellip;","og_url":"https:\/\/www.almega.se\/2022\/02\/en-tragedi-i-vardande-almegas-vd-om-situationen-i-ukraina\/","og_site_name":"Almega","article_published_time":"2022-02-24T16:13:38+00:00","article_modified_time":"2023-01-03T14:08:36+00:00","og_image":[{"width":700,"height":420,"url":"https:\/\/www.almega.se\/app\/uploads\/2022\/02\/portratt-ann-oberg.png","type":"image\/png"}],"author":"Erik Juhlin","twitter_card":"summary_large_image","twitter_misc":{"Skriven av":"Erik Juhlin","Ber\u00e4knad l\u00e4stid":"1 minut"},"schema":{"@context":"https:\/\/schema.org","@graph":[{"@type":"NewsArticle","@id":"https:\/\/www.almega.se\/2022\/02\/en-tragedi-i-vardande-almegas-vd-om-situationen-i-ukraina\/#article","isPartOf":{"@id":"https:\/\/www.almega.se\/2022\/02\/en-tragedi-i-vardande-almegas-vd-om-situationen-i-ukraina\/"},"author":{"name":"Erik Juhlin","@id":"https:\/\/www.almega.se\/#\/schema\/person\/3c181ea7ead5ab7b14c61584637720f5"},"headline":"\u201dEn tragedi i vardande&#8221; \u2013 Almegas vd om situationen i Ukraina","datePublished":"2022-02-24T16:13:38+00:00","dateModified":"2023-01-03T14:08:36+00:00","mainEntityOfPage":{"@id":"https:\/\/www.almega.se\/2022\/02\/en-tragedi-i-vardande-almegas-vd-om-situationen-i-ukraina\/"},"wordCount":252,"image":{"@id":"https:\/\/www.almega.se\/2022\/02\/en-tragedi-i-vardande-almegas-vd-om-situationen-i-ukraina\/#primaryimage"},"thumbnailUrl":"https:\/\/www.almega.se\/app\/uploads\/2022\/02\/portratt-ann-oberg.png","keywords":["Kriget i Ukraina"],"inLanguage":"sv-SE"},{"@type":"WebPage","@id":"https:\/\/www.almega.se\/2022\/02\/en-tragedi-i-vardande-almegas-vd-om-situationen-i-ukraina\/","url":"https:\/\/www.almega.se\/2022\/02\/en-tragedi-i-vardande-almegas-vd-om-situationen-i-ukraina\/","name":"\u201dEn tragedi i vardande\" \u2013 Almegas vd om situationen i Ukraina | Almega","isPartOf":{"@id":"https:\/\/www.almega.se\/#website"},"primaryImageOfPage":{"@id":"https:\/\/www.almega.se\/2022\/02\/en-tragedi-i-vardande-almegas-vd-om-situationen-i-ukraina\/#primaryimage"},"image":{"@id":"https:\/\/www.almega.se\/2022\/02\/en-tragedi-i-vardande-almegas-vd-om-situationen-i-ukraina\/#primaryimage"},"thumbnailUrl":"https:\/\/www.almega.se\/app\/uploads\/2022\/02\/portratt-ann-oberg.png","datePublished":"2022-02-24T16:13:38+00:00","dateModified":"2023-01-03T14:08:36+00:00","author":{"@id":"https:\/\/www.almega.se\/#\/schema\/person\/3c181ea7ead5ab7b14c61584637720f5"},"breadcrumb":{"@id":"https:\/\/www.almega.se\/2022\/02\/en-tragedi-i-vardande-almegas-vd-om-situationen-i-ukraina\/#breadcrumb"},"inLanguage":"sv-SE","potentialAction":[{"@type":"ReadAction","target":["https:\/\/www.almega.se\/2022\/02\/en-tragedi-i-vardande-almegas-vd-om-situationen-i-ukraina\/"]}]},{"@type":"ImageObject","inLanguage":"sv-SE","@id":"https:\/\/www.almega.se\/2022\/02\/en-tragedi-i-vardande-almegas-vd-om-situationen-i-ukraina\/#primaryimage","url":"https:\/\/www.almega.se\/app\/uploads\/2022\/02\/portratt-ann-oberg.png","contentUrl":"https:\/\/www.almega.se\/app\/uploads\/2022\/02\/portratt-ann-oberg.png","width":700,"height":420,"caption":"ann \u00f6berg vd almega"},{"@type":"BreadcrumbList","@id":"https:\/\/www.almega.se\/2022\/02\/en-tragedi-i-vardande-almegas-vd-om-situationen-i-ukraina\/#breadcrumb","itemListElement":[{"@type":"ListItem","position":1,"name":"Home","item":"https:\/\/www.almega.se\/"},{"@type":"ListItem","position":2,"name":"\u201dEn tragedi i vardande&#8221; \u2013 Almegas vd om situationen i Ukraina"}]},{"@type":"WebSite","@id":"https:\/\/www.almega.se\/#website","url":"https:\/\/www.almega.se\/","name":"Almega","description":"","potentialAction":[{"@type":"SearchAction","target":{"@type":"EntryPoint","urlTemplate":"https:\/\/www.almega.se\/?s={search_term_string}"},"query-input":{"@type":"PropertyValueSpecification","valueRequired":true,"valueName":"search_term_string"}}],"inLanguage":"sv-SE"},{"@type":"Person","@id":"https:\/\/www.almega.se\/#\/schema\/person\/3c181ea7ead5ab7b14c61584637720f5","name":"Erik Juhlin","image":{"@type":"ImageObject","inLanguage":"sv-SE","@id":"https:\/\/www.almega.se\/#\/schema\/person\/image\/","url":"https:\/\/secure.gravatar.com\/avatar\/ef0e97454357041724f27ea1630fa5bf78b30eea6fc56998e6a03142ad5b1370?s=96&d=mm&r=g","contentUrl":"https:\/\/secure.gravatar.com\/avatar\/ef0e97454357041724f27ea1630fa5bf78b30eea6fc56998e6a03142ad5b1370?s=96&d=mm&r=g","caption":"Erik Juhlin"},"url":"https:\/\/www.almega.se\/person\/erikjuhlin\/"}]}},"_links":{"self":[{"href":"https:\/\/www.almega.se\/api\/wp\/v2\/posts\/42804","targetHints":{"allow":["GET"]}}],"collection":[{"href":"https:\/\/www.almega.se\/api\/wp\/v2\/posts"}],"about":[{"href":"https:\/\/www.almega.se\/api\/wp\/v2\/types\/post"}],"author":[{"embeddable":true,"href":"https:\/\/www.almega.se\/api\/wp\/v2\/users\/6356"}],"replies":[{"embeddable":true,"href":"https:\/\/www.almega.se\/api\/wp\/v2\/comments?post=42804"}],"version-history":[{"count":3,"href":"https:\/\/www.almega.se\/api\/wp\/v2\/posts\/42804\/revisions"}],"predecessor-version":[{"id":51859,"href":"https:\/\/www.almega.se\/api\/wp\/v2\/posts\/42804\/revisions\/51859"}],"wp:featuredmedia":[{"embeddable":true,"href":"https:\/\/www.almega.se\/api\/wp\/v2\/media\/42516"}],"wp:attachment":[{"href":"https:\/\/www.almega.se\/api\/wp\/v2\/media?parent=42804"}],"wp:term":[{"taxonomy":"category","embeddable":true,"href":"https:\/\/www.almega.se\/api\/wp\/v2\/categories?post=42804"},{"taxonomy":"post_tag","embeddable":true,"href":"https:\/\/www.almega.se\/api\/wp\/v2\/tags?post=42804"},{"taxonomy":"type","embeddable":true,"href":"https:\/\/www.almega.se\/api\/wp\/v2\/article_type?post=42804"},{"taxonomy":"agreement","embeddable":true,"href":"https:\/\/www.almega.se\/api\/wp\/v2\/agreement?post=42804"}],"curies":[{"name":"wp","href":"https:\/\/api.w.org\/{rel}","templated":true}]}}