{"id":42790,"date":"2022-01-21T13:51:09","date_gmt":"2022-01-21T12:51:09","guid":{"rendered":"https:\/\/www.almega.se\/?p=42790"},"modified":"2022-08-30T15:21:16","modified_gmt":"2022-08-30T13:21:16","slug":"nya-ad-domar-16","status":"publish","type":"post","link":"https:\/\/www.almega.se\/2022\/01\/nya-ad-domar-16\/","title":{"rendered":"Nya AD-domar"},"content":{"rendered":"\n<p class=\"intro\">H\u00e4r publicerar vi snabba, korta kommentarer av de viktigaste domarna under veckan i Arbetsdomstolen. Hela domarna hittar du p\u00e5 Arbetsdomstolen hemsida via l\u00e4nken under kommentarer.<\/p>\n<h3><strong>AD 2022 nr 02<\/strong><\/h3>\n<p>M\u00e5let g\u00e4llde fr\u00e5ga om Polismyndigheten vidtagit en otill\u00e5ten disciplinp\u00e5f\u00f6ljd avseende en polisinspekt\u00f6r. Polisinspekt\u00f6ren hade misst\u00e4nkts f\u00f6r st\u00f6ld varp\u00e5 en husrannsakan gjorts i hennes bostad. Ett paket kaffe p\u00e5tr\u00e4ffades som, enligt Polismyndigheten, hade stulits fr\u00e5n polisstationen samma eller f\u00f6rg\u00e5ende dag. Hon d\u00f6mdes sedermera f\u00f6r st\u00f6ld av kaffepaketet och hade vid tidpunkten f\u00f6r Arbetsdomstolens avg\u00f6rande \u00f6verklagat domen. Efter husrannsakan hade Polismyndigheten beslutat att tillf\u00e4lligt f\u00f6rs\u00e4tta polisinspekt\u00f6ren ur tj\u00e4nstg\u00f6ring med bibeh\u00e5llen l\u00f6n. Hon var arbetsbefriad med l\u00f6n under en arbetsvecka.<\/p>\n<p>Arbetsdomstolen konstaterade att inget i utredningen tydde p\u00e5 att Polismyndigheten hade inlett ett \u00e4rende om disciplinansvar enligt lagen om offentlig anst\u00e4llning (LOA). Polisinspekt\u00f6ren hade f\u00e5tt l\u00f6n. Det hade s\u00e5ledes inte varit fr\u00e5ga om l\u00f6neavdrag eller varning enligt LOA och n\u00e5gon skyldighet att betala allm\u00e4nt skadest\u00e5nd f\u00f6rel\u00e5g inte enligt den best\u00e4mmelsen.<\/p>\n<p>Vidare fann Arbetsdomstolen att det inte handlade om en otill\u00e5ten disciplinp\u00e5f\u00f6ljd enligt 62 \u00a7 MBL. Om en arbetstagare har gjort sig skyldig till en \u00e5tg\u00e4rd eller underl\u00e5tenhet som kan f\u00f6ranleda skadest\u00e5nd enligt MBL \u00e4r det enligt paragrafen otill\u00e5tet att \u00e5l\u00e4gga arbetstagaren annan p\u00e5f\u00f6ljd utan st\u00f6d i f\u00f6rfattning eller kollektivavtal. Arbetstagarsidan hade inte angett n\u00e5gon n\u00e4rmare \u00e5tg\u00e4rd eller underl\u00e5tenhet av polisinspekt\u00f6ren som hade kunnat f\u00f6ranleda skadest\u00e5nd f\u00f6r henne. Polismyndigheten hade s\u00e5ledes inte brutit mot 62 \u00a7 MBL. Inte heller ans\u00e5gs Polismyndighetens agerande ha st\u00e5tt i strid med god sed p\u00e5 arbetsmarknaden. Arbetstagarens talan avslogs s\u00e5ledes.<\/p>\n<p><strong>AD 2022 03<\/strong><\/p>\n<p>Fr\u00e5ga i m\u00e5let var om det f\u00f6relegat laga sk\u00e4l f\u00f6r avskedande av en polis och d\u00e4rvid \u00e4ven om Polismyndigheten agerat i strid med tv\u00e5m\u00e5nadersregeln i 18 \u00a7 LAS.<\/p>\n<p>Polisen hade genomg\u00e5tt en s\u00e4kerhetspr\u00f6vning f\u00f6re det att han anst\u00e4lldes \u00e5r 2015 i en s\u00e4kerhetsklassad anst\u00e4llning. V\u00e5ren 2019 s\u00e4kerhetspr\u00f6vades han p\u00e5 nytt d\u00e5 han s\u00f6kte anst\u00e4llning i en h\u00f6gre s\u00e4kerhetsklass. Den 2 maj 2019 beslutade s\u00e4kerhetsavdelningen hos Polismyndigheten att polisen inte l\u00e4ngre kunde vara placerad i s\u00e4kerhetsklassad anst\u00e4llning. Den 28 februari 2020 beslutade myndighetens ansvarsn\u00e4mnd att avskeda honom.<\/p>\n<p>I fr\u00e5ga om Polismyndigheten agerat i strid med tv\u00e5m\u00e5nadersregeln fann Arbetsdomstolen f\u00f6ljande omst\u00e4ndigheter utredda. Polismyndigheten hade underr\u00e4ttat om avsked den 6 maj 2019 varp\u00e5 en \u00f6verl\u00e4ggning f\u00f6ljde den 14 maj 2019. Ytterligare en underr\u00e4ttelse om avsked l\u00e4mnades i november 2019 f\u00f6re avskedet i februari 2020. F\u00f6rbundet gjorde g\u00e4llande att det r\u00f6rde sig om tv\u00e5 olika \u00e4renden om upps\u00e4gning.<\/p>\n<p>Arbetsdomstolen fann utrett att arbetstagarf\u00f6rbundet vid \u00f6verl\u00e4ggningen i maj 2019 hade beg\u00e4rt att f\u00e5 ta del av samtliga handlingar och uppgifter som l\u00e5g till grund f\u00f6r \u00e4rendet och att personalansvarsn\u00e4mnden skulle avvakta sin pr\u00f6vning till dess. Beg\u00e4ran beviljades och \u00e4rendet bordlades i avvaktan p\u00e5 dom i ett p\u00e5g\u00e5ende m\u00e5l i Arbetsdomstolen. Efter att dom i det m\u00e5let meddelats i augusti 2019 \u00f6verl\u00e4mnade Polismyndigheten en sammanst\u00e4llning av de faktiska omst\u00e4ndigheter som l\u00e5g till grund f\u00f6r s\u00e4kerhetsbeslutet. Arbetsdomstolen ans\u00e5g inte att det r\u00f6rde sig om tv\u00e5 olika \u00e4renden eller att Polismyndigheten hade avst\u00e5tt fr\u00e5n att fullf\u00f6lja det inledda f\u00f6rfarandet. Underr\u00e4ttelsen den 6 maj lades d\u00e4rmed till grund f\u00f6r pr\u00f6vningen av tv\u00e5m\u00e5nadersregeln. F\u00f6rbundet fick del av sammanst\u00e4llningen i november 2019. Eftersom materialet var omfattande och kr\u00e4vde sv\u00e5ra sekretesspr\u00f6vningar ifr\u00e5gasatte inte Arbetsdomstolen tidsutdr\u00e4kten. F\u00f6rbundet var klar med sin genomg\u00e5ng f\u00f6rst den 31 januari 2020. Mot den bakgrunden bed\u00f6mde Arbetsdomstolen att polisen inte hade sv\u00e4vat i ovisshet om huruvida anst\u00e4llningen skulle best\u00e5 p\u00e5 ett s\u00e5dant s\u00e4tt som stred mot tv\u00e5m\u00e5nadersregeln. De omst\u00e4ndigheter som l\u00e5g till grund f\u00f6r avskedet hade blivit k\u00e4nda f\u00f6r Polismyndigheten inom tv\u00e5m\u00e5nadersfristen.<\/p>\n<p>Grunderna f\u00f6r avskedet var att polisen, enligt Polismyndigheten, hade f\u00f6rtigit information och l\u00e4mnat oriktiga uppgifter om samr\u00f6re med kriminella personer vid de tv\u00e5 s\u00e4kerhetspr\u00f6vningarna \u00e5r 2015 och 2019. Vidare menade Polismyndigheten att han hade haft f\u00f6rtroendeskadligt samr\u00f6re med vissa personer under sin anst\u00e4llning.<\/p>\n<p>Arbetsdomstolen fann utrett att polisen m\u00e5ste ha f\u00f6rst\u00e5tt att han hade v\u00e4nner och bekanta samt kontakter med Bandidos som kunde vara av intresse vid s\u00e4kerhetspr\u00f6vningen. Enligt Arbetsdomstolen var det visat att han i s\u00e4kerhetsintervjun \u00e5r 2015 hade undanh\u00e5llit uppgifter om bl a h\u00e4ndelser och sina kontakter med kriminella samt f\u00f6rringat sin relation till Bandidos. \u00c4ven vid s\u00e4kerhetsintervju \u00e5r 2019 befanns polisen ha undanh\u00e5llit information av relevans f\u00f6r s\u00e4kerhetsskyddspr\u00f6vningen, bl a \u00e5terigen om sina kontakter med Bandidos och om vissa penningtransaktioner till en person med kopplingar till kriminella kretsar. Polismyndigheten hade enligt Arbetsdomstolen genom utredningen i m\u00e5let visat p\u00e5 s\u00e5dana faktiska omst\u00e4ndigheter h\u00e4nf\u00f6rliga till s\u00e4kerhetspr\u00f6vningsintervjuerna och s\u00e4kerhetssamtalen att det kunde antas att polisen inte var p\u00e5litlig fr\u00e5n s\u00e4kerhetssynpunkt. F\u00f6ljden hade blivit att han inte kunde ha s\u00e4kerhetsklassad anst\u00e4llning hos Polismyndigheten. Genom att medvetet ha l\u00e4mnat oriktiga och ofullst\u00e4ndiga uppgifter hade han allvarligt skadat arbetsgivarens f\u00f6rtroende f\u00f6r honom och agerandet innebar en uppenbar risk f\u00f6r att allm\u00e4nhetens f\u00f6rtroende f\u00f6r honom som polis och Polismyndigheten skulle p\u00e5verkas negativt. Laga sk\u00e4l f\u00f6r avsked f\u00f6rel\u00e5g s\u00e5ledes.<\/p>\n<p><strong>AD 2022 nr 4<\/strong><\/p>\n<p>Fr\u00e5gan i m\u00e5let g\u00e4llde partiell f\u00f6r\u00e4ldraledighet. Tre kriminalv\u00e5rdare som arbetade med transporter ans\u00f6kte om att f\u00e5 vara lediga under vissa perioder med fast start- och sluttid under tv\u00e5 eller tre dagar per vecka. Tv\u00e5 av kriminalv\u00e5rdarna beviljades ledigheten men omplacerades till arbete vid h\u00e4kte. Den tredje kriminalv\u00e5rdaren avb\u00f6jde erbjudande om omplacering och fick ingen f\u00f6r\u00e4ldraledighet alls. Fr\u00e5gor som var tvistiga mellan parterna var bl a om ledighetsf\u00f6rl\u00e4ggning enligt ans\u00f6kan skulle ha medf\u00f6rt en p\u00e5taglig st\u00f6rning f\u00f6r Kriminalv\u00e5rdens verksamhet och om omplaceringarna utgjorde missgynnanden enligt f\u00f6r\u00e4ldraledighetslagen.<\/p>\n<p>Med p\u00e5taglig st\u00f6rning avses omst\u00e4ndigheter som g\u00f6r att verksamheten, om ledigheten beviljas, kommer uts\u00e4ttas f\u00f6r stora p\u00e5frestningar. Arbetsplatsens storlek har betydelse och det \u00e4r arbetsgivaren som b\u00e4r bevisb\u00f6rdan f\u00f6r att arbetstagarens \u00f6nskem\u00e5l medf\u00f6r en p\u00e5taglig st\u00f6rning i verksamheten. Av f\u00f6r\u00e4ldraledighetslagen framg\u00e5r vidare att en arbetsgivare inte f\u00e5r missgynna en arbetstagare av sk\u00e4l som har samband med f\u00f6r\u00e4ldraledigheten, bl a n\u00e4r arbetsgivaren leder och f\u00f6rdelar arbetet. F\u00f6rbudet g\u00e4ller dock inte om olika villkor eller olika behandling \u00e4r en n\u00f6dv\u00e4ndig f\u00f6ljd av ledigheten. Enligt f\u00f6rarbetena utg\u00f6r ett missgynnande en n\u00f6dv\u00e4ndig f\u00f6ljd av ledigheten om en arbetstagares partiella ledighet om\u00f6jligg\u00f6r att arbetet organiseras \u00e4ndam\u00e5lsenligt.<\/p>\n<p>Arbetsdomstolen redogjorde f\u00f6r best\u00e4mmelserna och f\u00f6rarbetena till f\u00f6r\u00e4ldraledighetslagen och kom fram till f\u00f6ljande sammanfattande slutsats av regelverket. En arbetstagares ans\u00f6kan om delledighet ska, om n\u00e5gon \u00f6verenskommelse inte tr\u00e4ffas, som huvudregel beviljas med of\u00f6r\u00e4ndrade arbetsuppgifter. Om delledigheten med of\u00f6r\u00e4ndrade arbetsuppgifter skulle medf\u00f6ra p\u00e5taglig st\u00f6rning i verksamheten b\u00f6r arbetstagaren beredas omplacering till andra arbetsuppgifter med beg\u00e4rd delledighet, om det \u00e4r m\u00f6jligt utan att \u00e4ven omplaceringen med beg\u00e4rd delledighet medf\u00f6r p\u00e5taglig st\u00f6rning. Om arbetsgivaren i en s\u00e5dan situation omplacerar arbetstagaren och ger beg\u00e4rd delledighet, s\u00e5 inneb\u00e4r omplaceringen som utg\u00e5ngspunkt inte ett missgynnande i strid med f\u00f6r\u00e4ldraledighetslagen, eftersom det d\u00e5 \u00e4r en n\u00f6dv\u00e4ndig f\u00f6ljd av ledigheten.<\/p>\n<p>Arbetsdomstolen delade inte Kriminalv\u00e5rdens uppfattning om att arbetstagarnas fr\u00e5nvaro fr\u00e5n informationsm\u00f6ten skulle ha inneburit s\u00e5dana sv\u00e5righeter som kunde betecknas som en p\u00e5taglig st\u00f6rning.<\/p>\n<p>Arbetsgivaren gjorde \u00e4ven g\u00e4llande att den beg\u00e4rda ledigheten med of\u00f6r\u00e4ndrade arbetsuppgifter hade medf\u00f6rt en s\u00e5dan \u00f6kad tidsilla att det utgjorde en p\u00e5taglig st\u00f6rning. Av utredningen fann Arbetsdomstolen att transportverksamheten hade ett stort behov av flexibilitet och att endast prelimin\u00e4r planering f\u00f6r n\u00e4sta dag kunde g\u00f6ras. Ett s\u00e4rskilt arbetstidsavtal till\u00e4mpades, som bl a innebar att arbetstagarna tilldelades schablonarbetstider f\u00f6r varje arbetsdag som en utg\u00e5ngspunkt f\u00f6r tj\u00e4nstg\u00f6ringen, med en m\u00f6jlighet att \u00f6ka eller minska tj\u00e4nstg\u00f6ringstiden med sammanlagt tre timmar. Av parternas talan framgick enligt Arbetsdomstolen att de var ense om att arbetstagarnas ledighetsans\u00f6kningar med fast start- och sluttid innebar att de inte skulle ha den typ av flexibla arbetstider som kollektivavtalsparterna kommit \u00f6verens om, inte ens att deras arbetstid fick f\u00f6rkortas under dessa dagar.<\/p>\n<p>Enligt Arbetsdomstolen kunde man, av sammanst\u00e4llningar \u00f6ver transportuppdragen som arbetsgivaren \u00e5beropat, dra slutsatsen att en arbetstagare med fast start- och sluttid s\u00e5 gott som alltid hade kunnat utf\u00f6ra en transport p\u00e5 f\u00f6rmiddagen om 1\u20132,5 timmar och i b\u00e4sta fall \u00e4ven en kortare transport p\u00e5 eftermiddagen. Det fanns d\u00e4rmed sk\u00e4l att utg\u00e5 fr\u00e5n att arbetstagare med fast start- och sluttid enligt en av ans\u00f6kningarna hade kunnat tas i anspr\u00e5k f\u00f6r att utf\u00f6ra transporter som tog 2\u20133,5 timmar under en arbetsdag som omfattar 7,5 timmar inklusive m\u00e5ltidsuppeh\u00e5ll. D\u00e4rtill tillkom tid f\u00f6r att p\u00e5b\u00f6rja och avsluta arbetet, samt vissa andra arbetsuppgifter. Sammantaget fann dock Arbetsdomstolen att arbetstagarnas ans\u00f6kningar skulle ha medf\u00f6rt att Kriminalv\u00e5rden i avsev\u00e4rt l\u00e4gre grad skulle ha kunnat tillgodog\u00f6ra sig deras arbetskraft j\u00e4mf\u00f6rt med kollegor som arbetar med schablonarbetstid. Enligt Arbetsdomstolens mening skulle den beg\u00e4rda ledigheten d\u00e4rf\u00f6r ha medf\u00f6rt en p\u00e5taglig st\u00f6rning i arbetsgivarens verksamhet om arbetstagarna haft of\u00f6r\u00e4ndrade arbetsuppgifter. Omplaceringen till h\u00e4kten under f\u00f6r\u00e4ldraledigheten var d\u00e4rmed en n\u00f6dv\u00e4ndig f\u00f6ljd av ledigheten och utgjorde inte ett brott mot f\u00f6r\u00e4ldraledighetslagen.<\/p>\n<p>Den tredje arbetstagaren hade motsatt sig omplacering varvid hans f\u00f6r\u00e4ldraledighet inte blev av. Arbetstagarsidan gjorde g\u00e4llande att Kriminalv\u00e5rden, f\u00f6r det fall ledigheten innebar en p\u00e5taglig st\u00f6rning, skulle ha omplacerat honom. Enligt Arbetsdomstolen hade Kriminalv\u00e5rden fog f\u00f6r att uppfatta att ledighetsans\u00f6kan var villkorad av att han inte skulle omplaceras. Mot bakgrund av att den ans\u00f6kta ledigheten skulle ha inneburit en p\u00e5taglig st\u00f6rning i arbetsgivarens verksamhet kunde Kriminalv\u00e5rden inte ha ansetts brutit mot f\u00f6r\u00e4ldraledighetslagen n\u00e4r ans\u00f6kan inte bif\u00f6lls. Arbetstagarsidan f\u00f6rlorade s\u00e5ledes m\u00e5let i sin helhet.<\/p>\n<p><a href=\"http:\/\/www.arbetsdomstolen.se\/pages\/page.asp?lngID=4&amp;lngLangID=1&amp;Year=2022\" target=\"_blank\" rel=\"noopener noreferrer\">L\u00e4s mer om domarna p\u00e5 Arbetsdomstolens hemsida.<\/a>\n","protected":false},"excerpt":{"rendered":"<p>H\u00e4r publicerar vi snabba, korta kommentarer av de viktigaste domarna under veckan i Arbetsdomstolen. Hela domarna hittar du p\u00e5 Arbetsdomstolen hemsida via l\u00e4nken under kommentarer. AD 2022 nr 02 M\u00e5let g\u00e4llde fr\u00e5ga om Polismyndigheten vidtagit &hellip;<\/p>\n","protected":false},"author":163,"featured_media":0,"comment_status":"closed","ping_status":"closed","sticky":false,"template":"","format":"standard","meta":{"_acf_changed":false,"footnotes":""},"categories":[1],"tags":[],"article_type":[312],"agreement":[162,103,104,105,106,174,190,109,114,110,111,112,113,115,116,117,118,119,120,121,122,123,124,125,127,126,236,129,531,130,131,132,156,133,134,157,135,136,137,138,139,186,140,142,141,143,145,146,144,147,148,152,149,151,150,155,154,158,159,160,161,246,163,164,165,166,167,168,459,169,170,172,173,175,176,537,177,178,179,180,455,183,181,182,184,185,188,191,192,193,194,195,196,197,201,202,224,203,204,207,205,206,208,209,475,214,213,212,210,215,216,532,217,410,187,218,219,220,221,222,223,226,230,225,228,108,227,128,229,231,232,107,189,171,233,234,235,237,238,476,411,239,240,241,242,245,243,477,244],"class_list":["post-42790","post","type-post","status-publish","format-standard","hentry","category-okategoriserade","type-ad-domar","agreement-79ce80f7-ff07-de11-b4e1-02bf9e69ca65","agreement-5cce80f7-ff07-de11-b4e1-02bf9e69ca65","agreement-cacd80f7-ff07-de11-b4e1-02bf9e69ca65","agreement-cbcd80f7-ff07-de11-b4e1-02bf9e69ca65","agreement-8dce80f7-ff07-de11-b4e1-02bf9e69ca65","agreement-a1c8f241-0761-e011-a194-02bf9e69ca65","agreement-a6e84646-06ab-e611-8108-003dd8b71e47","agreement-9cce80f7-ff07-de11-b4e1-02bf9e69ca65","agreement-a8ce80f7-ff07-de11-b4e1-02bf9e69ca65","agreement-a2ce80f7-ff07-de11-b4e1-02bf9e69ca65","agreement-a1ce80f7-ff07-de11-b4e1-02bf9e69ca65","agreement-9dce80f7-ff07-de11-b4e1-02bf9e69ca65","agreement-a3ce80f7-ff07-de11-b4e1-02bf9e69ca65","agreement-9ece80f7-ff07-de11-b4e1-02bf9e69ca65","agreement-a4ce80f7-ff07-de11-b4e1-02bf9e69ca65","agreement-20c6e08e-fe12-de11-b4e1-02bf9e69ca65","agreement-a7ce80f7-ff07-de11-b4e1-02bf9e69ca65","agreement-a5ce80f7-ff07-de11-b4e1-02bf9e69ca65","agreement-a6ce80f7-ff07-de11-b4e1-02bf9e69ca65","agreement-a0ce80f7-ff07-de11-b4e1-02bf9e69ca65","agreement-9fce80f7-ff07-de11-b4e1-02bf9e69ca65","agreement-aace80f7-ff07-de11-b4e1-02bf9e69ca65","agreement-a9ce80f7-ff07-de11-b4e1-02bf9e69ca65","agreement-705d8229-a064-de11-bdb9-02bf9e69ca65","agreement-875fe194-42a2-e411-95d0-005056b20fd6","agreement-2767ab55-42a2-e411-95d0-005056b20fd6","agreement-b0ce80f7-ff07-de11-b4e1-02bf9e69ca65","agreement-80801b30-bf59-de11-bdb9-02bf9e69ca65","agreement-a35d46a4-d045-e711-8108-003dd8b71e49","agreement-4ace80f7-ff07-de11-b4e1-02bf9e69ca65","agreement-5bd980a8-f612-de11-b4e1-02bf9e69ca65","agreement-12ce80f7-ff07-de11-b4e1-02bf9e69ca65","agreement-19ce80f7-ff07-de11-b4e1-02bf9e69ca65","agreement-91c18dfe-fd12-de11-b4e1-02bf9e69ca65","agreement-58ce80f7-ff07-de11-b4e1-02bf9e69ca65","agreement-dbc1f569-b5f1-e511-b8fc-005056b20fd8","agreement-a0dd9b4d-7a56-de11-bdb9-02bf9e69ca65","agreement-81ce80f7-ff07-de11-b4e1-02bf9e69ca65","agreement-bccd80f7-ff07-de11-b4e1-02bf9e69ca65","agreement-4bce80f7-ff07-de11-b4e1-02bf9e69ca65","agreement-22ce80f7-ff07-de11-b4e1-02bf9e69ca65","agreement-45ce80f7-ff07-de11-b4e1-02bf9e69ca65","agreement-6fce80f7-ff07-de11-b4e1-02bf9e69ca65","agreement-72ce80f7-ff07-de11-b4e1-02bf9e69ca65","agreement-6ece80f7-ff07-de11-b4e1-02bf9e69ca65","agreement-71ce80f7-ff07-de11-b4e1-02bf9e69ca65","agreement-74ce80f7-ff07-de11-b4e1-02bf9e69ca65","agreement-47ce80f7-ff07-de11-b4e1-02bf9e69ca65","agreement-70ce80f7-ff07-de11-b4e1-02bf9e69ca65","agreement-21ce80f7-ff07-de11-b4e1-02bf9e69ca65","agreement-4843d367-7a56-de11-bdb9-02bf9e69ca65","agreement-64ce80f7-ff07-de11-b4e1-02bf9e69ca65","agreement-62ce80f7-ff07-de11-b4e1-02bf9e69ca65","agreement-61ce80f7-ff07-de11-b4e1-02bf9e69ca65","agreement-63ce80f7-ff07-de11-b4e1-02bf9e69ca65","agreement-31055653-edd3-e511-afc2-005056b20fd8","agreement-48ce80f7-ff07-de11-b4e1-02bf9e69ca65","agreement-c1cd80f7-ff07-de11-b4e1-02bf9e69ca65","agreement-c4cd80f7-ff07-de11-b4e1-02bf9e69ca65","agreement-1cce80f7-ff07-de11-b4e1-02bf9e69ca65","agreement-5dce80f7-ff07-de11-b4e1-02bf9e69ca65","agreement-d7532451-e4a4-e711-810e-003dd8b71e49","agreement-4ece80f7-ff07-de11-b4e1-02bf9e69ca65","agreement-84ce80f7-ff07-de11-b4e1-02bf9e69ca65","agreement-10cec22e-2f50-de11-bdb9-02bf9e69ca65","agreement-57ce80f7-ff07-de11-b4e1-02bf9e69ca65","agreement-6bce80f7-ff07-de11-b4e1-02bf9e69ca65","agreement-24ce80f7-ff07-de11-b4e1-02bf9e69ca65","agreement-9de9353e-79fc-e811-811f-003dd8b71e49","agreement-9ace80f7-ff07-de11-b4e1-02bf9e69ca65","agreement-ff73fbfd-74c6-e111-9e82-005056b20fd8","agreement-68ce80f7-ff07-de11-b4e1-02bf9e69ca65","agreement-8b353f92-eae2-e111-b718-005056b20fd6","agreement-65ce80f7-ff07-de11-b4e1-02bf9e69ca65","agreement-80ce80f7-ff07-de11-b4e1-02bf9e69ca65","agreement-kompetens","agreement-52ce80f7-ff07-de11-b4e1-02bf9e69ca65","agreement-1dce80f7-ff07-de11-b4e1-02bf9e69ca65","agreement-8bce80f7-ff07-de11-b4e1-02bf9e69ca65","agreement-8cce80f7-ff07-de11-b4e1-02bf9e69ca65","agreement-b16e46a5-f2eb-e811-811e-003dd8b71e49","agreement-5ece80f7-ff07-de11-b4e1-02bf9e69ca65","agreement-20ce80f7-ff07-de11-b4e1-02bf9e69ca65","agreement-50febb79-7a56-de11-bdb9-02bf9e69ca65","agreement-5fce80f7-ff07-de11-b4e1-02bf9e69ca65","agreement-7dce80f7-ff07-de11-b4e1-02bf9e69ca65","agreement-4bb0699c-fd12-de11-b4e1-02bf9e69ca65","agreement-c5cd80f7-ff07-de11-b4e1-02bf9e69ca65","agreement-d95c3e3a-0da2-de11-b057-02bf9e69ca65","agreement-2b2479db-06a2-de11-b057-02bf9e69ca65","agreement-89175bca-06a2-de11-b057-02bf9e69ca65","agreement-5ace80f7-ff07-de11-b4e1-02bf9e69ca65","agreement-55ce80f7-ff07-de11-b4e1-02bf9e69ca65","agreement-4dce80f7-ff07-de11-b4e1-02bf9e69ca65","agreement-86ce80f7-ff07-de11-b4e1-02bf9e69ca65","agreement-85ce80f7-ff07-de11-b4e1-02bf9e69ca65","agreement-88ce80f7-ff07-de11-b4e1-02bf9e69ca65","agreement-5bce80f7-ff07-de11-b4e1-02bf9e69ca65","agreement-9477b1e1-28ad-e011-8875-005056b20278","agreement-43ce80f7-ff07-de11-b4e1-02bf9e69ca65","agreement-44ce80f7-ff07-de11-b4e1-02bf9e69ca65","agreement-9277b1e1-28ad-e011-8875-005056b20278","agreement-87ce80f7-ff07-de11-b4e1-02bf9e69ca65","agreement-7ace80f7-ff07-de11-b4e1-02bf9e69ca65","agreement-f3ee7667-590c-ea11-8160-003dd8b71d64","agreement-46ce80f7-ff07-de11-b4e1-02bf9e69ca65","agreement-cccd80f7-ff07-de11-b4e1-02bf9e69ca65","agreement-18ce80f7-ff07-de11-b4e1-02bf9e69ca65","agreement-7bce80f7-ff07-de11-b4e1-02bf9e69ca65","agreement-7ece80f7-ff07-de11-b4e1-02bf9e69ca65","agreement-83ce80f7-ff07-de11-b4e1-02bf9e69ca65","agreement-912420e1-4718-e711-810c-003dd8b71e47","agreement-bbcd80f7-ff07-de11-b4e1-02bf9e69ca65","agreement-becd80f7-ff07-de11-b4e1-02bf9e69ca65","agreement-42ce80f7-ff07-de11-b4e1-02bf9e69ca65","agreement-99ce80f7-ff07-de11-b4e1-02bf9e69ca65","agreement-49ce80f7-ff07-de11-b4e1-02bf9e69ca65","agreement-284e69e0-7a56-de11-bdb9-02bf9e69ca65","agreement-587f7203-7b56-de11-bdb9-02bf9e69ca65","agreement-26ce80f7-ff07-de11-b4e1-02bf9e69ca65","agreement-68c1af9f-6b56-de11-bdb9-02bf9e69ca65","agreement-29ce80f7-ff07-de11-b4e1-02bf9e69ca65","agreement-1fce80f7-ff07-de11-b4e1-02bf9e69ca65","agreement-25ce80f7-ff07-de11-b4e1-02bf9e69ca65","agreement-1ece80f7-ff07-de11-b4e1-02bf9e69ca65","agreement-acce80f7-ff07-de11-b4e1-02bf9e69ca65","agreement-59ce80f7-ff07-de11-b4e1-02bf9e69ca65","agreement-abce80f7-ff07-de11-b4e1-02bf9e69ca65","agreement-53ce80f7-ff07-de11-b4e1-02bf9e69ca65","agreement-6ace80f7-ff07-de11-b4e1-02bf9e69ca65","agreement-69ce80f7-ff07-de11-b4e1-02bf9e69ca65","agreement-4cce80f7-ff07-de11-b4e1-02bf9e69ca65","agreement-4fce80f7-ff07-de11-b4e1-02bf9e69ca65","agreement-23ce80f7-ff07-de11-b4e1-02bf9e69ca65","agreement-7cce80f7-ff07-de11-b4e1-02bf9e69ca65","agreement-8ace80f7-ff07-de11-b4e1-02bf9e69ca65","agreement-67ce80f7-ff07-de11-b4e1-02bf9e69ca65","agreement-60ce80f7-ff07-de11-b4e1-02bf9e69ca65","agreement-bfcd80f7-ff07-de11-b4e1-02bf9e69ca65","agreement-c1aa62bf-6a50-e911-812e-003dd8b71e47","agreement-a438d278-7ccb-e711-810f-003dd8b71e49","agreement-c0cd80f7-ff07-de11-b4e1-02bf9e69ca65","agreement-adce80f7-ff07-de11-b4e1-02bf9e69ca65","agreement-66ce80f7-ff07-de11-b4e1-02bf9e69ca65","agreement-78ce80f7-ff07-de11-b4e1-02bf9e69ca65","agreement-d8372015-3f44-e211-be83-005056b20fd8","agreement-1ac6e1f5-3f44-e211-be83-005056b20fd8","agreement-0c9dcc75-6a50-e911-812e-003dd8b71e47","agreement-70ee1081-3f44-e211-be83-005056b20fd8"],"acf":[],"yoast_head":"<!-- This site is optimized with the Yoast SEO Premium plugin v26.8 (Yoast SEO v26.8) - https:\/\/yoast.com\/product\/yoast-seo-premium-wordpress\/ -->\n<title>Nya AD-domar | Almega<\/title>\n<meta name=\"robots\" content=\"index, follow, max-snippet:-1, max-image-preview:large, max-video-preview:-1\" \/>\n<link rel=\"canonical\" href=\"https:\/\/www.almega.se\/2022\/01\/nya-ad-domar-16\/\" \/>\n<meta property=\"og:locale\" content=\"sv_SE\" \/>\n<meta property=\"og:type\" content=\"article\" \/>\n<meta property=\"og:title\" content=\"Nya AD-domar\" \/>\n<meta property=\"og:description\" content=\"H\u00e4r publicerar vi snabba, korta kommentarer av de viktigaste domarna under veckan i Arbetsdomstolen. Hela domarna hittar du p\u00e5 Arbetsdomstolen hemsida via l\u00e4nken under kommentarer. AD 2022 nr 02 M\u00e5let g\u00e4llde fr\u00e5ga om Polismyndigheten vidtagit &hellip;\" \/>\n<meta property=\"og:url\" content=\"https:\/\/www.almega.se\/2022\/01\/nya-ad-domar-16\/\" \/>\n<meta property=\"og:site_name\" content=\"Almega\" \/>\n<meta property=\"article:published_time\" content=\"2022-01-21T12:51:09+00:00\" \/>\n<meta property=\"article:modified_time\" content=\"2022-08-30T13:21:16+00:00\" \/>\n<meta property=\"og:image\" content=\"https:\/\/www.almega.se\/app\/uploads\/2020\/12\/almega-share-logo.png\" \/>\n\t<meta property=\"og:image:width\" content=\"1200\" \/>\n\t<meta property=\"og:image:height\" content=\"630\" \/>\n\t<meta property=\"og:image:type\" content=\"image\/png\" \/>\n<meta name=\"author\" content=\"Lena Ragell\" \/>\n<meta name=\"twitter:card\" content=\"summary_large_image\" \/>\n<meta name=\"twitter:label1\" content=\"Skriven av\" \/>\n\t<meta name=\"twitter:data1\" content=\"Lena Ragell\" \/>\n\t<meta name=\"twitter:label2\" content=\"Ber\u00e4knad l\u00e4stid\" \/>\n\t<meta name=\"twitter:data2\" content=\"7 minuter\" \/>\n<!-- \/ Yoast SEO Premium plugin. -->","yoast_head_json":{"title":"Nya AD-domar | Almega","robots":{"index":"index","follow":"follow","max-snippet":"max-snippet:-1","max-image-preview":"max-image-preview:large","max-video-preview":"max-video-preview:-1"},"canonical":"https:\/\/www.almega.se\/2022\/01\/nya-ad-domar-16\/","og_locale":"sv_SE","og_type":"article","og_title":"Nya AD-domar","og_description":"H\u00e4r publicerar vi snabba, korta kommentarer av de viktigaste domarna under veckan i Arbetsdomstolen. Hela domarna hittar du p\u00e5 Arbetsdomstolen hemsida via l\u00e4nken under kommentarer. AD 2022 nr 02 M\u00e5let g\u00e4llde fr\u00e5ga om Polismyndigheten vidtagit &hellip;","og_url":"https:\/\/www.almega.se\/2022\/01\/nya-ad-domar-16\/","og_site_name":"Almega","article_published_time":"2022-01-21T12:51:09+00:00","article_modified_time":"2022-08-30T13:21:16+00:00","og_image":[{"width":1200,"height":630,"url":"https:\/\/www.almega.se\/app\/uploads\/2020\/12\/almega-share-logo.png","type":"image\/png"}],"author":"Lena Ragell","twitter_card":"summary_large_image","twitter_misc":{"Skriven av":"Lena Ragell","Ber\u00e4knad l\u00e4stid":"7 minuter"},"schema":{"@context":"https:\/\/schema.org","@graph":[{"@type":"NewsArticle","@id":"https:\/\/www.almega.se\/2022\/01\/nya-ad-domar-16\/#article","isPartOf":{"@id":"https:\/\/www.almega.se\/2022\/01\/nya-ad-domar-16\/"},"author":{"name":"Lena Ragell","@id":"https:\/\/www.almega.se\/#\/schema\/person\/365a6d59b66a5989673b48ba4e584163"},"headline":"Nya AD-domar","datePublished":"2022-01-21T12:51:09+00:00","dateModified":"2022-08-30T13:21:16+00:00","mainEntityOfPage":{"@id":"https:\/\/www.almega.se\/2022\/01\/nya-ad-domar-16\/"},"wordCount":1858,"inLanguage":"sv-SE"},{"@type":"WebPage","@id":"https:\/\/www.almega.se\/2022\/01\/nya-ad-domar-16\/","url":"https:\/\/www.almega.se\/2022\/01\/nya-ad-domar-16\/","name":"Nya AD-domar | Almega","isPartOf":{"@id":"https:\/\/www.almega.se\/#website"},"datePublished":"2022-01-21T12:51:09+00:00","dateModified":"2022-08-30T13:21:16+00:00","author":{"@id":"https:\/\/www.almega.se\/#\/schema\/person\/365a6d59b66a5989673b48ba4e584163"},"breadcrumb":{"@id":"https:\/\/www.almega.se\/2022\/01\/nya-ad-domar-16\/#breadcrumb"},"inLanguage":"sv-SE","potentialAction":[{"@type":"ReadAction","target":["https:\/\/www.almega.se\/2022\/01\/nya-ad-domar-16\/"]}]},{"@type":"BreadcrumbList","@id":"https:\/\/www.almega.se\/2022\/01\/nya-ad-domar-16\/#breadcrumb","itemListElement":[{"@type":"ListItem","position":1,"name":"Home","item":"https:\/\/www.almega.se\/"},{"@type":"ListItem","position":2,"name":"Nya AD-domar"}]},{"@type":"WebSite","@id":"https:\/\/www.almega.se\/#website","url":"https:\/\/www.almega.se\/","name":"Almega","description":"","potentialAction":[{"@type":"SearchAction","target":{"@type":"EntryPoint","urlTemplate":"https:\/\/www.almega.se\/?s={search_term_string}"},"query-input":{"@type":"PropertyValueSpecification","valueRequired":true,"valueName":"search_term_string"}}],"inLanguage":"sv-SE"},{"@type":"Person","@id":"https:\/\/www.almega.se\/#\/schema\/person\/365a6d59b66a5989673b48ba4e584163","name":"Lena Ragell","image":{"@type":"ImageObject","inLanguage":"sv-SE","@id":"https:\/\/www.almega.se\/#\/schema\/person\/image\/","url":"https:\/\/secure.gravatar.com\/avatar\/b08c10feead92fb4e24d6ce4a27fbce858bbeffdd343fbc8639cad850f2f7026?s=96&d=mm&r=g","contentUrl":"https:\/\/secure.gravatar.com\/avatar\/b08c10feead92fb4e24d6ce4a27fbce858bbeffdd343fbc8639cad850f2f7026?s=96&d=mm&r=g","caption":"Lena Ragell"},"description":"Lena arbetar som administrat\u00f6r p\u00e5 enheten Arbetsgivarservice.","url":"https:\/\/www.almega.se\/person\/lenaragell\/"}]}},"_links":{"self":[{"href":"https:\/\/www.almega.se\/api\/wp\/v2\/posts\/42790","targetHints":{"allow":["GET"]}}],"collection":[{"href":"https:\/\/www.almega.se\/api\/wp\/v2\/posts"}],"about":[{"href":"https:\/\/www.almega.se\/api\/wp\/v2\/types\/post"}],"author":[{"embeddable":true,"href":"https:\/\/www.almega.se\/api\/wp\/v2\/users\/163"}],"replies":[{"embeddable":true,"href":"https:\/\/www.almega.se\/api\/wp\/v2\/comments?post=42790"}],"version-history":[{"count":0,"href":"https:\/\/www.almega.se\/api\/wp\/v2\/posts\/42790\/revisions"}],"wp:attachment":[{"href":"https:\/\/www.almega.se\/api\/wp\/v2\/media?parent=42790"}],"wp:term":[{"taxonomy":"category","embeddable":true,"href":"https:\/\/www.almega.se\/api\/wp\/v2\/categories?post=42790"},{"taxonomy":"post_tag","embeddable":true,"href":"https:\/\/www.almega.se\/api\/wp\/v2\/tags?post=42790"},{"taxonomy":"type","embeddable":true,"href":"https:\/\/www.almega.se\/api\/wp\/v2\/article_type?post=42790"},{"taxonomy":"agreement","embeddable":true,"href":"https:\/\/www.almega.se\/api\/wp\/v2\/agreement?post=42790"}],"curies":[{"name":"wp","href":"https:\/\/api.w.org\/{rel}","templated":true}]}}