{"id":42593,"date":"2022-02-16T09:31:41","date_gmt":"2022-02-16T08:31:41","guid":{"rendered":"https:\/\/www.almega.se\/?p=42593"},"modified":"2023-01-11T12:35:18","modified_gmt":"2023-01-11T11:35:18","slug":"nu-startar-resan-mot-framtidens-arbetsliv","status":"publish","type":"post","link":"https:\/\/www.almega.se\/2022\/02\/nu-startar-resan-mot-framtidens-arbetsliv\/","title":{"rendered":"&#8221;Nu startar resan mot framtidens arbetsliv&#8221;"},"content":{"rendered":"<p class=\"intro\">M\u00e5nga av de restriktioner och begr\u00e4nsningar som varit kopplade till pandemin \u00e4r nu borta. Efter tv\u00e5 \u00e5r k\u00e4nns det n\u00e4stan overkligt, men det tycks \u00e4ntligen vara dags att \u00e5terg\u00e5 till det normala. Men vad \u00e4r det normala? Det resonerar Almegas vd Ann \u00d6berg kring, i sin kr\u00f6nika.<\/p>\n\n<p>Att 2020 och 2021 blir en parentes f\u00e5r vi verkligen hoppas, men samtidigt har de tv\u00e5 \u00e5ren haft en enorm inverkan, inte minst p\u00e5 arbetslivet. N\u00e4r samh\u00e4llet nu \u00f6ppnar upp \u00e4r det dags att forma framtidens arbetsliv. Utmaningarna finns d\u00e4r \u2013 men m\u00f6jligheterna \u00e4r desto fler.<\/p>\n\n\n\n<p><strong>K\u00e4rnan i framtidens arbetsliv<\/strong> ligger i ett \u00f6kat fokus p\u00e5 flexibilitet och resultat. Det \u00e4r vad vi g\u00f6r som r\u00e4knas \u2013 inte var, hur eller ibland ens n\u00e4r arbetet utf\u00f6rs. Detta l\u00e5ter kanske sj\u00e4lvklart, men det kr\u00e4vdes \u00e4nd\u00e5 en kompromissl\u00f6s kris f\u00f6r att utmana r\u00e5dande arbetss\u00e4tt. I takt med att insikter och erfarenheter sjunker in, desto mer kommer ocks\u00e5 arbetslivet att p\u00e5verkas. N\u00e4r f\u00f6rh\u00e5llandet mellan arbetsgivare och anst\u00e4lld f\u00f6r\u00e4ndras, m\u00e5ste inte bara f\u00f6retagens modeller f\u00f6r m\u00e5l- och resultatstyrning ses \u00f6ver. \u00c4ven regelverken r\u00f6rande arbetsmilj\u00f6, f\u00f6rs\u00e4kringar och skatter kommer beh\u00f6va uppdateras utifr\u00e5n f\u00f6r\u00e4ndrade f\u00f6ruts\u00e4ttningar.<\/p>\n\n\n\n<p>Framtidens arbetsliv inneb\u00e4r b\u00e5de utmaningar och m\u00f6jligheter, inte minst f\u00f6r arbetsgivarna. \u00c4ven om f\u00f6r\u00e4ndringarna kanske \u00e4r mindre p\u00e5tagliga inom vissa yrken, exempelvis v\u00e5rdpersonal, l\u00e4rare, v\u00e4ktare och lokf\u00f6rare, s\u00e5 finns det uppskattningsvis n\u00e4rmare 2,5 miljoner kontorsarbetare i Sverige. Av en f\u00e4rsk unders\u00f6kning fr\u00e5n Svenskt N\u00e4ringsliv framg\u00e5r att tv\u00e5 av fem tj\u00e4nstef\u00f6retag tror att fler medarbetare kommer att vilja arbeta hemifr\u00e5n p\u00e5 l\u00e4ngre sikt.<\/p>\n\n\n\n<p><strong>De senaste \u00e5rens upp-och-nedv\u00e4nda arbetssituation<\/strong> har f\u00e5tt allt fler att ifr\u00e5gas\u00e4tta vad som \u00e4r ett attraktivt arbetsliv. Parametrar som flexibilitet och sj\u00e4lvledarskap v\u00e4ger allt tyngre. Givetvis \u00e4r det alltj\u00e4mt arbetsgivaren som leder och f\u00f6rdelar arbetet, men f\u00f6rm\u00e5gan att anpassa sig till ett mer flexibelt arbetsliv kan f\u00e5 en avg\u00f6rande roll i konkurrensen om den mest kvalificerade arbetskraften. Redan i dag \u00e4r kompetensbristen ett av de st\u00f6rsta hindren f\u00f6r fortsatt tillv\u00e4xt inom tj\u00e4nstesektorn, och f\u00f6rm\u00e5gan att t\u00e4nka nytt kan bli nyckeln till framg\u00e5ng.<\/p>\n\n\n\n<p>Det \u00e4r \u00e4ven viktigt att se de individuella aspekterna av ett flexibelt arbetsliv. En del medarbetare trivs och presterar b\u00e4ttre ju h\u00f6gre frihetsgraderna \u00e4r, medan andra f\u00f6redrar den tydliga uppdelning mellan kontorstid och fritid som r\u00e5dde pre-corona. Dessutom, om synen p\u00e5 distansarbete skiljer sig \u00e5t kollegor emellan, finns en \u00f6kad friktionsrisk. I takt med att hemmet blir alltmer en arbetsplats, m\u00e5ste \u00e4ven ledarskapet utvecklas f\u00f6r att st\u00f6tta medarbetarna och bidra med s\u00e5 tydliga gr\u00e4nsdragningar som m\u00f6jligt.<\/p>\n\n\n\n<p><strong>Med ett flexibelt arbetsliv kommer<\/strong> ocks\u00e5 en h\u00f6gre grad av sj\u00e4lvledarskap. Det personliga ansvaret \u00f6kar, men samtidigt ges st\u00f6rre m\u00f6jligheter att p\u00e5verka arbetets former. Detta uppskattas av m\u00e5nga, inte minst de som k\u00e4mpar med att f\u00e5 ihop vardagspusslet. Dessutom, mindre stress leder till \u00f6kat v\u00e4lm\u00e5ende, vilket i sin tur p\u00e5verkar hur man presterar i arbetet. V\u00e4l genomf\u00f6rt har alla mycket att vinna p\u00e5 en \u00f6kad flexibilitet.<\/p>\n\n\n\n<p>Det \u00e4r ocks\u00e5 viktigt att vara observant p\u00e5 hur medarbetarna tar sig an sj\u00e4lvledarskapet. Ju mer s\u00e4llan vi ses, desto mer riskerar informell kommunikation att g\u00e5 f\u00f6rlorad. Ett s\u00e4tt att hantera detta \u00e4r att bli \u00e4nnu mer tydlig och regelbunden i sin kommunikation och avs\u00e4tta tid f\u00f6r dialog kring arbetssituationen.<\/p>\n\n\n\n<p><strong>I takt med att nya utmaningar uppst\u00e5r<\/strong>, m\u00e5ste det ocks\u00e5 utvecklas nya metoder f\u00f6r att motivera, inspirera och st\u00f6tta medarbetarna. \u00c4n s\u00e5 l\u00e4nge har m\u00e5nga bara p\u00e5b\u00f6rjat resan mot ett mer lyh\u00f6rt ledarskap. Men inl\u00e4rningskurvan \u00e4r brant.<\/p>\n\n\n\n<p>Framtidens arbetsliv inneb\u00e4r ocks\u00e5 andra f\u00f6rv\u00e4ntningar p\u00e5 hur framtidens arbetsplatser ska utformas. Den tid och anstr\u00e4ngning som kr\u00e4vs f\u00f6r att ta sig till jobbet m\u00e5ste vara motiverad. Av distansarbetet har vi l\u00e4rt oss \u00e4r att startstr\u00e4ckan till att b\u00f6rja jobba \u00e4r extremt kort. Som arbetsgivare r\u00e4cker det inte l\u00e4ngre att bara erbjuda en arbetsstation, arbetsplatsen m\u00e5ste ocks\u00e5 bidra med andra v\u00e4rden.<\/p>\n\n\n\n<p>F\u00f6r vissa kan inspirerande milj\u00f6er, utformade f\u00f6r samarbete och kreativa m\u00f6ten, h\u00f6ja prestationsf\u00f6rm\u00e5gan. F\u00f6r andra sker detta kanske fr\u00e4mst i lugnare frizoner, speciellt med tanke p\u00e5 att l\u00e5ngt ifr\u00e5n alla har det perfekta hemmakontoret. I slut\u00e4nden ligger det i arbetsgivarens intresse att skapa s\u00e5 bra f\u00f6ruts\u00e4ttningar f\u00f6r medarbetarna som m\u00f6jligt.<\/p>\n\n\n\n<p><strong>Enligt Almegas arbetsmilj\u00f6experter finns det f\u00f6retag<\/strong> som \u00e4nnu inte hittat sin v\u00e4g mot framtidens arbetsliv. Det handlar fr\u00e4mst om s\u00e5dana f\u00f6retag som tidigare haft v\u00e4ldigt tydliga riktlinjer f\u00f6r kontorsarbetet och d\u00e4r arbetslivets omdaning nu v\u00e4cker m\u00e5nga fr\u00e5gor. Men f\u00f6r en majoritet av tj\u00e4nstef\u00f6retagen inneb\u00e4r omst\u00e4llningen inga st\u00f6rre problem. M\u00e5nga befinner sig redan i framkant vad g\u00e4ller arbetslivets utformning. Dessutom finns det hos m\u00e5nga en f\u00f6retagskultur som fr\u00e4mjar f\u00f6r\u00e4ndringar.<\/p>\n\n\n\n<p>Oavsett vilken v\u00e4g man v\u00e4ljer s\u00e5 leder den ofr\u00e5nkomligen till framtidens arbetsliv. Det viktiga under resans g\u00e5ng \u00e4r att se utmaningarna inte som hinder utan som m\u00f6jligheter.<\/p>\n\n\n\n      \n          \n        <p>\n           <span class=\"text-1\">L\u00e4s alla Ann \u00d6bergs kr\u00f6nikor<\/span>            <span class=\"text-2 has-black-color\">om tj\u00e4nstesektorns betydelse<\/span>          <\/p>\n        \n              \n\n      \n              \n                                              \n              <a href=\"https:\/\/www.almega.se\/almegas-vd-har-ordet\"  class=\"Cta__button\">\n                \n                  \n                    Almegas vd har ordet\n                  \n                  \n                                          <span class=\"Button__line\"><\/span>\n                                        <svg class='icon icon--arrow-tip'  width=\"11\" height=\"16\" viewBox=\"0 0 11 16\" fill=\"none\" xmlns=\"http:\/\/www.w3.org\/2000\/svg\">\n<path d=\"M0.858398 15L9.2304 7.99664L0.967732 1.00001\" stroke=\"black\" stroke-width=\"2\" stroke-miterlimit=\"10\"\/>\n<\/svg>\n\n                    \n                \n              <\/a>\n                              \n            \n  \n\n","protected":false},"excerpt":{"rendered":"<p>Att 2020 och 2021 blir en parentes f\u00e5r vi verkligen hoppas, men samtidigt har de tv\u00e5 \u00e5ren haft en enorm inverkan, inte minst p\u00e5 arbetslivet. N\u00e4r samh\u00e4llet nu \u00f6ppnar upp \u00e4r det dags att forma &hellip;<\/p>\n","protected":false},"author":7594,"featured_media":42594,"comment_status":"closed","ping_status":"closed","sticky":false,"template":"","format":"standard","meta":{"_acf_changed":false,"footnotes":""},"categories":[451,581],"tags":[486,527],"article_type":[55,557],"agreement":[],"class_list":["post-42593","post","type-post","status-publish","format-standard","has-post-thumbnail","hentry","category-arbetsgivarfragor","category-tjanstesektorns-betydelse","tag-covid-19","tag-framtidens-arbetsliv","type-artiklar","type-vd-svarar"],"acf":[],"yoast_head":"<!-- This site is optimized with the Yoast SEO Premium plugin v26.8 (Yoast SEO v26.8) - https:\/\/yoast.com\/product\/yoast-seo-premium-wordpress\/ -->\n<title>Ann \u00d6berg: &quot;Nu startar resan mot framtidens arbetsliv&quot;<\/title>\n<meta name=\"description\" content=\"Efter tv\u00e5 \u00e5rs pandemi tycks det \u00e4ntligen vara dags att \u00e5terg\u00e5 till det normala. S\u00e5 h\u00e4r resonerar Almegas vd kring framtidens arbetsliv.\" \/>\n<meta name=\"robots\" content=\"index, follow, max-snippet:-1, max-image-preview:large, max-video-preview:-1\" \/>\n<link rel=\"canonical\" href=\"https:\/\/www.almega.se\/2022\/02\/nu-startar-resan-mot-framtidens-arbetsliv\/\" \/>\n<meta property=\"og:locale\" content=\"sv_SE\" \/>\n<meta property=\"og:type\" content=\"article\" \/>\n<meta property=\"og:title\" content=\"&quot;Nu startar resan mot framtidens arbetsliv&quot;\" \/>\n<meta property=\"og:description\" content=\"Efter tv\u00e5 \u00e5rs pandemi tycks det \u00e4ntligen vara dags att \u00e5terg\u00e5 till det normala. S\u00e5 h\u00e4r resonerar Almegas vd kring framtidens arbetsliv.\" \/>\n<meta property=\"og:url\" content=\"https:\/\/www.almega.se\/2022\/02\/nu-startar-resan-mot-framtidens-arbetsliv\/\" \/>\n<meta property=\"og:site_name\" content=\"Almega\" \/>\n<meta property=\"article:published_time\" content=\"2022-02-16T08:31:41+00:00\" \/>\n<meta property=\"article:modified_time\" content=\"2023-01-11T11:35:18+00:00\" \/>\n<meta property=\"og:image\" content=\"https:\/\/www.almega.se\/app\/uploads\/2022\/02\/kronika_ann-oberg_almega_framtidens-arbetsliv.png\" \/>\n\t<meta property=\"og:image:width\" content=\"1000\" \/>\n\t<meta property=\"og:image:height\" content=\"600\" \/>\n\t<meta property=\"og:image:type\" content=\"image\/png\" \/>\n<meta name=\"author\" content=\"Moa Thorsell\" \/>\n<meta name=\"twitter:card\" content=\"summary_large_image\" \/>\n<meta name=\"twitter:label1\" content=\"Skriven av\" \/>\n\t<meta name=\"twitter:data1\" content=\"Moa Thorsell\" \/>\n\t<meta name=\"twitter:label2\" content=\"Ber\u00e4knad l\u00e4stid\" \/>\n\t<meta name=\"twitter:data2\" content=\"4 minuter\" \/>\n<!-- \/ Yoast SEO Premium plugin. -->","yoast_head_json":{"title":"Ann \u00d6berg: \"Nu startar resan mot framtidens arbetsliv\"","description":"Efter tv\u00e5 \u00e5rs pandemi tycks det \u00e4ntligen vara dags att \u00e5terg\u00e5 till det normala. S\u00e5 h\u00e4r resonerar Almegas vd kring framtidens arbetsliv.","robots":{"index":"index","follow":"follow","max-snippet":"max-snippet:-1","max-image-preview":"max-image-preview:large","max-video-preview":"max-video-preview:-1"},"canonical":"https:\/\/www.almega.se\/2022\/02\/nu-startar-resan-mot-framtidens-arbetsliv\/","og_locale":"sv_SE","og_type":"article","og_title":"\"Nu startar resan mot framtidens arbetsliv\"","og_description":"Efter tv\u00e5 \u00e5rs pandemi tycks det \u00e4ntligen vara dags att \u00e5terg\u00e5 till det normala. S\u00e5 h\u00e4r resonerar Almegas vd kring framtidens arbetsliv.","og_url":"https:\/\/www.almega.se\/2022\/02\/nu-startar-resan-mot-framtidens-arbetsliv\/","og_site_name":"Almega","article_published_time":"2022-02-16T08:31:41+00:00","article_modified_time":"2023-01-11T11:35:18+00:00","og_image":[{"width":1000,"height":600,"url":"https:\/\/www.almega.se\/app\/uploads\/2022\/02\/kronika_ann-oberg_almega_framtidens-arbetsliv.png","type":"image\/png"}],"author":"Moa Thorsell","twitter_card":"summary_large_image","twitter_misc":{"Skriven av":"Moa Thorsell","Ber\u00e4knad l\u00e4stid":"4 minuter"},"schema":{"@context":"https:\/\/schema.org","@graph":[{"@type":"NewsArticle","@id":"https:\/\/www.almega.se\/2022\/02\/nu-startar-resan-mot-framtidens-arbetsliv\/#article","isPartOf":{"@id":"https:\/\/www.almega.se\/2022\/02\/nu-startar-resan-mot-framtidens-arbetsliv\/"},"author":{"name":"Moa Thorsell","@id":"https:\/\/www.almega.se\/#\/schema\/person\/608be0e9b9068b1cf2da84cf89f14ab1"},"headline":"&#8221;Nu startar resan mot framtidens arbetsliv&#8221;","datePublished":"2022-02-16T08:31:41+00:00","dateModified":"2023-01-11T11:35:18+00:00","mainEntityOfPage":{"@id":"https:\/\/www.almega.se\/2022\/02\/nu-startar-resan-mot-framtidens-arbetsliv\/"},"wordCount":893,"image":{"@id":"https:\/\/www.almega.se\/2022\/02\/nu-startar-resan-mot-framtidens-arbetsliv\/#primaryimage"},"thumbnailUrl":"https:\/\/www.almega.se\/app\/uploads\/2022\/02\/kronika_ann-oberg_almega_framtidens-arbetsliv.png","keywords":["covid -19","Framtidens arbetsliv"],"articleSection":["Arbetsgivarfr\u00e5gor","Tj\u00e4nstesektorns betydelse"],"inLanguage":"sv-SE"},{"@type":"WebPage","@id":"https:\/\/www.almega.se\/2022\/02\/nu-startar-resan-mot-framtidens-arbetsliv\/","url":"https:\/\/www.almega.se\/2022\/02\/nu-startar-resan-mot-framtidens-arbetsliv\/","name":"Ann \u00d6berg: \"Nu startar resan mot framtidens arbetsliv\"","isPartOf":{"@id":"https:\/\/www.almega.se\/#website"},"primaryImageOfPage":{"@id":"https:\/\/www.almega.se\/2022\/02\/nu-startar-resan-mot-framtidens-arbetsliv\/#primaryimage"},"image":{"@id":"https:\/\/www.almega.se\/2022\/02\/nu-startar-resan-mot-framtidens-arbetsliv\/#primaryimage"},"thumbnailUrl":"https:\/\/www.almega.se\/app\/uploads\/2022\/02\/kronika_ann-oberg_almega_framtidens-arbetsliv.png","datePublished":"2022-02-16T08:31:41+00:00","dateModified":"2023-01-11T11:35:18+00:00","author":{"@id":"https:\/\/www.almega.se\/#\/schema\/person\/608be0e9b9068b1cf2da84cf89f14ab1"},"description":"Efter tv\u00e5 \u00e5rs pandemi tycks det \u00e4ntligen vara dags att \u00e5terg\u00e5 till det normala. S\u00e5 h\u00e4r resonerar Almegas vd kring framtidens arbetsliv.","breadcrumb":{"@id":"https:\/\/www.almega.se\/2022\/02\/nu-startar-resan-mot-framtidens-arbetsliv\/#breadcrumb"},"inLanguage":"sv-SE","potentialAction":[{"@type":"ReadAction","target":["https:\/\/www.almega.se\/2022\/02\/nu-startar-resan-mot-framtidens-arbetsliv\/"]}]},{"@type":"ImageObject","inLanguage":"sv-SE","@id":"https:\/\/www.almega.se\/2022\/02\/nu-startar-resan-mot-framtidens-arbetsliv\/#primaryimage","url":"https:\/\/www.almega.se\/app\/uploads\/2022\/02\/kronika_ann-oberg_almega_framtidens-arbetsliv.png","contentUrl":"https:\/\/www.almega.se\/app\/uploads\/2022\/02\/kronika_ann-oberg_almega_framtidens-arbetsliv.png","width":1000,"height":600,"caption":"kr\u00f6nika-almega-ann \u00f6berg-framtidens arbetsliv"},{"@type":"BreadcrumbList","@id":"https:\/\/www.almega.se\/2022\/02\/nu-startar-resan-mot-framtidens-arbetsliv\/#breadcrumb","itemListElement":[{"@type":"ListItem","position":1,"name":"Home","item":"https:\/\/www.almega.se\/"},{"@type":"ListItem","position":2,"name":"&#8221;Nu startar resan mot framtidens arbetsliv&#8221;"}]},{"@type":"WebSite","@id":"https:\/\/www.almega.se\/#website","url":"https:\/\/www.almega.se\/","name":"Almega","description":"","potentialAction":[{"@type":"SearchAction","target":{"@type":"EntryPoint","urlTemplate":"https:\/\/www.almega.se\/?s={search_term_string}"},"query-input":{"@type":"PropertyValueSpecification","valueRequired":true,"valueName":"search_term_string"}}],"inLanguage":"sv-SE"},{"@type":"Person","@id":"https:\/\/www.almega.se\/#\/schema\/person\/608be0e9b9068b1cf2da84cf89f14ab1","name":"Moa Thorsell","image":{"@type":"ImageObject","inLanguage":"sv-SE","@id":"https:\/\/www.almega.se\/#\/schema\/person\/image\/","url":"https:\/\/secure.gravatar.com\/avatar\/21013fd5f24a5c5a5dbf121171ff6d75c7ac2e8319c3777fcbcbf9329b2028c0?s=96&d=mm&r=g","contentUrl":"https:\/\/secure.gravatar.com\/avatar\/21013fd5f24a5c5a5dbf121171ff6d75c7ac2e8319c3777fcbcbf9329b2028c0?s=96&d=mm&r=g","caption":"Moa Thorsell"},"url":"https:\/\/www.almega.se\/person\/moathorsell\/"}]}},"_links":{"self":[{"href":"https:\/\/www.almega.se\/api\/wp\/v2\/posts\/42593","targetHints":{"allow":["GET"]}}],"collection":[{"href":"https:\/\/www.almega.se\/api\/wp\/v2\/posts"}],"about":[{"href":"https:\/\/www.almega.se\/api\/wp\/v2\/types\/post"}],"author":[{"embeddable":true,"href":"https:\/\/www.almega.se\/api\/wp\/v2\/users\/7594"}],"replies":[{"embeddable":true,"href":"https:\/\/www.almega.se\/api\/wp\/v2\/comments?post=42593"}],"version-history":[{"count":9,"href":"https:\/\/www.almega.se\/api\/wp\/v2\/posts\/42593\/revisions"}],"predecessor-version":[{"id":54517,"href":"https:\/\/www.almega.se\/api\/wp\/v2\/posts\/42593\/revisions\/54517"}],"wp:featuredmedia":[{"embeddable":true,"href":"https:\/\/www.almega.se\/api\/wp\/v2\/media\/42594"}],"wp:attachment":[{"href":"https:\/\/www.almega.se\/api\/wp\/v2\/media?parent=42593"}],"wp:term":[{"taxonomy":"category","embeddable":true,"href":"https:\/\/www.almega.se\/api\/wp\/v2\/categories?post=42593"},{"taxonomy":"post_tag","embeddable":true,"href":"https:\/\/www.almega.se\/api\/wp\/v2\/tags?post=42593"},{"taxonomy":"type","embeddable":true,"href":"https:\/\/www.almega.se\/api\/wp\/v2\/article_type?post=42593"},{"taxonomy":"agreement","embeddable":true,"href":"https:\/\/www.almega.se\/api\/wp\/v2\/agreement?post=42593"}],"curies":[{"name":"wp","href":"https:\/\/api.w.org\/{rel}","templated":true}]}}