{"id":42586,"date":"2022-02-15T08:52:21","date_gmt":"2022-02-15T07:52:21","guid":{"rendered":"https:\/\/www.almega.se\/?p=42586"},"modified":"2023-01-04T08:02:25","modified_gmt":"2023-01-04T07:02:25","slug":"semester-under-sportlovet-vad-sager-semesterlagen","status":"publish","type":"post","link":"https:\/\/www.almega.se\/2022\/02\/semester-under-sportlovet-vad-sager-semesterlagen\/","title":{"rendered":"Semester under sportlovet \u2013 vad s\u00e4ger semesterlagen?"},"content":{"rendered":"<p class=\"intro\">Sportlovet 2022 infaller mellan vecka 7 och vecka 10 beroende p\u00e5 var i landet man bor. Men har f\u00f6retaget m\u00e5nga anst\u00e4llda som \u00f6nskar ta semester under sportlovsveckan, samtidigt som andra medarbetare blir sjuka kan det bli tufft f\u00f6r arbetsgivaren att h\u00e5lla verksamheten i g\u00e5ng.<\/p>\n\n<p>\u00c4ven om Sverige har \u00f6ppnat upp och slopat de flesta av restriktionerna \u00e4r smittspridningen i samh\u00e4llet fortfarande h\u00f6g. M\u00e5nga medarbetare sjuka, kombinerat med ett annalkande sportlov kan g\u00f6ra det sv\u00e5rt f\u00f6r f\u00f6retag att hitta folk. Mia Fransson, arbetsr\u00e4ttsjurist p\u00e5 Almega svarar p\u00e5 arbetsgivares fr\u00e5gor kopplade till semesterlagen.<\/p>\n\n\n\n<h3 class=\"wp-block-heading\">\u00c4r det m\u00f6jligt f\u00f6r arbetsgivare att \u00e5terkalla en medarbetares semester om den redan blivit beviljad?<\/h3>\n\n\n\n<p>\u2013 F\u00f6r att kunna \u00e5terkalla beslut om semester som beviljats men inte p\u00e5b\u00f6rjats kr\u00e4vs det att du som arbetsgivare tillsammans med medarbetaren \u00e4r \u00f6verens om det. Alternativt att arbetsgivaren har fog f\u00f6r att \u00e4ndra f\u00f6rl\u00e4ggningen, s\u00e4ger Mia Fransson.<\/p>\n\n\n\n<p>Fog f\u00f6r \u00e5terkallad semester kan finnas om m\u00e5nga medarbetare blir sjuka samtidigt och det uppst\u00e5r personalbrist i den m\u00e5n att verksamheten inte kan fortg\u00e5. Men fr\u00e5gan ska i f\u00f6rsta hand l\u00f6sas p\u00e5 frivillig v\u00e4g genom att flytta fram n\u00e5gra medarbetares semester.<\/p>\n\n\n\n<p>-Fr\u00e5gan pr\u00f6vades i ett m\u00e5l i arbetsdomstolen, AD 2017:33 och d\u00e4r fann arbetsdomstolen att arbetsgivaren haft fog f\u00f6r att \u00e5terkalla beviljade, men inte p\u00e5b\u00f6rjade semestrar, och att r\u00e4tt till allm\u00e4nt skadest\u00e5nd enligt semesterlagen d\u00e4rmed inte funnits. Som arbetsgivare \u00e4r det dock viktigt att om de hinner meddela \u00e4ndringen av semesterf\u00f6rl\u00e4ggningen till individen inom en m\u00e5nad innan arbetstagarens semesterledighet b\u00f6rjar, annars kan allm\u00e4nt skadest\u00e5nd enligt semesterlagen utg\u00e5 till individen f\u00f6r underl\u00e5tenheten, s\u00e4ger Mia Fransson.<\/p>\n\n\n\n<h3 class=\"wp-block-heading\">G\u00e5r det att \u00e5terkalla en medarbetare fr\u00e5n en redan p\u00e5g\u00e5ende semester?<\/h3>\n\n\n\n<p>\u2013 Ja, men d\u00e5 beh\u00f6ver det finnas ett tungt bakomliggande sk\u00e4l kring \u00e5terkallandet. Arbetsgivaren ska f\u00f6rsta ha unders\u00f6kt m\u00f6jligheterna att l\u00f6sa arbetsbristen p\u00e5 andra s\u00e4tt innan medarbetaren beordras in. Unders\u00f6k till exempel m\u00f6jligheten att anst\u00e4lla vikarier eller att hyra in personal, s\u00e4ger Mia Fransson.<\/p>\n\n\n\n<h3 class=\"wp-block-heading\">Finns det n\u00e5gra kostnader f\u00f6renat med att \u00e5terkalla en redan p\u00e5g\u00e5ende semester?<\/h3>\n\n\n\n<p>\u2013 Ja, en arbetsgivare som ensidigt \u00e5terkallar redan p\u00e5b\u00f6rjad semester kan drabbas av p\u00e5f\u00f6ljd i form av allm\u00e4nt skadest\u00e5nd och ekonomiskt skadest\u00e5nd. Det kan handla om kostnader som medarbetaren haft till f\u00f6ljd av att semestern avbrutits, till exempel kostnad f\u00f6r hemresa eller en inst\u00e4lld resa f\u00f6r denne med familj. Intr\u00e4ffar det d\u00e4remot h\u00e4ndelser som arbetsgivaren inte kunnat f\u00f6rutse, och inte heller haft anledning att r\u00e4kna med, finns ingen skyldighet att utge allm\u00e4nt skadest\u00e5nd. \u00c5tertagandet av semestern f\u00e5r allts\u00e5 inte bero p\u00e5 d\u00e5lig planering.<\/p>\n\n\n<a class='Share__link Share__link--url copy-text' href='#' rel='nofollow' data-text='exklusivt-for-medlemmar' title='Dela url' data-confirmation='L\u00e4nken kopierades till urklipp'><svg class='icon icon--link'  width='18' height='18' viewBox='0 0 18 18' fill='none' xmlns='http:\/\/www.w3.org\/2000\/svg'>\n            <path d='M10.4142 0.514721L6.87868 4.05025L8.29289 5.46447L11.1213 2.63604L15.364 6.87868L12.5355 9.70711L13.9497 11.1213L17.4853 7.58579C17.8763 7.19476 17.8763 6.5626 17.4853 6.17158L11.8284 0.514721C11.4374 0.123691 10.8052 0.123691 10.4142 0.514721Z' fill='black'\/>\n            <path d='M9.7071 12.5355L6.87868 15.364L2.63604 11.1213L5.46446 8.2929L4.05025 6.87868L0.514716 10.4142C0.123686 10.8052 0.123686 11.4374 0.514716 11.8284L6.17157 17.4853C6.5626 17.8763 7.19475 17.8763 7.58578 17.4853L11.1213 13.9497L9.7071 12.5355Z' fill='black'\/>\n            <path d='M6.17157 11.8284C6.5626 12.2195 7.19475 12.2195 7.58578 11.8284L11.8284 7.58579C12.2195 7.19476 12.2195 6.56261 11.8284 6.17158C11.4374 5.78055 10.8052 5.78055 10.4142 6.17158L6.17157 10.4142C5.78054 10.8052 5.78054 11.4374 6.17157 11.8284Z' fill='black'\/>\n            <\/svg> <\/a>\n<h2 class=\"wp-block-heading\">Exklusivt f\u00f6r medlemmar<\/h2>\n\n\n\n<p>I&nbsp;<a href=\"https:\/\/medlem.arbetsgivarguiden.se\/\" target=\"_blank\" rel=\"noopener\">Arbetsgivarguiden<\/a>&nbsp;(under Semester) hittar du en praktisk steg-f\u00f6r-steg-guide och mallar som hj\u00e4lper dig att planera de anst\u00e4lldas semestrar under hela semester\u00e5ret.<\/p>\n","protected":false},"excerpt":{"rendered":"<p>\u00c4ven om Sverige har \u00f6ppnat upp och slopat de flesta av restriktionerna \u00e4r smittspridningen i samh\u00e4llet fortfarande h\u00f6g. M\u00e5nga medarbetare sjuka, kombinerat med ett annalkande sportlov kan g\u00f6ra det sv\u00e5rt f\u00f6r f\u00f6retag att hitta folk. &hellip;<\/p>\n","protected":false},"author":3,"featured_media":39911,"comment_status":"closed","ping_status":"closed","sticky":false,"template":"","format":"standard","meta":{"_acf_changed":false,"footnotes":""},"categories":[451],"tags":[609],"article_type":[55,56],"agreement":[],"class_list":["post-42586","post","type-post","status-publish","format-standard","has-post-thumbnail","hentry","category-arbetsgivarfragor","tag-anstallning","type-artiklar","type-nyheter"],"acf":[],"yoast_head":"<!-- This site is optimized with the Yoast SEO Premium plugin v26.8 (Yoast SEO v26.8) - https:\/\/yoast.com\/product\/yoast-seo-premium-wordpress\/ -->\n<title>Semester under sportlovet \u2013 vad s\u00e4ger semesterlagen? | Almega<\/title>\n<meta name=\"robots\" content=\"index, follow, max-snippet:-1, max-image-preview:large, max-video-preview:-1\" \/>\n<link rel=\"canonical\" href=\"https:\/\/www.almega.se\/2022\/02\/semester-under-sportlovet-vad-sager-semesterlagen\/\" \/>\n<meta property=\"og:locale\" content=\"sv_SE\" \/>\n<meta property=\"og:type\" content=\"article\" \/>\n<meta property=\"og:title\" content=\"Semester under sportlovet \u2013 vad s\u00e4ger semesterlagen?\" \/>\n<meta property=\"og:description\" content=\"\u00c4ven om Sverige har \u00f6ppnat upp och slopat de flesta av restriktionerna \u00e4r smittspridningen i samh\u00e4llet fortfarande h\u00f6g. M\u00e5nga medarbetare sjuka, kombinerat med ett annalkande sportlov kan g\u00f6ra det sv\u00e5rt f\u00f6r f\u00f6retag att hitta folk. &hellip;\" \/>\n<meta property=\"og:url\" content=\"https:\/\/www.almega.se\/2022\/02\/semester-under-sportlovet-vad-sager-semesterlagen\/\" \/>\n<meta property=\"og:site_name\" content=\"Almega\" \/>\n<meta property=\"article:published_time\" content=\"2022-02-15T07:52:21+00:00\" \/>\n<meta property=\"article:modified_time\" content=\"2023-01-04T07:02:25+00:00\" \/>\n<meta property=\"og:image\" content=\"https:\/\/www.almega.se\/app\/uploads\/2021\/09\/almegadagen_miafransson-e1644911048208.jpg\" \/>\n\t<meta property=\"og:image:width\" content=\"500\" \/>\n\t<meta property=\"og:image:height\" content=\"363\" \/>\n\t<meta property=\"og:image:type\" content=\"image\/jpeg\" \/>\n<meta name=\"author\" content=\"Julia Schwamberg\" \/>\n<meta name=\"twitter:card\" content=\"summary_large_image\" \/>\n<meta name=\"twitter:label1\" content=\"Skriven av\" \/>\n\t<meta name=\"twitter:data1\" content=\"Julia Schwamberg\" \/>\n\t<meta name=\"twitter:label2\" content=\"Ber\u00e4knad l\u00e4stid\" \/>\n\t<meta name=\"twitter:data2\" content=\"2 minuter\" \/>\n<!-- \/ Yoast SEO Premium plugin. -->","yoast_head_json":{"title":"Semester under sportlovet \u2013 vad s\u00e4ger semesterlagen? | Almega","robots":{"index":"index","follow":"follow","max-snippet":"max-snippet:-1","max-image-preview":"max-image-preview:large","max-video-preview":"max-video-preview:-1"},"canonical":"https:\/\/www.almega.se\/2022\/02\/semester-under-sportlovet-vad-sager-semesterlagen\/","og_locale":"sv_SE","og_type":"article","og_title":"Semester under sportlovet \u2013 vad s\u00e4ger semesterlagen?","og_description":"\u00c4ven om Sverige har \u00f6ppnat upp och slopat de flesta av restriktionerna \u00e4r smittspridningen i samh\u00e4llet fortfarande h\u00f6g. M\u00e5nga medarbetare sjuka, kombinerat med ett annalkande sportlov kan g\u00f6ra det sv\u00e5rt f\u00f6r f\u00f6retag att hitta folk. &hellip;","og_url":"https:\/\/www.almega.se\/2022\/02\/semester-under-sportlovet-vad-sager-semesterlagen\/","og_site_name":"Almega","article_published_time":"2022-02-15T07:52:21+00:00","article_modified_time":"2023-01-04T07:02:25+00:00","og_image":[{"width":500,"height":363,"url":"https:\/\/www.almega.se\/app\/uploads\/2021\/09\/almegadagen_miafransson-e1644911048208.jpg","type":"image\/jpeg"}],"author":"Julia Schwamberg","twitter_card":"summary_large_image","twitter_misc":{"Skriven av":"Julia Schwamberg","Ber\u00e4knad l\u00e4stid":"2 minuter"},"schema":{"@context":"https:\/\/schema.org","@graph":[{"@type":"NewsArticle","@id":"https:\/\/www.almega.se\/2022\/02\/semester-under-sportlovet-vad-sager-semesterlagen\/#article","isPartOf":{"@id":"https:\/\/www.almega.se\/2022\/02\/semester-under-sportlovet-vad-sager-semesterlagen\/"},"author":{"name":"Julia Schwamberg","@id":"https:\/\/www.almega.se\/#\/schema\/person\/efcc735e9c1ba0f9de79e69dc5be5f8a"},"headline":"Semester under sportlovet \u2013 vad s\u00e4ger semesterlagen?","datePublished":"2022-02-15T07:52:21+00:00","dateModified":"2023-01-04T07:02:25+00:00","mainEntityOfPage":{"@id":"https:\/\/www.almega.se\/2022\/02\/semester-under-sportlovet-vad-sager-semesterlagen\/"},"wordCount":486,"image":{"@id":"https:\/\/www.almega.se\/2022\/02\/semester-under-sportlovet-vad-sager-semesterlagen\/#primaryimage"},"thumbnailUrl":"https:\/\/www.almega.se\/app\/uploads\/2021\/09\/almegadagen_miafransson-e1644911048208.jpg","keywords":["Anst\u00e4llning"],"articleSection":["Arbetsgivarfr\u00e5gor"],"inLanguage":"sv-SE"},{"@type":"WebPage","@id":"https:\/\/www.almega.se\/2022\/02\/semester-under-sportlovet-vad-sager-semesterlagen\/","url":"https:\/\/www.almega.se\/2022\/02\/semester-under-sportlovet-vad-sager-semesterlagen\/","name":"Semester under sportlovet \u2013 vad s\u00e4ger semesterlagen? | Almega","isPartOf":{"@id":"https:\/\/www.almega.se\/#website"},"primaryImageOfPage":{"@id":"https:\/\/www.almega.se\/2022\/02\/semester-under-sportlovet-vad-sager-semesterlagen\/#primaryimage"},"image":{"@id":"https:\/\/www.almega.se\/2022\/02\/semester-under-sportlovet-vad-sager-semesterlagen\/#primaryimage"},"thumbnailUrl":"https:\/\/www.almega.se\/app\/uploads\/2021\/09\/almegadagen_miafransson-e1644911048208.jpg","datePublished":"2022-02-15T07:52:21+00:00","dateModified":"2023-01-04T07:02:25+00:00","author":{"@id":"https:\/\/www.almega.se\/#\/schema\/person\/efcc735e9c1ba0f9de79e69dc5be5f8a"},"breadcrumb":{"@id":"https:\/\/www.almega.se\/2022\/02\/semester-under-sportlovet-vad-sager-semesterlagen\/#breadcrumb"},"inLanguage":"sv-SE","potentialAction":[{"@type":"ReadAction","target":["https:\/\/www.almega.se\/2022\/02\/semester-under-sportlovet-vad-sager-semesterlagen\/"]}]},{"@type":"ImageObject","inLanguage":"sv-SE","@id":"https:\/\/www.almega.se\/2022\/02\/semester-under-sportlovet-vad-sager-semesterlagen\/#primaryimage","url":"https:\/\/www.almega.se\/app\/uploads\/2021\/09\/almegadagen_miafransson-e1644911048208.jpg","contentUrl":"https:\/\/www.almega.se\/app\/uploads\/2021\/09\/almegadagen_miafransson-e1644911048208.jpg","width":500,"height":363},{"@type":"BreadcrumbList","@id":"https:\/\/www.almega.se\/2022\/02\/semester-under-sportlovet-vad-sager-semesterlagen\/#breadcrumb","itemListElement":[{"@type":"ListItem","position":1,"name":"Home","item":"https:\/\/www.almega.se\/"},{"@type":"ListItem","position":2,"name":"Semester under sportlovet \u2013 vad s\u00e4ger semesterlagen?"}]},{"@type":"WebSite","@id":"https:\/\/www.almega.se\/#website","url":"https:\/\/www.almega.se\/","name":"Almega","description":"","potentialAction":[{"@type":"SearchAction","target":{"@type":"EntryPoint","urlTemplate":"https:\/\/www.almega.se\/?s={search_term_string}"},"query-input":{"@type":"PropertyValueSpecification","valueRequired":true,"valueName":"search_term_string"}}],"inLanguage":"sv-SE"},{"@type":"Person","@id":"https:\/\/www.almega.se\/#\/schema\/person\/efcc735e9c1ba0f9de79e69dc5be5f8a","name":"Julia Schwamberg","image":{"@type":"ImageObject","inLanguage":"sv-SE","@id":"https:\/\/www.almega.se\/#\/schema\/person\/image\/","url":"https:\/\/secure.gravatar.com\/avatar\/60ee7d8b8e9aa9b036f4768c0d2e868d8f080bcf68689c0f64ab3b87b1c2f78b?s=96&d=mm&r=g","contentUrl":"https:\/\/secure.gravatar.com\/avatar\/60ee7d8b8e9aa9b036f4768c0d2e868d8f080bcf68689c0f64ab3b87b1c2f78b?s=96&d=mm&r=g","caption":"Julia Schwamberg"},"url":"https:\/\/www.almega.se\/person\/juliaschwamberg\/"}]}},"_links":{"self":[{"href":"https:\/\/www.almega.se\/api\/wp\/v2\/posts\/42586","targetHints":{"allow":["GET"]}}],"collection":[{"href":"https:\/\/www.almega.se\/api\/wp\/v2\/posts"}],"about":[{"href":"https:\/\/www.almega.se\/api\/wp\/v2\/types\/post"}],"author":[{"embeddable":true,"href":"https:\/\/www.almega.se\/api\/wp\/v2\/users\/3"}],"replies":[{"embeddable":true,"href":"https:\/\/www.almega.se\/api\/wp\/v2\/comments?post=42586"}],"version-history":[{"count":4,"href":"https:\/\/www.almega.se\/api\/wp\/v2\/posts\/42586\/revisions"}],"predecessor-version":[{"id":51830,"href":"https:\/\/www.almega.se\/api\/wp\/v2\/posts\/42586\/revisions\/51830"}],"wp:featuredmedia":[{"embeddable":true,"href":"https:\/\/www.almega.se\/api\/wp\/v2\/media\/39911"}],"wp:attachment":[{"href":"https:\/\/www.almega.se\/api\/wp\/v2\/media?parent=42586"}],"wp:term":[{"taxonomy":"category","embeddable":true,"href":"https:\/\/www.almega.se\/api\/wp\/v2\/categories?post=42586"},{"taxonomy":"post_tag","embeddable":true,"href":"https:\/\/www.almega.se\/api\/wp\/v2\/tags?post=42586"},{"taxonomy":"type","embeddable":true,"href":"https:\/\/www.almega.se\/api\/wp\/v2\/article_type?post=42586"},{"taxonomy":"agreement","embeddable":true,"href":"https:\/\/www.almega.se\/api\/wp\/v2\/agreement?post=42586"}],"curies":[{"name":"wp","href":"https:\/\/api.w.org\/{rel}","templated":true}]}}