{"id":42119,"date":"2022-01-19T10:21:08","date_gmt":"2022-01-19T09:21:08","guid":{"rendered":"https:\/\/www.almega.se\/?p=42119"},"modified":"2023-01-11T12:35:40","modified_gmt":"2023-01-11T11:35:40","slug":"tjanstesektorn-langt-mer-an-ett-ekonomiskt-vardeskapande","status":"publish","type":"post","link":"https:\/\/www.almega.se\/2022\/01\/tjanstesektorn-langt-mer-an-ett-ekonomiskt-vardeskapande\/","title":{"rendered":"\u201dTj\u00e4nstesektorn \u2013 l\u00e5ngt mer \u00e4n ett ekonomiskt v\u00e4rdeskapande\u201d"},"content":{"rendered":"<p class=\"intro\">Samh\u00e4llet f\u00f6r\u00e4ndras. Tj\u00e4nstesektorn likas\u00e5. I en ny kr\u00f6nika \u2013 den f\u00f6rsta i en serie \u2013 f\u00f6rklarar Almegas nya vd, Ann \u00d6berg, Almegas roll i den utvecklingen. Dessutom avsl\u00f6jar hon n\u00e5gra av sina planer inf\u00f6r framtiden.<\/p>\n\n<p><strong>Tj\u00e4nstesektorn \u00e4r ett fundament<\/strong> <strong>f\u00f6r Sveriges v\u00e4lf\u00e4rd och tillv\u00e4xt.<\/strong> Dess betydelse har \u00f6kat successivt under en l\u00e5ng tid och utvecklingen bara forts\u00e4tter. I dag \u00e4r 80 procent av alla nya f\u00f6retag i Sverige tj\u00e4nstef\u00f6retag samtidigt som en majoritet av alla nya jobb skapas inom sektorn. Tj\u00e4nstesektorn \u00e4r en tillv\u00e4xtmotor som skapar arbete, genererar v\u00e4lf\u00e4rd och formar en inkluderande arbetsmarknad som leder till \u00f6kad integration.<\/p>\n\n\n\n<p>Samtidigt \u00e4r tj\u00e4nstesektorn l\u00e5ngt mer \u00e4n ett ekonomiskt v\u00e4rdeskapande. Den sitter ocks\u00e5 p\u00e5 l\u00f6sningen till m\u00e5nga av de stora samh\u00e4llsutmaningarna. Det \u00e4r en sektor som i m\u00e5nga delar leder samh\u00e4llsutvecklingen, tar ansvar och bidrar till hur vi l\u00f6ser de stora utmaningarna och bygger h\u00e5llbara strukturer. Detta oavsett om det handlar om att skapa f\u00f6ruts\u00e4ttningar f\u00f6r ett bra arbetsliv med schyssta villkor eller att ta ett milj\u00f6m\u00e4ssigt ansvar.<\/p>\n\n\n\n<p>En av tj\u00e4nstesektorns verkliga styrkor \u00e4r dess f\u00f6rm\u00e5ga och kapacitet att vara v\u00e4rdeskapande hela v\u00e4gen fr\u00e5n ett serviceintensivt till ett h\u00f6gteknologiskt n\u00e4ringsliv. Att sektorn sp\u00e4nner \u00f6ver stora delar av samh\u00e4llet inneb\u00e4r ocks\u00e5 att den kan bidra brett till samh\u00e4llsutvecklingen.<\/p>\n\n\n\n<p><strong>Men tj\u00e4nstesektorns fortsatta tillv\u00e4xt inneb\u00e4r \u00e4ven vissa utmaningar.<\/strong> Utvecklingen m\u00e5ste speglas i de regler och villkor som g\u00e4ller. Utmaningen \u00e4r d\u00e4rf\u00f6r ocks\u00e5 politikens. Beslutsfattarna m\u00e5ste skapa r\u00e4tt f\u00f6ruts\u00e4ttningar f\u00f6r att vi ska kunna tillvarata tillv\u00e4xtpotentialen fram\u00f6ver. Att tj\u00e4nstesektorns betydelse f\u00f6r svensk ekonomi f\u00e5r geh\u00f6r inom politiken \u00e4r och f\u00f6rblir en av Almegas viktigaste uppgifter.<\/p>\n\n\n\n<p>Men Almega \u00e4r ocks\u00e5 redo att axla ett st\u00f6rre ansvar och lyfta blicken ytterligare. Under den senaste tiden har vi omdefinierat v\u00e5r roll och nu \u00e4r en av v\u00e5ra viktigaste uppgifter att g\u00e5 fr\u00e5n ord till handling. Vi ska f\u00f6rst\u00e4rka v\u00e5r position som den ledande och mest framtr\u00e4dande r\u00f6sten p\u00e5 svensk arbetsmarknad.<\/p>\n\n\n\n<p><strong>F\u00f6rutom att rida i framkanten av den extrema f\u00f6r\u00e4ndringsv\u00e5g<\/strong> som nu sk\u00f6ljer \u00f6ver arbetslivet, vara snabbfotade och leverera h\u00e4r och nu, beh\u00f6ver vi ocks\u00e5 att ta oss an st\u00f6rre och mer strategiska framtidsfr\u00e5gor. Jag t\u00e4nker delvis p\u00e5 de alltmer p\u00e5tagliga branschglidningarna som sker p\u00e5 arbetsmarknaden: ett mediehus \u00e4r en teknisk plattform och ett t\u00e5gf\u00f6retag ett transportf\u00f6retag. Denna utveckling inneb\u00e4r att f\u00f6retag f\u00e5r allt sv\u00e5rare att identifiera sig med en specifik bransch, vilket givetvis st\u00e4ller krav p\u00e5 hur vi \u00e4r organiserade och hur v\u00e5ra kollektivavtal \u00e4r strukturerade.<\/p>\n\n\n\n<p>Men det handlar ocks\u00e5 om nya framv\u00e4xande f\u00f6retag p\u00e5 svensk arbetsmarknad. F\u00f6retag som st\u00e4ller begrepp som arbetsgivare och arbetstagare p\u00e5 \u00e4nda. Hur kan vi p\u00e5 b\u00e4sta s\u00e4tt hj\u00e4lpa dessa gig-f\u00f6retag och \u201dkombinat\u00f6rer\u201d (en kombination av egenf\u00f6retagare och anst\u00e4lld) till en h\u00e5llbar tillv\u00e4xt?<\/p>\n\n\n\n<p><strong>H\u00e5llbarhet \u00e4r i en bred bem\u00e4rkelse en central fr\u00e5ga f\u00f6r Almega.<\/strong> F\u00f6r tj\u00e4nstef\u00f6retagen \u00e4r det i vissa fall en \u00f6verlevnadsfr\u00e5ga. Om vi ska vara en framtr\u00e4dande r\u00f6st f\u00f6r tj\u00e4nstesektorn beh\u00f6ver vi d\u00e4rf\u00f6r skruva upp volymen. Samtidigt \u00e4r h\u00e5llbarhet inte bara en fr\u00e5ga om klimatet. I begreppet ligger \u00e4ven ekonomisk och social h\u00e5llbarhet. Vi vet att arbetsgivare med kollektivavtal bidrar till att skapa ett h\u00e5llbart arbetsliv. Vem vet, kanske vi ska utveckla ett \u201dkollektivavtalspass\u201d \u2013 ett bevis f\u00f6r arbetsgivare med schyssta villkor?<\/p>\n\n\n\n<p>Genom att identifiera och angripa framtidens fr\u00e5gest\u00e4llningar p\u00e5 ett l\u00f6sningsorienterat och konstruktivt s\u00e4tt kommer v\u00e5rt bidrag till en positiv utveckling av svensk arbetsmarknad bli avg\u00f6rande. Almegas nya roll inneb\u00e4r \u00f6kad synlighet, men detta \u00e4r helt i linje med tj\u00e4nstesektorns \u00f6kande betydelse f\u00f6r Sverige. En sektor som skapat nio av tio nya jobb det senaste decenniet och st\u00e5r f\u00f6r mer \u00e4n h\u00e4lften av Sveriges BNP f\u00f6rtj\u00e4nar att f\u00f6retr\u00e4das av en stark och tydlig r\u00f6st. F\u00f6r mig \u00e4r den r\u00f6sten Almegas.<\/p>\n\n\n\n  \n\n\n\n\n      \n          \n        <p>\n           <span class=\"text-1\">L\u00e4s alla Ann \u00d6bergs kr\u00f6nikor<\/span>            <span class=\"text-2 has-black-color\">om tj\u00e4nstesektorns betydelse<\/span>          <\/p>\n        \n              \n\n      \n              \n                                              \n              <a href=\"https:\/\/www.almega.se\/almegas-vd-har-ordet\"  class=\"Cta__button\">\n                \n                  \n                    Almegas vd har ordet\n                  \n                  \n                                          <span class=\"Button__line\"><\/span>\n                                        <svg class='icon icon--arrow-tip'  width=\"11\" height=\"16\" viewBox=\"0 0 11 16\" fill=\"none\" xmlns=\"http:\/\/www.w3.org\/2000\/svg\">\n<path d=\"M0.858398 15L9.2304 7.99664L0.967732 1.00001\" stroke=\"black\" stroke-width=\"2\" stroke-miterlimit=\"10\"\/>\n<\/svg>\n\n                    \n                \n              <\/a>\n                              \n            \n  \n\n","protected":false},"excerpt":{"rendered":"<p>Tj\u00e4nstesektorn \u00e4r ett fundament f\u00f6r Sveriges v\u00e4lf\u00e4rd och tillv\u00e4xt. Dess betydelse har \u00f6kat successivt under en l\u00e5ng tid och utvecklingen bara forts\u00e4tter. I dag \u00e4r 80 procent av alla nya f\u00f6retag i Sverige tj\u00e4nstef\u00f6retag samtidigt &hellip;<\/p>\n","protected":false},"author":7594,"featured_media":42122,"comment_status":"closed","ping_status":"closed","sticky":false,"template":"","format":"standard","meta":{"_acf_changed":false,"footnotes":""},"categories":[451,581,46],"tags":[50],"article_type":[55,56,557],"agreement":[],"class_list":["post-42119","post","type-post","status-publish","format-standard","has-post-thumbnail","hentry","category-arbetsgivarfragor","category-tjanstesektorns-betydelse","category-valfard","tag-tjanstesektorns-utveckling","type-artiklar","type-nyheter","type-vd-svarar"],"acf":[],"yoast_head":"<!-- This site is optimized with the Yoast SEO Premium plugin v26.8 (Yoast SEO v26.8) - https:\/\/yoast.com\/product\/yoast-seo-premium-wordpress\/ -->\n<title>\u201dTj\u00e4nstesektorn \u2013 l\u00e5ngt mer \u00e4n ett ekonomiskt v\u00e4rdeskapande\u201d<\/title>\n<meta name=\"description\" content=\"Samh\u00e4llet f\u00f6r\u00e4ndras. Tj\u00e4nstesektorn likas\u00e5. I sin kr\u00f6nika \u2013 den f\u00f6rsta i en serie \u2013 f\u00f6rklarar Almegas nya vd, Ann \u00d6berg, Almegas roll i den utvecklingen.\" \/>\n<meta name=\"robots\" content=\"index, follow, max-snippet:-1, max-image-preview:large, max-video-preview:-1\" \/>\n<link rel=\"canonical\" href=\"https:\/\/www.almega.se\/2022\/01\/tjanstesektorn-langt-mer-an-ett-ekonomiskt-vardeskapande\/\" \/>\n<meta property=\"og:locale\" content=\"sv_SE\" \/>\n<meta property=\"og:type\" content=\"article\" \/>\n<meta property=\"og:title\" content=\"\u201dTj\u00e4nstesektorn \u2013 l\u00e5ngt mer \u00e4n ett ekonomiskt v\u00e4rdeskapande\u201d\" \/>\n<meta property=\"og:description\" content=\"Samh\u00e4llet f\u00f6r\u00e4ndras. Tj\u00e4nstesektorn likas\u00e5. I sin kr\u00f6nika \u2013 den f\u00f6rsta i en serie \u2013 f\u00f6rklarar Almegas nya vd, Ann \u00d6berg, Almegas roll i den utvecklingen.\" \/>\n<meta property=\"og:url\" content=\"https:\/\/www.almega.se\/2022\/01\/tjanstesektorn-langt-mer-an-ett-ekonomiskt-vardeskapande\/\" \/>\n<meta property=\"og:site_name\" content=\"Almega\" \/>\n<meta property=\"article:published_time\" content=\"2022-01-19T09:21:08+00:00\" \/>\n<meta property=\"article:modified_time\" content=\"2023-01-11T11:35:40+00:00\" \/>\n<meta property=\"og:image\" content=\"https:\/\/www.almega.se\/app\/uploads\/2022\/01\/toppbild-kronika-almega-tjanstesektorn-vd-ann-oberg.png\" \/>\n\t<meta property=\"og:image:width\" content=\"1000\" \/>\n\t<meta property=\"og:image:height\" content=\"600\" \/>\n\t<meta property=\"og:image:type\" content=\"image\/png\" \/>\n<meta name=\"author\" content=\"Moa Thorsell\" \/>\n<meta name=\"twitter:card\" content=\"summary_large_image\" \/>\n<meta name=\"twitter:label1\" content=\"Skriven av\" \/>\n\t<meta name=\"twitter:data1\" content=\"Moa Thorsell\" \/>\n\t<meta name=\"twitter:label2\" content=\"Ber\u00e4knad l\u00e4stid\" \/>\n\t<meta name=\"twitter:data2\" content=\"3 minuter\" \/>\n<!-- \/ Yoast SEO Premium plugin. -->","yoast_head_json":{"title":"\u201dTj\u00e4nstesektorn \u2013 l\u00e5ngt mer \u00e4n ett ekonomiskt v\u00e4rdeskapande\u201d","description":"Samh\u00e4llet f\u00f6r\u00e4ndras. Tj\u00e4nstesektorn likas\u00e5. I sin kr\u00f6nika \u2013 den f\u00f6rsta i en serie \u2013 f\u00f6rklarar Almegas nya vd, Ann \u00d6berg, Almegas roll i den utvecklingen.","robots":{"index":"index","follow":"follow","max-snippet":"max-snippet:-1","max-image-preview":"max-image-preview:large","max-video-preview":"max-video-preview:-1"},"canonical":"https:\/\/www.almega.se\/2022\/01\/tjanstesektorn-langt-mer-an-ett-ekonomiskt-vardeskapande\/","og_locale":"sv_SE","og_type":"article","og_title":"\u201dTj\u00e4nstesektorn \u2013 l\u00e5ngt mer \u00e4n ett ekonomiskt v\u00e4rdeskapande\u201d","og_description":"Samh\u00e4llet f\u00f6r\u00e4ndras. Tj\u00e4nstesektorn likas\u00e5. I sin kr\u00f6nika \u2013 den f\u00f6rsta i en serie \u2013 f\u00f6rklarar Almegas nya vd, Ann \u00d6berg, Almegas roll i den utvecklingen.","og_url":"https:\/\/www.almega.se\/2022\/01\/tjanstesektorn-langt-mer-an-ett-ekonomiskt-vardeskapande\/","og_site_name":"Almega","article_published_time":"2022-01-19T09:21:08+00:00","article_modified_time":"2023-01-11T11:35:40+00:00","og_image":[{"width":1000,"height":600,"url":"https:\/\/www.almega.se\/app\/uploads\/2022\/01\/toppbild-kronika-almega-tjanstesektorn-vd-ann-oberg.png","type":"image\/png"}],"author":"Moa Thorsell","twitter_card":"summary_large_image","twitter_misc":{"Skriven av":"Moa Thorsell","Ber\u00e4knad l\u00e4stid":"3 minuter"},"schema":{"@context":"https:\/\/schema.org","@graph":[{"@type":"NewsArticle","@id":"https:\/\/www.almega.se\/2022\/01\/tjanstesektorn-langt-mer-an-ett-ekonomiskt-vardeskapande\/#article","isPartOf":{"@id":"https:\/\/www.almega.se\/2022\/01\/tjanstesektorn-langt-mer-an-ett-ekonomiskt-vardeskapande\/"},"author":{"name":"Moa Thorsell","@id":"https:\/\/www.almega.se\/#\/schema\/person\/608be0e9b9068b1cf2da84cf89f14ab1"},"headline":"\u201dTj\u00e4nstesektorn \u2013 l\u00e5ngt mer \u00e4n ett ekonomiskt v\u00e4rdeskapande\u201d","datePublished":"2022-01-19T09:21:08+00:00","dateModified":"2023-01-11T11:35:40+00:00","mainEntityOfPage":{"@id":"https:\/\/www.almega.se\/2022\/01\/tjanstesektorn-langt-mer-an-ett-ekonomiskt-vardeskapande\/"},"wordCount":713,"image":{"@id":"https:\/\/www.almega.se\/2022\/01\/tjanstesektorn-langt-mer-an-ett-ekonomiskt-vardeskapande\/#primaryimage"},"thumbnailUrl":"https:\/\/www.almega.se\/app\/uploads\/2022\/01\/toppbild-kronika-almega-tjanstesektorn-vd-ann-oberg.png","keywords":["Tj\u00e4nstesektorns utveckling"],"articleSection":["Arbetsgivarfr\u00e5gor","Tj\u00e4nstesektorns betydelse","V\u00e4lf\u00e4rd"],"inLanguage":"sv-SE"},{"@type":"WebPage","@id":"https:\/\/www.almega.se\/2022\/01\/tjanstesektorn-langt-mer-an-ett-ekonomiskt-vardeskapande\/","url":"https:\/\/www.almega.se\/2022\/01\/tjanstesektorn-langt-mer-an-ett-ekonomiskt-vardeskapande\/","name":"\u201dTj\u00e4nstesektorn \u2013 l\u00e5ngt mer \u00e4n ett ekonomiskt v\u00e4rdeskapande\u201d","isPartOf":{"@id":"https:\/\/www.almega.se\/#website"},"primaryImageOfPage":{"@id":"https:\/\/www.almega.se\/2022\/01\/tjanstesektorn-langt-mer-an-ett-ekonomiskt-vardeskapande\/#primaryimage"},"image":{"@id":"https:\/\/www.almega.se\/2022\/01\/tjanstesektorn-langt-mer-an-ett-ekonomiskt-vardeskapande\/#primaryimage"},"thumbnailUrl":"https:\/\/www.almega.se\/app\/uploads\/2022\/01\/toppbild-kronika-almega-tjanstesektorn-vd-ann-oberg.png","datePublished":"2022-01-19T09:21:08+00:00","dateModified":"2023-01-11T11:35:40+00:00","author":{"@id":"https:\/\/www.almega.se\/#\/schema\/person\/608be0e9b9068b1cf2da84cf89f14ab1"},"description":"Samh\u00e4llet f\u00f6r\u00e4ndras. Tj\u00e4nstesektorn likas\u00e5. I sin kr\u00f6nika \u2013 den f\u00f6rsta i en serie \u2013 f\u00f6rklarar Almegas nya vd, Ann \u00d6berg, Almegas roll i den utvecklingen.","breadcrumb":{"@id":"https:\/\/www.almega.se\/2022\/01\/tjanstesektorn-langt-mer-an-ett-ekonomiskt-vardeskapande\/#breadcrumb"},"inLanguage":"sv-SE","potentialAction":[{"@type":"ReadAction","target":["https:\/\/www.almega.se\/2022\/01\/tjanstesektorn-langt-mer-an-ett-ekonomiskt-vardeskapande\/"]}]},{"@type":"ImageObject","inLanguage":"sv-SE","@id":"https:\/\/www.almega.se\/2022\/01\/tjanstesektorn-langt-mer-an-ett-ekonomiskt-vardeskapande\/#primaryimage","url":"https:\/\/www.almega.se\/app\/uploads\/2022\/01\/toppbild-kronika-almega-tjanstesektorn-vd-ann-oberg.png","contentUrl":"https:\/\/www.almega.se\/app\/uploads\/2022\/01\/toppbild-kronika-almega-tjanstesektorn-vd-ann-oberg.png","width":1000,"height":600,"caption":"almega-kr\u00f6nika-tj\u00e4nstesektorn-vd-ann \u00f6berg"},{"@type":"BreadcrumbList","@id":"https:\/\/www.almega.se\/2022\/01\/tjanstesektorn-langt-mer-an-ett-ekonomiskt-vardeskapande\/#breadcrumb","itemListElement":[{"@type":"ListItem","position":1,"name":"Home","item":"https:\/\/www.almega.se\/"},{"@type":"ListItem","position":2,"name":"\u201dTj\u00e4nstesektorn \u2013 l\u00e5ngt mer \u00e4n ett ekonomiskt v\u00e4rdeskapande\u201d"}]},{"@type":"WebSite","@id":"https:\/\/www.almega.se\/#website","url":"https:\/\/www.almega.se\/","name":"Almega","description":"","potentialAction":[{"@type":"SearchAction","target":{"@type":"EntryPoint","urlTemplate":"https:\/\/www.almega.se\/?s={search_term_string}"},"query-input":{"@type":"PropertyValueSpecification","valueRequired":true,"valueName":"search_term_string"}}],"inLanguage":"sv-SE"},{"@type":"Person","@id":"https:\/\/www.almega.se\/#\/schema\/person\/608be0e9b9068b1cf2da84cf89f14ab1","name":"Moa Thorsell","image":{"@type":"ImageObject","inLanguage":"sv-SE","@id":"https:\/\/www.almega.se\/#\/schema\/person\/image\/","url":"https:\/\/secure.gravatar.com\/avatar\/21013fd5f24a5c5a5dbf121171ff6d75c7ac2e8319c3777fcbcbf9329b2028c0?s=96&d=mm&r=g","contentUrl":"https:\/\/secure.gravatar.com\/avatar\/21013fd5f24a5c5a5dbf121171ff6d75c7ac2e8319c3777fcbcbf9329b2028c0?s=96&d=mm&r=g","caption":"Moa Thorsell"},"url":"https:\/\/www.almega.se\/person\/moathorsell\/"}]}},"_links":{"self":[{"href":"https:\/\/www.almega.se\/api\/wp\/v2\/posts\/42119","targetHints":{"allow":["GET"]}}],"collection":[{"href":"https:\/\/www.almega.se\/api\/wp\/v2\/posts"}],"about":[{"href":"https:\/\/www.almega.se\/api\/wp\/v2\/types\/post"}],"author":[{"embeddable":true,"href":"https:\/\/www.almega.se\/api\/wp\/v2\/users\/7594"}],"replies":[{"embeddable":true,"href":"https:\/\/www.almega.se\/api\/wp\/v2\/comments?post=42119"}],"version-history":[{"count":7,"href":"https:\/\/www.almega.se\/api\/wp\/v2\/posts\/42119\/revisions"}],"predecessor-version":[{"id":54502,"href":"https:\/\/www.almega.se\/api\/wp\/v2\/posts\/42119\/revisions\/54502"}],"wp:featuredmedia":[{"embeddable":true,"href":"https:\/\/www.almega.se\/api\/wp\/v2\/media\/42122"}],"wp:attachment":[{"href":"https:\/\/www.almega.se\/api\/wp\/v2\/media?parent=42119"}],"wp:term":[{"taxonomy":"category","embeddable":true,"href":"https:\/\/www.almega.se\/api\/wp\/v2\/categories?post=42119"},{"taxonomy":"post_tag","embeddable":true,"href":"https:\/\/www.almega.se\/api\/wp\/v2\/tags?post=42119"},{"taxonomy":"type","embeddable":true,"href":"https:\/\/www.almega.se\/api\/wp\/v2\/article_type?post=42119"},{"taxonomy":"agreement","embeddable":true,"href":"https:\/\/www.almega.se\/api\/wp\/v2\/agreement?post=42119"}],"curies":[{"name":"wp","href":"https:\/\/api.w.org\/{rel}","templated":true}]}}