{"id":41702,"date":"2021-12-22T11:58:26","date_gmt":"2021-12-22T10:58:26","guid":{"rendered":"https:\/\/www.almega.se\/2021\/12\/bra-att-regeringen-stoppar-kompetensutvisningar\/"},"modified":"2021-12-22T11:58:26","modified_gmt":"2021-12-22T10:58:26","slug":"bra-att-regeringen-stoppar-kompetensutvisningar","status":"publish","type":"post","link":"https:\/\/www.almega.se\/2021\/12\/bra-att-regeringen-stoppar-kompetensutvisningar\/","title":{"rendered":"Bra att regeringen stoppar kompetensutvisningar"},"content":{"rendered":"<p class=\"intro\">Kompetensbristen i Sverige \u00e4r stor. F\u00f6retagen i Sverige \u00e4r i stort behov av arbetskraft, inte minst tj\u00e4nstesektorn. Det \u00e4r viktigt att vi, gemensamt b\u00e5de politiken och vi i n\u00e4ringslivet, s\u00f6rjer f\u00f6r kompetensf\u00f6rs\u00f6rjningen. Arbetskraftsinvandringen \u00e4r en av m\u00e5nga l\u00f6sningar.<\/p>\n\n<p>\u2013 Arbetskraftsinvandringen fyller luckor i bristyrken och bidrar d\u00e4rmed till att f\u00e5 f\u00f6retag att v\u00e4xa och skapa nya arbetstillf\u00e4llen f\u00f6r andra, s\u00e4ger Andreas \u00c5str\u00f6m.<br><br>Bland f\u00f6rslagen som migrationsminister Anders Ygeman (S) presenterade i dag \u00e5terfinns bland annat att personer som f\u00e5tt arbetstillst\u00e5nd ska inte beh\u00f6va mista det f\u00f6r att arbetsgivaren har gjort en mindre miss vad g\u00e4ller villkoren. Detta \u00e4r n\u00e5got Almega p\u00e5kallat och drivit under\u00a0l\u00e5ng tid.<br><br>\u2013 D\u00e4rf\u00f6r \u00e4r det bra att regeringen l\u00e4gger f\u00f6rslag f\u00f6r att komma tillr\u00e4tta med utvisningarna av personer som arbetar och skapar nytta f\u00f6r f\u00f6retagen och Sverige. S\u00e4rskilt viktigt \u00e4r f\u00f6rslaget att ingen ska kunna utvisas p\u00e5 grund av sm\u00e4rre fel, s\u00e4ger Andreas \u00c5str\u00f6m, n\u00e4ringspolitisk chef p\u00e5 Almega.<br><br>Vidare f\u00f6resl\u00e5r regeringen krav p\u00e5 bindande anst\u00e4llningsavtal f\u00f6r att f\u00e5 arbetstillst\u00e5nd, f\u00f6rs\u00f6rjningskrav f\u00f6r anh\u00f6riga samt att Migrationsverket ska kunna kr\u00e4va att en arbetsgivare redovisar villkoren f\u00f6r invandrade medarbetare.<br><br>\u2013 F\u00f6rslaget om att f\u00f6retag m\u00e5ste sluta bindande anst\u00e4llningsavtal med medarbetare innan Migrationsverket har avgjort \u00e4rendet kommer sl\u00e5 mot f\u00f6retag som \u00e4r beroende av arbetskraftsinvandrare. Detta kommer s\u00e4rskilt att drabba sm\u00e5 v\u00e4xande f\u00f6retags m\u00f6jligheter att rekrytera n\u00f6dv\u00e4ndig arbetskraft utifr\u00e5n, s\u00e4ger Andreas \u00c5str\u00f6m.<\/p>\n","protected":false},"excerpt":{"rendered":"<p>Kompetensbristen i Sverige \u00e4r stor. F\u00f6retagen i Sverige \u00e4r i stort behov av arbetskraft, inte minst tj\u00e4nstesektorn. Det \u00e4r viktigt att vi, gemensamt b\u00e5de politiken och vi i n\u00e4ringslivet, s\u00f6rjer f\u00f6r kompetensf\u00f6rs\u00f6rjningen. Arbetskraftsinvandringen \u00e4r en av m\u00e5nga l\u00f6sningar.<\/p>\n","protected":false},"author":1,"featured_media":0,"comment_status":"closed","ping_status":"closed","sticky":false,"template":"","format":"standard","meta":{"_acf_changed":false,"footnotes":""},"categories":[64,419],"tags":[543,610],"article_type":[93],"agreement":[],"class_list":["post-41702","post","type-post","status-publish","format-standard","hentry","category-arbetsmarknad","category-kompetensforsorjning","tag-arbetskraftsinvandring","tag-kompetensforsorjning","type-pressmeddelanden"],"acf":[],"yoast_head":"<!-- This site is optimized with the Yoast SEO Premium plugin v26.8 (Yoast SEO v26.8) - https:\/\/yoast.com\/product\/yoast-seo-premium-wordpress\/ -->\n<title>Bra att regeringen stoppar kompetensutvisningar | Almega<\/title>\n<meta name=\"robots\" content=\"index, follow, max-snippet:-1, max-image-preview:large, max-video-preview:-1\" \/>\n<link rel=\"canonical\" href=\"https:\/\/www.almega.se\/2021\/12\/bra-att-regeringen-stoppar-kompetensutvisningar\/\" \/>\n<meta property=\"og:locale\" content=\"sv_SE\" \/>\n<meta property=\"og:type\" content=\"article\" \/>\n<meta property=\"og:title\" content=\"Bra att regeringen stoppar kompetensutvisningar\" \/>\n<meta property=\"og:description\" content=\"Kompetensbristen i Sverige \u00e4r stor. F\u00f6retagen i Sverige \u00e4r i stort behov av arbetskraft, inte minst tj\u00e4nstesektorn. Det \u00e4r viktigt att vi, gemensamt b\u00e5de politiken och vi i n\u00e4ringslivet, s\u00f6rjer f\u00f6r kompetensf\u00f6rs\u00f6rjningen. Arbetskraftsinvandringen \u00e4r en av m\u00e5nga l\u00f6sningar.\" \/>\n<meta property=\"og:url\" content=\"https:\/\/www.almega.se\/2021\/12\/bra-att-regeringen-stoppar-kompetensutvisningar\/\" \/>\n<meta property=\"og:site_name\" content=\"Almega\" \/>\n<meta property=\"article:published_time\" content=\"2021-12-22T10:58:26+00:00\" \/>\n<meta property=\"og:image\" content=\"https:\/\/www.almega.se\/app\/uploads\/2020\/12\/almega-share-logo.png\" \/>\n\t<meta property=\"og:image:width\" content=\"1200\" \/>\n\t<meta property=\"og:image:height\" content=\"630\" \/>\n\t<meta property=\"og:image:type\" content=\"image\/png\" \/>\n<meta name=\"author\" content=\"admin\" \/>\n<meta name=\"twitter:card\" content=\"summary_large_image\" \/>\n<meta name=\"twitter:label1\" content=\"Skriven av\" \/>\n\t<meta name=\"twitter:data1\" content=\"admin\" \/>\n\t<meta name=\"twitter:label2\" content=\"Ber\u00e4knad l\u00e4stid\" \/>\n\t<meta name=\"twitter:data2\" content=\"1 minut\" \/>\n<!-- \/ Yoast SEO Premium plugin. -->","yoast_head_json":{"title":"Bra att regeringen stoppar kompetensutvisningar | Almega","robots":{"index":"index","follow":"follow","max-snippet":"max-snippet:-1","max-image-preview":"max-image-preview:large","max-video-preview":"max-video-preview:-1"},"canonical":"https:\/\/www.almega.se\/2021\/12\/bra-att-regeringen-stoppar-kompetensutvisningar\/","og_locale":"sv_SE","og_type":"article","og_title":"Bra att regeringen stoppar kompetensutvisningar","og_description":"Kompetensbristen i Sverige \u00e4r stor. F\u00f6retagen i Sverige \u00e4r i stort behov av arbetskraft, inte minst tj\u00e4nstesektorn. Det \u00e4r viktigt att vi, gemensamt b\u00e5de politiken och vi i n\u00e4ringslivet, s\u00f6rjer f\u00f6r kompetensf\u00f6rs\u00f6rjningen. Arbetskraftsinvandringen \u00e4r en av m\u00e5nga l\u00f6sningar.","og_url":"https:\/\/www.almega.se\/2021\/12\/bra-att-regeringen-stoppar-kompetensutvisningar\/","og_site_name":"Almega","article_published_time":"2021-12-22T10:58:26+00:00","og_image":[{"width":1200,"height":630,"url":"https:\/\/www.almega.se\/app\/uploads\/2020\/12\/almega-share-logo.png","type":"image\/png"}],"author":"admin","twitter_card":"summary_large_image","twitter_misc":{"Skriven av":"admin","Ber\u00e4knad l\u00e4stid":"1 minut"},"schema":{"@context":"https:\/\/schema.org","@graph":[{"@type":"NewsArticle","@id":"https:\/\/www.almega.se\/2021\/12\/bra-att-regeringen-stoppar-kompetensutvisningar\/#article","isPartOf":{"@id":"https:\/\/www.almega.se\/2021\/12\/bra-att-regeringen-stoppar-kompetensutvisningar\/"},"author":{"name":"admin","@id":"https:\/\/www.almega.se\/#\/schema\/person\/9c3674d192fb8b2d1d8b7a3f31c5151d"},"headline":"Bra att regeringen stoppar kompetensutvisningar","datePublished":"2021-12-22T10:58:26+00:00","mainEntityOfPage":{"@id":"https:\/\/www.almega.se\/2021\/12\/bra-att-regeringen-stoppar-kompetensutvisningar\/"},"wordCount":242,"keywords":["Arbetskraftsinvandring","Kompetensf\u00f6rs\u00f6rjning"],"articleSection":["Arbetsmarknad","Kompetensf\u00f6rs\u00f6rjning"],"inLanguage":"sv-SE"},{"@type":"WebPage","@id":"https:\/\/www.almega.se\/2021\/12\/bra-att-regeringen-stoppar-kompetensutvisningar\/","url":"https:\/\/www.almega.se\/2021\/12\/bra-att-regeringen-stoppar-kompetensutvisningar\/","name":"Bra att regeringen stoppar kompetensutvisningar | Almega","isPartOf":{"@id":"https:\/\/www.almega.se\/#website"},"datePublished":"2021-12-22T10:58:26+00:00","author":{"@id":"https:\/\/www.almega.se\/#\/schema\/person\/9c3674d192fb8b2d1d8b7a3f31c5151d"},"breadcrumb":{"@id":"https:\/\/www.almega.se\/2021\/12\/bra-att-regeringen-stoppar-kompetensutvisningar\/#breadcrumb"},"inLanguage":"sv-SE","potentialAction":[{"@type":"ReadAction","target":["https:\/\/www.almega.se\/2021\/12\/bra-att-regeringen-stoppar-kompetensutvisningar\/"]}]},{"@type":"BreadcrumbList","@id":"https:\/\/www.almega.se\/2021\/12\/bra-att-regeringen-stoppar-kompetensutvisningar\/#breadcrumb","itemListElement":[{"@type":"ListItem","position":1,"name":"Home","item":"https:\/\/www.almega.se\/"},{"@type":"ListItem","position":2,"name":"Bra att regeringen stoppar kompetensutvisningar"}]},{"@type":"WebSite","@id":"https:\/\/www.almega.se\/#website","url":"https:\/\/www.almega.se\/","name":"Almega","description":"","potentialAction":[{"@type":"SearchAction","target":{"@type":"EntryPoint","urlTemplate":"https:\/\/www.almega.se\/?s={search_term_string}"},"query-input":{"@type":"PropertyValueSpecification","valueRequired":true,"valueName":"search_term_string"}}],"inLanguage":"sv-SE"},{"@type":"Person","@id":"https:\/\/www.almega.se\/#\/schema\/person\/9c3674d192fb8b2d1d8b7a3f31c5151d","name":"admin","image":{"@type":"ImageObject","inLanguage":"sv-SE","@id":"https:\/\/www.almega.se\/#\/schema\/person\/image\/","url":"https:\/\/secure.gravatar.com\/avatar\/13aac7e7a7582f599e3ba7706cec051e12eac4ad6c2ffe6f9d24800e63294187?s=96&d=mm&r=g","contentUrl":"https:\/\/secure.gravatar.com\/avatar\/13aac7e7a7582f599e3ba7706cec051e12eac4ad6c2ffe6f9d24800e63294187?s=96&d=mm&r=g","caption":"admin"},"url":"https:\/\/www.almega.se\/person\/admin\/"}]}},"_links":{"self":[{"href":"https:\/\/www.almega.se\/api\/wp\/v2\/posts\/41702","targetHints":{"allow":["GET"]}}],"collection":[{"href":"https:\/\/www.almega.se\/api\/wp\/v2\/posts"}],"about":[{"href":"https:\/\/www.almega.se\/api\/wp\/v2\/types\/post"}],"author":[{"embeddable":true,"href":"https:\/\/www.almega.se\/api\/wp\/v2\/users\/1"}],"replies":[{"embeddable":true,"href":"https:\/\/www.almega.se\/api\/wp\/v2\/comments?post=41702"}],"version-history":[{"count":5,"href":"https:\/\/www.almega.se\/api\/wp\/v2\/posts\/41702\/revisions"}],"predecessor-version":[{"id":52992,"href":"https:\/\/www.almega.se\/api\/wp\/v2\/posts\/41702\/revisions\/52992"}],"wp:attachment":[{"href":"https:\/\/www.almega.se\/api\/wp\/v2\/media?parent=41702"}],"wp:term":[{"taxonomy":"category","embeddable":true,"href":"https:\/\/www.almega.se\/api\/wp\/v2\/categories?post=41702"},{"taxonomy":"post_tag","embeddable":true,"href":"https:\/\/www.almega.se\/api\/wp\/v2\/tags?post=41702"},{"taxonomy":"type","embeddable":true,"href":"https:\/\/www.almega.se\/api\/wp\/v2\/article_type?post=41702"},{"taxonomy":"agreement","embeddable":true,"href":"https:\/\/www.almega.se\/api\/wp\/v2\/agreement?post=41702"}],"curies":[{"name":"wp","href":"https:\/\/api.w.org\/{rel}","templated":true}]}}