{"id":41698,"date":"2021-12-22T15:17:58","date_gmt":"2021-12-22T14:17:58","guid":{"rendered":"https:\/\/www.almega.se\/?p=41698"},"modified":"2021-12-22T15:17:58","modified_gmt":"2021-12-22T14:17:58","slug":"nya-restriktioner-infors-hur-blir-det-efter-julhelgerna","status":"publish","type":"post","link":"https:\/\/www.almega.se\/2021\/12\/nya-restriktioner-infors-hur-blir-det-efter-julhelgerna\/","title":{"rendered":"Nya restriktioner inf\u00f6rs \u2013 hur blir det efter julhelgerna?"},"content":{"rendered":"<p class=\"intro\">F\u00f6r att minska smittspridning och belastningen p\u00e5 sjukv\u00e5rden, s\u00e5 vidtas nu flera nya \u00e5tg\u00e4rder i Sverige. Fr\u00e5n och med den 23 december rekommenderar Folkh\u00e4lsomyndigheten hemarbete i den m\u00e5n som arbetet till\u00e5ter. V\u00e5r arbetsr\u00e4ttsjurist Sophie Th\u00f6rne reder vad du som arbetsgivare beh\u00f6ver t\u00e4nka p\u00e5 redan nu.<\/p>\n\n<p><\/p>\n\n\n\n<h3 class=\"wp-block-heading\">Hur blir det p\u00e5 arbetsplatserna fr\u00e5n och med den 23 december?<\/h3>\n\n\n\n<p>\u2013 Fr\u00e5n och med den 23 december 2021 rekommenderar Folkh\u00e4lsomyndigheten att alla som kan ska arbeta hemma. Det blir en \u00e5terg\u00e5ng till hur det var tidigare, f\u00f6r verksamheter d\u00e4r hemarbete \u00e4r m\u00f6jligt. Det inneb\u00e4r att fysiska m\u00f6ten och st\u00f6rre samlingar p\u00e5 jobbet ska undvikas om det g\u00e5r. Arbetsgivare d\u00e4r verksamheten sker p\u00e5 plats m\u00e5ste se till att undvika tr\u00e4ngsel i lunchrum, omkl\u00e4dningsrum och liknande, och vidta andra f\u00f6rebyggande \u00e5tg\u00e4rder f\u00f6r att minimera risken f\u00f6r smittspridning p\u00e5 jobbet. Det \u00e4r arbetsgivaren som \u00e4r ansvarig f\u00f6r arbetsmilj\u00f6n. <a href=\"https:\/\/medlem.arbetsgivarguiden.se\/a-till-o\/45\">L\u00e4s mer om vad detta inneb\u00e4r<\/a> (f\u00f6r medlemmar).<span style=\"background-color: transparent;font-size: 1rem\"><br><\/span><\/p>\n\n\n\n<h3 class=\"wp-block-heading\">V\u00e5r verksamhet st\u00e4nger ner under mellandagarna, vad beh\u00f6ver jag som arbetsgivare t\u00e4nka p\u00e5 inf\u00f6r januari?<\/h3>\n\n\n\n<p>\u2013 Det \u00e4r naturligtvis sv\u00e5rt att sia om hur situationen ser ut efter helgerna, d\u00e5 rekommendationer kan \u00e4ndras. Men du som arbetsgivare beh\u00f6ver redan nu planera f\u00f6r er verksamhet, f\u00f6lja myndigheternas rekommendationer och kommunicera l\u00f6pande med era medarbetare. D\u00e5 kan det vara bra att p\u00e5minna om att arbetsmilj\u00f6ansvaret f\u00f6r dig som arbetsgivare g\u00e4ller \u00e4ven om medarbetarna arbetar hemma. Se till att informera tydligt och regelbundet vad det inneb\u00e4r att arbeta hemifr\u00e5n utifr\u00e5n fysiska, organisatoriska och sociala arbetsmilj\u00f6f\u00f6rh\u00e5llanden.<\/p>\n\n\n\n<h3 class=\"wp-block-heading\">Hur ska vi som arbetsgivare f\u00e5 reda p\u00e5 vilka restriktioner och rekommendationer som g\u00e4ller f\u00f6r covid-19?<\/h3>\n\n\n\n<p>\u2013 Myndigheten f\u00f6r samh\u00e4llsskydd och beredskap (MSB) \u00e4r den myndighet som har samlat ansvar f\u00f6r informationen. P\u00e5 sidan <a href=\"https:\/\/www.krisinformation.se\/\" target=\"_blank\" rel=\"noopener\">krisinformation.se <\/a>hittar du samlad information om vad som g\u00e4ller just nu.<\/p>\n\n\n<a class='Share__link Share__link--url copy-text' href='#' rel='nofollow' data-text='mer-information' title='Dela url' data-confirmation='L\u00e4nken kopierades till urklipp'><svg class='icon icon--link'  width='18' height='18' viewBox='0 0 18 18' fill='none' xmlns='http:\/\/www.w3.org\/2000\/svg'>\n            <path d='M10.4142 0.514721L6.87868 4.05025L8.29289 5.46447L11.1213 2.63604L15.364 6.87868L12.5355 9.70711L13.9497 11.1213L17.4853 7.58579C17.8763 7.19476 17.8763 6.5626 17.4853 6.17158L11.8284 0.514721C11.4374 0.123691 10.8052 0.123691 10.4142 0.514721Z' fill='black'\/>\n            <path d='M9.7071 12.5355L6.87868 15.364L2.63604 11.1213L5.46446 8.2929L4.05025 6.87868L0.514716 10.4142C0.123686 10.8052 0.123686 11.4374 0.514716 11.8284L6.17157 17.4853C6.5626 17.8763 7.19475 17.8763 7.58578 17.4853L11.1213 13.9497L9.7071 12.5355Z' fill='black'\/>\n            <path d='M6.17157 11.8284C6.5626 12.2195 7.19475 12.2195 7.58578 11.8284L11.8284 7.58579C12.2195 7.19476 12.2195 6.56261 11.8284 6.17158C11.4374 5.78055 10.8052 5.78055 10.4142 6.17158L6.17157 10.4142C5.78054 10.8052 5.78054 11.4374 6.17157 11.8284Z' fill='black'\/>\n            <\/svg> <\/a>\n<h2 class=\"wp-block-heading\">Mer information<\/h2>\n\n\n\n<ul class=\"wp-block-list\">\n<li><strong>Arbetsgivarguiden (f\u00f6r medlemmar):<\/strong><br>L\u00e4s mer under rubriken <a href=\"http:\/\/www.arbetsgivarguiden.se\/\">Corona Aktuellt<\/a> (uppdateras l\u00f6pande)<\/li>\n\n\n\n<li><strong>Almega.se<\/strong><br>Till v\u00e5r samlingssida om <span style=\"background-color: transparent;font-size: 1rem\"><a href=\"https:\/\/www.almega.se\/distansarbete\">distansarbete<\/a><\/span><\/li>\n\n\n\n<li><strong>Prevent<\/strong><br><a href=\"https:\/\/www.prevent.se\/jobba-med-arbetsmiljo\/osa\/distansarbete\/\">H\u00e4r hittar du praktiska r\u00e5d om distansarbete och arbetsmilj\u00f6<\/a><\/li>\n\n\n\n<li><strong>Folkh\u00e4lsomyndigheten<\/strong><br><a href=\"https:\/\/www.folkhalsomyndigheten.se\/nyheter-och-press\/nyhetsarkiv\/2021\/december\/flera-nya-atgarder-vidtas-den-23-december-nar-smittspridningen-vantas-oka\/\"><span style=\"background-color: transparent;font-size: 1rem\">\u00c5tg\u00e4rder f\u00f6r att minska spridningen av covid-19<\/span><\/a><\/li>\n<\/ul>\n\n\n<a class='Share__link Share__link--url copy-text' href='#' rel='nofollow' data-text='om-folkhalsomyndighetens-foreskrifter-och-allmanna-rad' title='Dela url' data-confirmation='L\u00e4nken kopierades till urklipp'><svg class='icon icon--link'  width='18' height='18' viewBox='0 0 18 18' fill='none' xmlns='http:\/\/www.w3.org\/2000\/svg'>\n            <path d='M10.4142 0.514721L6.87868 4.05025L8.29289 5.46447L11.1213 2.63604L15.364 6.87868L12.5355 9.70711L13.9497 11.1213L17.4853 7.58579C17.8763 7.19476 17.8763 6.5626 17.4853 6.17158L11.8284 0.514721C11.4374 0.123691 10.8052 0.123691 10.4142 0.514721Z' fill='black'\/>\n            <path d='M9.7071 12.5355L6.87868 15.364L2.63604 11.1213L5.46446 8.2929L4.05025 6.87868L0.514716 10.4142C0.123686 10.8052 0.123686 11.4374 0.514716 11.8284L6.17157 17.4853C6.5626 17.8763 7.19475 17.8763 7.58578 17.4853L11.1213 13.9497L9.7071 12.5355Z' fill='black'\/>\n            <path d='M6.17157 11.8284C6.5626 12.2195 7.19475 12.2195 7.58578 11.8284L11.8284 7.58579C12.2195 7.19476 12.2195 6.56261 11.8284 6.17158C11.4374 5.78055 10.8052 5.78055 10.4142 6.17158L6.17157 10.4142C5.78054 10.8052 5.78054 11.4374 6.17157 11.8284Z' fill='black'\/>\n            <\/svg> <\/a>\n<h2 class=\"wp-block-heading\">Om Folkh\u00e4lsomyndighetens f\u00f6reskrifter och allm\u00e4nna r\u00e5d<\/h2>\n\n\n\n<p>Smittskyddslagens regler om allas ansvar att undvika smittspridning och Folkh\u00e4lsomyndighetens f\u00f6reskrifter i anledning av covid-19 m\u00e5ste f\u00f6ljas. Detsamma g\u00e4ller restriktioner som beslutats med st\u00f6d av pandemilagen. Folkh\u00e4lsomyndighetens allm\u00e4nna r\u00e5d och rekommendationer fyller ut och f\u00f6rklarar de regler som g\u00e4ller, och utg\u00e5ngspunkten \u00e4r att de ska f\u00f6ljas. L\u00e4s mer p\u00e5\u00a0<a href=\"https:\/\/www.folkhalsomyndigheten.se\/nyheter-och-press\/nyhetsarkiv\/2021\/december\/nya-atgarder-for-att-begransa-spridning-av-covid-19\/\">Folkh\u00e4lsomyndighetens webbplats<\/a>.<\/p>\n","protected":false},"excerpt":{"rendered":"<p>Hur blir det p\u00e5 arbetsplatserna fr\u00e5n och med den 23 december? \u2013 Fr\u00e5n och med den 23 december 2021 rekommenderar Folkh\u00e4lsomyndigheten att alla som kan ska arbeta hemma. Det blir en \u00e5terg\u00e5ng till hur det &hellip;<\/p>\n","protected":false},"author":4371,"featured_media":41273,"comment_status":"closed","ping_status":"closed","sticky":false,"template":"","format":"standard","meta":{"_acf_changed":false,"footnotes":""},"categories":[451],"tags":[533,486],"article_type":[55,56],"agreement":[],"class_list":["post-41698","post","type-post","status-publish","format-standard","has-post-thumbnail","hentry","category-arbetsgivarfragor","tag-arbetsmiljo","tag-covid-19","type-artiklar","type-nyheter"],"acf":[],"yoast_head":"<!-- This site is optimized with the Yoast SEO Premium plugin v26.8 (Yoast SEO v26.8) - https:\/\/yoast.com\/product\/yoast-seo-premium-wordpress\/ -->\n<title>Nya restriktioner inf\u00f6rs \u2013 hur blir det efter julhelgerna? | Almega<\/title>\n<meta name=\"robots\" content=\"index, follow, max-snippet:-1, max-image-preview:large, max-video-preview:-1\" \/>\n<link rel=\"canonical\" href=\"https:\/\/www.almega.se\/2021\/12\/nya-restriktioner-infors-hur-blir-det-efter-julhelgerna\/\" \/>\n<meta property=\"og:locale\" content=\"sv_SE\" \/>\n<meta property=\"og:type\" content=\"article\" \/>\n<meta property=\"og:title\" content=\"Nya restriktioner inf\u00f6rs \u2013 hur blir det efter julhelgerna?\" \/>\n<meta property=\"og:description\" content=\"Hur blir det p\u00e5 arbetsplatserna fr\u00e5n och med den 23 december? \u2013 Fr\u00e5n och med den 23 december 2021 rekommenderar Folkh\u00e4lsomyndigheten att alla som kan ska arbeta hemma. Det blir en \u00e5terg\u00e5ng till hur det &hellip;\" \/>\n<meta property=\"og:url\" content=\"https:\/\/www.almega.se\/2021\/12\/nya-restriktioner-infors-hur-blir-det-efter-julhelgerna\/\" \/>\n<meta property=\"og:site_name\" content=\"Almega\" \/>\n<meta property=\"article:published_time\" content=\"2021-12-22T14:17:58+00:00\" \/>\n<meta property=\"og:image\" content=\"https:\/\/www.almega.se\/app\/uploads\/2021\/12\/bild-webbartikel-1000x600-36.png\" \/>\n\t<meta property=\"og:image:width\" content=\"1000\" \/>\n\t<meta property=\"og:image:height\" content=\"600\" \/>\n\t<meta property=\"og:image:type\" content=\"image\/png\" \/>\n<meta name=\"author\" content=\"Katarina Ahlsen\" \/>\n<meta name=\"twitter:card\" content=\"summary_large_image\" \/>\n<meta name=\"twitter:label1\" content=\"Skriven av\" \/>\n\t<meta name=\"twitter:data1\" content=\"Katarina Ahlsen\" \/>\n\t<meta name=\"twitter:label2\" content=\"Ber\u00e4knad l\u00e4stid\" \/>\n\t<meta name=\"twitter:data2\" content=\"2 minuter\" \/>\n<!-- \/ Yoast SEO Premium plugin. -->","yoast_head_json":{"title":"Nya restriktioner inf\u00f6rs \u2013 hur blir det efter julhelgerna? | Almega","robots":{"index":"index","follow":"follow","max-snippet":"max-snippet:-1","max-image-preview":"max-image-preview:large","max-video-preview":"max-video-preview:-1"},"canonical":"https:\/\/www.almega.se\/2021\/12\/nya-restriktioner-infors-hur-blir-det-efter-julhelgerna\/","og_locale":"sv_SE","og_type":"article","og_title":"Nya restriktioner inf\u00f6rs \u2013 hur blir det efter julhelgerna?","og_description":"Hur blir det p\u00e5 arbetsplatserna fr\u00e5n och med den 23 december? \u2013 Fr\u00e5n och med den 23 december 2021 rekommenderar Folkh\u00e4lsomyndigheten att alla som kan ska arbeta hemma. Det blir en \u00e5terg\u00e5ng till hur det &hellip;","og_url":"https:\/\/www.almega.se\/2021\/12\/nya-restriktioner-infors-hur-blir-det-efter-julhelgerna\/","og_site_name":"Almega","article_published_time":"2021-12-22T14:17:58+00:00","og_image":[{"width":1000,"height":600,"url":"https:\/\/www.almega.se\/app\/uploads\/2021\/12\/bild-webbartikel-1000x600-36.png","type":"image\/png"}],"author":"Katarina Ahlsen","twitter_card":"summary_large_image","twitter_misc":{"Skriven av":"Katarina Ahlsen","Ber\u00e4knad l\u00e4stid":"2 minuter"},"schema":{"@context":"https:\/\/schema.org","@graph":[{"@type":"NewsArticle","@id":"https:\/\/www.almega.se\/2021\/12\/nya-restriktioner-infors-hur-blir-det-efter-julhelgerna\/#article","isPartOf":{"@id":"https:\/\/www.almega.se\/2021\/12\/nya-restriktioner-infors-hur-blir-det-efter-julhelgerna\/"},"author":{"name":"Katarina Ahlsen","@id":"https:\/\/www.almega.se\/#\/schema\/person\/21bb090beed442a47a2cf1e64374f091"},"headline":"Nya restriktioner inf\u00f6rs \u2013 hur blir det efter julhelgerna?","datePublished":"2021-12-22T14:17:58+00:00","mainEntityOfPage":{"@id":"https:\/\/www.almega.se\/2021\/12\/nya-restriktioner-infors-hur-blir-det-efter-julhelgerna\/"},"wordCount":418,"image":{"@id":"https:\/\/www.almega.se\/2021\/12\/nya-restriktioner-infors-hur-blir-det-efter-julhelgerna\/#primaryimage"},"thumbnailUrl":"https:\/\/www.almega.se\/app\/uploads\/2021\/12\/bild-webbartikel-1000x600-36.png","keywords":["Arbetsmilj\u00f6","covid -19"],"articleSection":["Arbetsgivarfr\u00e5gor"],"inLanguage":"sv-SE"},{"@type":"WebPage","@id":"https:\/\/www.almega.se\/2021\/12\/nya-restriktioner-infors-hur-blir-det-efter-julhelgerna\/","url":"https:\/\/www.almega.se\/2021\/12\/nya-restriktioner-infors-hur-blir-det-efter-julhelgerna\/","name":"Nya restriktioner inf\u00f6rs \u2013 hur blir det efter julhelgerna? | Almega","isPartOf":{"@id":"https:\/\/www.almega.se\/#website"},"primaryImageOfPage":{"@id":"https:\/\/www.almega.se\/2021\/12\/nya-restriktioner-infors-hur-blir-det-efter-julhelgerna\/#primaryimage"},"image":{"@id":"https:\/\/www.almega.se\/2021\/12\/nya-restriktioner-infors-hur-blir-det-efter-julhelgerna\/#primaryimage"},"thumbnailUrl":"https:\/\/www.almega.se\/app\/uploads\/2021\/12\/bild-webbartikel-1000x600-36.png","datePublished":"2021-12-22T14:17:58+00:00","author":{"@id":"https:\/\/www.almega.se\/#\/schema\/person\/21bb090beed442a47a2cf1e64374f091"},"breadcrumb":{"@id":"https:\/\/www.almega.se\/2021\/12\/nya-restriktioner-infors-hur-blir-det-efter-julhelgerna\/#breadcrumb"},"inLanguage":"sv-SE","potentialAction":[{"@type":"ReadAction","target":["https:\/\/www.almega.se\/2021\/12\/nya-restriktioner-infors-hur-blir-det-efter-julhelgerna\/"]}]},{"@type":"ImageObject","inLanguage":"sv-SE","@id":"https:\/\/www.almega.se\/2021\/12\/nya-restriktioner-infors-hur-blir-det-efter-julhelgerna\/#primaryimage","url":"https:\/\/www.almega.se\/app\/uploads\/2021\/12\/bild-webbartikel-1000x600-36.png","contentUrl":"https:\/\/www.almega.se\/app\/uploads\/2021\/12\/bild-webbartikel-1000x600-36.png","width":1000,"height":600},{"@type":"BreadcrumbList","@id":"https:\/\/www.almega.se\/2021\/12\/nya-restriktioner-infors-hur-blir-det-efter-julhelgerna\/#breadcrumb","itemListElement":[{"@type":"ListItem","position":1,"name":"Home","item":"https:\/\/www.almega.se\/"},{"@type":"ListItem","position":2,"name":"Nya restriktioner inf\u00f6rs \u2013 hur blir det efter julhelgerna?"}]},{"@type":"WebSite","@id":"https:\/\/www.almega.se\/#website","url":"https:\/\/www.almega.se\/","name":"Almega","description":"","potentialAction":[{"@type":"SearchAction","target":{"@type":"EntryPoint","urlTemplate":"https:\/\/www.almega.se\/?s={search_term_string}"},"query-input":{"@type":"PropertyValueSpecification","valueRequired":true,"valueName":"search_term_string"}}],"inLanguage":"sv-SE"},{"@type":"Person","@id":"https:\/\/www.almega.se\/#\/schema\/person\/21bb090beed442a47a2cf1e64374f091","name":"Katarina Ahlsen","image":{"@type":"ImageObject","inLanguage":"sv-SE","@id":"https:\/\/www.almega.se\/#\/schema\/person\/image\/","url":"https:\/\/secure.gravatar.com\/avatar\/08acb5974fe161bc44fe8e62ec32e85c446ac625c171f9a7eb9f4941b883d3d9?s=96&d=mm&r=g","contentUrl":"https:\/\/secure.gravatar.com\/avatar\/08acb5974fe161bc44fe8e62ec32e85c446ac625c171f9a7eb9f4941b883d3d9?s=96&d=mm&r=g","caption":"Katarina Ahlsen"},"url":"https:\/\/www.almega.se\/person\/katarinaahlsen\/"}]}},"_links":{"self":[{"href":"https:\/\/www.almega.se\/api\/wp\/v2\/posts\/41698","targetHints":{"allow":["GET"]}}],"collection":[{"href":"https:\/\/www.almega.se\/api\/wp\/v2\/posts"}],"about":[{"href":"https:\/\/www.almega.se\/api\/wp\/v2\/types\/post"}],"author":[{"embeddable":true,"href":"https:\/\/www.almega.se\/api\/wp\/v2\/users\/4371"}],"replies":[{"embeddable":true,"href":"https:\/\/www.almega.se\/api\/wp\/v2\/comments?post=41698"}],"version-history":[{"count":6,"href":"https:\/\/www.almega.se\/api\/wp\/v2\/posts\/41698\/revisions"}],"predecessor-version":[{"id":52987,"href":"https:\/\/www.almega.se\/api\/wp\/v2\/posts\/41698\/revisions\/52987"}],"wp:featuredmedia":[{"embeddable":true,"href":"https:\/\/www.almega.se\/api\/wp\/v2\/media\/41273"}],"wp:attachment":[{"href":"https:\/\/www.almega.se\/api\/wp\/v2\/media?parent=41698"}],"wp:term":[{"taxonomy":"category","embeddable":true,"href":"https:\/\/www.almega.se\/api\/wp\/v2\/categories?post=41698"},{"taxonomy":"post_tag","embeddable":true,"href":"https:\/\/www.almega.se\/api\/wp\/v2\/tags?post=41698"},{"taxonomy":"type","embeddable":true,"href":"https:\/\/www.almega.se\/api\/wp\/v2\/article_type?post=41698"},{"taxonomy":"agreement","embeddable":true,"href":"https:\/\/www.almega.se\/api\/wp\/v2\/agreement?post=41698"}],"curies":[{"name":"wp","href":"https:\/\/api.w.org\/{rel}","templated":true}]}}