{"id":41540,"date":"2021-12-16T11:55:59","date_gmt":"2021-12-16T10:55:59","guid":{"rendered":"https:\/\/www.almega.se\/?p=41540"},"modified":"2021-12-16T11:55:59","modified_gmt":"2021-12-16T10:55:59","slug":"julledigheten-i-fara-det-har-sager-semesterlagen","status":"publish","type":"post","link":"https:\/\/www.almega.se\/2021\/12\/julledigheten-i-fara-det-har-sager-semesterlagen\/","title":{"rendered":"Julledigheten i fara \u2013 det h\u00e4r s\u00e4ger semesterlagen"},"content":{"rendered":"<p class=\"intro\">Julen n\u00e4rmar sig och m\u00e5nga ser fram emot en h\u00e4rlig ledighet. Samtidigt befinner vi oss i en pandemi och en tid p\u00e5 \u00e5ret d\u00e5 f\u00f6rkylningar och sjukdomar eskalerar. F\u00f6r arbetsgivare som m\u00e5ste ha en fortsatt verksamhet under julledigheten kan det bli tufft att, med kort varsel, hitta vikarier om medarbetare \u00e4r sjuka.<\/p>\n\n<p>Vad s\u00e4ger semesterlagen? G\u00e5r det att \u00e5terkalla en redan beviljad semester? V\u00e5r arbetsr\u00e4ttsjurist ger Mia Fransson ger svaren p\u00e5 de vanligaste fr\u00e5gorna.<\/p>\n\n\n\n<h3 class=\"wp-block-heading\">Har arbetsgivaren r\u00e4tt att \u00e5terkalla beviljad semester?<\/h3>\n\n\n\n<p>\u2013 F\u00f6r att arbetsgivaren ska kunna \u00e5terkalla beslut om beviljad men inte p\u00e5b\u00f6rjad semester s\u00e5 kr\u00e4vs att arbetsgivaren och medarbetaren \u00e4r \u00f6verens om detta, eller att arbetsgivaren har fog att \u00e4ndra f\u00f6rl\u00e4ggningen, s\u00e4ger Mia Fransson arbetsr\u00e4ttsjurist p\u00e5 Almega.<\/p>\n\n\n\n<p>\u2013 Det kan finnas fog f\u00f6r att \u00e5terkalla redan beviljad semester om till exempel ett stort antal medarbetare pl\u00f6tsligt blir sjuka och verksamheten inte kan fortg\u00e5. Men fr\u00e5gan b\u00f6r i f\u00f6rsta hand l\u00f6sas p\u00e5 frivillig v\u00e4g genom att n\u00e5gra medarbetares semester flyttas fram.<\/p>\n\n\n\n<h3 class=\"wp-block-heading\">Kan en arbetsgivare \u00e5terkalla en medarbetare fr\u00e5n en p\u00e5g\u00e5ende semester?<\/h3>\n\n\n\n<p>\u2013 Ja, om det finns tungt v\u00e4gande sk\u00e4l till detta. Men arbetsgivaren b\u00f6r f\u00f6rst ha sett \u00f6ver m\u00f6jligheterna att l\u00f6sa situationen p\u00e5 andra s\u00e4tt innan medarbetaren beordras in fr\u00e5n semestern, till exempel genom att anst\u00e4lla vikarier eller hyra in personal fr\u00e5n bemanningsf\u00f6retag, s\u00e4ger Mia Fransson.<\/p>\n\n\n\n<h3 class=\"wp-block-heading\">Finns det n\u00e5gra kostnader f\u00f6renat med att \u00e5terkalla en redan p\u00e5g\u00e5ende semester?<\/h3>\n\n\n\n<p>\u2013 Ja, en arbetsgivare som ensidigt \u00e5terkallar redan p\u00e5b\u00f6rjad semester kan drabbas av p\u00e5f\u00f6ljd i form av allm\u00e4nt skadest\u00e5nd och ekonomiskt skadest\u00e5nd. Det kan handla om kostnader som medarbetaren haft till f\u00f6ljd av att semestern avbrutits, till exempel kostnad f\u00f6r hemresa eller en inst\u00e4lld resa f\u00f6r denne med familj. Intr\u00e4ffar det d\u00e4remot h\u00e4ndelser som arbetsgivaren inte kunnat f\u00f6rutse, och inte heller haft anledning att r\u00e4kna med, finns ingen skyldighet att utge allm\u00e4nt skadest\u00e5nd. \u00c5tertagandet av semestern f\u00e5r allts\u00e5 inte bero p\u00e5 d\u00e5lig planering.<\/p>\n\n\n<a class='Share__link Share__link--url copy-text' href='#' rel='nofollow' data-text='exklusivt-for-medlemmar' title='Dela url' data-confirmation='L\u00e4nken kopierades till urklipp'><svg class='icon icon--link'  width='18' height='18' viewBox='0 0 18 18' fill='none' xmlns='http:\/\/www.w3.org\/2000\/svg'>\n            <path d='M10.4142 0.514721L6.87868 4.05025L8.29289 5.46447L11.1213 2.63604L15.364 6.87868L12.5355 9.70711L13.9497 11.1213L17.4853 7.58579C17.8763 7.19476 17.8763 6.5626 17.4853 6.17158L11.8284 0.514721C11.4374 0.123691 10.8052 0.123691 10.4142 0.514721Z' fill='black'\/>\n            <path d='M9.7071 12.5355L6.87868 15.364L2.63604 11.1213L5.46446 8.2929L4.05025 6.87868L0.514716 10.4142C0.123686 10.8052 0.123686 11.4374 0.514716 11.8284L6.17157 17.4853C6.5626 17.8763 7.19475 17.8763 7.58578 17.4853L11.1213 13.9497L9.7071 12.5355Z' fill='black'\/>\n            <path d='M6.17157 11.8284C6.5626 12.2195 7.19475 12.2195 7.58578 11.8284L11.8284 7.58579C12.2195 7.19476 12.2195 6.56261 11.8284 6.17158C11.4374 5.78055 10.8052 5.78055 10.4142 6.17158L6.17157 10.4142C5.78054 10.8052 5.78054 11.4374 6.17157 11.8284Z' fill='black'\/>\n            <\/svg> <\/a>\n<h2 class=\"wp-block-heading\">Exklusivt f\u00f6r medlemmar<\/h2>\n\n\n\n<p>I <a href=\"https:\/\/medlem.arbetsgivarguiden.se\/\" target=\"_blank\" rel=\"noopener\">Arbetsgivarguiden<\/a> (under Semester) hittar du en praktisk steg-f\u00f6r-steg-guide och mallar som hj\u00e4lper dig att planera de anst\u00e4lldas semestrar under hela semester\u00e5ret.<\/p>\n","protected":false},"excerpt":{"rendered":"<p>Vad s\u00e4ger semesterlagen? G\u00e5r det att \u00e5terkalla en redan beviljad semester? V\u00e5r arbetsr\u00e4ttsjurist ger Mia Fransson ger svaren p\u00e5 de vanligaste fr\u00e5gorna. Har arbetsgivaren r\u00e4tt att \u00e5terkalla beviljad semester? \u2013 F\u00f6r att arbetsgivaren ska kunna &hellip;<\/p>\n","protected":false},"author":4371,"featured_media":41541,"comment_status":"closed","ping_status":"closed","sticky":false,"template":"","format":"standard","meta":{"_acf_changed":false,"footnotes":""},"categories":[451],"tags":[486],"article_type":[55,56],"agreement":[],"class_list":["post-41540","post","type-post","status-publish","format-standard","has-post-thumbnail","hentry","category-arbetsgivarfragor","tag-covid-19","type-artiklar","type-nyheter"],"acf":[],"yoast_head":"<!-- This site is optimized with the Yoast SEO Premium plugin v26.8 (Yoast SEO v26.8) - https:\/\/yoast.com\/product\/yoast-seo-premium-wordpress\/ -->\n<title>Julledigheten i fara \u2013 det h\u00e4r s\u00e4ger semesterlagen | Almega<\/title>\n<meta name=\"robots\" content=\"index, follow, max-snippet:-1, max-image-preview:large, max-video-preview:-1\" \/>\n<link rel=\"canonical\" href=\"https:\/\/www.almega.se\/2021\/12\/julledigheten-i-fara-det-har-sager-semesterlagen\/\" \/>\n<meta property=\"og:locale\" content=\"sv_SE\" \/>\n<meta property=\"og:type\" content=\"article\" \/>\n<meta property=\"og:title\" content=\"Julledigheten i fara \u2013 det h\u00e4r s\u00e4ger semesterlagen\" \/>\n<meta property=\"og:description\" content=\"Vad s\u00e4ger semesterlagen? G\u00e5r det att \u00e5terkalla en redan beviljad semester? V\u00e5r arbetsr\u00e4ttsjurist ger Mia Fransson ger svaren p\u00e5 de vanligaste fr\u00e5gorna. Har arbetsgivaren r\u00e4tt att \u00e5terkalla beviljad semester? \u2013 F\u00f6r att arbetsgivaren ska kunna &hellip;\" \/>\n<meta property=\"og:url\" content=\"https:\/\/www.almega.se\/2021\/12\/julledigheten-i-fara-det-har-sager-semesterlagen\/\" \/>\n<meta property=\"og:site_name\" content=\"Almega\" \/>\n<meta property=\"article:published_time\" content=\"2021-12-16T10:55:59+00:00\" \/>\n<meta property=\"og:image\" content=\"https:\/\/www.almega.se\/app\/uploads\/2021\/12\/bild-webbartikel-1000x600-37.png\" \/>\n\t<meta property=\"og:image:width\" content=\"1000\" \/>\n\t<meta property=\"og:image:height\" content=\"600\" \/>\n\t<meta property=\"og:image:type\" content=\"image\/png\" \/>\n<meta name=\"author\" content=\"Katarina Ahlsen\" \/>\n<meta name=\"twitter:card\" content=\"summary_large_image\" \/>\n<meta name=\"twitter:label1\" content=\"Skriven av\" \/>\n\t<meta name=\"twitter:data1\" content=\"Katarina Ahlsen\" \/>\n\t<meta name=\"twitter:label2\" content=\"Ber\u00e4knad l\u00e4stid\" \/>\n\t<meta name=\"twitter:data2\" content=\"2 minuter\" \/>\n<!-- \/ Yoast SEO Premium plugin. -->","yoast_head_json":{"title":"Julledigheten i fara \u2013 det h\u00e4r s\u00e4ger semesterlagen | Almega","robots":{"index":"index","follow":"follow","max-snippet":"max-snippet:-1","max-image-preview":"max-image-preview:large","max-video-preview":"max-video-preview:-1"},"canonical":"https:\/\/www.almega.se\/2021\/12\/julledigheten-i-fara-det-har-sager-semesterlagen\/","og_locale":"sv_SE","og_type":"article","og_title":"Julledigheten i fara \u2013 det h\u00e4r s\u00e4ger semesterlagen","og_description":"Vad s\u00e4ger semesterlagen? G\u00e5r det att \u00e5terkalla en redan beviljad semester? V\u00e5r arbetsr\u00e4ttsjurist ger Mia Fransson ger svaren p\u00e5 de vanligaste fr\u00e5gorna. Har arbetsgivaren r\u00e4tt att \u00e5terkalla beviljad semester? \u2013 F\u00f6r att arbetsgivaren ska kunna &hellip;","og_url":"https:\/\/www.almega.se\/2021\/12\/julledigheten-i-fara-det-har-sager-semesterlagen\/","og_site_name":"Almega","article_published_time":"2021-12-16T10:55:59+00:00","og_image":[{"width":1000,"height":600,"url":"https:\/\/www.almega.se\/app\/uploads\/2021\/12\/bild-webbartikel-1000x600-37.png","type":"image\/png"}],"author":"Katarina Ahlsen","twitter_card":"summary_large_image","twitter_misc":{"Skriven av":"Katarina Ahlsen","Ber\u00e4knad l\u00e4stid":"2 minuter"},"schema":{"@context":"https:\/\/schema.org","@graph":[{"@type":"NewsArticle","@id":"https:\/\/www.almega.se\/2021\/12\/julledigheten-i-fara-det-har-sager-semesterlagen\/#article","isPartOf":{"@id":"https:\/\/www.almega.se\/2021\/12\/julledigheten-i-fara-det-har-sager-semesterlagen\/"},"author":{"name":"Katarina Ahlsen","@id":"https:\/\/www.almega.se\/#\/schema\/person\/21bb090beed442a47a2cf1e64374f091"},"headline":"Julledigheten i fara \u2013 det h\u00e4r s\u00e4ger semesterlagen","datePublished":"2021-12-16T10:55:59+00:00","mainEntityOfPage":{"@id":"https:\/\/www.almega.se\/2021\/12\/julledigheten-i-fara-det-har-sager-semesterlagen\/"},"wordCount":356,"image":{"@id":"https:\/\/www.almega.se\/2021\/12\/julledigheten-i-fara-det-har-sager-semesterlagen\/#primaryimage"},"thumbnailUrl":"https:\/\/www.almega.se\/app\/uploads\/2021\/12\/bild-webbartikel-1000x600-37.png","keywords":["covid -19"],"articleSection":["Arbetsgivarfr\u00e5gor"],"inLanguage":"sv-SE"},{"@type":"WebPage","@id":"https:\/\/www.almega.se\/2021\/12\/julledigheten-i-fara-det-har-sager-semesterlagen\/","url":"https:\/\/www.almega.se\/2021\/12\/julledigheten-i-fara-det-har-sager-semesterlagen\/","name":"Julledigheten i fara \u2013 det h\u00e4r s\u00e4ger semesterlagen | Almega","isPartOf":{"@id":"https:\/\/www.almega.se\/#website"},"primaryImageOfPage":{"@id":"https:\/\/www.almega.se\/2021\/12\/julledigheten-i-fara-det-har-sager-semesterlagen\/#primaryimage"},"image":{"@id":"https:\/\/www.almega.se\/2021\/12\/julledigheten-i-fara-det-har-sager-semesterlagen\/#primaryimage"},"thumbnailUrl":"https:\/\/www.almega.se\/app\/uploads\/2021\/12\/bild-webbartikel-1000x600-37.png","datePublished":"2021-12-16T10:55:59+00:00","author":{"@id":"https:\/\/www.almega.se\/#\/schema\/person\/21bb090beed442a47a2cf1e64374f091"},"breadcrumb":{"@id":"https:\/\/www.almega.se\/2021\/12\/julledigheten-i-fara-det-har-sager-semesterlagen\/#breadcrumb"},"inLanguage":"sv-SE","potentialAction":[{"@type":"ReadAction","target":["https:\/\/www.almega.se\/2021\/12\/julledigheten-i-fara-det-har-sager-semesterlagen\/"]}]},{"@type":"ImageObject","inLanguage":"sv-SE","@id":"https:\/\/www.almega.se\/2021\/12\/julledigheten-i-fara-det-har-sager-semesterlagen\/#primaryimage","url":"https:\/\/www.almega.se\/app\/uploads\/2021\/12\/bild-webbartikel-1000x600-37.png","contentUrl":"https:\/\/www.almega.se\/app\/uploads\/2021\/12\/bild-webbartikel-1000x600-37.png","width":1000,"height":600},{"@type":"BreadcrumbList","@id":"https:\/\/www.almega.se\/2021\/12\/julledigheten-i-fara-det-har-sager-semesterlagen\/#breadcrumb","itemListElement":[{"@type":"ListItem","position":1,"name":"Home","item":"https:\/\/www.almega.se\/"},{"@type":"ListItem","position":2,"name":"Julledigheten i fara \u2013 det h\u00e4r s\u00e4ger semesterlagen"}]},{"@type":"WebSite","@id":"https:\/\/www.almega.se\/#website","url":"https:\/\/www.almega.se\/","name":"Almega","description":"","potentialAction":[{"@type":"SearchAction","target":{"@type":"EntryPoint","urlTemplate":"https:\/\/www.almega.se\/?s={search_term_string}"},"query-input":{"@type":"PropertyValueSpecification","valueRequired":true,"valueName":"search_term_string"}}],"inLanguage":"sv-SE"},{"@type":"Person","@id":"https:\/\/www.almega.se\/#\/schema\/person\/21bb090beed442a47a2cf1e64374f091","name":"Katarina Ahlsen","image":{"@type":"ImageObject","inLanguage":"sv-SE","@id":"https:\/\/www.almega.se\/#\/schema\/person\/image\/","url":"https:\/\/secure.gravatar.com\/avatar\/08acb5974fe161bc44fe8e62ec32e85c446ac625c171f9a7eb9f4941b883d3d9?s=96&d=mm&r=g","contentUrl":"https:\/\/secure.gravatar.com\/avatar\/08acb5974fe161bc44fe8e62ec32e85c446ac625c171f9a7eb9f4941b883d3d9?s=96&d=mm&r=g","caption":"Katarina Ahlsen"},"url":"https:\/\/www.almega.se\/person\/katarinaahlsen\/"}]}},"_links":{"self":[{"href":"https:\/\/www.almega.se\/api\/wp\/v2\/posts\/41540","targetHints":{"allow":["GET"]}}],"collection":[{"href":"https:\/\/www.almega.se\/api\/wp\/v2\/posts"}],"about":[{"href":"https:\/\/www.almega.se\/api\/wp\/v2\/types\/post"}],"author":[{"embeddable":true,"href":"https:\/\/www.almega.se\/api\/wp\/v2\/users\/4371"}],"replies":[{"embeddable":true,"href":"https:\/\/www.almega.se\/api\/wp\/v2\/comments?post=41540"}],"version-history":[{"count":4,"href":"https:\/\/www.almega.se\/api\/wp\/v2\/posts\/41540\/revisions"}],"predecessor-version":[{"id":53001,"href":"https:\/\/www.almega.se\/api\/wp\/v2\/posts\/41540\/revisions\/53001"}],"wp:featuredmedia":[{"embeddable":true,"href":"https:\/\/www.almega.se\/api\/wp\/v2\/media\/41541"}],"wp:attachment":[{"href":"https:\/\/www.almega.se\/api\/wp\/v2\/media?parent=41540"}],"wp:term":[{"taxonomy":"category","embeddable":true,"href":"https:\/\/www.almega.se\/api\/wp\/v2\/categories?post=41540"},{"taxonomy":"post_tag","embeddable":true,"href":"https:\/\/www.almega.se\/api\/wp\/v2\/tags?post=41540"},{"taxonomy":"type","embeddable":true,"href":"https:\/\/www.almega.se\/api\/wp\/v2\/article_type?post=41540"},{"taxonomy":"agreement","embeddable":true,"href":"https:\/\/www.almega.se\/api\/wp\/v2\/agreement?post=41540"}],"curies":[{"name":"wp","href":"https:\/\/api.w.org\/{rel}","templated":true}]}}