{"id":41380,"date":"2021-12-13T14:49:33","date_gmt":"2021-12-13T13:49:33","guid":{"rendered":"https:\/\/www.almega.se\/?p=41380"},"modified":"2021-12-13T14:49:33","modified_gmt":"2021-12-13T13:49:33","slug":"sa-ar-tyrens-med-och-paverkar-tjanstesektorns-utveckling","status":"publish","type":"post","link":"https:\/\/www.almega.se\/2021\/12\/sa-ar-tyrens-med-och-paverkar-tjanstesektorns-utveckling\/","title":{"rendered":"S\u00e5 \u00e4r Tyr\u00e9ns med och p\u00e5verkar tj\u00e4nste&shy;sektorns utveckling"},"content":{"rendered":"<p class=\"intro\">&#8221;Medlemskapet g\u00f6r oss till en del av en stark r\u00f6st i samh\u00e4llsdebatten\u201d, s\u00e4ger vd och koncernchef Johan Dozzi om varf\u00f6r Tyr\u00e9ns v\u00e4ljer att vara med i f\u00f6rbundet Innovationsf\u00f6retagen inom Almega.<\/p>\n\n<p><a href=\"https:\/\/www.tyrens.se\/sv\/\" target=\"_blank\" rel=\"noopener\">Tyr\u00e9ns<\/a> \u00e4r ett av Skandinaviens ledande konsultf\u00f6retag inom samh\u00e4llsbyggnad, med Johan Dozzi som vd och koncernchef sedan 2017. Ut\u00f6ver dessa roller har han \u00e4ven valt att engagera sig som styrelseledamot i b\u00e5de <a href=\"https:\/\/www.innovationsforetagen.se\/\" target=\"_blank\" rel=\"noopener\">Innovationsf\u00f6retagen<\/a>, som representerar 780 medlemsf\u00f6retag, och Almega, som \u00e4r Sveriges ledande arbetsgivarorganisation f\u00f6r tj\u00e4nstef\u00f6retag med den st\u00f6rsta medlemskretsen inom <a href=\"https:\/\/www.svensktnaringsliv.se\" target=\"_blank\" rel=\"noopener\">Svenskt N\u00e4ringsliv<\/a>.<\/p>\n\n\n\n<p>\u2013 Mitt styrelseengagemang kommer sig av att jag vill vara med och p\u00e5verka i fr\u00e5gor som \u00e4r viktiga f\u00f6r branschen. Tj\u00e4nstesektorn v\u00e4xer och med Innovationsf\u00f6retagen kan vi skapa f\u00f6r\u00e4ndring i viktiga fr\u00e5gor om exempelvis upphandling, betaltider, innovation och h\u00e5llbarhet. Och med Almega f\u00e5r vi tillg\u00e5ng till ett \u00e4nnu bredare sammanhang d\u00e4r vi kan driva politiska fr\u00e5gor p\u00e5 en h\u00f6gre niv\u00e5.<\/p>\n\n\n<a class='Share__link Share__link--url copy-text' href='#' rel='nofollow' data-text='styrka-i-bredd' title='Dela url' data-confirmation='L\u00e4nken kopierades till urklipp'><svg class='icon icon--link'  width='18' height='18' viewBox='0 0 18 18' fill='none' xmlns='http:\/\/www.w3.org\/2000\/svg'>\n            <path d='M10.4142 0.514721L6.87868 4.05025L8.29289 5.46447L11.1213 2.63604L15.364 6.87868L12.5355 9.70711L13.9497 11.1213L17.4853 7.58579C17.8763 7.19476 17.8763 6.5626 17.4853 6.17158L11.8284 0.514721C11.4374 0.123691 10.8052 0.123691 10.4142 0.514721Z' fill='black'\/>\n            <path d='M9.7071 12.5355L6.87868 15.364L2.63604 11.1213L5.46446 8.2929L4.05025 6.87868L0.514716 10.4142C0.123686 10.8052 0.123686 11.4374 0.514716 11.8284L6.17157 17.4853C6.5626 17.8763 7.19475 17.8763 7.58578 17.4853L11.1213 13.9497L9.7071 12.5355Z' fill='black'\/>\n            <path d='M6.17157 11.8284C6.5626 12.2195 7.19475 12.2195 7.58578 11.8284L11.8284 7.58579C12.2195 7.19476 12.2195 6.56261 11.8284 6.17158C11.4374 5.78055 10.8052 5.78055 10.4142 6.17158L6.17157 10.4142C5.78054 10.8052 5.78054 11.4374 6.17157 11.8284Z' fill='black'\/>\n            <\/svg> <\/a>\n<h2 class=\"wp-block-heading\">Styrka i bredd<\/h2>\n\n\n\n<p>Att Almega \u00e4r Sveriges ledande arbetsgivarorganisation inom tj\u00e4nstesektorn inneb\u00e4r \u00e4ven att andra Almegaf\u00f6rbund kan g\u00e5 i spetsen f\u00f6r utvecklingen inom fr\u00e5gor som p\u00e5 sikt kan komma att p\u00e5verka \u00e4ven Innovationsf\u00f6retagens medlemmar. Till exempel f\u00f6r <a href=\"https:\/\/www.vardforetagarna.se\/\" target=\"_blank\" rel=\"noopener\">V\u00e5rdf\u00f6retagarna<\/a> just nu en diskussion kring villkoren f\u00f6r privata f\u00f6retag som riktar sig mot offentlig verksamhet.<\/p>\n\n\n\n<p>\u2013 Det \u00e4r fr\u00e5gor som p\u00e5 sikt kan komma att ber\u00f6ra \u00e4ven oss. Med Almega, Innovationsf\u00f6retagen och de andra f\u00f6rbunden blir vi en del av en stark r\u00f6st i samh\u00e4llsdebatten. Det \u00e4r viktigt, inte minst f\u00f6r att de fr\u00e5gor som \u00e4r angel\u00e4gna f\u00f6r tj\u00e4nstef\u00f6retag p\u00e5 m\u00e5nga s\u00e4tt kan skilja sig fr\u00e5n de fr\u00e5gor som andra delar av n\u00e4ringslivet fr\u00e4mst driver.<\/p>\n\n\n<a class='Share__link Share__link--url copy-text' href='#' rel='nofollow' data-text='praktisk-hjalp' title='Dela url' data-confirmation='L\u00e4nken kopierades till urklipp'><svg class='icon icon--link'  width='18' height='18' viewBox='0 0 18 18' fill='none' xmlns='http:\/\/www.w3.org\/2000\/svg'>\n            <path d='M10.4142 0.514721L6.87868 4.05025L8.29289 5.46447L11.1213 2.63604L15.364 6.87868L12.5355 9.70711L13.9497 11.1213L17.4853 7.58579C17.8763 7.19476 17.8763 6.5626 17.4853 6.17158L11.8284 0.514721C11.4374 0.123691 10.8052 0.123691 10.4142 0.514721Z' fill='black'\/>\n            <path d='M9.7071 12.5355L6.87868 15.364L2.63604 11.1213L5.46446 8.2929L4.05025 6.87868L0.514716 10.4142C0.123686 10.8052 0.123686 11.4374 0.514716 11.8284L6.17157 17.4853C6.5626 17.8763 7.19475 17.8763 7.58578 17.4853L11.1213 13.9497L9.7071 12.5355Z' fill='black'\/>\n            <path d='M6.17157 11.8284C6.5626 12.2195 7.19475 12.2195 7.58578 11.8284L11.8284 7.58579C12.2195 7.19476 12.2195 6.56261 11.8284 6.17158C11.4374 5.78055 10.8052 5.78055 10.4142 6.17158L6.17157 10.4142C5.78054 10.8052 5.78054 11.4374 6.17157 11.8284Z' fill='black'\/>\n            <\/svg> <\/a>\n<h2 class=\"wp-block-heading\">Praktisk hj\u00e4lp<\/h2>\n\n\n\n<p>Medlemskapet kan s\u00e4gas vila p\u00e5 tre ben: utveckling och tecknande av kollektivavtal, politiskt p\u00e5verkansarbete samt st\u00f6d i arbetsgivarfr\u00e5gor \u2013 som innefattar allt fr\u00e5n experthj\u00e4lp till utbildning.<\/p>\n\n\n\n<p>\u2013 L\u00e4randet handlar b\u00e5de om vad medlemsf\u00f6retag kan l\u00e4ra sig av varandra och de praktiska utbildningar som Almega och arbetsgivarorganisationens f\u00f6rbund erbjuder. Utbildningarna \u00e4r mycket bra, inte minst f\u00f6r mindre f\u00f6retag som inte har samma interna utbildningsresurser som vi p\u00e5 Tyr\u00e9ns. Jag vet ocks\u00e5 att de kompetens- och marknadsspecifika r\u00e5d Innovationsf\u00f6retagen har f\u00f6r exempelvis arkitekter, teknikkonsulter och industrikonsulter med flera \u00e4r mycket uppskattade.<\/p>\n\n\n\n<p>Johan Dozzi vill \u00e4ven lyfta fram vikten av det st\u00f6d i arbetsgivarfr\u00e5gor som medlemskapet ger \u2013 g\u00e4llande kollektivavtal, f\u00f6rhandlingsst\u00f6d och juridisk r\u00e5dgivning.<\/p>\n\n\n\n<p>\u2013 \u00c4ven om vi som stort f\u00f6retag har god arbetsr\u00e4ttslig kompetens internt, tar vi g\u00e4rna hj\u00e4lp av Almega vid s\u00e4rskilt kniviga situationer, s\u00e4ger han.<\/p>\n\n\n<a class='Share__link Share__link--url copy-text' href='#' rel='nofollow' data-text='las-fler-medlemscase' title='Dela url' data-confirmation='L\u00e4nken kopierades till urklipp'><svg class='icon icon--link'  width='18' height='18' viewBox='0 0 18 18' fill='none' xmlns='http:\/\/www.w3.org\/2000\/svg'>\n            <path d='M10.4142 0.514721L6.87868 4.05025L8.29289 5.46447L11.1213 2.63604L15.364 6.87868L12.5355 9.70711L13.9497 11.1213L17.4853 7.58579C17.8763 7.19476 17.8763 6.5626 17.4853 6.17158L11.8284 0.514721C11.4374 0.123691 10.8052 0.123691 10.4142 0.514721Z' fill='black'\/>\n            <path d='M9.7071 12.5355L6.87868 15.364L2.63604 11.1213L5.46446 8.2929L4.05025 6.87868L0.514716 10.4142C0.123686 10.8052 0.123686 11.4374 0.514716 11.8284L6.17157 17.4853C6.5626 17.8763 7.19475 17.8763 7.58578 17.4853L11.1213 13.9497L9.7071 12.5355Z' fill='black'\/>\n            <path d='M6.17157 11.8284C6.5626 12.2195 7.19475 12.2195 7.58578 11.8284L11.8284 7.58579C12.2195 7.19476 12.2195 6.56261 11.8284 6.17158C11.4374 5.78055 10.8052 5.78055 10.4142 6.17158L6.17157 10.4142C5.78054 10.8052 5.78054 11.4374 6.17157 11.8284Z' fill='black'\/>\n            <\/svg> <\/a>\n<h2 class=\"wp-block-heading\">L\u00e4s fler medlemscase<\/h2>\n\n\n\n<ul class=\"wp-block-list\">\n<li><a href=\"https:\/\/www.almega.se\/2022\/03\/almega-gav-nordisk-kompetens-tillgang-till-kunskap-kompetens-och-auktorisation\/\">Almega gav Nordisk Kompetens tillg\u00e5ng till kunskap, kompetens och auktorisation<\/a><\/li>\n\n\n\n<li><a href=\"https:\/\/www.almega.se\/2022\/01\/almega-ger-compodium-en-stark-rost-for-schyssta-villkor\/\">Almega ger Compodium en stark r\u00f6st f\u00f6r schyssta villkor<\/a><\/li>\n\n\n\n<li><a href=\"https:\/\/www.almega.se\/2021\/09\/mitta-fick-hjalp-genom-expansion-och-organisationsforandringar\/\">Mitta fick hj\u00e4lp genom expansion och organisationsf\u00f6r\u00e4ndringar<\/a><\/li>\n\n\n\n<li><a href=\"https:\/\/www.almega.se\/2021\/11\/sa-far-stahrebolaget-experthjalp-som-sparar-tid-och-pengar\/\">S\u00e5 f\u00e5r Stahrebolaget experthj\u00e4lp \u2013 som sparar tid och pengar<\/a><\/li>\n\n\n\n<li><a href=\"https:\/\/www.almega.se\/2021\/10\/med-kollektivavtal-och-fortroendeflextid-vaxer-iris-utvecklingscenter-som-arbetsgivare\/\">Med kollektivavtal och f\u00f6rtroendeflextid v\u00e4xer Iris Utvecklingscenter som arbetsgivare<\/a><\/li>\n<\/ul>\n","protected":false},"excerpt":{"rendered":"<p>Tyr\u00e9ns \u00e4r ett av Skandinaviens ledande konsultf\u00f6retag inom samh\u00e4llsbyggnad, med Johan Dozzi som vd och koncernchef sedan 2017. Ut\u00f6ver dessa roller har han \u00e4ven valt att engagera sig som styrelseledamot i b\u00e5de Innovationsf\u00f6retagen, som representerar &hellip;<\/p>\n","protected":false},"author":7594,"featured_media":41381,"comment_status":"closed","ping_status":"closed","sticky":false,"template":"","format":"standard","meta":{"_acf_changed":false,"footnotes":""},"categories":[603,451],"tags":[548],"article_type":[55,56],"agreement":[],"class_list":["post-41380","post","type-post","status-publish","format-standard","has-post-thumbnail","hentry","category-almega","category-arbetsgivarfragor","tag-medlemsroster","type-artiklar","type-nyheter"],"acf":[],"yoast_head":"<!-- This site is optimized with the Yoast SEO Premium plugin v26.8 (Yoast SEO v26.8) - https:\/\/yoast.com\/product\/yoast-seo-premium-wordpress\/ -->\n<title>S\u00e5 \u00e4r Tyr\u00e9ns med och p\u00e5verkar tj\u00e4nstesektorns utveckling<\/title>\n<meta name=\"description\" content=\"&quot;Almega g\u00f6r oss till en del av en stark r\u00f6st i samh\u00e4llsdebatten\u201d, s\u00e4ger Johan Dozzi, vd och koncernchef f\u00f6r Tyr\u00e9ns.\" \/>\n<meta name=\"robots\" content=\"index, follow, max-snippet:-1, max-image-preview:large, max-video-preview:-1\" \/>\n<link rel=\"canonical\" href=\"https:\/\/www.almega.se\/2021\/12\/sa-ar-tyrens-med-och-paverkar-tjanstesektorns-utveckling\/\" \/>\n<meta property=\"og:locale\" content=\"sv_SE\" \/>\n<meta property=\"og:type\" content=\"article\" \/>\n<meta property=\"og:title\" content=\"S\u00e5 \u00e4r Tyr\u00e9ns med och p\u00e5verkar tj\u00e4nstesektorns utveckling\" \/>\n<meta property=\"og:description\" content=\"&quot;Almega g\u00f6r oss till en del av en stark r\u00f6st i samh\u00e4llsdebatten\u201d, s\u00e4ger Johan Dozzi, vd och koncernchef f\u00f6r Tyr\u00e9ns.\" \/>\n<meta property=\"og:url\" content=\"https:\/\/www.almega.se\/2021\/12\/sa-ar-tyrens-med-och-paverkar-tjanstesektorns-utveckling\/\" \/>\n<meta property=\"og:site_name\" content=\"Almega\" \/>\n<meta property=\"article:published_time\" content=\"2021-12-13T13:49:33+00:00\" \/>\n<meta property=\"og:image\" content=\"https:\/\/www.almega.se\/app\/uploads\/2021\/12\/toppbild-tyrens-johan-dozzi.jpg\" \/>\n\t<meta property=\"og:image:width\" content=\"1000\" \/>\n\t<meta property=\"og:image:height\" content=\"600\" \/>\n\t<meta property=\"og:image:type\" content=\"image\/jpeg\" \/>\n<meta name=\"author\" content=\"Moa Thorsell\" \/>\n<meta name=\"twitter:card\" content=\"summary_large_image\" \/>\n<meta name=\"twitter:label1\" content=\"Skriven av\" \/>\n\t<meta name=\"twitter:data1\" content=\"Moa Thorsell\" \/>\n\t<meta name=\"twitter:label2\" content=\"Ber\u00e4knad l\u00e4stid\" \/>\n\t<meta name=\"twitter:data2\" content=\"3 minuter\" \/>\n<!-- \/ Yoast SEO Premium plugin. -->","yoast_head_json":{"title":"S\u00e5 \u00e4r Tyr\u00e9ns med och p\u00e5verkar tj\u00e4nstesektorns utveckling","description":"\"Almega g\u00f6r oss till en del av en stark r\u00f6st i samh\u00e4llsdebatten\u201d, s\u00e4ger Johan Dozzi, vd och koncernchef f\u00f6r Tyr\u00e9ns.","robots":{"index":"index","follow":"follow","max-snippet":"max-snippet:-1","max-image-preview":"max-image-preview:large","max-video-preview":"max-video-preview:-1"},"canonical":"https:\/\/www.almega.se\/2021\/12\/sa-ar-tyrens-med-och-paverkar-tjanstesektorns-utveckling\/","og_locale":"sv_SE","og_type":"article","og_title":"S\u00e5 \u00e4r Tyr\u00e9ns med och p\u00e5verkar tj\u00e4nstesektorns utveckling","og_description":"\"Almega g\u00f6r oss till en del av en stark r\u00f6st i samh\u00e4llsdebatten\u201d, s\u00e4ger Johan Dozzi, vd och koncernchef f\u00f6r Tyr\u00e9ns.","og_url":"https:\/\/www.almega.se\/2021\/12\/sa-ar-tyrens-med-och-paverkar-tjanstesektorns-utveckling\/","og_site_name":"Almega","article_published_time":"2021-12-13T13:49:33+00:00","og_image":[{"width":1000,"height":600,"url":"https:\/\/www.almega.se\/app\/uploads\/2021\/12\/toppbild-tyrens-johan-dozzi.jpg","type":"image\/jpeg"}],"author":"Moa Thorsell","twitter_card":"summary_large_image","twitter_misc":{"Skriven av":"Moa Thorsell","Ber\u00e4knad l\u00e4stid":"3 minuter"},"schema":{"@context":"https:\/\/schema.org","@graph":[{"@type":"NewsArticle","@id":"https:\/\/www.almega.se\/2021\/12\/sa-ar-tyrens-med-och-paverkar-tjanstesektorns-utveckling\/#article","isPartOf":{"@id":"https:\/\/www.almega.se\/2021\/12\/sa-ar-tyrens-med-och-paverkar-tjanstesektorns-utveckling\/"},"author":{"name":"Moa Thorsell","@id":"https:\/\/www.almega.se\/#\/schema\/person\/608be0e9b9068b1cf2da84cf89f14ab1"},"headline":"S\u00e5 \u00e4r Tyr\u00e9ns med och p\u00e5verkar tj\u00e4nste&shy;sektorns utveckling","datePublished":"2021-12-13T13:49:33+00:00","mainEntityOfPage":{"@id":"https:\/\/www.almega.se\/2021\/12\/sa-ar-tyrens-med-och-paverkar-tjanstesektorns-utveckling\/"},"wordCount":511,"image":{"@id":"https:\/\/www.almega.se\/2021\/12\/sa-ar-tyrens-med-och-paverkar-tjanstesektorns-utveckling\/#primaryimage"},"thumbnailUrl":"https:\/\/www.almega.se\/app\/uploads\/2021\/12\/toppbild-tyrens-johan-dozzi.jpg","keywords":["Medlemsr\u00f6ster"],"articleSection":["Almega","Arbetsgivarfr\u00e5gor"],"inLanguage":"sv-SE"},{"@type":"WebPage","@id":"https:\/\/www.almega.se\/2021\/12\/sa-ar-tyrens-med-och-paverkar-tjanstesektorns-utveckling\/","url":"https:\/\/www.almega.se\/2021\/12\/sa-ar-tyrens-med-och-paverkar-tjanstesektorns-utveckling\/","name":"S\u00e5 \u00e4r Tyr\u00e9ns med och p\u00e5verkar tj\u00e4nstesektorns utveckling","isPartOf":{"@id":"https:\/\/www.almega.se\/#website"},"primaryImageOfPage":{"@id":"https:\/\/www.almega.se\/2021\/12\/sa-ar-tyrens-med-och-paverkar-tjanstesektorns-utveckling\/#primaryimage"},"image":{"@id":"https:\/\/www.almega.se\/2021\/12\/sa-ar-tyrens-med-och-paverkar-tjanstesektorns-utveckling\/#primaryimage"},"thumbnailUrl":"https:\/\/www.almega.se\/app\/uploads\/2021\/12\/toppbild-tyrens-johan-dozzi.jpg","datePublished":"2021-12-13T13:49:33+00:00","author":{"@id":"https:\/\/www.almega.se\/#\/schema\/person\/608be0e9b9068b1cf2da84cf89f14ab1"},"description":"\"Almega g\u00f6r oss till en del av en stark r\u00f6st i samh\u00e4llsdebatten\u201d, s\u00e4ger Johan Dozzi, vd och koncernchef f\u00f6r Tyr\u00e9ns.","breadcrumb":{"@id":"https:\/\/www.almega.se\/2021\/12\/sa-ar-tyrens-med-och-paverkar-tjanstesektorns-utveckling\/#breadcrumb"},"inLanguage":"sv-SE","potentialAction":[{"@type":"ReadAction","target":["https:\/\/www.almega.se\/2021\/12\/sa-ar-tyrens-med-och-paverkar-tjanstesektorns-utveckling\/"]}]},{"@type":"ImageObject","inLanguage":"sv-SE","@id":"https:\/\/www.almega.se\/2021\/12\/sa-ar-tyrens-med-och-paverkar-tjanstesektorns-utveckling\/#primaryimage","url":"https:\/\/www.almega.se\/app\/uploads\/2021\/12\/toppbild-tyrens-johan-dozzi.jpg","contentUrl":"https:\/\/www.almega.se\/app\/uploads\/2021\/12\/toppbild-tyrens-johan-dozzi.jpg","width":1000,"height":600,"caption":"almega-bli-medlem-tyr\u00e9ns-johan-dozzi"},{"@type":"BreadcrumbList","@id":"https:\/\/www.almega.se\/2021\/12\/sa-ar-tyrens-med-och-paverkar-tjanstesektorns-utveckling\/#breadcrumb","itemListElement":[{"@type":"ListItem","position":1,"name":"Home","item":"https:\/\/www.almega.se\/"},{"@type":"ListItem","position":2,"name":"S\u00e5 \u00e4r Tyr\u00e9ns med och p\u00e5verkar tj\u00e4nste&shy;sektorns utveckling"}]},{"@type":"WebSite","@id":"https:\/\/www.almega.se\/#website","url":"https:\/\/www.almega.se\/","name":"Almega","description":"","potentialAction":[{"@type":"SearchAction","target":{"@type":"EntryPoint","urlTemplate":"https:\/\/www.almega.se\/?s={search_term_string}"},"query-input":{"@type":"PropertyValueSpecification","valueRequired":true,"valueName":"search_term_string"}}],"inLanguage":"sv-SE"},{"@type":"Person","@id":"https:\/\/www.almega.se\/#\/schema\/person\/608be0e9b9068b1cf2da84cf89f14ab1","name":"Moa Thorsell","image":{"@type":"ImageObject","inLanguage":"sv-SE","@id":"https:\/\/www.almega.se\/#\/schema\/person\/image\/","url":"https:\/\/secure.gravatar.com\/avatar\/21013fd5f24a5c5a5dbf121171ff6d75c7ac2e8319c3777fcbcbf9329b2028c0?s=96&d=mm&r=g","contentUrl":"https:\/\/secure.gravatar.com\/avatar\/21013fd5f24a5c5a5dbf121171ff6d75c7ac2e8319c3777fcbcbf9329b2028c0?s=96&d=mm&r=g","caption":"Moa Thorsell"},"url":"https:\/\/www.almega.se\/person\/moathorsell\/"}]}},"_links":{"self":[{"href":"https:\/\/www.almega.se\/api\/wp\/v2\/posts\/41380","targetHints":{"allow":["GET"]}}],"collection":[{"href":"https:\/\/www.almega.se\/api\/wp\/v2\/posts"}],"about":[{"href":"https:\/\/www.almega.se\/api\/wp\/v2\/types\/post"}],"author":[{"embeddable":true,"href":"https:\/\/www.almega.se\/api\/wp\/v2\/users\/7594"}],"replies":[{"embeddable":true,"href":"https:\/\/www.almega.se\/api\/wp\/v2\/comments?post=41380"}],"version-history":[{"count":3,"href":"https:\/\/www.almega.se\/api\/wp\/v2\/posts\/41380\/revisions"}],"predecessor-version":[{"id":54492,"href":"https:\/\/www.almega.se\/api\/wp\/v2\/posts\/41380\/revisions\/54492"}],"wp:featuredmedia":[{"embeddable":true,"href":"https:\/\/www.almega.se\/api\/wp\/v2\/media\/41381"}],"wp:attachment":[{"href":"https:\/\/www.almega.se\/api\/wp\/v2\/media?parent=41380"}],"wp:term":[{"taxonomy":"category","embeddable":true,"href":"https:\/\/www.almega.se\/api\/wp\/v2\/categories?post=41380"},{"taxonomy":"post_tag","embeddable":true,"href":"https:\/\/www.almega.se\/api\/wp\/v2\/tags?post=41380"},{"taxonomy":"type","embeddable":true,"href":"https:\/\/www.almega.se\/api\/wp\/v2\/article_type?post=41380"},{"taxonomy":"agreement","embeddable":true,"href":"https:\/\/www.almega.se\/api\/wp\/v2\/agreement?post=41380"}],"curies":[{"name":"wp","href":"https:\/\/api.w.org\/{rel}","templated":true}]}}