{"id":41364,"date":"2021-12-14T07:15:41","date_gmt":"2021-12-14T06:15:41","guid":{"rendered":"https:\/\/www.almega.se\/?p=41364"},"modified":"2023-10-26T15:41:49","modified_gmt":"2023-10-26T13:41:49","slug":"ny-rapport-fler-jobb-i-tjanstesektorn-an-innan-pandemin","status":"publish","type":"post","link":"https:\/\/www.almega.se\/2021\/12\/ny-rapport-fler-jobb-i-tjanstesektorn-an-innan-pandemin\/","title":{"rendered":"Ny rapport: Fler jobb i tj\u00e4nstesektorn \u00e4n innan pandemin"},"content":{"rendered":"<p class=\"intro\">\u00c5rets sista tj\u00e4nsteindikator visar p\u00e5 fortsatt, men avmattad, \u00e5terh\u00e4mtning i tj\u00e4nstesektorn. Jobben i sektorn \u00e4r nu fler \u00e4n f\u00f6re pandemin och f\u00f6r tj\u00e4nstef\u00f6retagen \u00e4r \u00e5terigen bristen p\u00e5 arbetskraft det st\u00f6rsta problemet.<\/p>\n\n<p>\u00c5terh\u00e4mtningen i den privata tj\u00e4nstesektorn forts\u00e4tter, \u00e4ven om takten slagits av. Produktionen \u00e4r knappt tv\u00e5 procent h\u00f6gre \u00e4n innan pandemin. Detta enligt Tj\u00e4nsteindikatorn, en rapport fr\u00e5n Almega som utkommer fyra g\u00e5nger per \u00e5r och tar tempen p\u00e5 produktion och syssels\u00e4ttning inom den privata tj\u00e4nstesektorn. Samtidigt r\u00e5der det stora skillnader mellan olika branscher.<\/p>\n\n\n\n<p>\u2013 De branscher som s\u00e4ljer tj\u00e4nster till f\u00f6retag, exempelvis IT-konsulter, har st\u00e5tt sig relativt bra genom hela pandemin. Produktionen \u00e4r nu betydligt h\u00f6gre \u00e4n f\u00f6re pandemin. Men tillv\u00e4xten b\u00f6rjar mattas av, vilket \u00e4r en effekt av leveransproblemen inom industrin, allts\u00e5 hos kunderna, s\u00e4ger Patrick Joyce, chefekonom p\u00e5 Almega och ansvarig f\u00f6r Tj\u00e4nsteindikatorn.<\/p>\n\n\n<a class='Share__link Share__link--url copy-text' href='#' rel='nofollow' data-text='fler-jobb-an-innan-pandemin' title='Dela url' data-confirmation='L\u00e4nken kopierades till urklipp'><svg class='icon icon--link'  width='18' height='18' viewBox='0 0 18 18' fill='none' xmlns='http:\/\/www.w3.org\/2000\/svg'>\n            <path d='M10.4142 0.514721L6.87868 4.05025L8.29289 5.46447L11.1213 2.63604L15.364 6.87868L12.5355 9.70711L13.9497 11.1213L17.4853 7.58579C17.8763 7.19476 17.8763 6.5626 17.4853 6.17158L11.8284 0.514721C11.4374 0.123691 10.8052 0.123691 10.4142 0.514721Z' fill='black'\/>\n            <path d='M9.7071 12.5355L6.87868 15.364L2.63604 11.1213L5.46446 8.2929L4.05025 6.87868L0.514716 10.4142C0.123686 10.8052 0.123686 11.4374 0.514716 11.8284L6.17157 17.4853C6.5626 17.8763 7.19475 17.8763 7.58578 17.4853L11.1213 13.9497L9.7071 12.5355Z' fill='black'\/>\n            <path d='M6.17157 11.8284C6.5626 12.2195 7.19475 12.2195 7.58578 11.8284L11.8284 7.58579C12.2195 7.19476 12.2195 6.56261 11.8284 6.17158C11.4374 5.78055 10.8052 5.78055 10.4142 6.17158L6.17157 10.4142C5.78054 10.8052 5.78054 11.4374 6.17157 11.8284Z' fill='black'\/>\n            <\/svg> <\/a>\n<h2 class=\"wp-block-heading\">Fler jobb \u00e4n innan pandemin<\/h2>\n\n\n\n<p>Inledningsvis under Coronapandemin f\u00f6rsvann m\u00e5nga jobb inom tj\u00e4nstesektorn. Effekten var dock kortvarig. Under det senaste \u00e5ret har antalet jobb \u00f6kat med 86 000 och det jobbar fler i sektorn i dag \u00e4n innan pandemin.<\/p>\n\n\n\n<p>\u2013 I dag finns det drygt 5 000 fler jobb i sektorn j\u00e4mf\u00f6rt med innan pandemin. Flest nya jobb har skapats inom information- och kommunikation, exempelvis datakonsulter, samt inom fastighetstj\u00e4nster. Dessutom pekar v\u00e5r arbetsmarknadsindikator p\u00e5 att jobbtillv\u00e4xten kommer h\u00e5lla i sig, s\u00e4ger Patrick Joyce.<\/p>\n\n\n<a class='Share__link Share__link--url copy-text' href='#' rel='nofollow' data-text='bristen-pa-arbetskraft-ar-tillbaka' title='Dela url' data-confirmation='L\u00e4nken kopierades till urklipp'><svg class='icon icon--link'  width='18' height='18' viewBox='0 0 18 18' fill='none' xmlns='http:\/\/www.w3.org\/2000\/svg'>\n            <path d='M10.4142 0.514721L6.87868 4.05025L8.29289 5.46447L11.1213 2.63604L15.364 6.87868L12.5355 9.70711L13.9497 11.1213L17.4853 7.58579C17.8763 7.19476 17.8763 6.5626 17.4853 6.17158L11.8284 0.514721C11.4374 0.123691 10.8052 0.123691 10.4142 0.514721Z' fill='black'\/>\n            <path d='M9.7071 12.5355L6.87868 15.364L2.63604 11.1213L5.46446 8.2929L4.05025 6.87868L0.514716 10.4142C0.123686 10.8052 0.123686 11.4374 0.514716 11.8284L6.17157 17.4853C6.5626 17.8763 7.19475 17.8763 7.58578 17.4853L11.1213 13.9497L9.7071 12.5355Z' fill='black'\/>\n            <path d='M6.17157 11.8284C6.5626 12.2195 7.19475 12.2195 7.58578 11.8284L11.8284 7.58579C12.2195 7.19476 12.2195 6.56261 11.8284 6.17158C11.4374 5.78055 10.8052 5.78055 10.4142 6.17158L6.17157 10.4142C5.78054 10.8052 5.78054 11.4374 6.17157 11.8284Z' fill='black'\/>\n            <\/svg> <\/a>\n<h2 class=\"wp-block-heading\">Bristen p\u00e5 arbetskraft \u00e4r tillbaka<\/h2>\n\n\n\n<p>Mellan 2016 och 2019 var bristen p\u00e5 arbetskraft det st\u00f6rsta hindret f\u00f6r tj\u00e4nstef\u00f6retagen. Enligt tj\u00e4nsteindikatorn \u00e4r problemet nu tillbaka och fyra av tio tj\u00e4nstef\u00f6retag upplever personalbrist.<\/p>\n\n\n\n<p>\u2013 I de v\u00e4rst utsatta branscherna har tv\u00e5 av tre f\u00f6retag sv\u00e5rt att rekrytera den personal de beh\u00f6ver. Problemen \u00e4r st\u00f6rst i kunskapsintensiva branscher men \u00e4ven f\u00f6r andra tj\u00e4nstebranscher, som bes\u00f6ksn\u00e4ringen, b\u00f6rjar situationen bli kritisk, s\u00e4ger Patrick Joyce.<\/p>\n\n\n<a class='Share__link Share__link--url copy-text' href='#' rel='nofollow' data-text='priset-pa-tjanster-okar' title='Dela url' data-confirmation='L\u00e4nken kopierades till urklipp'><svg class='icon icon--link'  width='18' height='18' viewBox='0 0 18 18' fill='none' xmlns='http:\/\/www.w3.org\/2000\/svg'>\n            <path d='M10.4142 0.514721L6.87868 4.05025L8.29289 5.46447L11.1213 2.63604L15.364 6.87868L12.5355 9.70711L13.9497 11.1213L17.4853 7.58579C17.8763 7.19476 17.8763 6.5626 17.4853 6.17158L11.8284 0.514721C11.4374 0.123691 10.8052 0.123691 10.4142 0.514721Z' fill='black'\/>\n            <path d='M9.7071 12.5355L6.87868 15.364L2.63604 11.1213L5.46446 8.2929L4.05025 6.87868L0.514716 10.4142C0.123686 10.8052 0.123686 11.4374 0.514716 11.8284L6.17157 17.4853C6.5626 17.8763 7.19475 17.8763 7.58578 17.4853L11.1213 13.9497L9.7071 12.5355Z' fill='black'\/>\n            <path d='M6.17157 11.8284C6.5626 12.2195 7.19475 12.2195 7.58578 11.8284L11.8284 7.58579C12.2195 7.19476 12.2195 6.56261 11.8284 6.17158C11.4374 5.78055 10.8052 5.78055 10.4142 6.17158L6.17157 10.4142C5.78054 10.8052 5.78054 11.4374 6.17157 11.8284Z' fill='black'\/>\n            <\/svg> <\/a>\n<h2 class=\"wp-block-heading\">Priset p\u00e5 tj\u00e4nster \u00f6kar<\/h2>\n\n\n\n<p>Under 2020 d\u00e4mpades f\u00f6rs\u00e4ljningspriserna p\u00e5 tj\u00e4nster avsev\u00e4rt. Nu har utvecklingen v\u00e4nt och tj\u00e4nstepriserna \u00f6kar igen. Under \u00e5rets tredje kvartal \u00f6kade de privata tj\u00e4nstef\u00f6retagens f\u00f6rs\u00e4ljningspriser med 3,3 procent p\u00e5 \u00e5rsbasis.<\/p>\n\n\n\n<p>\u2013 Pris\u00f6kningarna p\u00e5 tj\u00e4nster \u00e4r de h\u00f6gsta p\u00e5 13 \u00e5r. F\u00f6rklaringen \u00e4r fr\u00e4mst de \u00f6kade kostnaderna f\u00f6r drivmedel och energi som f\u00e5tt priserna p\u00e5 transporttj\u00e4nster att skena, p\u00e5 \u00e5rsbasis med hela 9,5 procent, s\u00e4ger Patrick Joyce.<\/p>\n\n\n\n<p>Hela rapporten hittar du <a href=\"https:\/\/www.almega.se\/app\/uploads\/2021\/12\/tjansteindikatorn-kvartal-fyra-2021.pdf\" target=\"_blank\" rel=\"noreferrer noopener\">h\u00e4r<\/a>.<\/p>\n","protected":false},"excerpt":{"rendered":"<p>\u00c5terh\u00e4mtningen i den privata tj\u00e4nstesektorn forts\u00e4tter, \u00e4ven om takten slagits av. Produktionen \u00e4r knappt tv\u00e5 procent h\u00f6gre \u00e4n innan pandemin. Detta enligt Tj\u00e4nsteindikatorn, en rapport fr\u00e5n Almega som utkommer fyra g\u00e5nger per \u00e5r och tar &hellip;<\/p>\n","protected":false},"author":6356,"featured_media":41377,"comment_status":"closed","ping_status":"closed","sticky":false,"template":"","format":"standard","meta":{"_acf_changed":false,"footnotes":""},"categories":[581],"tags":[50],"article_type":[55,56,42],"agreement":[],"class_list":["post-41364","post","type-post","status-publish","format-standard","has-post-thumbnail","hentry","category-tjanstesektorns-betydelse","tag-tjanstesektorns-utveckling","type-artiklar","type-nyheter","type-rapporter"],"acf":[],"yoast_head":"<!-- This site is optimized with the Yoast SEO Premium plugin v26.8 (Yoast SEO v26.8) - https:\/\/yoast.com\/product\/yoast-seo-premium-wordpress\/ -->\n<title>Ny rapport: Fler jobb i tj\u00e4nstesektorn \u00e4n innan pandemin | Almega<\/title>\n<meta name=\"description\" content=\"Tj\u00e4nsteindikator visar att jobben \u00e4r fler \u00e4n f\u00f6re pandemin och f\u00f6r tj\u00e4nstef\u00f6retagen \u00e4r \u00e5terigen bristen p\u00e5 arbetskraft st\u00f6rsta problemet.\" \/>\n<meta name=\"robots\" content=\"index, follow, max-snippet:-1, max-image-preview:large, max-video-preview:-1\" \/>\n<link rel=\"canonical\" href=\"https:\/\/www.almega.se\/2021\/12\/ny-rapport-fler-jobb-i-tjanstesektorn-an-innan-pandemin\/\" \/>\n<meta property=\"og:locale\" content=\"sv_SE\" \/>\n<meta property=\"og:type\" content=\"article\" \/>\n<meta property=\"og:title\" content=\"Ny rapport: Fler jobb i tj\u00e4nstesektorn \u00e4n innan pandemin\" \/>\n<meta property=\"og:description\" content=\"Tj\u00e4nsteindikator visar att jobben \u00e4r fler \u00e4n f\u00f6re pandemin och f\u00f6r tj\u00e4nstef\u00f6retagen \u00e4r \u00e5terigen bristen p\u00e5 arbetskraft st\u00f6rsta problemet.\" \/>\n<meta property=\"og:url\" content=\"https:\/\/www.almega.se\/2021\/12\/ny-rapport-fler-jobb-i-tjanstesektorn-an-innan-pandemin\/\" \/>\n<meta property=\"og:site_name\" content=\"Almega\" \/>\n<meta property=\"article:published_time\" content=\"2021-12-14T06:15:41+00:00\" \/>\n<meta property=\"article:modified_time\" content=\"2023-10-26T13:41:49+00:00\" \/>\n<meta property=\"og:image\" content=\"https:\/\/www.almega.se\/app\/uploads\/2021\/12\/gettyimages-1300279244.jpg\" \/>\n\t<meta property=\"og:image:width\" content=\"2000\" \/>\n\t<meta property=\"og:image:height\" content=\"1500\" \/>\n\t<meta property=\"og:image:type\" content=\"image\/jpeg\" \/>\n<meta name=\"author\" content=\"Erik Juhlin\" \/>\n<meta name=\"twitter:card\" content=\"summary_large_image\" \/>\n<meta name=\"twitter:label1\" content=\"Skriven av\" \/>\n\t<meta name=\"twitter:data1\" content=\"Erik Juhlin\" \/>\n\t<meta name=\"twitter:label2\" content=\"Ber\u00e4knad l\u00e4stid\" \/>\n\t<meta name=\"twitter:data2\" content=\"2 minuter\" \/>\n<!-- \/ Yoast SEO Premium plugin. -->","yoast_head_json":{"title":"Ny rapport: Fler jobb i tj\u00e4nstesektorn \u00e4n innan pandemin | Almega","description":"Tj\u00e4nsteindikator visar att jobben \u00e4r fler \u00e4n f\u00f6re pandemin och f\u00f6r tj\u00e4nstef\u00f6retagen \u00e4r \u00e5terigen bristen p\u00e5 arbetskraft st\u00f6rsta problemet.","robots":{"index":"index","follow":"follow","max-snippet":"max-snippet:-1","max-image-preview":"max-image-preview:large","max-video-preview":"max-video-preview:-1"},"canonical":"https:\/\/www.almega.se\/2021\/12\/ny-rapport-fler-jobb-i-tjanstesektorn-an-innan-pandemin\/","og_locale":"sv_SE","og_type":"article","og_title":"Ny rapport: Fler jobb i tj\u00e4nstesektorn \u00e4n innan pandemin","og_description":"Tj\u00e4nsteindikator visar att jobben \u00e4r fler \u00e4n f\u00f6re pandemin och f\u00f6r tj\u00e4nstef\u00f6retagen \u00e4r \u00e5terigen bristen p\u00e5 arbetskraft st\u00f6rsta problemet.","og_url":"https:\/\/www.almega.se\/2021\/12\/ny-rapport-fler-jobb-i-tjanstesektorn-an-innan-pandemin\/","og_site_name":"Almega","article_published_time":"2021-12-14T06:15:41+00:00","article_modified_time":"2023-10-26T13:41:49+00:00","og_image":[{"width":2000,"height":1500,"url":"https:\/\/www.almega.se\/app\/uploads\/2021\/12\/gettyimages-1300279244.jpg","type":"image\/jpeg"}],"author":"Erik Juhlin","twitter_card":"summary_large_image","twitter_misc":{"Skriven av":"Erik Juhlin","Ber\u00e4knad l\u00e4stid":"2 minuter"},"schema":{"@context":"https:\/\/schema.org","@graph":[{"@type":"NewsArticle","@id":"https:\/\/www.almega.se\/2021\/12\/ny-rapport-fler-jobb-i-tjanstesektorn-an-innan-pandemin\/#article","isPartOf":{"@id":"https:\/\/www.almega.se\/2021\/12\/ny-rapport-fler-jobb-i-tjanstesektorn-an-innan-pandemin\/"},"author":{"name":"Erik Juhlin","@id":"https:\/\/www.almega.se\/#\/schema\/person\/3c181ea7ead5ab7b14c61584637720f5"},"headline":"Ny rapport: Fler jobb i tj\u00e4nstesektorn \u00e4n innan pandemin","datePublished":"2021-12-14T06:15:41+00:00","dateModified":"2023-10-26T13:41:49+00:00","mainEntityOfPage":{"@id":"https:\/\/www.almega.se\/2021\/12\/ny-rapport-fler-jobb-i-tjanstesektorn-an-innan-pandemin\/"},"wordCount":397,"image":{"@id":"https:\/\/www.almega.se\/2021\/12\/ny-rapport-fler-jobb-i-tjanstesektorn-an-innan-pandemin\/#primaryimage"},"thumbnailUrl":"https:\/\/www.almega.se\/app\/uploads\/2021\/12\/gettyimages-1300279244.jpg","keywords":["Tj\u00e4nstesektorns utveckling"],"articleSection":["Tj\u00e4nstesektorns betydelse"],"inLanguage":"sv-SE"},{"@type":"WebPage","@id":"https:\/\/www.almega.se\/2021\/12\/ny-rapport-fler-jobb-i-tjanstesektorn-an-innan-pandemin\/","url":"https:\/\/www.almega.se\/2021\/12\/ny-rapport-fler-jobb-i-tjanstesektorn-an-innan-pandemin\/","name":"Ny rapport: Fler jobb i tj\u00e4nstesektorn \u00e4n innan pandemin | Almega","isPartOf":{"@id":"https:\/\/www.almega.se\/#website"},"primaryImageOfPage":{"@id":"https:\/\/www.almega.se\/2021\/12\/ny-rapport-fler-jobb-i-tjanstesektorn-an-innan-pandemin\/#primaryimage"},"image":{"@id":"https:\/\/www.almega.se\/2021\/12\/ny-rapport-fler-jobb-i-tjanstesektorn-an-innan-pandemin\/#primaryimage"},"thumbnailUrl":"https:\/\/www.almega.se\/app\/uploads\/2021\/12\/gettyimages-1300279244.jpg","datePublished":"2021-12-14T06:15:41+00:00","dateModified":"2023-10-26T13:41:49+00:00","author":{"@id":"https:\/\/www.almega.se\/#\/schema\/person\/3c181ea7ead5ab7b14c61584637720f5"},"description":"Tj\u00e4nsteindikator visar att jobben \u00e4r fler \u00e4n f\u00f6re pandemin och f\u00f6r tj\u00e4nstef\u00f6retagen \u00e4r \u00e5terigen bristen p\u00e5 arbetskraft st\u00f6rsta problemet.","breadcrumb":{"@id":"https:\/\/www.almega.se\/2021\/12\/ny-rapport-fler-jobb-i-tjanstesektorn-an-innan-pandemin\/#breadcrumb"},"inLanguage":"sv-SE","potentialAction":[{"@type":"ReadAction","target":["https:\/\/www.almega.se\/2021\/12\/ny-rapport-fler-jobb-i-tjanstesektorn-an-innan-pandemin\/"]}]},{"@type":"ImageObject","inLanguage":"sv-SE","@id":"https:\/\/www.almega.se\/2021\/12\/ny-rapport-fler-jobb-i-tjanstesektorn-an-innan-pandemin\/#primaryimage","url":"https:\/\/www.almega.se\/app\/uploads\/2021\/12\/gettyimages-1300279244.jpg","contentUrl":"https:\/\/www.almega.se\/app\/uploads\/2021\/12\/gettyimages-1300279244.jpg","width":2000,"height":1500,"caption":"Smiling female programmer and her colleagues coding a computer language on PC's in the office."},{"@type":"BreadcrumbList","@id":"https:\/\/www.almega.se\/2021\/12\/ny-rapport-fler-jobb-i-tjanstesektorn-an-innan-pandemin\/#breadcrumb","itemListElement":[{"@type":"ListItem","position":1,"name":"Home","item":"https:\/\/www.almega.se\/"},{"@type":"ListItem","position":2,"name":"Ny rapport: Fler jobb i tj\u00e4nstesektorn \u00e4n innan pandemin"}]},{"@type":"WebSite","@id":"https:\/\/www.almega.se\/#website","url":"https:\/\/www.almega.se\/","name":"Almega","description":"","potentialAction":[{"@type":"SearchAction","target":{"@type":"EntryPoint","urlTemplate":"https:\/\/www.almega.se\/?s={search_term_string}"},"query-input":{"@type":"PropertyValueSpecification","valueRequired":true,"valueName":"search_term_string"}}],"inLanguage":"sv-SE"},{"@type":"Person","@id":"https:\/\/www.almega.se\/#\/schema\/person\/3c181ea7ead5ab7b14c61584637720f5","name":"Erik Juhlin","image":{"@type":"ImageObject","inLanguage":"sv-SE","@id":"https:\/\/www.almega.se\/#\/schema\/person\/image\/","url":"https:\/\/secure.gravatar.com\/avatar\/ef0e97454357041724f27ea1630fa5bf78b30eea6fc56998e6a03142ad5b1370?s=96&d=mm&r=g","contentUrl":"https:\/\/secure.gravatar.com\/avatar\/ef0e97454357041724f27ea1630fa5bf78b30eea6fc56998e6a03142ad5b1370?s=96&d=mm&r=g","caption":"Erik Juhlin"},"url":"https:\/\/www.almega.se\/person\/erikjuhlin\/"}]}},"_links":{"self":[{"href":"https:\/\/www.almega.se\/api\/wp\/v2\/posts\/41364","targetHints":{"allow":["GET"]}}],"collection":[{"href":"https:\/\/www.almega.se\/api\/wp\/v2\/posts"}],"about":[{"href":"https:\/\/www.almega.se\/api\/wp\/v2\/types\/post"}],"author":[{"embeddable":true,"href":"https:\/\/www.almega.se\/api\/wp\/v2\/users\/6356"}],"replies":[{"embeddable":true,"href":"https:\/\/www.almega.se\/api\/wp\/v2\/comments?post=41364"}],"version-history":[{"count":5,"href":"https:\/\/www.almega.se\/api\/wp\/v2\/posts\/41364\/revisions"}],"predecessor-version":[{"id":54484,"href":"https:\/\/www.almega.se\/api\/wp\/v2\/posts\/41364\/revisions\/54484"}],"wp:featuredmedia":[{"embeddable":true,"href":"https:\/\/www.almega.se\/api\/wp\/v2\/media\/41377"}],"wp:attachment":[{"href":"https:\/\/www.almega.se\/api\/wp\/v2\/media?parent=41364"}],"wp:term":[{"taxonomy":"category","embeddable":true,"href":"https:\/\/www.almega.se\/api\/wp\/v2\/categories?post=41364"},{"taxonomy":"post_tag","embeddable":true,"href":"https:\/\/www.almega.se\/api\/wp\/v2\/tags?post=41364"},{"taxonomy":"type","embeddable":true,"href":"https:\/\/www.almega.se\/api\/wp\/v2\/article_type?post=41364"},{"taxonomy":"agreement","embeddable":true,"href":"https:\/\/www.almega.se\/api\/wp\/v2\/agreement?post=41364"}],"curies":[{"name":"wp","href":"https:\/\/api.w.org\/{rel}","templated":true}]}}