{"id":41346,"date":"2021-12-13T09:14:24","date_gmt":"2021-12-13T08:14:24","guid":{"rendered":"https:\/\/www.almega.se\/?p=41346"},"modified":"2023-10-26T16:23:40","modified_gmt":"2023-10-26T14:23:40","slug":"eu-finansierad-utbildning-for-almegas-medlemsforetag","status":"publish","type":"post","link":"https:\/\/www.almega.se\/2021\/12\/eu-finansierad-utbildning-for-almegas-medlemsforetag\/","title":{"rendered":"EU-finansierad utbildning f\u00f6r Almegas medlems&shy;f\u00f6retag"},"content":{"rendered":"<p class=\"intro\">Beh\u00f6ver dina medarbetare kompetensutvecklas? G\u00e4rna skr\u00e4ddarsytt och helst kostnadsfritt? Nu kan Almegas medlemsf\u00f6retag h\u00f6ja kompetensen och f\u00e5 det finansierat av Europeiska Socialfonden.<\/p>\n\n<p>\u2013 Det \u00e4r naturligtvis gl\u00e4djande att kunna erbjuda v\u00e5ra medlemsf\u00f6retag denna f\u00f6rm\u00e5nliga m\u00f6jlighet att v\u00e4ssa kompetensen. Pandemin har inneburit nya och \u00f6kade krav p\u00e5 yrkeskunskaper, inte minst genom en digitalisering p\u00e5 steroider, s\u00e4ger Nils Bergh, arbetsr\u00e4ttsjurist och en av Almegas f\u00f6retr\u00e4dare i projektets styrgrupp.<\/p>\n\n\n<a class='Share__link Share__link--url copy-text' href='#' rel='nofollow' data-text='behovsanpassade-utbildningar' title='Dela url' data-confirmation='L\u00e4nken kopierades till urklipp'><svg class='icon icon--link'  width='18' height='18' viewBox='0 0 18 18' fill='none' xmlns='http:\/\/www.w3.org\/2000\/svg'>\n            <path d='M10.4142 0.514721L6.87868 4.05025L8.29289 5.46447L11.1213 2.63604L15.364 6.87868L12.5355 9.70711L13.9497 11.1213L17.4853 7.58579C17.8763 7.19476 17.8763 6.5626 17.4853 6.17158L11.8284 0.514721C11.4374 0.123691 10.8052 0.123691 10.4142 0.514721Z' fill='black'\/>\n            <path d='M9.7071 12.5355L6.87868 15.364L2.63604 11.1213L5.46446 8.2929L4.05025 6.87868L0.514716 10.4142C0.123686 10.8052 0.123686 11.4374 0.514716 11.8284L6.17157 17.4853C6.5626 17.8763 7.19475 17.8763 7.58578 17.4853L11.1213 13.9497L9.7071 12.5355Z' fill='black'\/>\n            <path d='M6.17157 11.8284C6.5626 12.2195 7.19475 12.2195 7.58578 11.8284L11.8284 7.58579C12.2195 7.19476 12.2195 6.56261 11.8284 6.17158C11.4374 5.78055 10.8052 5.78055 10.4142 6.17158L6.17157 10.4142C5.78054 10.8052 5.78054 11.4374 6.17157 11.8284Z' fill='black'\/>\n            <\/svg> <\/a>\n<h2 class=\"wp-block-heading\">Behovsanpassade utbildningar<\/h2>\n\n\n\n<p>Utbildningarna kommer att ges av handplockade och h\u00f6gkvalitativa leverant\u00f6rer och ut\u00f6ver digitalisering kommer \u00e4ven ett stort antal utbildningar erbjudas inom ledarskap och aff\u00e4rskunskap. Innan kursstart g\u00f6rs \u00e4ven en gedigen behovsanalys.<\/p>\n\n\n\n<p>\u2013 En utbildning f\u00e5r aldrig k\u00e4nnas som ett sl\u00f6seri med tid. F\u00f6r att s\u00e4kerst\u00e4lla att de tr\u00e4ffar r\u00e4tt har utbudet anpassats efter m\u00e5lgruppens behov. F\u00f6retagens specifika behov kartl\u00e4ggs dessutom genom enk\u00e4ter och workshops, s\u00e4ger Nils Bergh.<\/p>\n\n\n<a class='Share__link Share__link--url copy-text' href='#' rel='nofollow' data-text='finansiering-fran-eu' title='Dela url' data-confirmation='L\u00e4nken kopierades till urklipp'><svg class='icon icon--link'  width='18' height='18' viewBox='0 0 18 18' fill='none' xmlns='http:\/\/www.w3.org\/2000\/svg'>\n            <path d='M10.4142 0.514721L6.87868 4.05025L8.29289 5.46447L11.1213 2.63604L15.364 6.87868L12.5355 9.70711L13.9497 11.1213L17.4853 7.58579C17.8763 7.19476 17.8763 6.5626 17.4853 6.17158L11.8284 0.514721C11.4374 0.123691 10.8052 0.123691 10.4142 0.514721Z' fill='black'\/>\n            <path d='M9.7071 12.5355L6.87868 15.364L2.63604 11.1213L5.46446 8.2929L4.05025 6.87868L0.514716 10.4142C0.123686 10.8052 0.123686 11.4374 0.514716 11.8284L6.17157 17.4853C6.5626 17.8763 7.19475 17.8763 7.58578 17.4853L11.1213 13.9497L9.7071 12.5355Z' fill='black'\/>\n            <path d='M6.17157 11.8284C6.5626 12.2195 7.19475 12.2195 7.58578 11.8284L11.8284 7.58579C12.2195 7.19476 12.2195 6.56261 11.8284 6.17158C11.4374 5.78055 10.8052 5.78055 10.4142 6.17158L6.17157 10.4142C5.78054 10.8052 5.78054 11.4374 6.17157 11.8284Z' fill='black'\/>\n            <\/svg> <\/a>\n<h2 class=\"wp-block-heading\">Finansiering fr\u00e5n EU<\/h2>\n\n\n\n<p>Projektet finansieras av Europeiska Socialfonden, ESF, och \u00e4r \u00f6ppet f\u00f6r alla f\u00f6retag i Stockholms l\u00e4n med f\u00e4rre \u00e4n 50 anst\u00e4llda. En f\u00f6ruts\u00e4ttning \u00e4r att f\u00f6retaget inte mottagit statsst\u00f6d \u00f6verstigande 1,8 miljoner kronor under de senaste tre \u00e5ren.<\/p>\n\n\n\n<p>\u2013 De f\u00f6retag som uppfyller kriterierna kommer allts\u00e5 kunna kompetensutveckla en eller samtliga medarbetare. F\u00f6r utbildningarna, vars marknadsv\u00e4rde ligger p\u00e5 omkring 20 000 kronor per deltagare, betalar f\u00f6retaget bara en administrativ avgift, s\u00e4ger Nils Bergh.<\/p>\n\n\n<a class='Share__link Share__link--url copy-text' href='#' rel='nofollow' data-text='tillsammans-med-unionen' title='Dela url' data-confirmation='L\u00e4nken kopierades till urklipp'><svg class='icon icon--link'  width='18' height='18' viewBox='0 0 18 18' fill='none' xmlns='http:\/\/www.w3.org\/2000\/svg'>\n            <path d='M10.4142 0.514721L6.87868 4.05025L8.29289 5.46447L11.1213 2.63604L15.364 6.87868L12.5355 9.70711L13.9497 11.1213L17.4853 7.58579C17.8763 7.19476 17.8763 6.5626 17.4853 6.17158L11.8284 0.514721C11.4374 0.123691 10.8052 0.123691 10.4142 0.514721Z' fill='black'\/>\n            <path d='M9.7071 12.5355L6.87868 15.364L2.63604 11.1213L5.46446 8.2929L4.05025 6.87868L0.514716 10.4142C0.123686 10.8052 0.123686 11.4374 0.514716 11.8284L6.17157 17.4853C6.5626 17.8763 7.19475 17.8763 7.58578 17.4853L11.1213 13.9497L9.7071 12.5355Z' fill='black'\/>\n            <path d='M6.17157 11.8284C6.5626 12.2195 7.19475 12.2195 7.58578 11.8284L11.8284 7.58579C12.2195 7.19476 12.2195 6.56261 11.8284 6.17158C11.4374 5.78055 10.8052 5.78055 10.4142 6.17158L6.17157 10.4142C5.78054 10.8052 5.78054 11.4374 6.17157 11.8284Z' fill='black'\/>\n            <\/svg> <\/a>\n<h2 class=\"wp-block-heading\">Tillsammans med Unionen<\/h2>\n\n\n\n<p>Vid sidan om projekt\u00e4garen Almega \u00e4r \u00e4ven fackf\u00f6rbundet Unionen med i projektet som samverkande part.<\/p>\n\n\n\n<p>\u2013 Kompetensutveckling ligger minst lika mycket i medarbetarnas intresse. Uppdaterade kunskaper \u00e4r attraktiva p\u00e5 arbetsmarknaden och projektet kommer kunna st\u00e4rka m\u00e5nga arbetstagare, s\u00e4ger Ann-Katrin Dolium, Unionens f\u00f6retr\u00e4dare i projektets styrgrupp.<\/p>\n\n\n<a class='Share__link Share__link--url copy-text' href='#' rel='nofollow' data-text='\"forst-till-kvarn\"' title='Dela url' data-confirmation='L\u00e4nken kopierades till urklipp'><svg class='icon icon--link'  width='18' height='18' viewBox='0 0 18 18' fill='none' xmlns='http:\/\/www.w3.org\/2000\/svg'>\n            <path d='M10.4142 0.514721L6.87868 4.05025L8.29289 5.46447L11.1213 2.63604L15.364 6.87868L12.5355 9.70711L13.9497 11.1213L17.4853 7.58579C17.8763 7.19476 17.8763 6.5626 17.4853 6.17158L11.8284 0.514721C11.4374 0.123691 10.8052 0.123691 10.4142 0.514721Z' fill='black'\/>\n            <path d='M9.7071 12.5355L6.87868 15.364L2.63604 11.1213L5.46446 8.2929L4.05025 6.87868L0.514716 10.4142C0.123686 10.8052 0.123686 11.4374 0.514716 11.8284L6.17157 17.4853C6.5626 17.8763 7.19475 17.8763 7.58578 17.4853L11.1213 13.9497L9.7071 12.5355Z' fill='black'\/>\n            <path d='M6.17157 11.8284C6.5626 12.2195 7.19475 12.2195 7.58578 11.8284L11.8284 7.58579C12.2195 7.19476 12.2195 6.56261 11.8284 6.17158C11.4374 5.78055 10.8052 5.78055 10.4142 6.17158L6.17157 10.4142C5.78054 10.8052 5.78054 11.4374 6.17157 11.8284Z' fill='black'\/>\n            <\/svg> <\/a>\n<h2 class=\"wp-block-heading\">&#8221;F\u00f6rst till kvarn&#8221;<\/h2>\n\n\n\n<p>Antalet utbildningsplatser i projektet \u00e4r begr\u00e4nsat till 600 platser. I ett liknande, tidigare projekt som drevs av Teknikf\u00f6retagen i samverkan med Unionen deltog 3 200 medarbetare.<\/p>\n\n\n\n<p>\u2013 Att l\u00e4gga pengar p\u00e5 kompetensutveckling har kanske inte h\u00f6gsta prioritet hos m\u00e5nga mindre f\u00f6retag, speciellt inte i dagsl\u00e4get. Projektets enda nackdel \u00e4r egentligen deltagarbegr\u00e4nsningen och att det \u00e4r \u2019f\u00f6rst till kvarn\u2019 som g\u00e4ller, s\u00e4ger Nils Bergh.<\/p>\n\n\n\n<p><a href=\"https:\/\/fa-projekt.foretagsakademin.se\/\" target=\"_blank\" rel=\"noreferrer noopener\">Mer information och anm\u00e4lan<\/a><\/p>\n","protected":false},"excerpt":{"rendered":"<p>\u2013 Det \u00e4r naturligtvis gl\u00e4djande att kunna erbjuda v\u00e5ra medlemsf\u00f6retag denna f\u00f6rm\u00e5nliga m\u00f6jlighet att v\u00e4ssa kompetensen. Pandemin har inneburit nya och \u00f6kade krav p\u00e5 yrkeskunskaper, inte minst genom en digitalisering p\u00e5 steroider, s\u00e4ger Nils Bergh, &hellip;<\/p>\n","protected":false},"author":6356,"featured_media":41173,"comment_status":"closed","ping_status":"closed","sticky":false,"template":"","format":"standard","meta":{"_acf_changed":false,"footnotes":""},"categories":[451,79],"tags":[67],"article_type":[55,56],"agreement":[],"class_list":["post-41346","post","type-post","status-publish","format-standard","has-post-thumbnail","hentry","category-arbetsgivarfragor","category-eu-och-internationellt","tag-utbildning-och-kompetens","type-artiklar","type-nyheter"],"acf":[],"yoast_head":"<!-- This site is optimized with the Yoast SEO Premium plugin v26.8 (Yoast SEO v26.8) - https:\/\/yoast.com\/product\/yoast-seo-premium-wordpress\/ -->\n<title>EU-finansierad utbildning f\u00f6r Almegas medlemsf\u00f6retag | Almega<\/title>\n<meta name=\"description\" content=\"Beh\u00f6ver dina medarbetare kompetensutvecklas? G\u00e4rna skr\u00e4ddarsytt och helst kostnadsfritt? Nu kan Almegas medlemsf\u00f6retag h\u00f6ja kompetensen.\" \/>\n<meta name=\"robots\" content=\"index, follow, max-snippet:-1, max-image-preview:large, max-video-preview:-1\" \/>\n<link rel=\"canonical\" href=\"https:\/\/www.almega.se\/2021\/12\/eu-finansierad-utbildning-for-almegas-medlemsforetag\/\" \/>\n<meta property=\"og:locale\" content=\"sv_SE\" \/>\n<meta property=\"og:type\" content=\"article\" \/>\n<meta property=\"og:title\" content=\"EU-finansierad utbildning f\u00f6r Almegas medlemsf\u00f6retag\" \/>\n<meta property=\"og:description\" content=\"Beh\u00f6ver dina medarbetare kompetensutvecklas? G\u00e4rna skr\u00e4ddarsytt och helst kostnadsfritt? Nu kan Almegas medlemsf\u00f6retag h\u00f6ja kompetensen.\" \/>\n<meta property=\"og:url\" content=\"https:\/\/www.almega.se\/2021\/12\/eu-finansierad-utbildning-for-almegas-medlemsforetag\/\" \/>\n<meta property=\"og:site_name\" content=\"Almega\" \/>\n<meta property=\"article:published_time\" content=\"2021-12-13T08:14:24+00:00\" \/>\n<meta property=\"article:modified_time\" content=\"2023-10-26T14:23:40+00:00\" \/>\n<meta property=\"og:image\" content=\"https:\/\/www.almega.se\/app\/uploads\/2021\/12\/almega-vart-nya-arbetsliv-nils-bergh.jpg\" \/>\n\t<meta property=\"og:image:width\" content=\"1000\" \/>\n\t<meta property=\"og:image:height\" content=\"500\" \/>\n\t<meta property=\"og:image:type\" content=\"image\/jpeg\" \/>\n<meta name=\"author\" content=\"Erik Juhlin\" \/>\n<meta name=\"twitter:card\" content=\"summary_large_image\" \/>\n<meta name=\"twitter:label1\" content=\"Skriven av\" \/>\n\t<meta name=\"twitter:data1\" content=\"Erik Juhlin\" \/>\n\t<meta name=\"twitter:label2\" content=\"Ber\u00e4knad l\u00e4stid\" \/>\n\t<meta name=\"twitter:data2\" content=\"2 minuter\" \/>\n<!-- \/ Yoast SEO Premium plugin. -->","yoast_head_json":{"title":"EU-finansierad utbildning f\u00f6r Almegas medlemsf\u00f6retag | Almega","description":"Beh\u00f6ver dina medarbetare kompetensutvecklas? G\u00e4rna skr\u00e4ddarsytt och helst kostnadsfritt? Nu kan Almegas medlemsf\u00f6retag h\u00f6ja kompetensen.","robots":{"index":"index","follow":"follow","max-snippet":"max-snippet:-1","max-image-preview":"max-image-preview:large","max-video-preview":"max-video-preview:-1"},"canonical":"https:\/\/www.almega.se\/2021\/12\/eu-finansierad-utbildning-for-almegas-medlemsforetag\/","og_locale":"sv_SE","og_type":"article","og_title":"EU-finansierad utbildning f\u00f6r Almegas medlemsf\u00f6retag","og_description":"Beh\u00f6ver dina medarbetare kompetensutvecklas? G\u00e4rna skr\u00e4ddarsytt och helst kostnadsfritt? Nu kan Almegas medlemsf\u00f6retag h\u00f6ja kompetensen.","og_url":"https:\/\/www.almega.se\/2021\/12\/eu-finansierad-utbildning-for-almegas-medlemsforetag\/","og_site_name":"Almega","article_published_time":"2021-12-13T08:14:24+00:00","article_modified_time":"2023-10-26T14:23:40+00:00","og_image":[{"width":1000,"height":500,"url":"https:\/\/www.almega.se\/app\/uploads\/2021\/12\/almega-vart-nya-arbetsliv-nils-bergh.jpg","type":"image\/jpeg"}],"author":"Erik Juhlin","twitter_card":"summary_large_image","twitter_misc":{"Skriven av":"Erik Juhlin","Ber\u00e4knad l\u00e4stid":"2 minuter"},"schema":{"@context":"https:\/\/schema.org","@graph":[{"@type":"NewsArticle","@id":"https:\/\/www.almega.se\/2021\/12\/eu-finansierad-utbildning-for-almegas-medlemsforetag\/#article","isPartOf":{"@id":"https:\/\/www.almega.se\/2021\/12\/eu-finansierad-utbildning-for-almegas-medlemsforetag\/"},"author":{"name":"Erik Juhlin","@id":"https:\/\/www.almega.se\/#\/schema\/person\/3c181ea7ead5ab7b14c61584637720f5"},"headline":"EU-finansierad utbildning f\u00f6r Almegas medlems&shy;f\u00f6retag","datePublished":"2021-12-13T08:14:24+00:00","dateModified":"2023-10-26T14:23:40+00:00","mainEntityOfPage":{"@id":"https:\/\/www.almega.se\/2021\/12\/eu-finansierad-utbildning-for-almegas-medlemsforetag\/"},"wordCount":364,"image":{"@id":"https:\/\/www.almega.se\/2021\/12\/eu-finansierad-utbildning-for-almegas-medlemsforetag\/#primaryimage"},"thumbnailUrl":"https:\/\/www.almega.se\/app\/uploads\/2021\/12\/almega-vart-nya-arbetsliv-nils-bergh.jpg","keywords":["Utbildning och kompetens"],"articleSection":["Arbetsgivarfr\u00e5gor","EU och internationellt"],"inLanguage":"sv-SE"},{"@type":"WebPage","@id":"https:\/\/www.almega.se\/2021\/12\/eu-finansierad-utbildning-for-almegas-medlemsforetag\/","url":"https:\/\/www.almega.se\/2021\/12\/eu-finansierad-utbildning-for-almegas-medlemsforetag\/","name":"EU-finansierad utbildning f\u00f6r Almegas medlemsf\u00f6retag | Almega","isPartOf":{"@id":"https:\/\/www.almega.se\/#website"},"primaryImageOfPage":{"@id":"https:\/\/www.almega.se\/2021\/12\/eu-finansierad-utbildning-for-almegas-medlemsforetag\/#primaryimage"},"image":{"@id":"https:\/\/www.almega.se\/2021\/12\/eu-finansierad-utbildning-for-almegas-medlemsforetag\/#primaryimage"},"thumbnailUrl":"https:\/\/www.almega.se\/app\/uploads\/2021\/12\/almega-vart-nya-arbetsliv-nils-bergh.jpg","datePublished":"2021-12-13T08:14:24+00:00","dateModified":"2023-10-26T14:23:40+00:00","author":{"@id":"https:\/\/www.almega.se\/#\/schema\/person\/3c181ea7ead5ab7b14c61584637720f5"},"description":"Beh\u00f6ver dina medarbetare kompetensutvecklas? G\u00e4rna skr\u00e4ddarsytt och helst kostnadsfritt? Nu kan Almegas medlemsf\u00f6retag h\u00f6ja kompetensen.","breadcrumb":{"@id":"https:\/\/www.almega.se\/2021\/12\/eu-finansierad-utbildning-for-almegas-medlemsforetag\/#breadcrumb"},"inLanguage":"sv-SE","potentialAction":[{"@type":"ReadAction","target":["https:\/\/www.almega.se\/2021\/12\/eu-finansierad-utbildning-for-almegas-medlemsforetag\/"]}]},{"@type":"ImageObject","inLanguage":"sv-SE","@id":"https:\/\/www.almega.se\/2021\/12\/eu-finansierad-utbildning-for-almegas-medlemsforetag\/#primaryimage","url":"https:\/\/www.almega.se\/app\/uploads\/2021\/12\/almega-vart-nya-arbetsliv-nils-bergh.jpg","contentUrl":"https:\/\/www.almega.se\/app\/uploads\/2021\/12\/almega-vart-nya-arbetsliv-nils-bergh.jpg","width":1000,"height":500,"caption":"almega-v\u00e5rt nya arbetsliv-nils bergh"},{"@type":"BreadcrumbList","@id":"https:\/\/www.almega.se\/2021\/12\/eu-finansierad-utbildning-for-almegas-medlemsforetag\/#breadcrumb","itemListElement":[{"@type":"ListItem","position":1,"name":"Home","item":"https:\/\/www.almega.se\/"},{"@type":"ListItem","position":2,"name":"EU-finansierad utbildning f\u00f6r Almegas medlems&shy;f\u00f6retag"}]},{"@type":"WebSite","@id":"https:\/\/www.almega.se\/#website","url":"https:\/\/www.almega.se\/","name":"Almega","description":"","potentialAction":[{"@type":"SearchAction","target":{"@type":"EntryPoint","urlTemplate":"https:\/\/www.almega.se\/?s={search_term_string}"},"query-input":{"@type":"PropertyValueSpecification","valueRequired":true,"valueName":"search_term_string"}}],"inLanguage":"sv-SE"},{"@type":"Person","@id":"https:\/\/www.almega.se\/#\/schema\/person\/3c181ea7ead5ab7b14c61584637720f5","name":"Erik Juhlin","image":{"@type":"ImageObject","inLanguage":"sv-SE","@id":"https:\/\/www.almega.se\/#\/schema\/person\/image\/","url":"https:\/\/secure.gravatar.com\/avatar\/ef0e97454357041724f27ea1630fa5bf78b30eea6fc56998e6a03142ad5b1370?s=96&d=mm&r=g","contentUrl":"https:\/\/secure.gravatar.com\/avatar\/ef0e97454357041724f27ea1630fa5bf78b30eea6fc56998e6a03142ad5b1370?s=96&d=mm&r=g","caption":"Erik Juhlin"},"url":"https:\/\/www.almega.se\/person\/erikjuhlin\/"}]}},"_links":{"self":[{"href":"https:\/\/www.almega.se\/api\/wp\/v2\/posts\/41346","targetHints":{"allow":["GET"]}}],"collection":[{"href":"https:\/\/www.almega.se\/api\/wp\/v2\/posts"}],"about":[{"href":"https:\/\/www.almega.se\/api\/wp\/v2\/types\/post"}],"author":[{"embeddable":true,"href":"https:\/\/www.almega.se\/api\/wp\/v2\/users\/6356"}],"replies":[{"embeddable":true,"href":"https:\/\/www.almega.se\/api\/wp\/v2\/comments?post=41346"}],"version-history":[{"count":5,"href":"https:\/\/www.almega.se\/api\/wp\/v2\/posts\/41346\/revisions"}],"predecessor-version":[{"id":54496,"href":"https:\/\/www.almega.se\/api\/wp\/v2\/posts\/41346\/revisions\/54496"}],"wp:featuredmedia":[{"embeddable":true,"href":"https:\/\/www.almega.se\/api\/wp\/v2\/media\/41173"}],"wp:attachment":[{"href":"https:\/\/www.almega.se\/api\/wp\/v2\/media?parent=41346"}],"wp:term":[{"taxonomy":"category","embeddable":true,"href":"https:\/\/www.almega.se\/api\/wp\/v2\/categories?post=41346"},{"taxonomy":"post_tag","embeddable":true,"href":"https:\/\/www.almega.se\/api\/wp\/v2\/tags?post=41346"},{"taxonomy":"type","embeddable":true,"href":"https:\/\/www.almega.se\/api\/wp\/v2\/article_type?post=41346"},{"taxonomy":"agreement","embeddable":true,"href":"https:\/\/www.almega.se\/api\/wp\/v2\/agreement?post=41346"}],"curies":[{"name":"wp","href":"https:\/\/api.w.org\/{rel}","templated":true}]}}