{"id":41192,"date":"2021-12-08T08:59:16","date_gmt":"2021-12-08T07:59:16","guid":{"rendered":"https:\/\/www.almega.se\/?p=41192"},"modified":"2024-07-24T11:13:54","modified_gmt":"2024-07-24T09:13:54","slug":"eus-lonetransparens-hotar-svensk-lonebildningsmodell","status":"publish","type":"post","link":"https:\/\/www.almega.se\/2021\/12\/eus-lonetransparens-hotar-svensk-lonebildningsmodell\/","title":{"rendered":"EU:s l\u00f6netransparens hotar svensk l\u00f6nebildningsmodell"},"content":{"rendered":"<p class=\"intro\">EU:s direktiv om l\u00f6netransparens ska motverka l\u00f6nediskriminering. Men f\u00f6rslaget skjuter snett och riskerar p\u00e5verka l\u00f6nebildningen och leda till omotiverad byr\u00e5krati. \u201dEtt stort hot mot den svenska partsmodellen.\u201d, s\u00e4ger Susanne Sv\u00e4rd Elfstr\u00f6m, arbetsr\u00e4ttsjurist p\u00e5 Almega.<\/p>\n\n<p>EU:s direktiv om l\u00f6netransparens syftar till att komma till r\u00e4tta med l\u00f6nediskriminering mellan kvinnor och m\u00e4n. Detta genom att dels \u00e5stadkomma mer insyn i l\u00f6ner, dels genom att uppr\u00e4tta ett regelverk som uppmuntrar och ger individer st\u00f6rre m\u00f6jlighet att driva \u00e4renden till domstol. F\u00f6retag kommer \u00e4ven att tvingas redovisa l\u00f6neuppgifter l\u00f6pande och p\u00e5 beg\u00e4ran av individer.<\/p>\n\n\n\n<p>\u2013 Det \u00e4r f\u00f6r tidigt att veta exakt hur reglerna kommer att se ut, om de kommer att antas. Men om det blir som vi befarar kommer f\u00f6retag, \u00e5tminstone st\u00f6rre f\u00f6retag, bli skyldiga att redovisa l\u00f6neuppgifter f\u00f6r grupper av individer som utf\u00f6r lika eller likv\u00e4rdigt arbete. F\u00f6renklat uttryckt ska l\u00f6nerna f\u00f6r kvinnor och m\u00e4n som utf\u00f6r lika eller likv\u00e4rdigt arbete g\u00e5 att j\u00e4mf\u00f6ra, s\u00e4ger Susanne Sv\u00e4rd Elfstr\u00f6m, arbetsr\u00e4ttsjurist p\u00e5 Almega.<\/p>\n\n\n<a class='Share__link Share__link--url copy-text' href='#' rel='nofollow' data-text='hotar-lonebildningsmodellen' title='Dela url' data-confirmation='L\u00e4nken kopierades till urklipp'><svg class='icon icon--link'  width='18' height='18' viewBox='0 0 18 18' fill='none' xmlns='http:\/\/www.w3.org\/2000\/svg'>\n            <path d='M10.4142 0.514721L6.87868 4.05025L8.29289 5.46447L11.1213 2.63604L15.364 6.87868L12.5355 9.70711L13.9497 11.1213L17.4853 7.58579C17.8763 7.19476 17.8763 6.5626 17.4853 6.17158L11.8284 0.514721C11.4374 0.123691 10.8052 0.123691 10.4142 0.514721Z' fill='black'\/>\n            <path d='M9.7071 12.5355L6.87868 15.364L2.63604 11.1213L5.46446 8.2929L4.05025 6.87868L0.514716 10.4142C0.123686 10.8052 0.123686 11.4374 0.514716 11.8284L6.17157 17.4853C6.5626 17.8763 7.19475 17.8763 7.58578 17.4853L11.1213 13.9497L9.7071 12.5355Z' fill='black'\/>\n            <path d='M6.17157 11.8284C6.5626 12.2195 7.19475 12.2195 7.58578 11.8284L11.8284 7.58579C12.2195 7.19476 12.2195 6.56261 11.8284 6.17158C11.4374 5.78055 10.8052 5.78055 10.4142 6.17158L6.17157 10.4142C5.78054 10.8052 5.78054 11.4374 6.17157 11.8284Z' fill='black'\/>\n            <\/svg> <\/a>\n<h2 class=\"wp-block-heading\">Hotar l\u00f6nebildningsmodellen<\/h2>\n\n\n\n<p>Inf\u00f6r en anst\u00e4llning kommer arbetsgivare ocks\u00e5 vara skyldiga att informera om vilket l\u00f6nespann som g\u00e4ller f\u00f6r den aktuella tj\u00e4nsten. Det blir dock inte till\u00e5tet att fr\u00e5ga vilken l\u00f6n den arbetss\u00f6kande haft i tidigare anst\u00e4llning.<\/p>\n\n\n\n<p>\u2013 En viktig del av l\u00f6nebildningen \u00e4r att motivera och bel\u00f6na medarbetare och h\u00e4rigenom p\u00e5verka f\u00f6retagens resultat. Inom stora delar av tj\u00e4nstesektorn s\u00e4tts l\u00f6n utifr\u00e5n individens kompetens och prestation, i enlighet med hur f\u00f6retag, fackf\u00f6rbund och individer vill ha det. Det mycket detaljerade f\u00f6rslaget till direktiv hotar denna l\u00f6nes\u00e4ttningsmodell och l\u00f6nebildningen skulle f\u00f6rsv\u00e5ras genom direktivets detaljreglering, s\u00e4ger Susanne Sv\u00e4rd Elfstr\u00f6m.<\/p>\n\n\n<a class='Share__link Share__link--url copy-text' href='#' rel='nofollow' data-text='fler-domstolsarenden-att-vanta' title='Dela url' data-confirmation='L\u00e4nken kopierades till urklipp'><svg class='icon icon--link'  width='18' height='18' viewBox='0 0 18 18' fill='none' xmlns='http:\/\/www.w3.org\/2000\/svg'>\n            <path d='M10.4142 0.514721L6.87868 4.05025L8.29289 5.46447L11.1213 2.63604L15.364 6.87868L12.5355 9.70711L13.9497 11.1213L17.4853 7.58579C17.8763 7.19476 17.8763 6.5626 17.4853 6.17158L11.8284 0.514721C11.4374 0.123691 10.8052 0.123691 10.4142 0.514721Z' fill='black'\/>\n            <path d='M9.7071 12.5355L6.87868 15.364L2.63604 11.1213L5.46446 8.2929L4.05025 6.87868L0.514716 10.4142C0.123686 10.8052 0.123686 11.4374 0.514716 11.8284L6.17157 17.4853C6.5626 17.8763 7.19475 17.8763 7.58578 17.4853L11.1213 13.9497L9.7071 12.5355Z' fill='black'\/>\n            <path d='M6.17157 11.8284C6.5626 12.2195 7.19475 12.2195 7.58578 11.8284L11.8284 7.58579C12.2195 7.19476 12.2195 6.56261 11.8284 6.17158C11.4374 5.78055 10.8052 5.78055 10.4142 6.17158L6.17157 10.4142C5.78054 10.8052 5.78054 11.4374 6.17157 11.8284Z' fill='black'\/>\n            <\/svg> <\/a>\n<h2 class=\"wp-block-heading\">Fler domstols\u00e4renden att v\u00e4nta<\/h2>\n\n\n\n<p>Ett annat omr\u00e5de som skulle p\u00e5verkas negativt av ett direktiv i linje med f\u00f6rslaget \u00e4r den svenska modellen f\u00f6r tvistel\u00f6sning. I dag regleras hur l\u00f6netvister mellan arbetsmarknadens parter ska l\u00f6sas i medbest\u00e4mmandelagen (MBL) och i f\u00f6rhandlingsordningar i kollektivavtalen. Det r\u00e5der en stark tradition p\u00e5 svensk arbetsmarknad att l\u00f6sa tvister i samf\u00f6rst\u00e5nd genom f\u00f6rhandlingar f\u00f6rst p\u00e5 lokal niv\u00e5 och sedan p\u00e5 central niv\u00e5. F\u00f6rst d\u00e4refter tas \u00e4renden till Arbetsdomstolen, n\u00e5got som h\u00e4nder relativt s\u00e4llan.<\/p>\n\n\n\n<p>\u2013 L\u00f6netransparensdirektivet hotar denna svenska tvistel\u00f6sningsmodell. EU-kommissionen vill uttryckligen underl\u00e4tta f\u00f6r individer att driva l\u00f6netvister till domstol. Ist\u00e4llet f\u00f6r att l\u00f6sa tvisten tidigt och i samf\u00f6rst\u00e5nd kommer direktivet troligtvis leda till ett \u00f6kat antal tvister i domstol mellan medarbetare och arbetsgivare och kanske ocks\u00e5 mellan fack och arbetsgivare, s\u00e4ger Susanne Sv\u00e4rd Elfstr\u00f6m.<\/p>\n\n\n<a class='Share__link Share__link--url copy-text' href='#' rel='nofollow' data-text='en-omotiverad-administrativ-borda' title='Dela url' data-confirmation='L\u00e4nken kopierades till urklipp'><svg class='icon icon--link'  width='18' height='18' viewBox='0 0 18 18' fill='none' xmlns='http:\/\/www.w3.org\/2000\/svg'>\n            <path d='M10.4142 0.514721L6.87868 4.05025L8.29289 5.46447L11.1213 2.63604L15.364 6.87868L12.5355 9.70711L13.9497 11.1213L17.4853 7.58579C17.8763 7.19476 17.8763 6.5626 17.4853 6.17158L11.8284 0.514721C11.4374 0.123691 10.8052 0.123691 10.4142 0.514721Z' fill='black'\/>\n            <path d='M9.7071 12.5355L6.87868 15.364L2.63604 11.1213L5.46446 8.2929L4.05025 6.87868L0.514716 10.4142C0.123686 10.8052 0.123686 11.4374 0.514716 11.8284L6.17157 17.4853C6.5626 17.8763 7.19475 17.8763 7.58578 17.4853L11.1213 13.9497L9.7071 12.5355Z' fill='black'\/>\n            <path d='M6.17157 11.8284C6.5626 12.2195 7.19475 12.2195 7.58578 11.8284L11.8284 7.58579C12.2195 7.19476 12.2195 6.56261 11.8284 6.17158C11.4374 5.78055 10.8052 5.78055 10.4142 6.17158L6.17157 10.4142C5.78054 10.8052 5.78054 11.4374 6.17157 11.8284Z' fill='black'\/>\n            <\/svg> <\/a>\n<h2 class=\"wp-block-heading\">En omotiverad administrativ b\u00f6rda<\/h2>\n\n\n\n<p>\u2013 De detaljerade kraven p\u00e5 arbetsgivare n\u00e4r det g\u00e4ller att ta fram och kommunicera data avseende l\u00f6ner kommer ocks\u00e5 inneb\u00e4ra omfattande merarbete och \u00f6kade administrativa kostnader. Om direktivet blir verklighet kommer det att p\u00e5verka hur vi jobbar med l\u00f6ner. Det blir en omotiverad administrativ b\u00f6rda f\u00f6r arbetsgivare och utg\u00f6r ett hot mot hela v\u00e5r l\u00f6nemodell, s\u00e4ger Susanne Sv\u00e4rd Elfstr\u00f6m.<\/p>\n","protected":false},"excerpt":{"rendered":"<p>EU:s direktiv om l\u00f6netransparens syftar till att komma till r\u00e4tta med l\u00f6nediskriminering mellan kvinnor och m\u00e4n. Detta genom att dels \u00e5stadkomma mer insyn i l\u00f6ner, dels genom att uppr\u00e4tta ett regelverk som uppmuntrar och ger &hellip;<\/p>\n","protected":false},"author":6356,"featured_media":40869,"comment_status":"closed","ping_status":"closed","sticky":false,"template":"","format":"standard","meta":{"_acf_changed":false,"footnotes":""},"categories":[451,64,79,689],"tags":[76,58,88,478],"article_type":[55,56],"agreement":[],"class_list":["post-41192","post","type-post","status-publish","format-standard","has-post-thumbnail","hentry","category-arbetsgivarfragor","category-arbetsmarknad","category-eu-och-internationellt","category-lon","tag-kollektivavtal","tag-lon","tag-lonebildning","tag-minimiloner","type-artiklar","type-nyheter"],"acf":[],"yoast_head":"<!-- This site is optimized with the Yoast SEO Premium plugin v26.8 (Yoast SEO v26.8) - https:\/\/yoast.com\/product\/yoast-seo-premium-wordpress\/ -->\n<title>EU:s l\u00f6netransparens hotar svensk l\u00f6nebildningsmodell | Almega<\/title>\n<meta name=\"description\" content=\"EU:s direktiv om europeiska minimil\u00f6ner hotar den svenska modellen menar Susanne Sv\u00e4rd Elfstr\u00f6m, arbetsr\u00e4ttsjurist, Almega. L\u00e4s hela artikeln.\" \/>\n<meta name=\"robots\" content=\"index, follow, max-snippet:-1, max-image-preview:large, max-video-preview:-1\" \/>\n<link rel=\"canonical\" href=\"https:\/\/www.almega.se\/2021\/12\/eus-lonetransparens-hotar-svensk-lonebildningsmodell\/\" \/>\n<meta property=\"og:locale\" content=\"sv_SE\" \/>\n<meta property=\"og:type\" content=\"article\" \/>\n<meta property=\"og:title\" content=\"EU:s l\u00f6netransparens hotar svensk l\u00f6nebildningsmodell\" \/>\n<meta property=\"og:description\" content=\"EU:s direktiv om europeiska minimil\u00f6ner hotar den svenska modellen menar Susanne Sv\u00e4rd Elfstr\u00f6m, arbetsr\u00e4ttsjurist, Almega. L\u00e4s hela artikeln.\" \/>\n<meta property=\"og:url\" content=\"https:\/\/www.almega.se\/2021\/12\/eus-lonetransparens-hotar-svensk-lonebildningsmodell\/\" \/>\n<meta property=\"og:site_name\" content=\"Almega\" \/>\n<meta property=\"article:published_time\" content=\"2021-12-08T07:59:16+00:00\" \/>\n<meta property=\"article:modified_time\" content=\"2024-07-24T09:13:54+00:00\" \/>\n<meta property=\"og:image\" content=\"https:\/\/www.almega.se\/app\/uploads\/2021\/11\/susanne-se-scaled.jpg\" \/>\n\t<meta property=\"og:image:width\" content=\"2560\" \/>\n\t<meta property=\"og:image:height\" content=\"1863\" \/>\n\t<meta property=\"og:image:type\" content=\"image\/jpeg\" \/>\n<meta name=\"author\" content=\"Erik Juhlin\" \/>\n<meta name=\"twitter:card\" content=\"summary_large_image\" \/>\n<meta name=\"twitter:label1\" content=\"Skriven av\" \/>\n\t<meta name=\"twitter:data1\" content=\"Erik Juhlin\" \/>\n\t<meta name=\"twitter:label2\" content=\"Ber\u00e4knad l\u00e4stid\" \/>\n\t<meta name=\"twitter:data2\" content=\"3 minuter\" \/>\n<!-- \/ Yoast SEO Premium plugin. -->","yoast_head_json":{"title":"EU:s l\u00f6netransparens hotar svensk l\u00f6nebildningsmodell | Almega","description":"EU:s direktiv om europeiska minimil\u00f6ner hotar den svenska modellen menar Susanne Sv\u00e4rd Elfstr\u00f6m, arbetsr\u00e4ttsjurist, Almega. L\u00e4s hela artikeln.","robots":{"index":"index","follow":"follow","max-snippet":"max-snippet:-1","max-image-preview":"max-image-preview:large","max-video-preview":"max-video-preview:-1"},"canonical":"https:\/\/www.almega.se\/2021\/12\/eus-lonetransparens-hotar-svensk-lonebildningsmodell\/","og_locale":"sv_SE","og_type":"article","og_title":"EU:s l\u00f6netransparens hotar svensk l\u00f6nebildningsmodell","og_description":"EU:s direktiv om europeiska minimil\u00f6ner hotar den svenska modellen menar Susanne Sv\u00e4rd Elfstr\u00f6m, arbetsr\u00e4ttsjurist, Almega. L\u00e4s hela artikeln.","og_url":"https:\/\/www.almega.se\/2021\/12\/eus-lonetransparens-hotar-svensk-lonebildningsmodell\/","og_site_name":"Almega","article_published_time":"2021-12-08T07:59:16+00:00","article_modified_time":"2024-07-24T09:13:54+00:00","og_image":[{"width":2560,"height":1863,"url":"https:\/\/www.almega.se\/app\/uploads\/2021\/11\/susanne-se-scaled.jpg","type":"image\/jpeg"}],"author":"Erik Juhlin","twitter_card":"summary_large_image","twitter_misc":{"Skriven av":"Erik Juhlin","Ber\u00e4knad l\u00e4stid":"3 minuter"},"schema":{"@context":"https:\/\/schema.org","@graph":[{"@type":"NewsArticle","@id":"https:\/\/www.almega.se\/2021\/12\/eus-lonetransparens-hotar-svensk-lonebildningsmodell\/#article","isPartOf":{"@id":"https:\/\/www.almega.se\/2021\/12\/eus-lonetransparens-hotar-svensk-lonebildningsmodell\/"},"author":{"name":"Erik Juhlin","@id":"https:\/\/www.almega.se\/#\/schema\/person\/3c181ea7ead5ab7b14c61584637720f5"},"headline":"EU:s l\u00f6netransparens hotar svensk l\u00f6nebildningsmodell","datePublished":"2021-12-08T07:59:16+00:00","dateModified":"2024-07-24T09:13:54+00:00","mainEntityOfPage":{"@id":"https:\/\/www.almega.se\/2021\/12\/eus-lonetransparens-hotar-svensk-lonebildningsmodell\/"},"wordCount":533,"image":{"@id":"https:\/\/www.almega.se\/2021\/12\/eus-lonetransparens-hotar-svensk-lonebildningsmodell\/#primaryimage"},"thumbnailUrl":"https:\/\/www.almega.se\/app\/uploads\/2021\/11\/susanne-se-scaled.jpg","keywords":["Kollektivavtal","L\u00f6n","L\u00f6nebildning","Minimil\u00f6ner"],"articleSection":["Arbetsgivarfr\u00e5gor","Arbetsmarknad","EU och internationellt","L\u00f6n"],"inLanguage":"sv-SE"},{"@type":"WebPage","@id":"https:\/\/www.almega.se\/2021\/12\/eus-lonetransparens-hotar-svensk-lonebildningsmodell\/","url":"https:\/\/www.almega.se\/2021\/12\/eus-lonetransparens-hotar-svensk-lonebildningsmodell\/","name":"EU:s l\u00f6netransparens hotar svensk l\u00f6nebildningsmodell | Almega","isPartOf":{"@id":"https:\/\/www.almega.se\/#website"},"primaryImageOfPage":{"@id":"https:\/\/www.almega.se\/2021\/12\/eus-lonetransparens-hotar-svensk-lonebildningsmodell\/#primaryimage"},"image":{"@id":"https:\/\/www.almega.se\/2021\/12\/eus-lonetransparens-hotar-svensk-lonebildningsmodell\/#primaryimage"},"thumbnailUrl":"https:\/\/www.almega.se\/app\/uploads\/2021\/11\/susanne-se-scaled.jpg","datePublished":"2021-12-08T07:59:16+00:00","dateModified":"2024-07-24T09:13:54+00:00","author":{"@id":"https:\/\/www.almega.se\/#\/schema\/person\/3c181ea7ead5ab7b14c61584637720f5"},"description":"EU:s direktiv om europeiska minimil\u00f6ner hotar den svenska modellen menar Susanne Sv\u00e4rd Elfstr\u00f6m, arbetsr\u00e4ttsjurist, Almega. L\u00e4s hela artikeln.","breadcrumb":{"@id":"https:\/\/www.almega.se\/2021\/12\/eus-lonetransparens-hotar-svensk-lonebildningsmodell\/#breadcrumb"},"inLanguage":"sv-SE","potentialAction":[{"@type":"ReadAction","target":["https:\/\/www.almega.se\/2021\/12\/eus-lonetransparens-hotar-svensk-lonebildningsmodell\/"]}]},{"@type":"ImageObject","inLanguage":"sv-SE","@id":"https:\/\/www.almega.se\/2021\/12\/eus-lonetransparens-hotar-svensk-lonebildningsmodell\/#primaryimage","url":"https:\/\/www.almega.se\/app\/uploads\/2021\/11\/susanne-se-scaled.jpg","contentUrl":"https:\/\/www.almega.se\/app\/uploads\/2021\/11\/susanne-se-scaled.jpg","width":2560,"height":1863,"caption":"Europeiska minimil\u00f6ner allt n\u00e4rmare"},{"@type":"BreadcrumbList","@id":"https:\/\/www.almega.se\/2021\/12\/eus-lonetransparens-hotar-svensk-lonebildningsmodell\/#breadcrumb","itemListElement":[{"@type":"ListItem","position":1,"name":"Home","item":"https:\/\/www.almega.se\/"},{"@type":"ListItem","position":2,"name":"EU:s l\u00f6netransparens hotar svensk l\u00f6nebildningsmodell"}]},{"@type":"WebSite","@id":"https:\/\/www.almega.se\/#website","url":"https:\/\/www.almega.se\/","name":"Almega","description":"","potentialAction":[{"@type":"SearchAction","target":{"@type":"EntryPoint","urlTemplate":"https:\/\/www.almega.se\/?s={search_term_string}"},"query-input":{"@type":"PropertyValueSpecification","valueRequired":true,"valueName":"search_term_string"}}],"inLanguage":"sv-SE"},{"@type":"Person","@id":"https:\/\/www.almega.se\/#\/schema\/person\/3c181ea7ead5ab7b14c61584637720f5","name":"Erik Juhlin","image":{"@type":"ImageObject","inLanguage":"sv-SE","@id":"https:\/\/www.almega.se\/#\/schema\/person\/image\/","url":"https:\/\/secure.gravatar.com\/avatar\/ef0e97454357041724f27ea1630fa5bf78b30eea6fc56998e6a03142ad5b1370?s=96&d=mm&r=g","contentUrl":"https:\/\/secure.gravatar.com\/avatar\/ef0e97454357041724f27ea1630fa5bf78b30eea6fc56998e6a03142ad5b1370?s=96&d=mm&r=g","caption":"Erik Juhlin"},"url":"https:\/\/www.almega.se\/person\/erikjuhlin\/"}]}},"_links":{"self":[{"href":"https:\/\/www.almega.se\/api\/wp\/v2\/posts\/41192","targetHints":{"allow":["GET"]}}],"collection":[{"href":"https:\/\/www.almega.se\/api\/wp\/v2\/posts"}],"about":[{"href":"https:\/\/www.almega.se\/api\/wp\/v2\/types\/post"}],"author":[{"embeddable":true,"href":"https:\/\/www.almega.se\/api\/wp\/v2\/users\/6356"}],"replies":[{"embeddable":true,"href":"https:\/\/www.almega.se\/api\/wp\/v2\/comments?post=41192"}],"version-history":[{"count":4,"href":"https:\/\/www.almega.se\/api\/wp\/v2\/posts\/41192\/revisions"}],"predecessor-version":[{"id":54450,"href":"https:\/\/www.almega.se\/api\/wp\/v2\/posts\/41192\/revisions\/54450"}],"wp:featuredmedia":[{"embeddable":true,"href":"https:\/\/www.almega.se\/api\/wp\/v2\/media\/40869"}],"wp:attachment":[{"href":"https:\/\/www.almega.se\/api\/wp\/v2\/media?parent=41192"}],"wp:term":[{"taxonomy":"category","embeddable":true,"href":"https:\/\/www.almega.se\/api\/wp\/v2\/categories?post=41192"},{"taxonomy":"post_tag","embeddable":true,"href":"https:\/\/www.almega.se\/api\/wp\/v2\/tags?post=41192"},{"taxonomy":"type","embeddable":true,"href":"https:\/\/www.almega.se\/api\/wp\/v2\/article_type?post=41192"},{"taxonomy":"agreement","embeddable":true,"href":"https:\/\/www.almega.se\/api\/wp\/v2\/agreement?post=41192"}],"curies":[{"name":"wp","href":"https:\/\/api.w.org\/{rel}","templated":true}]}}