{"id":41102,"date":"2021-11-29T15:10:24","date_gmt":"2021-11-29T14:10:24","guid":{"rendered":"https:\/\/www.almega.se\/?p=41102"},"modified":"2021-11-29T15:10:24","modified_gmt":"2021-11-29T14:10:24","slug":"ett-samtal-om-almegas-nya-intervjuserie-for-medlemmar","status":"publish","type":"post","link":"https:\/\/www.almega.se\/2021\/11\/ett-samtal-om-almegas-nya-intervjuserie-for-medlemmar\/","title":{"rendered":"\u201dEtt samtal om\u201d: Almegas nya intervjuserie f\u00f6r medlemmar"},"content":{"rendered":"<p class=\"intro\">Almega lanserar en intervjuserie i kortfilmsformat, exklusivt f\u00f6r dig som medlem. I \u201dEtt samtal om\u201d ger v\u00e5ra vassaste arbetsr\u00e4tts- och arbetsmilj\u00f6experter svar p\u00e5 medlemsf\u00f6retagens mest angel\u00e4gna fr\u00e5gor.<\/p>\n\n<p>Intervjuserien \u201dEtt samtal om\u201d ger dig som arbetsgivare praktisk information, paketerad i ett l\u00e4ttsamt samtalsformat, modererad av Almegas arbetsr\u00e4ttsjurist Nils Bergh. Korta upplysande filmer som du som medlem kan ta del av n\u00e4r det passar dig. Hittills finns tv\u00e5 avsnitt tillg\u00e4ngliga.<\/p>\n\n\n<a class='Share__link Share__link--url copy-text' href='#' rel='nofollow' data-text='avsnitt-1:-arbetsgivaren-och-att-fa-ratt' title='Dela url' data-confirmation='L\u00e4nken kopierades till urklipp'><svg class='icon icon--link'  width='18' height='18' viewBox='0 0 18 18' fill='none' xmlns='http:\/\/www.w3.org\/2000\/svg'>\n            <path d='M10.4142 0.514721L6.87868 4.05025L8.29289 5.46447L11.1213 2.63604L15.364 6.87868L12.5355 9.70711L13.9497 11.1213L17.4853 7.58579C17.8763 7.19476 17.8763 6.5626 17.4853 6.17158L11.8284 0.514721C11.4374 0.123691 10.8052 0.123691 10.4142 0.514721Z' fill='black'\/>\n            <path d='M9.7071 12.5355L6.87868 15.364L2.63604 11.1213L5.46446 8.2929L4.05025 6.87868L0.514716 10.4142C0.123686 10.8052 0.123686 11.4374 0.514716 11.8284L6.17157 17.4853C6.5626 17.8763 7.19475 17.8763 7.58578 17.4853L11.1213 13.9497L9.7071 12.5355Z' fill='black'\/>\n            <path d='M6.17157 11.8284C6.5626 12.2195 7.19475 12.2195 7.58578 11.8284L11.8284 7.58579C12.2195 7.19476 12.2195 6.56261 11.8284 6.17158C11.4374 5.78055 10.8052 5.78055 10.4142 6.17158L6.17157 10.4142C5.78054 10.8052 5.78054 11.4374 6.17157 11.8284Z' fill='black'\/>\n            <\/svg> <\/a>\n<h2 class=\"wp-block-heading\">Avsnitt 1: Arbetsgivaren och att f\u00e5 r\u00e4tt<\/h2>\n\n\n\n<p>I det f\u00f6rsta avsnittet (i tv\u00e5 delar) \u2013 \u201dArbetsgivaren och att f\u00e5 r\u00e4tt\u201d \u2013 samtalar Nils Bergh med en av v\u00e5ra mest erfarna arbetsr\u00e4ttsjurister, Lars B\u00e4ckstr\u00f6m, kring hur arbetsgivaren kan bevisa det den p\u00e5st\u00e5r \u2013 till exempel g\u00e4llande n\u00e4r en medarbetare har missk\u00f6tt sig. Vad f\u00e5r man och vad f\u00e5r man inte g\u00f6ra som arbetsgivare? Och vad ska man t\u00e4nka p\u00e5 i samtalet med medarbetaren? Ett avsnitt som ger expertsvar p\u00e5 sv\u00e5ra fr\u00e5gor.<\/p>\n\n\n<a class='Share__link Share__link--url copy-text' href='#' rel='nofollow' data-text='avsnitt-2:-arbetsmiljo-vid-distansarbete' title='Dela url' data-confirmation='L\u00e4nken kopierades till urklipp'><svg class='icon icon--link'  width='18' height='18' viewBox='0 0 18 18' fill='none' xmlns='http:\/\/www.w3.org\/2000\/svg'>\n            <path d='M10.4142 0.514721L6.87868 4.05025L8.29289 5.46447L11.1213 2.63604L15.364 6.87868L12.5355 9.70711L13.9497 11.1213L17.4853 7.58579C17.8763 7.19476 17.8763 6.5626 17.4853 6.17158L11.8284 0.514721C11.4374 0.123691 10.8052 0.123691 10.4142 0.514721Z' fill='black'\/>\n            <path d='M9.7071 12.5355L6.87868 15.364L2.63604 11.1213L5.46446 8.2929L4.05025 6.87868L0.514716 10.4142C0.123686 10.8052 0.123686 11.4374 0.514716 11.8284L6.17157 17.4853C6.5626 17.8763 7.19475 17.8763 7.58578 17.4853L11.1213 13.9497L9.7071 12.5355Z' fill='black'\/>\n            <path d='M6.17157 11.8284C6.5626 12.2195 7.19475 12.2195 7.58578 11.8284L11.8284 7.58579C12.2195 7.19476 12.2195 6.56261 11.8284 6.17158C11.4374 5.78055 10.8052 5.78055 10.4142 6.17158L6.17157 10.4142C5.78054 10.8052 5.78054 11.4374 6.17157 11.8284Z' fill='black'\/>\n            <\/svg> <\/a>\n<h2 class=\"wp-block-heading\">Avsnitt 2: Arbetsmilj\u00f6 vid distansarbete<\/h2>\n\n\n\n<p>Det andra avsnittet (i tv\u00e5 delar) \u00e4r ett samtal med v\u00e5r arbetsmilj\u00f6expert Maria Morberg om fr\u00e5gan p\u00e5 allas l\u00e4ppar \u2013 \u201dArbetsmilj\u00f6 vid distansarbete\u201d. Att distansarbete kommit f\u00f6r att stanna verkar det inte r\u00e5da n\u00e5got tvivel om \u2013 men i vilken omfattning och form? Vem ansvarar f\u00f6r arbetsmilj\u00f6n vid distansarbete, och beh\u00f6vs utbildning i sj\u00e4lvledarskap? Kommer anv\u00e4ndning av digitala verktyg beh\u00f6va begr\u00e4nsas p\u00e5 grund av arbetsmilj\u00f6sk\u00e4l? Ett avsnitt som tar upp de m\u00e5nga fr\u00e5gor som distansarbetet v\u00e4cker.<\/p>\n\n\n<a class='Share__link Share__link--url copy-text' href='#' rel='nofollow' data-text='titta-pa-intervjuserien' title='Dela url' data-confirmation='L\u00e4nken kopierades till urklipp'><svg class='icon icon--link'  width='18' height='18' viewBox='0 0 18 18' fill='none' xmlns='http:\/\/www.w3.org\/2000\/svg'>\n            <path d='M10.4142 0.514721L6.87868 4.05025L8.29289 5.46447L11.1213 2.63604L15.364 6.87868L12.5355 9.70711L13.9497 11.1213L17.4853 7.58579C17.8763 7.19476 17.8763 6.5626 17.4853 6.17158L11.8284 0.514721C11.4374 0.123691 10.8052 0.123691 10.4142 0.514721Z' fill='black'\/>\n            <path d='M9.7071 12.5355L6.87868 15.364L2.63604 11.1213L5.46446 8.2929L4.05025 6.87868L0.514716 10.4142C0.123686 10.8052 0.123686 11.4374 0.514716 11.8284L6.17157 17.4853C6.5626 17.8763 7.19475 17.8763 7.58578 17.4853L11.1213 13.9497L9.7071 12.5355Z' fill='black'\/>\n            <path d='M6.17157 11.8284C6.5626 12.2195 7.19475 12.2195 7.58578 11.8284L11.8284 7.58579C12.2195 7.19476 12.2195 6.56261 11.8284 6.17158C11.4374 5.78055 10.8052 5.78055 10.4142 6.17158L6.17157 10.4142C5.78054 10.8052 5.78054 11.4374 6.17157 11.8284Z' fill='black'\/>\n            <\/svg> <\/a>\n<h2 class=\"wp-block-heading\">Titta p\u00e5 intervjuserien<\/h2>\n\n\n\n<p>H\u00e4r kan du som medlem <a href=\"https:\/\/www.almega.se\/utbildning\/digitala-seminarier-och-inspelade-utbildningar-2021\/\" target=\"_blank\" rel=\"noopener\">logga in och titta p\u00e5 intervjuserien \u201dEtt samtal om\u201d<\/a>.<\/p>\n","protected":false},"excerpt":{"rendered":"<p>Intervjuserien \u201dEtt samtal om\u201d ger dig som arbetsgivare praktisk information, paketerad i ett l\u00e4ttsamt samtalsformat, modererad av Almegas arbetsr\u00e4ttsjurist Nils Bergh. Korta upplysande filmer som du som medlem kan ta del av n\u00e4r det passar &hellip;<\/p>\n","protected":false},"author":7594,"featured_media":41108,"comment_status":"closed","ping_status":"closed","sticky":false,"template":"","format":"standard","meta":{"_acf_changed":false,"footnotes":""},"categories":[451],"tags":[533,527],"article_type":[55,56],"agreement":[],"class_list":["post-41102","post","type-post","status-publish","format-standard","has-post-thumbnail","hentry","category-arbetsgivarfragor","tag-arbetsmiljo","tag-framtidens-arbetsliv","type-artiklar","type-nyheter"],"acf":[],"yoast_head":"<!-- This site is optimized with the Yoast SEO Premium plugin v26.8 (Yoast SEO v26.8) - https:\/\/yoast.com\/product\/yoast-seo-premium-wordpress\/ -->\n<title>\u201dEtt samtal om\u201d: Almegas nya intervjuserie f\u00f6r medlemmar<\/title>\n<meta name=\"description\" content=\"I intervjuserien \u201dEtt samtal om\u201d ger v\u00e5ra vassaste arbetsr\u00e4tts- och arbetsmilj\u00f6experter svar p\u00e5 v\u00e5ra medlemsf\u00f6retags mest angel\u00e4gna fr\u00e5gor.\" \/>\n<meta name=\"robots\" content=\"index, follow, max-snippet:-1, max-image-preview:large, max-video-preview:-1\" \/>\n<link rel=\"canonical\" href=\"https:\/\/www.almega.se\/2021\/11\/ett-samtal-om-almegas-nya-intervjuserie-for-medlemmar\/\" \/>\n<meta property=\"og:locale\" content=\"sv_SE\" \/>\n<meta property=\"og:type\" content=\"article\" \/>\n<meta property=\"og:title\" content=\"\u201dEtt samtal om\u201d: Almegas nya intervjuserie f\u00f6r medlemmar\" \/>\n<meta property=\"og:description\" content=\"I intervjuserien \u201dEtt samtal om\u201d ger v\u00e5ra vassaste arbetsr\u00e4tts- och arbetsmilj\u00f6experter svar p\u00e5 v\u00e5ra medlemsf\u00f6retags mest angel\u00e4gna fr\u00e5gor.\" \/>\n<meta property=\"og:url\" content=\"https:\/\/www.almega.se\/2021\/11\/ett-samtal-om-almegas-nya-intervjuserie-for-medlemmar\/\" \/>\n<meta property=\"og:site_name\" content=\"Almega\" \/>\n<meta property=\"article:published_time\" content=\"2021-11-29T14:10:24+00:00\" \/>\n<meta property=\"og:image\" content=\"https:\/\/www.almega.se\/app\/uploads\/2021\/11\/ett-samtal-om-toppbild.jpg\" \/>\n\t<meta property=\"og:image:width\" content=\"1002\" \/>\n\t<meta property=\"og:image:height\" content=\"600\" \/>\n\t<meta property=\"og:image:type\" content=\"image\/jpeg\" \/>\n<meta name=\"author\" content=\"Moa Thorsell\" \/>\n<meta name=\"twitter:card\" content=\"summary_large_image\" \/>\n<meta name=\"twitter:label1\" content=\"Skriven av\" \/>\n\t<meta name=\"twitter:data1\" content=\"Moa Thorsell\" \/>\n\t<meta name=\"twitter:label2\" content=\"Ber\u00e4knad l\u00e4stid\" \/>\n\t<meta name=\"twitter:data2\" content=\"2 minuter\" \/>\n<!-- \/ Yoast SEO Premium plugin. -->","yoast_head_json":{"title":"\u201dEtt samtal om\u201d: Almegas nya intervjuserie f\u00f6r medlemmar","description":"I intervjuserien \u201dEtt samtal om\u201d ger v\u00e5ra vassaste arbetsr\u00e4tts- och arbetsmilj\u00f6experter svar p\u00e5 v\u00e5ra medlemsf\u00f6retags mest angel\u00e4gna fr\u00e5gor.","robots":{"index":"index","follow":"follow","max-snippet":"max-snippet:-1","max-image-preview":"max-image-preview:large","max-video-preview":"max-video-preview:-1"},"canonical":"https:\/\/www.almega.se\/2021\/11\/ett-samtal-om-almegas-nya-intervjuserie-for-medlemmar\/","og_locale":"sv_SE","og_type":"article","og_title":"\u201dEtt samtal om\u201d: Almegas nya intervjuserie f\u00f6r medlemmar","og_description":"I intervjuserien \u201dEtt samtal om\u201d ger v\u00e5ra vassaste arbetsr\u00e4tts- och arbetsmilj\u00f6experter svar p\u00e5 v\u00e5ra medlemsf\u00f6retags mest angel\u00e4gna fr\u00e5gor.","og_url":"https:\/\/www.almega.se\/2021\/11\/ett-samtal-om-almegas-nya-intervjuserie-for-medlemmar\/","og_site_name":"Almega","article_published_time":"2021-11-29T14:10:24+00:00","og_image":[{"width":1002,"height":600,"url":"https:\/\/www.almega.se\/app\/uploads\/2021\/11\/ett-samtal-om-toppbild.jpg","type":"image\/jpeg"}],"author":"Moa Thorsell","twitter_card":"summary_large_image","twitter_misc":{"Skriven av":"Moa Thorsell","Ber\u00e4knad l\u00e4stid":"2 minuter"},"schema":{"@context":"https:\/\/schema.org","@graph":[{"@type":"NewsArticle","@id":"https:\/\/www.almega.se\/2021\/11\/ett-samtal-om-almegas-nya-intervjuserie-for-medlemmar\/#article","isPartOf":{"@id":"https:\/\/www.almega.se\/2021\/11\/ett-samtal-om-almegas-nya-intervjuserie-for-medlemmar\/"},"author":{"name":"Moa Thorsell","@id":"https:\/\/www.almega.se\/#\/schema\/person\/608be0e9b9068b1cf2da84cf89f14ab1"},"headline":"\u201dEtt samtal om\u201d: Almegas nya intervjuserie f\u00f6r medlemmar","datePublished":"2021-11-29T14:10:24+00:00","mainEntityOfPage":{"@id":"https:\/\/www.almega.se\/2021\/11\/ett-samtal-om-almegas-nya-intervjuserie-for-medlemmar\/"},"wordCount":263,"image":{"@id":"https:\/\/www.almega.se\/2021\/11\/ett-samtal-om-almegas-nya-intervjuserie-for-medlemmar\/#primaryimage"},"thumbnailUrl":"https:\/\/www.almega.se\/app\/uploads\/2021\/11\/ett-samtal-om-toppbild.jpg","keywords":["Arbetsmilj\u00f6","Framtidens arbetsliv"],"articleSection":["Arbetsgivarfr\u00e5gor"],"inLanguage":"sv-SE"},{"@type":"WebPage","@id":"https:\/\/www.almega.se\/2021\/11\/ett-samtal-om-almegas-nya-intervjuserie-for-medlemmar\/","url":"https:\/\/www.almega.se\/2021\/11\/ett-samtal-om-almegas-nya-intervjuserie-for-medlemmar\/","name":"\u201dEtt samtal om\u201d: Almegas nya intervjuserie f\u00f6r medlemmar","isPartOf":{"@id":"https:\/\/www.almega.se\/#website"},"primaryImageOfPage":{"@id":"https:\/\/www.almega.se\/2021\/11\/ett-samtal-om-almegas-nya-intervjuserie-for-medlemmar\/#primaryimage"},"image":{"@id":"https:\/\/www.almega.se\/2021\/11\/ett-samtal-om-almegas-nya-intervjuserie-for-medlemmar\/#primaryimage"},"thumbnailUrl":"https:\/\/www.almega.se\/app\/uploads\/2021\/11\/ett-samtal-om-toppbild.jpg","datePublished":"2021-11-29T14:10:24+00:00","author":{"@id":"https:\/\/www.almega.se\/#\/schema\/person\/608be0e9b9068b1cf2da84cf89f14ab1"},"description":"I intervjuserien \u201dEtt samtal om\u201d ger v\u00e5ra vassaste arbetsr\u00e4tts- och arbetsmilj\u00f6experter svar p\u00e5 v\u00e5ra medlemsf\u00f6retags mest angel\u00e4gna fr\u00e5gor.","breadcrumb":{"@id":"https:\/\/www.almega.se\/2021\/11\/ett-samtal-om-almegas-nya-intervjuserie-for-medlemmar\/#breadcrumb"},"inLanguage":"sv-SE","potentialAction":[{"@type":"ReadAction","target":["https:\/\/www.almega.se\/2021\/11\/ett-samtal-om-almegas-nya-intervjuserie-for-medlemmar\/"]}]},{"@type":"ImageObject","inLanguage":"sv-SE","@id":"https:\/\/www.almega.se\/2021\/11\/ett-samtal-om-almegas-nya-intervjuserie-for-medlemmar\/#primaryimage","url":"https:\/\/www.almega.se\/app\/uploads\/2021\/11\/ett-samtal-om-toppbild.jpg","contentUrl":"https:\/\/www.almega.se\/app\/uploads\/2021\/11\/ett-samtal-om-toppbild.jpg","width":1002,"height":600,"caption":"ett samtal om-almega-nils bergh-lars b\u00e4ckstr\u00f6m"},{"@type":"BreadcrumbList","@id":"https:\/\/www.almega.se\/2021\/11\/ett-samtal-om-almegas-nya-intervjuserie-for-medlemmar\/#breadcrumb","itemListElement":[{"@type":"ListItem","position":1,"name":"Home","item":"https:\/\/www.almega.se\/"},{"@type":"ListItem","position":2,"name":"\u201dEtt samtal om\u201d: Almegas nya intervjuserie f\u00f6r medlemmar"}]},{"@type":"WebSite","@id":"https:\/\/www.almega.se\/#website","url":"https:\/\/www.almega.se\/","name":"Almega","description":"","potentialAction":[{"@type":"SearchAction","target":{"@type":"EntryPoint","urlTemplate":"https:\/\/www.almega.se\/?s={search_term_string}"},"query-input":{"@type":"PropertyValueSpecification","valueRequired":true,"valueName":"search_term_string"}}],"inLanguage":"sv-SE"},{"@type":"Person","@id":"https:\/\/www.almega.se\/#\/schema\/person\/608be0e9b9068b1cf2da84cf89f14ab1","name":"Moa Thorsell","image":{"@type":"ImageObject","inLanguage":"sv-SE","@id":"https:\/\/www.almega.se\/#\/schema\/person\/image\/","url":"https:\/\/secure.gravatar.com\/avatar\/21013fd5f24a5c5a5dbf121171ff6d75c7ac2e8319c3777fcbcbf9329b2028c0?s=96&d=mm&r=g","contentUrl":"https:\/\/secure.gravatar.com\/avatar\/21013fd5f24a5c5a5dbf121171ff6d75c7ac2e8319c3777fcbcbf9329b2028c0?s=96&d=mm&r=g","caption":"Moa Thorsell"},"url":"https:\/\/www.almega.se\/person\/moathorsell\/"}]}},"_links":{"self":[{"href":"https:\/\/www.almega.se\/api\/wp\/v2\/posts\/41102","targetHints":{"allow":["GET"]}}],"collection":[{"href":"https:\/\/www.almega.se\/api\/wp\/v2\/posts"}],"about":[{"href":"https:\/\/www.almega.se\/api\/wp\/v2\/types\/post"}],"author":[{"embeddable":true,"href":"https:\/\/www.almega.se\/api\/wp\/v2\/users\/7594"}],"replies":[{"embeddable":true,"href":"https:\/\/www.almega.se\/api\/wp\/v2\/comments?post=41102"}],"version-history":[{"count":3,"href":"https:\/\/www.almega.se\/api\/wp\/v2\/posts\/41102\/revisions"}],"predecessor-version":[{"id":54457,"href":"https:\/\/www.almega.se\/api\/wp\/v2\/posts\/41102\/revisions\/54457"}],"wp:featuredmedia":[{"embeddable":true,"href":"https:\/\/www.almega.se\/api\/wp\/v2\/media\/41108"}],"wp:attachment":[{"href":"https:\/\/www.almega.se\/api\/wp\/v2\/media?parent=41102"}],"wp:term":[{"taxonomy":"category","embeddable":true,"href":"https:\/\/www.almega.se\/api\/wp\/v2\/categories?post=41102"},{"taxonomy":"post_tag","embeddable":true,"href":"https:\/\/www.almega.se\/api\/wp\/v2\/tags?post=41102"},{"taxonomy":"type","embeddable":true,"href":"https:\/\/www.almega.se\/api\/wp\/v2\/article_type?post=41102"},{"taxonomy":"agreement","embeddable":true,"href":"https:\/\/www.almega.se\/api\/wp\/v2\/agreement?post=41102"}],"curies":[{"name":"wp","href":"https:\/\/api.w.org\/{rel}","templated":true}]}}