{"id":40972,"date":"2021-11-19T10:19:39","date_gmt":"2021-11-19T09:19:39","guid":{"rendered":"https:\/\/www.almega.se\/?p=40972"},"modified":"2021-11-19T10:19:39","modified_gmt":"2021-11-19T09:19:39","slug":"sa-far-technogarden-hjalp-med-snabbare-hantering-av-arbetstillstand","status":"publish","type":"post","link":"https:\/\/www.almega.se\/2021\/11\/sa-far-technogarden-hjalp-med-snabbare-hantering-av-arbetstillstand\/","title":{"rendered":"S\u00e5 f\u00e5r Technogarden hj\u00e4lp med snabbare hantering av arbetstillst\u00e5nd"},"content":{"rendered":"<p style=\"font-weight: 400\">Sparad tid och \u00f6kad trygghet \u2013 det f\u00e5r medlemsf\u00f6retag som tar Almegas hj\u00e4lp f\u00f6r att s\u00f6ka arbetstillst\u00e5nd f\u00f6r personer fr\u00e5n l\u00e4nder utanf\u00f6r EU\/EES och Schweiz. Ulrika Ydse, konsultchef p\u00e5 Technogarden, tipsar om varf\u00f6r det \u00e4r klokt att ta Migrationsverkets snabbhantering f\u00f6r ans\u00f6kningsprocessen.<\/p>\n\n<p><\/p>\n\n\n\n<h3 class=\"wp-block-heading\">Hur ser Technogardens behov av arbetstillst\u00e5nd ut?<\/h3>\n\n\n\n<p>\u2013 Technogarden har n\u00e5gra medarbetare fr\u00e5n icke-europeiska l\u00e4nder. Tidigare har vi gjort ans\u00f6kningsprocessen sj\u00e4lva, men i samband med att vi blev medlemmar i Almega och tecknade kollektivavtal den 1 januari 2020, fick vi \u00e4ven upp \u00f6gonen f\u00f6r att de kan hj\u00e4lpa till med snabbhantering av arbetstillst\u00e5nd.<\/p>\n\n\n\n<p>Det senaste \u00e5ret har vi gjort tre ans\u00f6kningar med hj\u00e4lp av Almegas snabbhantering, f\u00f6r att forts\u00e4tta t\u00e4cka v\u00e5rt ingenj\u00f6rskompetensbehov. I ett fall handlar det om en medarbetare fr\u00e5n Guatemala och i ett annat fall om en medarbetare fr\u00e5n Kina. Den sistn\u00e4mnda hade redan ett tillst\u00e5nd att s\u00f6ka jobb efter studierna i Sverige och beh\u00f6vde s\u00f6ka ett arbetstillst\u00e5nd n\u00e4r vi erbj\u00f6d en tj\u00e4nst. F\u00f6r v\u00e5r medarbetare fr\u00e5n Guatemala har vi anv\u00e4nt oss av Almega vid tv\u00e5 tillf\u00e4llen under \u00e5ret. Den f\u00f6rsta g\u00e5ngen d\u00e5 nuvarande arbetstillst\u00e5nd gick ut och andra g\u00e5ngen d\u00e5 v\u00e5r medarbetare bytt uppdrag.<\/p>\n\n\n\n<h3 class=\"wp-block-heading\">Varf\u00f6r tog ni hj\u00e4lp av Almega?<\/h3>\n\n\n\n<p>\u2013 Jag \u00e4r inte proffs p\u00e5 detta och upplevde att det var ganska b\u00f6kigt att g\u00f6ra ans\u00f6kan p\u00e5 egen hand, som vi gjorde innan vi blev medlemmar i Almega. Det var sv\u00e5rt att veta exakt vad som kr\u00e4vs f\u00f6r att ans\u00f6kan ska bli helt r\u00e4tt.<\/p>\n\n\n\n<p>Att ta hj\u00e4lp av Almegas expert skapar trygghet, b\u00e5de f\u00f6r oss som arbetsgivare och f\u00f6r den enskilde medarbetaren. Det \u00e4r viktigt att ans\u00f6kan blir helt r\u00e4tt eftersom ett avslag f\u00e5r stora konsekvenser, d\u00e4rf\u00f6r m\u00e5ste allt bli r\u00e4tt fr\u00e5n b\u00f6rjan. Genom att vi numera outsourcar ans\u00f6kningsjobbet till Almegas experter, kan jag l\u00e4gga min energi p\u00e5 att hitta nya aff\u00e4rer ist\u00e4llet f\u00f6r att \u00e4gna mig \u00e5t tids\u00f6dande administration.<\/p>\n\n\n\n<h3 class=\"wp-block-heading\">Vad har hj\u00e4lpen och Almegas snabbhantering inneburit i praktiken?<\/h3>\n\n\n\n<p>\u2013 Det har sparat oss j\u00e4ttemycket arbetstid, j\u00e4mf\u00f6rt med den f\u00f6rsta, egna ans\u00f6kan 2018, d\u00e5 vi beh\u00f6vde bolla fram och tillbaka med Migrationsverket f\u00f6r att f\u00f6rst\u00e5 vilka dokument som skulle tas fram. Nu ber\u00e4ttar Almega exakt vilka uppgifter vi beh\u00f6ver f\u00f6rse dem med i inledningsfasen, sedan tar de \u00f6ver ans\u00f6kningsprocessen och f\u00f6r den fram\u00e5t, hela v\u00e4gen fram till beslut fr\u00e5n Migrationsverket.<\/p>\n\n\n\n<h3 class=\"wp-block-heading\">F\u00f6rutom sj\u00e4lva ans\u00f6kan, finns det n\u00e5got mer du vill tipsa om?<\/h3>\n\n\n\n<p>\u2013 Ja, jag vill lyfta fram att Almega \u00e4ven finns d\u00e4r som support f\u00f6r oss, kring fr\u00e5gor och funderingar som kan uppkomma l\u00e4ngs v\u00e4gen. Till exempel n\u00e4r en av v\u00e5ra konsulter skulle byta uppdrag blev vi os\u00e4kra p\u00e5 om det kr\u00e4vde att vi s\u00f6kte ett nytt arbetstillst\u00e5nd eller om vi kunde forts\u00e4tta med det gamla. Att ta reda p\u00e5 fakta sj\u00e4lv kr\u00e4ver mycket energi, d\u00e4rf\u00f6r \u00e4r det sk\u00f6nt att enkelt kunna f\u00e5 hj\u00e4lp och klarg\u00f6rande av Almegas experter ist\u00e4llet \u2013 det \u00e4r bara att ringa eller mejla n\u00e4r vi beh\u00f6ver svar.<\/p>\n","protected":false},"excerpt":{"rendered":"<p>Hur ser Technogardens behov av arbetstillst\u00e5nd ut? \u2013 Technogarden har n\u00e5gra medarbetare fr\u00e5n icke-europeiska l\u00e4nder. Tidigare har vi gjort ans\u00f6kningsprocessen sj\u00e4lva, men i samband med att vi blev medlemmar i Almega och tecknade kollektivavtal den &hellip;<\/p>\n","protected":false},"author":4639,"featured_media":40977,"comment_status":"closed","ping_status":"closed","sticky":false,"template":"","format":"standard","meta":{"_acf_changed":false,"footnotes":""},"categories":[419],"tags":[543],"article_type":[55],"agreement":[],"class_list":["post-40972","post","type-post","status-publish","format-standard","has-post-thumbnail","hentry","category-kompetensforsorjning","tag-arbetskraftsinvandring","type-artiklar"],"acf":[],"yoast_head":"<!-- This site is optimized with the Yoast SEO Premium plugin v26.8 (Yoast SEO v26.8) - https:\/\/yoast.com\/product\/yoast-seo-premium-wordpress\/ -->\n<title>S\u00e5 f\u00e5r Technogarden hj\u00e4lp med snabbare hantering av arbetstillst\u00e5nd | Almega<\/title>\n<meta name=\"robots\" content=\"index, follow, max-snippet:-1, max-image-preview:large, max-video-preview:-1\" \/>\n<link rel=\"canonical\" href=\"https:\/\/www.almega.se\/2021\/11\/sa-far-technogarden-hjalp-med-snabbare-hantering-av-arbetstillstand\/\" \/>\n<meta property=\"og:locale\" content=\"sv_SE\" \/>\n<meta property=\"og:type\" content=\"article\" \/>\n<meta property=\"og:title\" content=\"S\u00e5 f\u00e5r Technogarden hj\u00e4lp med snabbare hantering av arbetstillst\u00e5nd\" \/>\n<meta property=\"og:description\" content=\"Hur ser Technogardens behov av arbetstillst\u00e5nd ut? \u2013 Technogarden har n\u00e5gra medarbetare fr\u00e5n icke-europeiska l\u00e4nder. Tidigare har vi gjort ans\u00f6kningsprocessen sj\u00e4lva, men i samband med att vi blev medlemmar i Almega och tecknade kollektivavtal den &hellip;\" \/>\n<meta property=\"og:url\" content=\"https:\/\/www.almega.se\/2021\/11\/sa-far-technogarden-hjalp-med-snabbare-hantering-av-arbetstillstand\/\" \/>\n<meta property=\"og:site_name\" content=\"Almega\" \/>\n<meta property=\"article:published_time\" content=\"2021-11-19T09:19:39+00:00\" \/>\n<meta property=\"og:image\" content=\"https:\/\/www.almega.se\/app\/uploads\/2021\/11\/bild-webben.png\" \/>\n\t<meta property=\"og:image:width\" content=\"1000\" \/>\n\t<meta property=\"og:image:height\" content=\"600\" \/>\n\t<meta property=\"og:image:type\" content=\"image\/png\" \/>\n<meta name=\"author\" content=\"Julia Setterberg\" \/>\n<meta name=\"twitter:card\" content=\"summary_large_image\" \/>\n<meta name=\"twitter:label1\" content=\"Skriven av\" \/>\n\t<meta name=\"twitter:data1\" content=\"Julia Setterberg\" \/>\n\t<meta name=\"twitter:label2\" content=\"Ber\u00e4knad l\u00e4stid\" \/>\n\t<meta name=\"twitter:data2\" content=\"3 minuter\" \/>\n<!-- \/ Yoast SEO Premium plugin. -->","yoast_head_json":{"title":"S\u00e5 f\u00e5r Technogarden hj\u00e4lp med snabbare hantering av arbetstillst\u00e5nd | Almega","robots":{"index":"index","follow":"follow","max-snippet":"max-snippet:-1","max-image-preview":"max-image-preview:large","max-video-preview":"max-video-preview:-1"},"canonical":"https:\/\/www.almega.se\/2021\/11\/sa-far-technogarden-hjalp-med-snabbare-hantering-av-arbetstillstand\/","og_locale":"sv_SE","og_type":"article","og_title":"S\u00e5 f\u00e5r Technogarden hj\u00e4lp med snabbare hantering av arbetstillst\u00e5nd","og_description":"Hur ser Technogardens behov av arbetstillst\u00e5nd ut? \u2013 Technogarden har n\u00e5gra medarbetare fr\u00e5n icke-europeiska l\u00e4nder. Tidigare har vi gjort ans\u00f6kningsprocessen sj\u00e4lva, men i samband med att vi blev medlemmar i Almega och tecknade kollektivavtal den &hellip;","og_url":"https:\/\/www.almega.se\/2021\/11\/sa-far-technogarden-hjalp-med-snabbare-hantering-av-arbetstillstand\/","og_site_name":"Almega","article_published_time":"2021-11-19T09:19:39+00:00","og_image":[{"width":1000,"height":600,"url":"https:\/\/www.almega.se\/app\/uploads\/2021\/11\/bild-webben.png","type":"image\/png"}],"author":"Julia Setterberg","twitter_card":"summary_large_image","twitter_misc":{"Skriven av":"Julia Setterberg","Ber\u00e4knad l\u00e4stid":"3 minuter"},"schema":{"@context":"https:\/\/schema.org","@graph":[{"@type":"NewsArticle","@id":"https:\/\/www.almega.se\/2021\/11\/sa-far-technogarden-hjalp-med-snabbare-hantering-av-arbetstillstand\/#article","isPartOf":{"@id":"https:\/\/www.almega.se\/2021\/11\/sa-far-technogarden-hjalp-med-snabbare-hantering-av-arbetstillstand\/"},"author":{"name":"Julia Setterberg","@id":"https:\/\/www.almega.se\/#\/schema\/person\/fe3d8b3d5464e372fd623ff0b080ff07"},"headline":"S\u00e5 f\u00e5r Technogarden hj\u00e4lp med snabbare hantering av arbetstillst\u00e5nd","datePublished":"2021-11-19T09:19:39+00:00","mainEntityOfPage":{"@id":"https:\/\/www.almega.se\/2021\/11\/sa-far-technogarden-hjalp-med-snabbare-hantering-av-arbetstillstand\/"},"wordCount":549,"image":{"@id":"https:\/\/www.almega.se\/2021\/11\/sa-far-technogarden-hjalp-med-snabbare-hantering-av-arbetstillstand\/#primaryimage"},"thumbnailUrl":"https:\/\/www.almega.se\/app\/uploads\/2021\/11\/bild-webben.png","keywords":["Arbetskraftsinvandring"],"articleSection":["Kompetensf\u00f6rs\u00f6rjning"],"inLanguage":"sv-SE"},{"@type":"WebPage","@id":"https:\/\/www.almega.se\/2021\/11\/sa-far-technogarden-hjalp-med-snabbare-hantering-av-arbetstillstand\/","url":"https:\/\/www.almega.se\/2021\/11\/sa-far-technogarden-hjalp-med-snabbare-hantering-av-arbetstillstand\/","name":"S\u00e5 f\u00e5r Technogarden hj\u00e4lp med snabbare hantering av arbetstillst\u00e5nd | Almega","isPartOf":{"@id":"https:\/\/www.almega.se\/#website"},"primaryImageOfPage":{"@id":"https:\/\/www.almega.se\/2021\/11\/sa-far-technogarden-hjalp-med-snabbare-hantering-av-arbetstillstand\/#primaryimage"},"image":{"@id":"https:\/\/www.almega.se\/2021\/11\/sa-far-technogarden-hjalp-med-snabbare-hantering-av-arbetstillstand\/#primaryimage"},"thumbnailUrl":"https:\/\/www.almega.se\/app\/uploads\/2021\/11\/bild-webben.png","datePublished":"2021-11-19T09:19:39+00:00","author":{"@id":"https:\/\/www.almega.se\/#\/schema\/person\/fe3d8b3d5464e372fd623ff0b080ff07"},"breadcrumb":{"@id":"https:\/\/www.almega.se\/2021\/11\/sa-far-technogarden-hjalp-med-snabbare-hantering-av-arbetstillstand\/#breadcrumb"},"inLanguage":"sv-SE","potentialAction":[{"@type":"ReadAction","target":["https:\/\/www.almega.se\/2021\/11\/sa-far-technogarden-hjalp-med-snabbare-hantering-av-arbetstillstand\/"]}]},{"@type":"ImageObject","inLanguage":"sv-SE","@id":"https:\/\/www.almega.se\/2021\/11\/sa-far-technogarden-hjalp-med-snabbare-hantering-av-arbetstillstand\/#primaryimage","url":"https:\/\/www.almega.se\/app\/uploads\/2021\/11\/bild-webben.png","contentUrl":"https:\/\/www.almega.se\/app\/uploads\/2021\/11\/bild-webben.png","width":1000,"height":600},{"@type":"BreadcrumbList","@id":"https:\/\/www.almega.se\/2021\/11\/sa-far-technogarden-hjalp-med-snabbare-hantering-av-arbetstillstand\/#breadcrumb","itemListElement":[{"@type":"ListItem","position":1,"name":"Home","item":"https:\/\/www.almega.se\/"},{"@type":"ListItem","position":2,"name":"S\u00e5 f\u00e5r Technogarden hj\u00e4lp med snabbare hantering av arbetstillst\u00e5nd"}]},{"@type":"WebSite","@id":"https:\/\/www.almega.se\/#website","url":"https:\/\/www.almega.se\/","name":"Almega","description":"","potentialAction":[{"@type":"SearchAction","target":{"@type":"EntryPoint","urlTemplate":"https:\/\/www.almega.se\/?s={search_term_string}"},"query-input":{"@type":"PropertyValueSpecification","valueRequired":true,"valueName":"search_term_string"}}],"inLanguage":"sv-SE"},{"@type":"Person","@id":"https:\/\/www.almega.se\/#\/schema\/person\/fe3d8b3d5464e372fd623ff0b080ff07","name":"Julia Setterberg","image":{"@type":"ImageObject","inLanguage":"sv-SE","@id":"https:\/\/www.almega.se\/#\/schema\/person\/image\/","url":"https:\/\/secure.gravatar.com\/avatar\/8e5a431a1412393c1d16ec7b4438bea0923df519c9cb0f6c122206764cd23987?s=96&d=mm&r=g","contentUrl":"https:\/\/secure.gravatar.com\/avatar\/8e5a431a1412393c1d16ec7b4438bea0923df519c9cb0f6c122206764cd23987?s=96&d=mm&r=g","caption":"Julia Setterberg"},"description":"Julia arbetar som t.f. kommunikationschef p\u00e5 V\u00e5rdf\u00f6retagarna.","url":"https:\/\/www.almega.se\/person\/juliasetterberg\/"}]}},"_links":{"self":[{"href":"https:\/\/www.almega.se\/api\/wp\/v2\/posts\/40972","targetHints":{"allow":["GET"]}}],"collection":[{"href":"https:\/\/www.almega.se\/api\/wp\/v2\/posts"}],"about":[{"href":"https:\/\/www.almega.se\/api\/wp\/v2\/types\/post"}],"author":[{"embeddable":true,"href":"https:\/\/www.almega.se\/api\/wp\/v2\/users\/4639"}],"replies":[{"embeddable":true,"href":"https:\/\/www.almega.se\/api\/wp\/v2\/comments?post=40972"}],"version-history":[{"count":3,"href":"https:\/\/www.almega.se\/api\/wp\/v2\/posts\/40972\/revisions"}],"predecessor-version":[{"id":54465,"href":"https:\/\/www.almega.se\/api\/wp\/v2\/posts\/40972\/revisions\/54465"}],"wp:featuredmedia":[{"embeddable":true,"href":"https:\/\/www.almega.se\/api\/wp\/v2\/media\/40977"}],"wp:attachment":[{"href":"https:\/\/www.almega.se\/api\/wp\/v2\/media?parent=40972"}],"wp:term":[{"taxonomy":"category","embeddable":true,"href":"https:\/\/www.almega.se\/api\/wp\/v2\/categories?post=40972"},{"taxonomy":"post_tag","embeddable":true,"href":"https:\/\/www.almega.se\/api\/wp\/v2\/tags?post=40972"},{"taxonomy":"type","embeddable":true,"href":"https:\/\/www.almega.se\/api\/wp\/v2\/article_type?post=40972"},{"taxonomy":"agreement","embeddable":true,"href":"https:\/\/www.almega.se\/api\/wp\/v2\/agreement?post=40972"}],"curies":[{"name":"wp","href":"https:\/\/api.w.org\/{rel}","templated":true}]}}