{"id":40864,"date":"2021-11-15T10:23:25","date_gmt":"2021-11-15T09:23:25","guid":{"rendered":"https:\/\/www.almega.se\/?p=40864"},"modified":"2023-10-26T14:20:23","modified_gmt":"2023-10-26T12:20:23","slug":"eus-direktiv-om-minimiloner-hotar-den-svenska-modellen","status":"publish","type":"post","link":"https:\/\/www.almega.se\/2021\/11\/eus-direktiv-om-minimiloner-hotar-den-svenska-modellen\/","title":{"rendered":"EU:s direktiv om minimil\u00f6ner hotar den svenska modellen"},"content":{"rendered":"<p class=\"intro\">Minimil\u00f6ner reglerade av EU utmanar den svenska l\u00f6nebildningen och d\u00e4rmed hela kollektivavtalsmodellen. \u201dEtt stort hot mot v\u00e5r svenska modell\u201d, s\u00e4ger Susanne Sv\u00e4rd Elfstr\u00f6m, arbetsr\u00e4ttsjurist p\u00e5 Almega.<\/p>\n\n<p>Minimil\u00f6n \u00e4r den l\u00e4gsta ers\u00e4ttning som arbetsgivare m\u00e5ste betala till sina anst\u00e4llda f\u00f6r det arbete de utf\u00f6r. Alla EU-l\u00e4nder har best\u00e4mmelser kring minimil\u00f6ner, satta utifr\u00e5n tv\u00e5 tillv\u00e4gag\u00e5ngss\u00e4tt. Majoriteten av medlemsl\u00e4nderna har lagstadgade minimil\u00f6ner som \u00e4r reglerade genom f\u00f6reskrifter eller lagstiftning. I sex l\u00e4nder regleras minimil\u00f6nerna enligt kollektivavtal.<\/p>\n\n\n<a class='Share__link Share__link--url copy-text' href='#' rel='nofollow' data-text='kollektivavtalade-nivaer' title='Dela url' data-confirmation='L\u00e4nken kopierades till urklipp'><svg class='icon icon--link'  width='18' height='18' viewBox='0 0 18 18' fill='none' xmlns='http:\/\/www.w3.org\/2000\/svg'>\n            <path d='M10.4142 0.514721L6.87868 4.05025L8.29289 5.46447L11.1213 2.63604L15.364 6.87868L12.5355 9.70711L13.9497 11.1213L17.4853 7.58579C17.8763 7.19476 17.8763 6.5626 17.4853 6.17158L11.8284 0.514721C11.4374 0.123691 10.8052 0.123691 10.4142 0.514721Z' fill='black'\/>\n            <path d='M9.7071 12.5355L6.87868 15.364L2.63604 11.1213L5.46446 8.2929L4.05025 6.87868L0.514716 10.4142C0.123686 10.8052 0.123686 11.4374 0.514716 11.8284L6.17157 17.4853C6.5626 17.8763 7.19475 17.8763 7.58578 17.4853L11.1213 13.9497L9.7071 12.5355Z' fill='black'\/>\n            <path d='M6.17157 11.8284C6.5626 12.2195 7.19475 12.2195 7.58578 11.8284L11.8284 7.58579C12.2195 7.19476 12.2195 6.56261 11.8284 6.17158C11.4374 5.78055 10.8052 5.78055 10.4142 6.17158L6.17157 10.4142C5.78054 10.8052 5.78054 11.4374 6.17157 11.8284Z' fill='black'\/>\n            <\/svg> <\/a>\n<h2 class=\"wp-block-heading\">Kollektivavtalade niv\u00e5er<\/h2>\n\n\n\n<p>I Sverige fastst\u00e4lls minimil\u00f6nerna genom kollektivavtal. Det \u00e4r allts\u00e5 arbetsgivare och fack som gemensamt s\u00e4tter niv\u00e5erna. Denna modell g\u00e4ller \u00e4ven i l\u00e4nderna Cypern, Danmark, Finland, Italien och \u00d6sterrike.<\/p>\n\n\n\n<p>Niv\u00e5erna p\u00e5 minimil\u00f6nerna skiljer sig dock \u00e5t l\u00e4nderna emellan. Orsaken \u00e4r fr\u00e4mst att det r\u00e5der <a href=\"https:\/\/www.europarl.europa.eu\/RegData\/etudes\/BRIE\/2020\/659294\/EPRS_BRI(2020)659294_EN.pdf\">skillnader i levnadsomkostnader<\/a> i de olika l\u00e4nderna. Exempelvis var minimim\u00e5nadsl\u00f6nen i Bulgarien 312 euro f\u00f6rra \u00e5ret, medan den i Luxemburg var 2 142 euro.<\/p>\n\n\n<a class='Share__link Share__link--url copy-text' href='#' rel='nofollow' data-text='en-del-av-den-sociala-pelaren' title='Dela url' data-confirmation='L\u00e4nken kopierades till urklipp'><svg class='icon icon--link'  width='18' height='18' viewBox='0 0 18 18' fill='none' xmlns='http:\/\/www.w3.org\/2000\/svg'>\n            <path d='M10.4142 0.514721L6.87868 4.05025L8.29289 5.46447L11.1213 2.63604L15.364 6.87868L12.5355 9.70711L13.9497 11.1213L17.4853 7.58579C17.8763 7.19476 17.8763 6.5626 17.4853 6.17158L11.8284 0.514721C11.4374 0.123691 10.8052 0.123691 10.4142 0.514721Z' fill='black'\/>\n            <path d='M9.7071 12.5355L6.87868 15.364L2.63604 11.1213L5.46446 8.2929L4.05025 6.87868L0.514716 10.4142C0.123686 10.8052 0.123686 11.4374 0.514716 11.8284L6.17157 17.4853C6.5626 17.8763 7.19475 17.8763 7.58578 17.4853L11.1213 13.9497L9.7071 12.5355Z' fill='black'\/>\n            <path d='M6.17157 11.8284C6.5626 12.2195 7.19475 12.2195 7.58578 11.8284L11.8284 7.58579C12.2195 7.19476 12.2195 6.56261 11.8284 6.17158C11.4374 5.78055 10.8052 5.78055 10.4142 6.17158L6.17157 10.4142C5.78054 10.8052 5.78054 11.4374 6.17157 11.8284Z' fill='black'\/>\n            <\/svg> <\/a>\n<h2 class=\"wp-block-heading\">En del av den sociala pelaren<\/h2>\n\n\n\n<p>EU-kommissionen h\u00e4nvisar till att unders\u00f6kningar visat att m\u00e5nga arbetstagare i EU upplever sv\u00e5righeter att f\u00e5 ekonomin att g\u00e5 ihop, trots att de har minimil\u00f6n och fr\u00e5gan \u00e4r d\u00e4rf\u00f6r en del i den europeiska pelaren f\u00f6r sociala r\u00e4ttigheter. 2020 l\u00e4mnade kommissionen ett f\u00f6rslag till ett direktiv f\u00f6r att g\u00f6ra minimil\u00f6ner tillr\u00e4ckliga inom EU.<\/p>\n\n\n\n<p>Susanne Sv\u00e4rd Elfstr\u00f6m \u00e4r arbetsr\u00e4ttsjurist p\u00e5 Almega och f\u00f6ljer utvecklingen p\u00e5 omr\u00e5det.<\/p>\n\n\n\n<h3 class=\"wp-block-heading\">Vad \u00e4r EU:s syfte med att direktivet om minimil\u00f6ner?<\/h3>\n\n\n\n<p>\u2013 Grundtanken i EU-kommissionens f\u00f6rslag till direktiv om minimil\u00f6ner \u00e4r att garantera alla arbetstagare i EU en minimil\u00f6n. Detta oavsett om arbetstagarna \u00e4r medlemmar i kollektivavtalstecknande fackf\u00f6rbund eller inte, s\u00e4ger Susanne Sv\u00e4rd Elfstr\u00f6m.<\/p>\n\n\n\n<h3 class=\"wp-block-heading\">Hur ser Almega p\u00e5 utvecklingen?<\/h3>\n\n\n\n<p>\u2013 En utveckling d\u00e4r EU ger sig in och reglerar l\u00f6ner och andra villkor som ska regleras p\u00e5 nationell niv\u00e5 \u00e4r oroande. EU ger sig in p\u00e5 ett omr\u00e5de som ligger utanf\u00f6r EU-f\u00f6rdragets gr\u00e4nser och saknar d\u00e4rmed mandat att lagstifta om minimil\u00f6ner f\u00f6r alla arbetstagare i EU. Att EU ger sig in i, tar makt, p\u00e5 ett omr\u00e5de som vi avtalsparter idag f\u00f6rfogar \u00f6ver inneb\u00e4r ett stort hot mot v\u00e5r svenska modell d\u00e4r vi, arbetsmarknadens parter, reglerar m\u00e5nga av villkoren genom kollektivavtal, s\u00e4ger Susanne Sv\u00e4rd Elfstr\u00f6m.<\/p>\n\n\n\n<h3 class=\"wp-block-heading\">Vad riskerar direktivet att leda till?<\/h3>\n\n\n\n<p>\u2013 I b\u00e4sta fall kommer Sverige att kunna undantas fr\u00e5n direktivet, vilket dessv\u00e4rre inte bed\u00f6ms som troligt i dagsl\u00e4get. I v\u00e4rsta fall kommer vi f\u00e5 regler p\u00e5 EU-niv\u00e5 som reglerar l\u00f6ner bland annat med en gemensam minimil\u00f6neniv\u00e5 f\u00f6r alla arbetstagare. Utvecklingen underminerar hela systemet med svenska kollektivavtal, i synnerhet l\u00f6neavtalen. Detta inneb\u00e4r givetvis en stor inskr\u00e4nkning av de svenska kollektivavtalsparternas avtalsfrihet, s\u00e4ger Susanne Sv\u00e4rd Elfstr\u00f6m.<\/p>\n","protected":false},"excerpt":{"rendered":"<p>Minimil\u00f6n \u00e4r den l\u00e4gsta ers\u00e4ttning som arbetsgivare m\u00e5ste betala till sina anst\u00e4llda f\u00f6r det arbete de utf\u00f6r. Alla EU-l\u00e4nder har best\u00e4mmelser kring minimil\u00f6ner, satta utifr\u00e5n tv\u00e5 tillv\u00e4gag\u00e5ngss\u00e4tt. Majoriteten av medlemsl\u00e4nderna har lagstadgade minimil\u00f6ner som \u00e4r &hellip;<\/p>\n","protected":false},"author":6356,"featured_media":40869,"comment_status":"closed","ping_status":"closed","sticky":false,"template":"","format":"standard","meta":{"_acf_changed":false,"footnotes":""},"categories":[451,64],"tags":[76,478],"article_type":[55,56],"agreement":[],"class_list":["post-40864","post","type-post","status-publish","format-standard","has-post-thumbnail","hentry","category-arbetsgivarfragor","category-arbetsmarknad","tag-kollektivavtal","tag-minimiloner","type-artiklar","type-nyheter"],"acf":[],"yoast_head":"<!-- This site is optimized with the Yoast SEO Premium plugin v26.8 (Yoast SEO v26.8) - https:\/\/yoast.com\/product\/yoast-seo-premium-wordpress\/ -->\n<title>EU:s direktiv om minimil\u00f6ner hotar den svenska modellen | Almega<\/title>\n<meta name=\"description\" content=\"EU:s direktiv om europeiska minimil\u00f6ner hotar den svenska modellen menar Susanne Sv\u00e4rd Elfstr\u00f6m, arbetsr\u00e4ttsjurist, Almega. L\u00e4s hela artikeln.\" \/>\n<meta name=\"robots\" content=\"index, follow, max-snippet:-1, max-image-preview:large, max-video-preview:-1\" \/>\n<link rel=\"canonical\" href=\"https:\/\/www.almega.se\/2021\/11\/eus-direktiv-om-minimiloner-hotar-den-svenska-modellen\/\" \/>\n<meta property=\"og:locale\" content=\"sv_SE\" \/>\n<meta property=\"og:type\" content=\"article\" \/>\n<meta property=\"og:title\" content=\"EU:s direktiv om minimil\u00f6ner hotar den svenska modellen\" \/>\n<meta property=\"og:description\" content=\"EU:s direktiv om europeiska minimil\u00f6ner hotar den svenska modellen menar Susanne Sv\u00e4rd Elfstr\u00f6m, arbetsr\u00e4ttsjurist, Almega. L\u00e4s hela artikeln.\" \/>\n<meta property=\"og:url\" content=\"https:\/\/www.almega.se\/2021\/11\/eus-direktiv-om-minimiloner-hotar-den-svenska-modellen\/\" \/>\n<meta property=\"og:site_name\" content=\"Almega\" \/>\n<meta property=\"article:published_time\" content=\"2021-11-15T09:23:25+00:00\" \/>\n<meta property=\"article:modified_time\" content=\"2023-10-26T12:20:23+00:00\" \/>\n<meta property=\"og:image\" content=\"https:\/\/www.almega.se\/app\/uploads\/2021\/11\/susanne-se-scaled.jpg\" \/>\n\t<meta property=\"og:image:width\" content=\"2560\" \/>\n\t<meta property=\"og:image:height\" content=\"1863\" \/>\n\t<meta property=\"og:image:type\" content=\"image\/jpeg\" \/>\n<meta name=\"author\" content=\"Erik Juhlin\" \/>\n<meta name=\"twitter:card\" content=\"summary_large_image\" \/>\n<meta name=\"twitter:label1\" content=\"Skriven av\" \/>\n\t<meta name=\"twitter:data1\" content=\"Erik Juhlin\" \/>\n\t<meta name=\"twitter:label2\" content=\"Ber\u00e4knad l\u00e4stid\" \/>\n\t<meta name=\"twitter:data2\" content=\"2 minuter\" \/>\n<!-- \/ Yoast SEO Premium plugin. -->","yoast_head_json":{"title":"EU:s direktiv om minimil\u00f6ner hotar den svenska modellen | Almega","description":"EU:s direktiv om europeiska minimil\u00f6ner hotar den svenska modellen menar Susanne Sv\u00e4rd Elfstr\u00f6m, arbetsr\u00e4ttsjurist, Almega. L\u00e4s hela artikeln.","robots":{"index":"index","follow":"follow","max-snippet":"max-snippet:-1","max-image-preview":"max-image-preview:large","max-video-preview":"max-video-preview:-1"},"canonical":"https:\/\/www.almega.se\/2021\/11\/eus-direktiv-om-minimiloner-hotar-den-svenska-modellen\/","og_locale":"sv_SE","og_type":"article","og_title":"EU:s direktiv om minimil\u00f6ner hotar den svenska modellen","og_description":"EU:s direktiv om europeiska minimil\u00f6ner hotar den svenska modellen menar Susanne Sv\u00e4rd Elfstr\u00f6m, arbetsr\u00e4ttsjurist, Almega. L\u00e4s hela artikeln.","og_url":"https:\/\/www.almega.se\/2021\/11\/eus-direktiv-om-minimiloner-hotar-den-svenska-modellen\/","og_site_name":"Almega","article_published_time":"2021-11-15T09:23:25+00:00","article_modified_time":"2023-10-26T12:20:23+00:00","og_image":[{"width":2560,"height":1863,"url":"https:\/\/www.almega.se\/app\/uploads\/2021\/11\/susanne-se-scaled.jpg","type":"image\/jpeg"}],"author":"Erik Juhlin","twitter_card":"summary_large_image","twitter_misc":{"Skriven av":"Erik Juhlin","Ber\u00e4knad l\u00e4stid":"2 minuter"},"schema":{"@context":"https:\/\/schema.org","@graph":[{"@type":"NewsArticle","@id":"https:\/\/www.almega.se\/2021\/11\/eus-direktiv-om-minimiloner-hotar-den-svenska-modellen\/#article","isPartOf":{"@id":"https:\/\/www.almega.se\/2021\/11\/eus-direktiv-om-minimiloner-hotar-den-svenska-modellen\/"},"author":{"name":"Erik Juhlin","@id":"https:\/\/www.almega.se\/#\/schema\/person\/3c181ea7ead5ab7b14c61584637720f5"},"headline":"EU:s direktiv om minimil\u00f6ner hotar den svenska modellen","datePublished":"2021-11-15T09:23:25+00:00","dateModified":"2023-10-26T12:20:23+00:00","mainEntityOfPage":{"@id":"https:\/\/www.almega.se\/2021\/11\/eus-direktiv-om-minimiloner-hotar-den-svenska-modellen\/"},"wordCount":491,"image":{"@id":"https:\/\/www.almega.se\/2021\/11\/eus-direktiv-om-minimiloner-hotar-den-svenska-modellen\/#primaryimage"},"thumbnailUrl":"https:\/\/www.almega.se\/app\/uploads\/2021\/11\/susanne-se-scaled.jpg","keywords":["Kollektivavtal","Minimil\u00f6ner"],"articleSection":["Arbetsgivarfr\u00e5gor","Arbetsmarknad"],"inLanguage":"sv-SE"},{"@type":"WebPage","@id":"https:\/\/www.almega.se\/2021\/11\/eus-direktiv-om-minimiloner-hotar-den-svenska-modellen\/","url":"https:\/\/www.almega.se\/2021\/11\/eus-direktiv-om-minimiloner-hotar-den-svenska-modellen\/","name":"EU:s direktiv om minimil\u00f6ner hotar den svenska modellen | Almega","isPartOf":{"@id":"https:\/\/www.almega.se\/#website"},"primaryImageOfPage":{"@id":"https:\/\/www.almega.se\/2021\/11\/eus-direktiv-om-minimiloner-hotar-den-svenska-modellen\/#primaryimage"},"image":{"@id":"https:\/\/www.almega.se\/2021\/11\/eus-direktiv-om-minimiloner-hotar-den-svenska-modellen\/#primaryimage"},"thumbnailUrl":"https:\/\/www.almega.se\/app\/uploads\/2021\/11\/susanne-se-scaled.jpg","datePublished":"2021-11-15T09:23:25+00:00","dateModified":"2023-10-26T12:20:23+00:00","author":{"@id":"https:\/\/www.almega.se\/#\/schema\/person\/3c181ea7ead5ab7b14c61584637720f5"},"description":"EU:s direktiv om europeiska minimil\u00f6ner hotar den svenska modellen menar Susanne Sv\u00e4rd Elfstr\u00f6m, arbetsr\u00e4ttsjurist, Almega. L\u00e4s hela artikeln.","breadcrumb":{"@id":"https:\/\/www.almega.se\/2021\/11\/eus-direktiv-om-minimiloner-hotar-den-svenska-modellen\/#breadcrumb"},"inLanguage":"sv-SE","potentialAction":[{"@type":"ReadAction","target":["https:\/\/www.almega.se\/2021\/11\/eus-direktiv-om-minimiloner-hotar-den-svenska-modellen\/"]}]},{"@type":"ImageObject","inLanguage":"sv-SE","@id":"https:\/\/www.almega.se\/2021\/11\/eus-direktiv-om-minimiloner-hotar-den-svenska-modellen\/#primaryimage","url":"https:\/\/www.almega.se\/app\/uploads\/2021\/11\/susanne-se-scaled.jpg","contentUrl":"https:\/\/www.almega.se\/app\/uploads\/2021\/11\/susanne-se-scaled.jpg","width":2560,"height":1863,"caption":"Europeiska minimil\u00f6ner allt n\u00e4rmare"},{"@type":"BreadcrumbList","@id":"https:\/\/www.almega.se\/2021\/11\/eus-direktiv-om-minimiloner-hotar-den-svenska-modellen\/#breadcrumb","itemListElement":[{"@type":"ListItem","position":1,"name":"Home","item":"https:\/\/www.almega.se\/"},{"@type":"ListItem","position":2,"name":"EU:s direktiv om minimil\u00f6ner hotar den svenska modellen"}]},{"@type":"WebSite","@id":"https:\/\/www.almega.se\/#website","url":"https:\/\/www.almega.se\/","name":"Almega","description":"","potentialAction":[{"@type":"SearchAction","target":{"@type":"EntryPoint","urlTemplate":"https:\/\/www.almega.se\/?s={search_term_string}"},"query-input":{"@type":"PropertyValueSpecification","valueRequired":true,"valueName":"search_term_string"}}],"inLanguage":"sv-SE"},{"@type":"Person","@id":"https:\/\/www.almega.se\/#\/schema\/person\/3c181ea7ead5ab7b14c61584637720f5","name":"Erik Juhlin","image":{"@type":"ImageObject","inLanguage":"sv-SE","@id":"https:\/\/www.almega.se\/#\/schema\/person\/image\/","url":"https:\/\/secure.gravatar.com\/avatar\/ef0e97454357041724f27ea1630fa5bf78b30eea6fc56998e6a03142ad5b1370?s=96&d=mm&r=g","contentUrl":"https:\/\/secure.gravatar.com\/avatar\/ef0e97454357041724f27ea1630fa5bf78b30eea6fc56998e6a03142ad5b1370?s=96&d=mm&r=g","caption":"Erik Juhlin"},"url":"https:\/\/www.almega.se\/person\/erikjuhlin\/"}]}},"_links":{"self":[{"href":"https:\/\/www.almega.se\/api\/wp\/v2\/posts\/40864","targetHints":{"allow":["GET"]}}],"collection":[{"href":"https:\/\/www.almega.se\/api\/wp\/v2\/posts"}],"about":[{"href":"https:\/\/www.almega.se\/api\/wp\/v2\/types\/post"}],"author":[{"embeddable":true,"href":"https:\/\/www.almega.se\/api\/wp\/v2\/users\/6356"}],"replies":[{"embeddable":true,"href":"https:\/\/www.almega.se\/api\/wp\/v2\/comments?post=40864"}],"version-history":[{"count":4,"href":"https:\/\/www.almega.se\/api\/wp\/v2\/posts\/40864\/revisions"}],"predecessor-version":[{"id":54477,"href":"https:\/\/www.almega.se\/api\/wp\/v2\/posts\/40864\/revisions\/54477"}],"wp:featuredmedia":[{"embeddable":true,"href":"https:\/\/www.almega.se\/api\/wp\/v2\/media\/40869"}],"wp:attachment":[{"href":"https:\/\/www.almega.se\/api\/wp\/v2\/media?parent=40864"}],"wp:term":[{"taxonomy":"category","embeddable":true,"href":"https:\/\/www.almega.se\/api\/wp\/v2\/categories?post=40864"},{"taxonomy":"post_tag","embeddable":true,"href":"https:\/\/www.almega.se\/api\/wp\/v2\/tags?post=40864"},{"taxonomy":"type","embeddable":true,"href":"https:\/\/www.almega.se\/api\/wp\/v2\/article_type?post=40864"},{"taxonomy":"agreement","embeddable":true,"href":"https:\/\/www.almega.se\/api\/wp\/v2\/agreement?post=40864"}],"curies":[{"name":"wp","href":"https:\/\/api.w.org\/{rel}","templated":true}]}}