{"id":40815,"date":"2021-11-10T10:48:30","date_gmt":"2021-11-10T09:48:30","guid":{"rendered":"https:\/\/www.almega.se\/?p=40815"},"modified":"2023-06-07T15:58:43","modified_gmt":"2023-06-07T13:58:43","slug":"rusta-arbetsplatsen-for-hybridmotet","status":"publish","type":"post","link":"https:\/\/www.almega.se\/2021\/11\/rusta-arbetsplatsen-for-hybridmotet\/","title":{"rendered":"Rusta arbetsplatsen f\u00f6r hybridm\u00f6tet"},"content":{"rendered":"<p class=\"intro\">Just n\u00e4r pandemin har l\u00e4rt oss att m\u00f6tas p\u00e5 distans \u00e4r det dags att fundera p\u00e5 n\u00e4sta steg i utvecklingen \u2013 hybridm\u00f6tet. Ledarskaps- och organisationsforskaren tipsar om varf\u00f6r det \u00e4r vettigt att satsa p\u00e5 samarbete mellan hemmakontoret och det gemensamma.<\/p>\n\n<p><span class=\"EOP SCXW34982023 BCX0\" data-ccp-props=\"{&quot;335559740&quot;:360}\">&nbsp;\u00c4ven om Folkh\u00e4lsomyndigheten har \u00e4ndrat sina r\u00e5d om distansarbete kommer m\u00e5nga arbetsgivare \u00e4ven i framtiden att till\u00e5ta ett flexiblare arbetss\u00e4tt.&nbsp;<\/span><\/p>\n\n\n\n<p><span data-contrast=\"auto\">\u2013 Pandemin l\u00e4rde oss att folk levererar \u00e4ven \u2013 kanske till och med mer \u2013 n\u00e4r arbetet utf\u00f6rs hemifr\u00e5n. Och det asynkrona arbetss\u00e4ttet \u2013 d\u00e4r vi inte jobbar samtidigt \u2013 kommer att bli vanligare.<\/span><\/p>\n\n\n\n<p><span data-contrast=\"auto\">Det s\u00e4ger Lena Lid Falkman,&nbsp;l\u00e4rare och forskare p\u00e5 Handelsh\u00f6gskolan i Stockholm samt lektor i arbetslivsvetenskap p\u00e5 Karlstad universitet,&nbsp;som bland annat har publicerat forskningsresultat om pandemins distansarbete i boken&nbsp;\u201cSweden&nbsp;through&nbsp;the&nbsp;crisis\u201d.&nbsp;Att m\u00e5nga i och med pandemin har f\u00e5tt smak p\u00e5 det mer flexibla arbetss\u00e4ttet inneb\u00e4r inte att kontoret som gemensam arbetsplats har spelat ut sin roll \u2013 tv\u00e4rt om, menar hon. Det beh\u00f6vs, men det ska finnas en medveten tanke om varf\u00f6r och n\u00e4r:<\/span><span data-ccp-props=\"{&quot;335559740&quot;:360}\">&nbsp;<\/span><\/p>\n\n\n\n<p><span data-contrast=\"auto\">\u2013 Som chef \u00e4r det klokt att styra n\u00e4r medarbetarna ska ses, kr\u00e4v fysisk n\u00e4rvaro p\u00e5 vissa, rimligt antal m\u00f6ten. Men chefen m\u00e5ste visa varf\u00f6r de \u00e4r viktiga, och att l\u00e4gga krut p\u00e5 att utforma dessa m\u00f6ten p\u00e5 ett smart och roligt s\u00e4tt, s\u00e5 att de st\u00e4rker det sociala kittet.<\/span><\/p>\n\n\n<a class='Share__link Share__link--url copy-text' href='#' rel='nofollow' data-text='vaga-prova-nya-former' title='Dela url' data-confirmation='L\u00e4nken kopierades till urklipp'><svg class='icon icon--link'  width='18' height='18' viewBox='0 0 18 18' fill='none' xmlns='http:\/\/www.w3.org\/2000\/svg'>\n            <path d='M10.4142 0.514721L6.87868 4.05025L8.29289 5.46447L11.1213 2.63604L15.364 6.87868L12.5355 9.70711L13.9497 11.1213L17.4853 7.58579C17.8763 7.19476 17.8763 6.5626 17.4853 6.17158L11.8284 0.514721C11.4374 0.123691 10.8052 0.123691 10.4142 0.514721Z' fill='black'\/>\n            <path d='M9.7071 12.5355L6.87868 15.364L2.63604 11.1213L5.46446 8.2929L4.05025 6.87868L0.514716 10.4142C0.123686 10.8052 0.123686 11.4374 0.514716 11.8284L6.17157 17.4853C6.5626 17.8763 7.19475 17.8763 7.58578 17.4853L11.1213 13.9497L9.7071 12.5355Z' fill='black'\/>\n            <path d='M6.17157 11.8284C6.5626 12.2195 7.19475 12.2195 7.58578 11.8284L11.8284 7.58579C12.2195 7.19476 12.2195 6.56261 11.8284 6.17158C11.4374 5.78055 10.8052 5.78055 10.4142 6.17158L6.17157 10.4142C5.78054 10.8052 5.78054 11.4374 6.17157 11.8284Z' fill='black'\/>\n            <\/svg> <\/a>\n<h2 class=\"wp-block-heading\">V\u00e5ga pr\u00f6va nya former<\/h2>\n\n\n\n<p><span data-contrast=\"auto\">Att b\u00e5de chefer och medarbetare fundera \u00f6ver hur vi samarbetar b\u00e4st, hoppas Lena Lid Falkman ska f\u00e5 oss att arbeta mer aktivt med att l\u00e5ta agendan styra v\u00e5r m\u00f6testeknik, inte minst n\u00e4r vi arbetar fr\u00e5n olika platser och \u00e4ven p\u00e5 olika tider:<\/span><span data-ccp-props=\"{&quot;335559740&quot;:360}\">&nbsp;<\/span><\/p>\n\n\n\n<p><span data-contrast=\"auto\">\u2013 Alla beh\u00f6ver till exempel inte vara med under hela m\u00f6testiden, vi m\u00e5ste v\u00e4nja oss med att l\u00e5ta deltagandet bli mer flexibelt. Och \u00e4r syftet med m\u00f6tet att chefen ska ge information kanske m\u00f6tet i st\u00e4llet ska bytas ut mot en inspelning, som medarbetarna f\u00e5r titta p\u00e5 vid den tidpunkt som passar individen b\u00e4st?&nbsp;&nbsp;<\/span><\/p>\n\n\n<a class='Share__link Share__link--url copy-text' href='#' rel='nofollow' data-text='motverka-a--och&nbsp;b-lag' title='Dela url' data-confirmation='L\u00e4nken kopierades till urklipp'><svg class='icon icon--link'  width='18' height='18' viewBox='0 0 18 18' fill='none' xmlns='http:\/\/www.w3.org\/2000\/svg'>\n            <path d='M10.4142 0.514721L6.87868 4.05025L8.29289 5.46447L11.1213 2.63604L15.364 6.87868L12.5355 9.70711L13.9497 11.1213L17.4853 7.58579C17.8763 7.19476 17.8763 6.5626 17.4853 6.17158L11.8284 0.514721C11.4374 0.123691 10.8052 0.123691 10.4142 0.514721Z' fill='black'\/>\n            <path d='M9.7071 12.5355L6.87868 15.364L2.63604 11.1213L5.46446 8.2929L4.05025 6.87868L0.514716 10.4142C0.123686 10.8052 0.123686 11.4374 0.514716 11.8284L6.17157 17.4853C6.5626 17.8763 7.19475 17.8763 7.58578 17.4853L11.1213 13.9497L9.7071 12.5355Z' fill='black'\/>\n            <path d='M6.17157 11.8284C6.5626 12.2195 7.19475 12.2195 7.58578 11.8284L11.8284 7.58579C12.2195 7.19476 12.2195 6.56261 11.8284 6.17158C11.4374 5.78055 10.8052 5.78055 10.4142 6.17158L6.17157 10.4142C5.78054 10.8052 5.78054 11.4374 6.17157 11.8284Z' fill='black'\/>\n            <\/svg> <\/a>\n<h2 class=\"wp-block-heading\">Motverka a- och&nbsp;b-lag<\/h2>\n\n\n\n<p><span data-contrast=\"auto\">Pandemin har redan omformat hur vi ser p\u00e5 m\u00f6ten. Tidigare en timme m\u00f6tesstandard, nu bokar allt fler i 45-minuterspass. Och n\u00e4r allt fler \u00e5terv\u00e4nder till att arbeta p\u00e5 det gemensamma kontoret \u00e4r det dags att fundera p\u00e5 hur hybridm\u00f6tet ska se ut, n\u00e4r n\u00e5gra fysisk sitter tillsammans i ett rum och andra deltar digitalt.<\/span><span data-ccp-props=\"{&quot;335559740&quot;:360}\">&nbsp;<\/span><\/p>\n\n\n\n<p><span data-contrast=\"auto\">\u2013 Det \u00e4r viktigt att hantera asymmetrin som kan uppst\u00e5 i ett hybridm\u00f6te. Det finns till exempel en risk f\u00f6r att det skapas ett a- och&nbsp;b-lag&nbsp;n\u00e4r de personer som fysiskt \u00e4r p\u00e5 plats f\u00f6r m\u00f6tet f\u00e5r information f\u00f6re de som kommer in via videol\u00e4nk, och d\u00e4rmed kan p\u00e5verka mer, s\u00e4ger Lena Lid Falkman.&nbsp;<\/span><\/p>\n\n\n\n<p><span data-contrast=\"auto\">Hon lyfter fram att det finns mycket som kan g\u00f6ras i den fysiska milj\u00f6n f\u00f6r att hantera detta. Genom att utforma specifika hybridm\u00f6tesrum, d\u00e4r stora sk\u00e4rmar och placeringen av dessa, g\u00f6r att \u00e4ven den som \u00e4r med digitalt kan ta plats p\u00e5 m\u00f6tet som j\u00e4mlik med de som sitter i rummet.<\/span><span data-ccp-props=\"{&quot;335559740&quot;:360}\">&nbsp;<\/span><\/p>\n\n\n\n<p><span data-contrast=\"auto\">\u2013 Ha en medveten struktur f\u00f6r hybridm\u00f6tet. Det kan handla om att det finns en utsedd talesperson i rummet som fungerar som representant f\u00f6r de som \u00e4r med via l\u00e4nk och h\u00e5ller koll p\u00e5 vad som skrivs i chatten. Eller att best\u00e4mma att fikapauser sker i rummet, d\u00e4r man h\u00e4mtar kaffe fr\u00e5n k\u00f6ket men \u00e5terv\u00e4nder med koppen f\u00f6r att inkludera \u00e4ven de som \u00e4r med via l\u00e4nk i det sociala sm\u00e5pratet.<\/span><\/p>\n","protected":false},"excerpt":{"rendered":"<p>&nbsp;\u00c4ven om Folkh\u00e4lsomyndigheten har \u00e4ndrat sina r\u00e5d om distansarbete kommer m\u00e5nga arbetsgivare \u00e4ven i framtiden att till\u00e5ta ett flexiblare arbetss\u00e4tt.&nbsp; \u2013 Pandemin l\u00e4rde oss att folk levererar \u00e4ven \u2013 kanske till och med mer \u2013 &hellip;<\/p>\n","protected":false},"author":4371,"featured_media":40816,"comment_status":"closed","ping_status":"closed","sticky":false,"template":"","format":"standard","meta":{"_acf_changed":false,"footnotes":""},"categories":[451],"tags":[527],"article_type":[55,56],"agreement":[],"class_list":["post-40815","post","type-post","status-publish","format-standard","has-post-thumbnail","hentry","category-arbetsgivarfragor","tag-framtidens-arbetsliv","type-artiklar","type-nyheter"],"acf":[],"yoast_head":"<!-- This site is optimized with the Yoast SEO Premium plugin v26.8 (Yoast SEO v26.8) - https:\/\/yoast.com\/product\/yoast-seo-premium-wordpress\/ -->\n<title>Rusta arbetsplatsen f\u00f6r hybridm\u00f6tet | Almega<\/title>\n<meta name=\"robots\" content=\"index, follow, max-snippet:-1, max-image-preview:large, max-video-preview:-1\" \/>\n<link rel=\"canonical\" href=\"https:\/\/www.almega.se\/2021\/11\/rusta-arbetsplatsen-for-hybridmotet\/\" \/>\n<meta property=\"og:locale\" content=\"sv_SE\" \/>\n<meta property=\"og:type\" content=\"article\" \/>\n<meta property=\"og:title\" content=\"Rusta arbetsplatsen f\u00f6r hybridm\u00f6tet\" \/>\n<meta property=\"og:description\" content=\"&nbsp;\u00c4ven om Folkh\u00e4lsomyndigheten har \u00e4ndrat sina r\u00e5d om distansarbete kommer m\u00e5nga arbetsgivare \u00e4ven i framtiden att till\u00e5ta ett flexiblare arbetss\u00e4tt.&nbsp; \u2013 Pandemin l\u00e4rde oss att folk levererar \u00e4ven \u2013 kanske till och med mer \u2013 &hellip;\" \/>\n<meta property=\"og:url\" content=\"https:\/\/www.almega.se\/2021\/11\/rusta-arbetsplatsen-for-hybridmotet\/\" \/>\n<meta property=\"og:site_name\" content=\"Almega\" \/>\n<meta property=\"article:published_time\" content=\"2021-11-10T09:48:30+00:00\" \/>\n<meta property=\"article:modified_time\" content=\"2023-06-07T13:58:43+00:00\" \/>\n<meta property=\"og:image\" content=\"https:\/\/www.almega.se\/app\/uploads\/2021\/11\/bild-webbartikel-1000x600-35.png\" \/>\n\t<meta property=\"og:image:width\" content=\"1000\" \/>\n\t<meta property=\"og:image:height\" content=\"600\" \/>\n\t<meta property=\"og:image:type\" content=\"image\/png\" \/>\n<meta name=\"author\" content=\"Katarina Ahlsen\" \/>\n<meta name=\"twitter:card\" content=\"summary_large_image\" \/>\n<meta name=\"twitter:label1\" content=\"Skriven av\" \/>\n\t<meta name=\"twitter:data1\" content=\"Katarina Ahlsen\" \/>\n\t<meta name=\"twitter:label2\" content=\"Ber\u00e4knad l\u00e4stid\" \/>\n\t<meta name=\"twitter:data2\" content=\"3 minuter\" \/>\n<!-- \/ Yoast SEO Premium plugin. -->","yoast_head_json":{"title":"Rusta arbetsplatsen f\u00f6r hybridm\u00f6tet | Almega","robots":{"index":"index","follow":"follow","max-snippet":"max-snippet:-1","max-image-preview":"max-image-preview:large","max-video-preview":"max-video-preview:-1"},"canonical":"https:\/\/www.almega.se\/2021\/11\/rusta-arbetsplatsen-for-hybridmotet\/","og_locale":"sv_SE","og_type":"article","og_title":"Rusta arbetsplatsen f\u00f6r hybridm\u00f6tet","og_description":"&nbsp;\u00c4ven om Folkh\u00e4lsomyndigheten har \u00e4ndrat sina r\u00e5d om distansarbete kommer m\u00e5nga arbetsgivare \u00e4ven i framtiden att till\u00e5ta ett flexiblare arbetss\u00e4tt.&nbsp; \u2013 Pandemin l\u00e4rde oss att folk levererar \u00e4ven \u2013 kanske till och med mer \u2013 &hellip;","og_url":"https:\/\/www.almega.se\/2021\/11\/rusta-arbetsplatsen-for-hybridmotet\/","og_site_name":"Almega","article_published_time":"2021-11-10T09:48:30+00:00","article_modified_time":"2023-06-07T13:58:43+00:00","og_image":[{"width":1000,"height":600,"url":"https:\/\/www.almega.se\/app\/uploads\/2021\/11\/bild-webbartikel-1000x600-35.png","type":"image\/png"}],"author":"Katarina Ahlsen","twitter_card":"summary_large_image","twitter_misc":{"Skriven av":"Katarina Ahlsen","Ber\u00e4knad l\u00e4stid":"3 minuter"},"schema":{"@context":"https:\/\/schema.org","@graph":[{"@type":"NewsArticle","@id":"https:\/\/www.almega.se\/2021\/11\/rusta-arbetsplatsen-for-hybridmotet\/#article","isPartOf":{"@id":"https:\/\/www.almega.se\/2021\/11\/rusta-arbetsplatsen-for-hybridmotet\/"},"author":{"name":"Katarina Ahlsen","@id":"https:\/\/www.almega.se\/#\/schema\/person\/21bb090beed442a47a2cf1e64374f091"},"headline":"Rusta arbetsplatsen f\u00f6r hybridm\u00f6tet","datePublished":"2021-11-10T09:48:30+00:00","dateModified":"2023-06-07T13:58:43+00:00","mainEntityOfPage":{"@id":"https:\/\/www.almega.se\/2021\/11\/rusta-arbetsplatsen-for-hybridmotet\/"},"wordCount":624,"image":{"@id":"https:\/\/www.almega.se\/2021\/11\/rusta-arbetsplatsen-for-hybridmotet\/#primaryimage"},"thumbnailUrl":"https:\/\/www.almega.se\/app\/uploads\/2021\/11\/bild-webbartikel-1000x600-35.png","keywords":["Framtidens arbetsliv"],"articleSection":["Arbetsgivarfr\u00e5gor"],"inLanguage":"sv-SE"},{"@type":"WebPage","@id":"https:\/\/www.almega.se\/2021\/11\/rusta-arbetsplatsen-for-hybridmotet\/","url":"https:\/\/www.almega.se\/2021\/11\/rusta-arbetsplatsen-for-hybridmotet\/","name":"Rusta arbetsplatsen f\u00f6r hybridm\u00f6tet | Almega","isPartOf":{"@id":"https:\/\/www.almega.se\/#website"},"primaryImageOfPage":{"@id":"https:\/\/www.almega.se\/2021\/11\/rusta-arbetsplatsen-for-hybridmotet\/#primaryimage"},"image":{"@id":"https:\/\/www.almega.se\/2021\/11\/rusta-arbetsplatsen-for-hybridmotet\/#primaryimage"},"thumbnailUrl":"https:\/\/www.almega.se\/app\/uploads\/2021\/11\/bild-webbartikel-1000x600-35.png","datePublished":"2021-11-10T09:48:30+00:00","dateModified":"2023-06-07T13:58:43+00:00","author":{"@id":"https:\/\/www.almega.se\/#\/schema\/person\/21bb090beed442a47a2cf1e64374f091"},"breadcrumb":{"@id":"https:\/\/www.almega.se\/2021\/11\/rusta-arbetsplatsen-for-hybridmotet\/#breadcrumb"},"inLanguage":"sv-SE","potentialAction":[{"@type":"ReadAction","target":["https:\/\/www.almega.se\/2021\/11\/rusta-arbetsplatsen-for-hybridmotet\/"]}]},{"@type":"ImageObject","inLanguage":"sv-SE","@id":"https:\/\/www.almega.se\/2021\/11\/rusta-arbetsplatsen-for-hybridmotet\/#primaryimage","url":"https:\/\/www.almega.se\/app\/uploads\/2021\/11\/bild-webbartikel-1000x600-35.png","contentUrl":"https:\/\/www.almega.se\/app\/uploads\/2021\/11\/bild-webbartikel-1000x600-35.png","width":1000,"height":600},{"@type":"BreadcrumbList","@id":"https:\/\/www.almega.se\/2021\/11\/rusta-arbetsplatsen-for-hybridmotet\/#breadcrumb","itemListElement":[{"@type":"ListItem","position":1,"name":"Home","item":"https:\/\/www.almega.se\/"},{"@type":"ListItem","position":2,"name":"Rusta arbetsplatsen f\u00f6r hybridm\u00f6tet"}]},{"@type":"WebSite","@id":"https:\/\/www.almega.se\/#website","url":"https:\/\/www.almega.se\/","name":"Almega","description":"","potentialAction":[{"@type":"SearchAction","target":{"@type":"EntryPoint","urlTemplate":"https:\/\/www.almega.se\/?s={search_term_string}"},"query-input":{"@type":"PropertyValueSpecification","valueRequired":true,"valueName":"search_term_string"}}],"inLanguage":"sv-SE"},{"@type":"Person","@id":"https:\/\/www.almega.se\/#\/schema\/person\/21bb090beed442a47a2cf1e64374f091","name":"Katarina Ahlsen","image":{"@type":"ImageObject","inLanguage":"sv-SE","@id":"https:\/\/www.almega.se\/#\/schema\/person\/image\/","url":"https:\/\/secure.gravatar.com\/avatar\/08acb5974fe161bc44fe8e62ec32e85c446ac625c171f9a7eb9f4941b883d3d9?s=96&d=mm&r=g","contentUrl":"https:\/\/secure.gravatar.com\/avatar\/08acb5974fe161bc44fe8e62ec32e85c446ac625c171f9a7eb9f4941b883d3d9?s=96&d=mm&r=g","caption":"Katarina Ahlsen"},"url":"https:\/\/www.almega.se\/person\/katarinaahlsen\/"}]}},"_links":{"self":[{"href":"https:\/\/www.almega.se\/api\/wp\/v2\/posts\/40815","targetHints":{"allow":["GET"]}}],"collection":[{"href":"https:\/\/www.almega.se\/api\/wp\/v2\/posts"}],"about":[{"href":"https:\/\/www.almega.se\/api\/wp\/v2\/types\/post"}],"author":[{"embeddable":true,"href":"https:\/\/www.almega.se\/api\/wp\/v2\/users\/4371"}],"replies":[{"embeddable":true,"href":"https:\/\/www.almega.se\/api\/wp\/v2\/comments?post=40815"}],"version-history":[{"count":4,"href":"https:\/\/www.almega.se\/api\/wp\/v2\/posts\/40815\/revisions"}],"predecessor-version":[{"id":64312,"href":"https:\/\/www.almega.se\/api\/wp\/v2\/posts\/40815\/revisions\/64312"}],"wp:featuredmedia":[{"embeddable":true,"href":"https:\/\/www.almega.se\/api\/wp\/v2\/media\/40816"}],"wp:attachment":[{"href":"https:\/\/www.almega.se\/api\/wp\/v2\/media?parent=40815"}],"wp:term":[{"taxonomy":"category","embeddable":true,"href":"https:\/\/www.almega.se\/api\/wp\/v2\/categories?post=40815"},{"taxonomy":"post_tag","embeddable":true,"href":"https:\/\/www.almega.se\/api\/wp\/v2\/tags?post=40815"},{"taxonomy":"type","embeddable":true,"href":"https:\/\/www.almega.se\/api\/wp\/v2\/article_type?post=40815"},{"taxonomy":"agreement","embeddable":true,"href":"https:\/\/www.almega.se\/api\/wp\/v2\/agreement?post=40815"}],"curies":[{"name":"wp","href":"https:\/\/api.w.org\/{rel}","templated":true}]}}