{"id":40799,"date":"2021-11-10T09:50:30","date_gmt":"2021-11-10T08:50:30","guid":{"rendered":"https:\/\/www.almega.se\/?p=40799"},"modified":"2021-11-10T09:50:30","modified_gmt":"2021-11-10T08:50:30","slug":"sa-hjalper-almega-till-med-snabbhanteringen-av-arbetstillstand","status":"publish","type":"post","link":"https:\/\/www.almega.se\/2021\/11\/sa-hjalper-almega-till-med-snabbhanteringen-av-arbetstillstand\/","title":{"rendered":"S\u00e5 hj\u00e4lper Almega till med snabbhanteringen av arbetstillst\u00e5nd"},"content":{"rendered":"<p style=\"font-weight: 400\">M\u00e5ste det vara kr\u00e5ngligt och tids\u00f6dande att s\u00f6ka arbetstillst\u00e5nd f\u00f6r personer fr\u00e5n l\u00e4nder utanf\u00f6r EU\/EES och Schweiz? Nej, f\u00f6r med Almegas hantering av arbetstillst\u00e5nd kan medlemsf\u00f6retag f\u00e5 snabb och smidig hj\u00e4lp \u2013 arbetsr\u00e4ttsjurist Emilie Gustafson f\u00f6rklarar hur tj\u00e4nsten fungerar.<\/p>\n\n<p><\/p>\n\n\n\n<h3 class=\"wp-block-heading\">Hur l\u00e5ng tid tar det att f\u00e5 ett arbetstillst\u00e5nd?<\/h3>\n\n\n\n<p>\u2013 F\u00f6r den som inte tar hj\u00e4lp av Almega och ans\u00f6ker sj\u00e4lv kan handl\u00e4ggningstiden bli mycket l\u00e5ng, det kan handla om mellan 15 till 19 m\u00e5nader. Med hj\u00e4lp av Almega kan ett f\u00f6retag ist\u00e4llet f\u00e5 hj\u00e4lp p\u00e5 mellan 5 till 8 veckor, fr\u00e5n f\u00f6rsta kontakt och handl\u00e4ggning till f\u00e4rdigt beslut. Tack vare Almegas snabbhantering hos Migrationsverket pr\u00f6vas en komplett f\u00f6rstag\u00e5ngsans\u00f6kan inom tio arbetsdagar och en f\u00f6rl\u00e4ngningsans\u00f6kan inom tjugo arbetsdagar. Vi finns med dig genom hela ans\u00f6kningsprocessen.<\/p>\n\n\n\n<h3 class=\"wp-block-heading\">Vilka f\u00f6retag kan Almega hj\u00e4lpa med arbetstillst\u00e5nd?<\/h3>\n\n\n\n<p>\u2013 Vi hj\u00e4lper f\u00f6retag som inte hittar den kompetens de beh\u00f6ver i Sverige och d\u00e4rf\u00f6r m\u00e5ste s\u00f6ka arbetskraft utanf\u00f6r landets gr\u00e4nser, med snabbhantering av ans\u00f6kningsf\u00f6rfarande f\u00f6r arbetstillst\u00e5nd f\u00f6r personer fr\u00e5n l\u00e4nder utanf\u00f6r EU\/EES och Schweiz. Det g\u00e4ller framf\u00f6r allt f\u00f6retag som har ett \u00e5terkommande behov av arbetskraft fr\u00e5n tredje land eller som beh\u00f6ver \u00e5terkommande f\u00f6rl\u00e4ngning av arbetstillst\u00e5nd f\u00f6r redan anst\u00e4llda som har en anst\u00e4llning p\u00e5 l\u00e4ngre \u00e4n fyra m\u00e5nader.<\/p>\n\n\n\n<p>F\u00f6r att kunna ta del av Almegatj\u00e4nsten beh\u00f6ver Migrationsverket f\u00f6rst godk\u00e4nna f\u00f6retaget som ett underf\u00f6retag till Almega. Kraven som Migrationsverket st\u00e4ller f\u00f6r att godk\u00e4nna f\u00f6retaget som ett s\u00e5dant handlar bland annat om arbetskraftsbehov, om tidigare ans\u00f6kningar varit utredningskr\u00e4vande och ekonomiska f\u00f6ruts\u00e4ttningar i f\u00f6retaget. N\u00e4r f\u00f6retaget \u00e4r godk\u00e4nt kan vi regelbundet hj\u00e4lpa till med snabbhantering av arbetstillst\u00e5nd.<\/p>\n\n\n\n<h3 class=\"wp-block-heading\">Hur g\u00e5r processen till?<\/h3>\n\n\n\n<p>\u2013 F\u00f6retaget skickar in en ans\u00f6kan till oss och vi b\u00f6rjar med att kontakta fackf\u00f6rbundet som ska yttra sig \u00f6ver anst\u00e4llningserbjudandet. N\u00e4r fackf\u00f6rbundet har yttrat sig \u00f6ver anst\u00e4llningserbjudandet kan vi forts\u00e4tta handl\u00e4ggningen och skicka in ans\u00f6kan till Migrationsverket. P\u00e5 <a href=\"https:\/\/medlem.arbetsgivarguiden.se\/a-till-o\/152\">Arbetsgivarguiden<\/a> finns enkla steg-f\u00f6r-steg-guider f\u00f6r vilka handlingar f\u00f6retaget beh\u00f6ver ge oss p\u00e5 Almega.<\/p>\n\n\n\n<p>F\u00f6r f\u00f6retag med f\u00f6rstag\u00e5ngsans\u00f6kningar, f\u00f6rl\u00e4ngnings\u00e4renden och handl\u00e4ggning av studenter som vill b\u00f6rja arbeta i Sverige efter avslutade studier, \u00e4r det h\u00e4r en smidig tj\u00e4nst, som vi vet uppskattas mycket av v\u00e5ra medlemsf\u00f6retag som anv\u00e4nder den.<\/p>\n","protected":false},"excerpt":{"rendered":"<p>Hur l\u00e5ng tid tar det att f\u00e5 ett arbetstillst\u00e5nd? \u2013 F\u00f6r den som inte tar hj\u00e4lp av Almega och ans\u00f6ker sj\u00e4lv kan handl\u00e4ggningstiden bli mycket l\u00e5ng, det kan handla om mellan 15 till 19 m\u00e5nader. &hellip;<\/p>\n","protected":false},"author":4639,"featured_media":40807,"comment_status":"closed","ping_status":"closed","sticky":false,"template":"","format":"standard","meta":{"_acf_changed":false,"footnotes":""},"categories":[419],"tags":[543],"article_type":[55],"agreement":[],"class_list":["post-40799","post","type-post","status-publish","format-standard","has-post-thumbnail","hentry","category-kompetensforsorjning","tag-arbetskraftsinvandring","type-artiklar"],"acf":[],"yoast_head":"<!-- This site is optimized with the Yoast SEO Premium plugin v26.8 (Yoast SEO v26.8) - https:\/\/yoast.com\/product\/yoast-seo-premium-wordpress\/ -->\n<title>S\u00e5 hj\u00e4lper Almega till med snabbhanteringen av arbetstillst\u00e5nd | Almega<\/title>\n<meta name=\"robots\" content=\"index, follow, max-snippet:-1, max-image-preview:large, max-video-preview:-1\" \/>\n<link rel=\"canonical\" href=\"https:\/\/www.almega.se\/2021\/11\/sa-hjalper-almega-till-med-snabbhanteringen-av-arbetstillstand\/\" \/>\n<meta property=\"og:locale\" content=\"sv_SE\" \/>\n<meta property=\"og:type\" content=\"article\" \/>\n<meta property=\"og:title\" content=\"S\u00e5 hj\u00e4lper Almega till med snabbhanteringen av arbetstillst\u00e5nd\" \/>\n<meta property=\"og:description\" content=\"Hur l\u00e5ng tid tar det att f\u00e5 ett arbetstillst\u00e5nd? \u2013 F\u00f6r den som inte tar hj\u00e4lp av Almega och ans\u00f6ker sj\u00e4lv kan handl\u00e4ggningstiden bli mycket l\u00e5ng, det kan handla om mellan 15 till 19 m\u00e5nader. &hellip;\" \/>\n<meta property=\"og:url\" content=\"https:\/\/www.almega.se\/2021\/11\/sa-hjalper-almega-till-med-snabbhanteringen-av-arbetstillstand\/\" \/>\n<meta property=\"og:site_name\" content=\"Almega\" \/>\n<meta property=\"article:published_time\" content=\"2021-11-10T08:50:30+00:00\" \/>\n<meta property=\"og:image\" content=\"https:\/\/www.almega.se\/app\/uploads\/2021\/11\/gettyimages-881175588-scaled.jpg\" \/>\n\t<meta property=\"og:image:width\" content=\"2560\" \/>\n\t<meta property=\"og:image:height\" content=\"1708\" \/>\n\t<meta property=\"og:image:type\" content=\"image\/jpeg\" \/>\n<meta name=\"author\" content=\"Julia Setterberg\" \/>\n<meta name=\"twitter:card\" content=\"summary_large_image\" \/>\n<meta name=\"twitter:label1\" content=\"Skriven av\" \/>\n\t<meta name=\"twitter:data1\" content=\"Julia Setterberg\" \/>\n\t<meta name=\"twitter:label2\" content=\"Ber\u00e4knad l\u00e4stid\" \/>\n\t<meta name=\"twitter:data2\" content=\"2 minuter\" \/>\n<!-- \/ Yoast SEO Premium plugin. -->","yoast_head_json":{"title":"S\u00e5 hj\u00e4lper Almega till med snabbhanteringen av arbetstillst\u00e5nd | Almega","robots":{"index":"index","follow":"follow","max-snippet":"max-snippet:-1","max-image-preview":"max-image-preview:large","max-video-preview":"max-video-preview:-1"},"canonical":"https:\/\/www.almega.se\/2021\/11\/sa-hjalper-almega-till-med-snabbhanteringen-av-arbetstillstand\/","og_locale":"sv_SE","og_type":"article","og_title":"S\u00e5 hj\u00e4lper Almega till med snabbhanteringen av arbetstillst\u00e5nd","og_description":"Hur l\u00e5ng tid tar det att f\u00e5 ett arbetstillst\u00e5nd? \u2013 F\u00f6r den som inte tar hj\u00e4lp av Almega och ans\u00f6ker sj\u00e4lv kan handl\u00e4ggningstiden bli mycket l\u00e5ng, det kan handla om mellan 15 till 19 m\u00e5nader. &hellip;","og_url":"https:\/\/www.almega.se\/2021\/11\/sa-hjalper-almega-till-med-snabbhanteringen-av-arbetstillstand\/","og_site_name":"Almega","article_published_time":"2021-11-10T08:50:30+00:00","og_image":[{"width":2560,"height":1708,"url":"https:\/\/www.almega.se\/app\/uploads\/2021\/11\/gettyimages-881175588-scaled.jpg","type":"image\/jpeg"}],"author":"Julia Setterberg","twitter_card":"summary_large_image","twitter_misc":{"Skriven av":"Julia Setterberg","Ber\u00e4knad l\u00e4stid":"2 minuter"},"schema":{"@context":"https:\/\/schema.org","@graph":[{"@type":"NewsArticle","@id":"https:\/\/www.almega.se\/2021\/11\/sa-hjalper-almega-till-med-snabbhanteringen-av-arbetstillstand\/#article","isPartOf":{"@id":"https:\/\/www.almega.se\/2021\/11\/sa-hjalper-almega-till-med-snabbhanteringen-av-arbetstillstand\/"},"author":{"name":"Julia Setterberg","@id":"https:\/\/www.almega.se\/#\/schema\/person\/fe3d8b3d5464e372fd623ff0b080ff07"},"headline":"S\u00e5 hj\u00e4lper Almega till med snabbhanteringen av arbetstillst\u00e5nd","datePublished":"2021-11-10T08:50:30+00:00","mainEntityOfPage":{"@id":"https:\/\/www.almega.se\/2021\/11\/sa-hjalper-almega-till-med-snabbhanteringen-av-arbetstillstand\/"},"wordCount":423,"image":{"@id":"https:\/\/www.almega.se\/2021\/11\/sa-hjalper-almega-till-med-snabbhanteringen-av-arbetstillstand\/#primaryimage"},"thumbnailUrl":"https:\/\/www.almega.se\/app\/uploads\/2021\/11\/gettyimages-881175588-scaled.jpg","keywords":["Arbetskraftsinvandring"],"articleSection":["Kompetensf\u00f6rs\u00f6rjning"],"inLanguage":"sv-SE"},{"@type":"WebPage","@id":"https:\/\/www.almega.se\/2021\/11\/sa-hjalper-almega-till-med-snabbhanteringen-av-arbetstillstand\/","url":"https:\/\/www.almega.se\/2021\/11\/sa-hjalper-almega-till-med-snabbhanteringen-av-arbetstillstand\/","name":"S\u00e5 hj\u00e4lper Almega till med snabbhanteringen av arbetstillst\u00e5nd | Almega","isPartOf":{"@id":"https:\/\/www.almega.se\/#website"},"primaryImageOfPage":{"@id":"https:\/\/www.almega.se\/2021\/11\/sa-hjalper-almega-till-med-snabbhanteringen-av-arbetstillstand\/#primaryimage"},"image":{"@id":"https:\/\/www.almega.se\/2021\/11\/sa-hjalper-almega-till-med-snabbhanteringen-av-arbetstillstand\/#primaryimage"},"thumbnailUrl":"https:\/\/www.almega.se\/app\/uploads\/2021\/11\/gettyimages-881175588-scaled.jpg","datePublished":"2021-11-10T08:50:30+00:00","author":{"@id":"https:\/\/www.almega.se\/#\/schema\/person\/fe3d8b3d5464e372fd623ff0b080ff07"},"breadcrumb":{"@id":"https:\/\/www.almega.se\/2021\/11\/sa-hjalper-almega-till-med-snabbhanteringen-av-arbetstillstand\/#breadcrumb"},"inLanguage":"sv-SE","potentialAction":[{"@type":"ReadAction","target":["https:\/\/www.almega.se\/2021\/11\/sa-hjalper-almega-till-med-snabbhanteringen-av-arbetstillstand\/"]}]},{"@type":"ImageObject","inLanguage":"sv-SE","@id":"https:\/\/www.almega.se\/2021\/11\/sa-hjalper-almega-till-med-snabbhanteringen-av-arbetstillstand\/#primaryimage","url":"https:\/\/www.almega.se\/app\/uploads\/2021\/11\/gettyimages-881175588-scaled.jpg","contentUrl":"https:\/\/www.almega.se\/app\/uploads\/2021\/11\/gettyimages-881175588-scaled.jpg","width":2560,"height":1708},{"@type":"BreadcrumbList","@id":"https:\/\/www.almega.se\/2021\/11\/sa-hjalper-almega-till-med-snabbhanteringen-av-arbetstillstand\/#breadcrumb","itemListElement":[{"@type":"ListItem","position":1,"name":"Home","item":"https:\/\/www.almega.se\/"},{"@type":"ListItem","position":2,"name":"S\u00e5 hj\u00e4lper Almega till med snabbhanteringen av arbetstillst\u00e5nd"}]},{"@type":"WebSite","@id":"https:\/\/www.almega.se\/#website","url":"https:\/\/www.almega.se\/","name":"Almega","description":"","potentialAction":[{"@type":"SearchAction","target":{"@type":"EntryPoint","urlTemplate":"https:\/\/www.almega.se\/?s={search_term_string}"},"query-input":{"@type":"PropertyValueSpecification","valueRequired":true,"valueName":"search_term_string"}}],"inLanguage":"sv-SE"},{"@type":"Person","@id":"https:\/\/www.almega.se\/#\/schema\/person\/fe3d8b3d5464e372fd623ff0b080ff07","name":"Julia Setterberg","image":{"@type":"ImageObject","inLanguage":"sv-SE","@id":"https:\/\/www.almega.se\/#\/schema\/person\/image\/","url":"https:\/\/secure.gravatar.com\/avatar\/8e5a431a1412393c1d16ec7b4438bea0923df519c9cb0f6c122206764cd23987?s=96&d=mm&r=g","contentUrl":"https:\/\/secure.gravatar.com\/avatar\/8e5a431a1412393c1d16ec7b4438bea0923df519c9cb0f6c122206764cd23987?s=96&d=mm&r=g","caption":"Julia Setterberg"},"description":"Julia arbetar som t.f. kommunikationschef p\u00e5 V\u00e5rdf\u00f6retagarna.","url":"https:\/\/www.almega.se\/person\/juliasetterberg\/"}]}},"_links":{"self":[{"href":"https:\/\/www.almega.se\/api\/wp\/v2\/posts\/40799","targetHints":{"allow":["GET"]}}],"collection":[{"href":"https:\/\/www.almega.se\/api\/wp\/v2\/posts"}],"about":[{"href":"https:\/\/www.almega.se\/api\/wp\/v2\/types\/post"}],"author":[{"embeddable":true,"href":"https:\/\/www.almega.se\/api\/wp\/v2\/users\/4639"}],"replies":[{"embeddable":true,"href":"https:\/\/www.almega.se\/api\/wp\/v2\/comments?post=40799"}],"version-history":[{"count":9,"href":"https:\/\/www.almega.se\/api\/wp\/v2\/posts\/40799\/revisions"}],"predecessor-version":[{"id":54414,"href":"https:\/\/www.almega.se\/api\/wp\/v2\/posts\/40799\/revisions\/54414"}],"wp:featuredmedia":[{"embeddable":true,"href":"https:\/\/www.almega.se\/api\/wp\/v2\/media\/40807"}],"wp:attachment":[{"href":"https:\/\/www.almega.se\/api\/wp\/v2\/media?parent=40799"}],"wp:term":[{"taxonomy":"category","embeddable":true,"href":"https:\/\/www.almega.se\/api\/wp\/v2\/categories?post=40799"},{"taxonomy":"post_tag","embeddable":true,"href":"https:\/\/www.almega.se\/api\/wp\/v2\/tags?post=40799"},{"taxonomy":"type","embeddable":true,"href":"https:\/\/www.almega.se\/api\/wp\/v2\/article_type?post=40799"},{"taxonomy":"agreement","embeddable":true,"href":"https:\/\/www.almega.se\/api\/wp\/v2\/agreement?post=40799"}],"curies":[{"name":"wp","href":"https:\/\/api.w.org\/{rel}","templated":true}]}}