{"id":40776,"date":"2021-11-08T10:55:26","date_gmt":"2021-11-08T09:55:26","guid":{"rendered":"https:\/\/www.almega.se\/?p=40776"},"modified":"2021-11-08T10:55:26","modified_gmt":"2021-11-08T09:55:26","slug":"glom-inte-bort-chefen-i-arbetsmiljoarbetet","status":"publish","type":"post","link":"https:\/\/www.almega.se\/2021\/11\/glom-inte-bort-chefen-i-arbetsmiljoarbetet\/","title":{"rendered":"Gl\u00f6m inte bort chefen i arbetsmilj\u00f6&shy;arbetet"},"content":{"rendered":"<p class=\"intro\">Medarbetarnas arbetsmilj\u00f6 har st\u00e5tt h\u00f6gt p\u00e5 f\u00f6retagens agenda under pandemin \u2013 men samtidigt har chefens arbetssituation ofta hamnat i skymundan. Almegas arbetsmilj\u00f6expert Maria Morberg lyfter vikten av att inte gl\u00f6mma bort chefen i arbetet med att f\u00f6rebygga oh\u00e4lsa.<\/p>\n\n<p><\/p>\n\n\n\n<h3 class=\"wp-block-heading\">Varf\u00f6r \u00e4r det dags att s\u00e4tta fokus p\u00e5 chefens arbetssituation?<\/h3>\n\n\n\n<p>\u2013 M\u00e5nga chefer har levt under stor press under pandemin och haft fullt fokus p\u00e5 verksamhetens \u00f6verlevnad och medarbetarnas arbetsmilj\u00f6. F\u00f6r m\u00e5nga innebar distansarbetet en snabbspolning av digitaliseringsresan och utvecklingen av nya arbetss\u00e4tt, med h\u00f6ga krav p\u00e5 att cheferna skulle h\u00e5lla en t\u00e4t dialog med sina medarbetare. Och de som har haft personal p\u00e5 plats har f\u00e5tt l\u00e4gga mycket energi p\u00e5 att f\u00f6rs\u00f6ka f\u00f6rebygga smittspridning p\u00e5 arbetsplatsen. Inom vissa branscher har cheferna ocks\u00e5 f\u00e5tt hantera extremt stor sjukfr\u00e5nvaro som har skapat en h\u00f6g stress och arbetsbelastning.<\/p>\n\n\n\n<p>Detta har inneburit att organisationen och chefernas chefer inte har haft samma f\u00f6ruts\u00e4ttningar att fokusera p\u00e5 chefernas arbetsmilj\u00f6 och s\u00e4kerst\u00e4lla att deras arbetssituation \u00e4r h\u00e5llbar.<\/p>\n\n\n\n<p>Det \u00e4r f\u00f6rst\u00e5eligt att mycket arbete har legat p\u00e5 is under pandemin, men nu befinner vi oss i en mer kontrollerad situation. D\u00e4rf\u00f6r \u00e4r det h\u00f6g tid att ta tag i chefens arbetssituation igen och inkludera den i det systematiska arbetsmilj\u00f6arbetet.<\/p>\n\n\n\n<h3 class=\"wp-block-heading\">Varf\u00f6r \u00e4r det viktigt att analysera arbetssituationen f\u00f6r chefer och arbetsledare?<\/h3>\n\n\n\n<p>\u2013 Om inte den som ska leda arbetet har en bra arbetsmilj\u00f6 och r\u00e4tt f\u00f6ruts\u00e4ttningar f\u00f6r att kunna g\u00f6ra sitt jobb, finns risken att medarbetarna inte heller kommer att m\u00e5 bra p\u00e5 sikt. Och <a href=\"https:\/\/www.av.se\/arbetsmiljoarbete-och-inspektioner\/publikationer\/foreskrifter\/organisatorisk-och-social-arbetsmiljo-afs-20154\/\">Arbetsmilj\u00f6verkets f\u00f6reskrifter om organisatorisk och social arbetsmilj\u00f6<\/a> g\u00e4ller faktiskt ocks\u00e5 chefer och arbetsledare.<\/p>\n\n\n\n<h3 class=\"wp-block-heading\">Vad kan man g\u00f6ra f\u00f6r att st\u00f6tta chefen?<\/h3>\n\n\n\n<p>\u2013 Det har h\u00e4nt mycket sedan pandemin startade, inte minst i form av nya arbetss\u00e4tt. D\u00e4rf\u00f6r m\u00e5ste m\u00e5nga g\u00f6ra ett rej\u00e4lt omtag och st\u00e4lla en rad fr\u00e5gor f\u00f6r att skapa sig en bild av nul\u00e4get. Vilka arbetsuppgifter har chefen i dag? Hur ser balansen mellan krav och resurser ut? Har chefen realistiska m\u00e5l och mandat att best\u00e4mma i fr\u00e5gor som p\u00e5verkar den egna arbetssituationen?<\/p>\n\n\n\n<p>Det handlar om att \u00e5terstarta och b\u00f6rja bygga en plan fram\u00e5t igen f\u00f6r cheferna. Forskning visar att en viktig framg\u00e5ngsfaktor \u00e4r att chefen har tillg\u00e5ng till bollplank och att det \u00e4r tydligt vem som kan hj\u00e4lpa chefen att prioritera bland arbetsuppgifterna n\u00e4r de hopar sig. Att det finns tydliga kommunikationsv\u00e4gar. Jag tr\u00e4ffade nyligen ett f\u00f6retag som ska testa att hyra in administrativt st\u00f6d till sina chefer under sex m\u00e5nader. Det \u00e4r ett j\u00e4ttebra initiativ som kan g\u00f6ra stor skillnad f\u00f6r chefens arbetsmilj\u00f6.<\/p>\n","protected":false},"excerpt":{"rendered":"<p>Varf\u00f6r \u00e4r det dags att s\u00e4tta fokus p\u00e5 chefens arbetssituation? \u2013 M\u00e5nga chefer har levt under stor press under pandemin och haft fullt fokus p\u00e5 verksamhetens \u00f6verlevnad och medarbetarnas arbetsmilj\u00f6. F\u00f6r m\u00e5nga innebar distansarbetet en &hellip;<\/p>\n","protected":false},"author":4371,"featured_media":40777,"comment_status":"closed","ping_status":"closed","sticky":false,"template":"","format":"standard","meta":{"_acf_changed":false,"footnotes":""},"categories":[451],"tags":[533,527,468],"article_type":[55,56],"agreement":[],"class_list":["post-40776","post","type-post","status-publish","format-standard","has-post-thumbnail","hentry","category-arbetsgivarfragor","tag-arbetsmiljo","tag-framtidens-arbetsliv","tag-framtidens-ledarskap","type-artiklar","type-nyheter"],"acf":[],"yoast_head":"<!-- This site is optimized with the Yoast SEO Premium plugin v26.8 (Yoast SEO v26.8) - https:\/\/yoast.com\/product\/yoast-seo-premium-wordpress\/ -->\n<title>Gl\u00f6m inte bort chefen i arbetsmilj\u00f6arbetet | Almega<\/title>\n<meta name=\"robots\" content=\"index, follow, max-snippet:-1, max-image-preview:large, max-video-preview:-1\" \/>\n<link rel=\"canonical\" href=\"https:\/\/www.almega.se\/2021\/11\/glom-inte-bort-chefen-i-arbetsmiljoarbetet\/\" \/>\n<meta property=\"og:locale\" content=\"sv_SE\" \/>\n<meta property=\"og:type\" content=\"article\" \/>\n<meta property=\"og:title\" content=\"Gl\u00f6m inte bort chefen i arbetsmilj\u00f6arbetet\" \/>\n<meta property=\"og:description\" content=\"Varf\u00f6r \u00e4r det dags att s\u00e4tta fokus p\u00e5 chefens arbetssituation? \u2013 M\u00e5nga chefer har levt under stor press under pandemin och haft fullt fokus p\u00e5 verksamhetens \u00f6verlevnad och medarbetarnas arbetsmilj\u00f6. F\u00f6r m\u00e5nga innebar distansarbetet en &hellip;\" \/>\n<meta property=\"og:url\" content=\"https:\/\/www.almega.se\/2021\/11\/glom-inte-bort-chefen-i-arbetsmiljoarbetet\/\" \/>\n<meta property=\"og:site_name\" content=\"Almega\" \/>\n<meta property=\"article:published_time\" content=\"2021-11-08T09:55:26+00:00\" \/>\n<meta property=\"og:image\" content=\"https:\/\/www.almega.se\/app\/uploads\/2021\/11\/bild-webbartikel-1000x600-34.png\" \/>\n\t<meta property=\"og:image:width\" content=\"1000\" \/>\n\t<meta property=\"og:image:height\" content=\"600\" \/>\n\t<meta property=\"og:image:type\" content=\"image\/png\" \/>\n<meta name=\"author\" content=\"Katarina Ahlsen\" \/>\n<meta name=\"twitter:card\" content=\"summary_large_image\" \/>\n<meta name=\"twitter:label1\" content=\"Skriven av\" \/>\n\t<meta name=\"twitter:data1\" content=\"Katarina Ahlsen\" \/>\n\t<meta name=\"twitter:label2\" content=\"Ber\u00e4knad l\u00e4stid\" \/>\n\t<meta name=\"twitter:data2\" content=\"2 minuter\" \/>\n<!-- \/ Yoast SEO Premium plugin. -->","yoast_head_json":{"title":"Gl\u00f6m inte bort chefen i arbetsmilj\u00f6arbetet | Almega","robots":{"index":"index","follow":"follow","max-snippet":"max-snippet:-1","max-image-preview":"max-image-preview:large","max-video-preview":"max-video-preview:-1"},"canonical":"https:\/\/www.almega.se\/2021\/11\/glom-inte-bort-chefen-i-arbetsmiljoarbetet\/","og_locale":"sv_SE","og_type":"article","og_title":"Gl\u00f6m inte bort chefen i arbetsmilj\u00f6arbetet","og_description":"Varf\u00f6r \u00e4r det dags att s\u00e4tta fokus p\u00e5 chefens arbetssituation? \u2013 M\u00e5nga chefer har levt under stor press under pandemin och haft fullt fokus p\u00e5 verksamhetens \u00f6verlevnad och medarbetarnas arbetsmilj\u00f6. F\u00f6r m\u00e5nga innebar distansarbetet en &hellip;","og_url":"https:\/\/www.almega.se\/2021\/11\/glom-inte-bort-chefen-i-arbetsmiljoarbetet\/","og_site_name":"Almega","article_published_time":"2021-11-08T09:55:26+00:00","og_image":[{"width":1000,"height":600,"url":"https:\/\/www.almega.se\/app\/uploads\/2021\/11\/bild-webbartikel-1000x600-34.png","type":"image\/png"}],"author":"Katarina Ahlsen","twitter_card":"summary_large_image","twitter_misc":{"Skriven av":"Katarina Ahlsen","Ber\u00e4knad l\u00e4stid":"2 minuter"},"schema":{"@context":"https:\/\/schema.org","@graph":[{"@type":"NewsArticle","@id":"https:\/\/www.almega.se\/2021\/11\/glom-inte-bort-chefen-i-arbetsmiljoarbetet\/#article","isPartOf":{"@id":"https:\/\/www.almega.se\/2021\/11\/glom-inte-bort-chefen-i-arbetsmiljoarbetet\/"},"author":{"name":"Katarina Ahlsen","@id":"https:\/\/www.almega.se\/#\/schema\/person\/21bb090beed442a47a2cf1e64374f091"},"headline":"Gl\u00f6m inte bort chefen i arbetsmilj\u00f6&shy;arbetet","datePublished":"2021-11-08T09:55:26+00:00","mainEntityOfPage":{"@id":"https:\/\/www.almega.se\/2021\/11\/glom-inte-bort-chefen-i-arbetsmiljoarbetet\/"},"wordCount":451,"image":{"@id":"https:\/\/www.almega.se\/2021\/11\/glom-inte-bort-chefen-i-arbetsmiljoarbetet\/#primaryimage"},"thumbnailUrl":"https:\/\/www.almega.se\/app\/uploads\/2021\/11\/bild-webbartikel-1000x600-34.png","keywords":["Arbetsmilj\u00f6","Framtidens arbetsliv","Framtidens ledarskap"],"articleSection":["Arbetsgivarfr\u00e5gor"],"inLanguage":"sv-SE"},{"@type":"WebPage","@id":"https:\/\/www.almega.se\/2021\/11\/glom-inte-bort-chefen-i-arbetsmiljoarbetet\/","url":"https:\/\/www.almega.se\/2021\/11\/glom-inte-bort-chefen-i-arbetsmiljoarbetet\/","name":"Gl\u00f6m inte bort chefen i arbetsmilj\u00f6arbetet | Almega","isPartOf":{"@id":"https:\/\/www.almega.se\/#website"},"primaryImageOfPage":{"@id":"https:\/\/www.almega.se\/2021\/11\/glom-inte-bort-chefen-i-arbetsmiljoarbetet\/#primaryimage"},"image":{"@id":"https:\/\/www.almega.se\/2021\/11\/glom-inte-bort-chefen-i-arbetsmiljoarbetet\/#primaryimage"},"thumbnailUrl":"https:\/\/www.almega.se\/app\/uploads\/2021\/11\/bild-webbartikel-1000x600-34.png","datePublished":"2021-11-08T09:55:26+00:00","author":{"@id":"https:\/\/www.almega.se\/#\/schema\/person\/21bb090beed442a47a2cf1e64374f091"},"breadcrumb":{"@id":"https:\/\/www.almega.se\/2021\/11\/glom-inte-bort-chefen-i-arbetsmiljoarbetet\/#breadcrumb"},"inLanguage":"sv-SE","potentialAction":[{"@type":"ReadAction","target":["https:\/\/www.almega.se\/2021\/11\/glom-inte-bort-chefen-i-arbetsmiljoarbetet\/"]}]},{"@type":"ImageObject","inLanguage":"sv-SE","@id":"https:\/\/www.almega.se\/2021\/11\/glom-inte-bort-chefen-i-arbetsmiljoarbetet\/#primaryimage","url":"https:\/\/www.almega.se\/app\/uploads\/2021\/11\/bild-webbartikel-1000x600-34.png","contentUrl":"https:\/\/www.almega.se\/app\/uploads\/2021\/11\/bild-webbartikel-1000x600-34.png","width":1000,"height":600},{"@type":"BreadcrumbList","@id":"https:\/\/www.almega.se\/2021\/11\/glom-inte-bort-chefen-i-arbetsmiljoarbetet\/#breadcrumb","itemListElement":[{"@type":"ListItem","position":1,"name":"Home","item":"https:\/\/www.almega.se\/"},{"@type":"ListItem","position":2,"name":"Gl\u00f6m inte bort chefen i arbetsmilj\u00f6&shy;arbetet"}]},{"@type":"WebSite","@id":"https:\/\/www.almega.se\/#website","url":"https:\/\/www.almega.se\/","name":"Almega","description":"","potentialAction":[{"@type":"SearchAction","target":{"@type":"EntryPoint","urlTemplate":"https:\/\/www.almega.se\/?s={search_term_string}"},"query-input":{"@type":"PropertyValueSpecification","valueRequired":true,"valueName":"search_term_string"}}],"inLanguage":"sv-SE"},{"@type":"Person","@id":"https:\/\/www.almega.se\/#\/schema\/person\/21bb090beed442a47a2cf1e64374f091","name":"Katarina Ahlsen","image":{"@type":"ImageObject","inLanguage":"sv-SE","@id":"https:\/\/www.almega.se\/#\/schema\/person\/image\/","url":"https:\/\/secure.gravatar.com\/avatar\/08acb5974fe161bc44fe8e62ec32e85c446ac625c171f9a7eb9f4941b883d3d9?s=96&d=mm&r=g","contentUrl":"https:\/\/secure.gravatar.com\/avatar\/08acb5974fe161bc44fe8e62ec32e85c446ac625c171f9a7eb9f4941b883d3d9?s=96&d=mm&r=g","caption":"Katarina Ahlsen"},"url":"https:\/\/www.almega.se\/person\/katarinaahlsen\/"}]}},"_links":{"self":[{"href":"https:\/\/www.almega.se\/api\/wp\/v2\/posts\/40776","targetHints":{"allow":["GET"]}}],"collection":[{"href":"https:\/\/www.almega.se\/api\/wp\/v2\/posts"}],"about":[{"href":"https:\/\/www.almega.se\/api\/wp\/v2\/types\/post"}],"author":[{"embeddable":true,"href":"https:\/\/www.almega.se\/api\/wp\/v2\/users\/4371"}],"replies":[{"embeddable":true,"href":"https:\/\/www.almega.se\/api\/wp\/v2\/comments?post=40776"}],"version-history":[{"count":3,"href":"https:\/\/www.almega.se\/api\/wp\/v2\/posts\/40776\/revisions"}],"predecessor-version":[{"id":54419,"href":"https:\/\/www.almega.se\/api\/wp\/v2\/posts\/40776\/revisions\/54419"}],"wp:featuredmedia":[{"embeddable":true,"href":"https:\/\/www.almega.se\/api\/wp\/v2\/media\/40777"}],"wp:attachment":[{"href":"https:\/\/www.almega.se\/api\/wp\/v2\/media?parent=40776"}],"wp:term":[{"taxonomy":"category","embeddable":true,"href":"https:\/\/www.almega.se\/api\/wp\/v2\/categories?post=40776"},{"taxonomy":"post_tag","embeddable":true,"href":"https:\/\/www.almega.se\/api\/wp\/v2\/tags?post=40776"},{"taxonomy":"type","embeddable":true,"href":"https:\/\/www.almega.se\/api\/wp\/v2\/article_type?post=40776"},{"taxonomy":"agreement","embeddable":true,"href":"https:\/\/www.almega.se\/api\/wp\/v2\/agreement?post=40776"}],"curies":[{"name":"wp","href":"https:\/\/api.w.org\/{rel}","templated":true}]}}