{"id":40587,"date":"2021-10-28T12:22:45","date_gmt":"2021-10-28T10:22:45","guid":{"rendered":"https:\/\/www.almega.se\/?p=40587"},"modified":"2021-10-28T12:22:45","modified_gmt":"2021-10-28T10:22:45","slug":"ann-oberg-ar-almegas-nya-vd","status":"publish","type":"post","link":"https:\/\/www.almega.se\/2021\/10\/ann-oberg-ar-almegas-nya-vd\/","title":{"rendered":"Ann \u00d6berg \u00e4r Almegas nya vd"},"content":{"rendered":"<p style=\"font-weight: 400\">Almega AB:s styrelse har fattat beslut om att utse Ann \u00d6berg till ny vd f\u00f6r Almega. Ann har erfarenhet fr\u00e5n det privata n\u00e4ringslivet, politiska systemet samt organisationsv\u00e4rlden. Hon tilltr\u00e4der som vd samt f\u00f6rbundsdirekt\u00f6r f\u00f6r Almega Tj\u00e4nstef\u00f6rbunden den 9 december.<\/p>\n\n<p>\u2013 Ann har en gedigen och unik erfarenhet av m\u00e5nga olika roller fr\u00e5n privata n\u00e4ringslivet, akademin och det politiska systemet. Det tillsammans med hennes bakgrund som chefsekonom p\u00e5 Svenskt N\u00e4ringsliv och erfarenhet av den svenska arbetsmarknadsmodellen g\u00f6r henne s\u00e4rskilt l\u00e4mplig att leda Almegas verksamhet in i framtiden, s\u00e4ger Marcus Kristiansson styrelseordf\u00f6rande Almega AB.<\/p>\n\n\n\n<p>Ann \u00d6bergs uppdrag \u00e4r att forts\u00e4tta leda Almega i den f\u00f6r\u00e4ndringsresa som p\u00e5g\u00e5r, och den omst\u00e4llning arbetslivet st\u00e5r inf\u00f6r.<\/p>\n\n\n\n<p>\u2013 Det handlar om att ta vid och bygga vidare p\u00e5 det f\u00f6r\u00e4ndringsarbete som Almega genomf\u00f6rt de senaste \u00e5ren. Att forts\u00e4tta utveckla Almega med m\u00e5let att st\u00e4ndigt vara Sveriges fr\u00e4msta och ledande arbetsgivarorganisation. Att Almega ska uppfattas som en konstruktiv part och som leder arbetet med att forma framtidens arbetsliv, menar Marcus Kristiansson<\/p>\n\n\n\n<p>\u2013 Jag \u00e4r hedrad och f\u00f6rst\u00e5s glad \u00f6ver f\u00f6rtroendet att leda Sveriges fr\u00e4msta arbetsgivarorganisation. Almega utg\u00f6r en viktig del av samh\u00e4llet i kraft av v\u00e5ra \u00f6ver 11.000 medlemsf\u00f6retag som alla finns inom den v\u00e4xande tj\u00e4nstesektorn. I en tid d\u00e5 arbetslivet \u00e4r inne i en stor f\u00f6r\u00e4ndring och d\u00e4r utvecklingen g\u00e5r i allt snabbare takt, att d\u00e5 f\u00e5 vara med och leda oss in i framtiden \u00e4r n\u00e5got som jag ser fram emot, s\u00e4ger Ann \u00d6berg<\/p>\n\n\n\n<p>Ann \u00d6berg eftertr\u00e4der Thomas Ers\u00e9us som blir ny vd f\u00f6r AMF Fastigheter.<\/p>\n\n\n\n<p>L\u00e4s pressmeddelandet <a href=\"https:\/\/via.tt.se\/pressmeddelande\/ann-oberg-ny-vd-for-almega?publisherId=1965295&amp;releaseId=3309642\">h\u00e4r<\/a>.<\/p>\n","protected":false},"excerpt":{"rendered":"<p>\u2013 Ann har en gedigen och unik erfarenhet av m\u00e5nga olika roller fr\u00e5n privata n\u00e4ringslivet, akademin och det politiska systemet. Det tillsammans med hennes bakgrund som chefsekonom p\u00e5 Svenskt N\u00e4ringsliv och erfarenhet av den svenska &hellip;<\/p>\n","protected":false},"author":4639,"featured_media":40588,"comment_status":"closed","ping_status":"closed","sticky":false,"template":"","format":"standard","meta":{"_acf_changed":false,"footnotes":""},"categories":[603],"tags":[],"article_type":[56],"agreement":[],"class_list":["post-40587","post","type-post","status-publish","format-standard","has-post-thumbnail","hentry","category-almega","type-nyheter"],"acf":[],"yoast_head":"<!-- This site is optimized with the Yoast SEO Premium plugin v26.8 (Yoast SEO v26.8) - https:\/\/yoast.com\/product\/yoast-seo-premium-wordpress\/ -->\n<title>Ann \u00d6berg \u00e4r Almegas nya vd | Almega<\/title>\n<meta name=\"robots\" content=\"index, follow, max-snippet:-1, max-image-preview:large, max-video-preview:-1\" \/>\n<link rel=\"canonical\" href=\"https:\/\/www.almega.se\/2021\/10\/ann-oberg-ar-almegas-nya-vd\/\" \/>\n<meta property=\"og:locale\" content=\"sv_SE\" \/>\n<meta property=\"og:type\" content=\"article\" \/>\n<meta property=\"og:title\" content=\"Ann \u00d6berg \u00e4r Almegas nya vd\" \/>\n<meta property=\"og:description\" content=\"\u2013 Ann har en gedigen och unik erfarenhet av m\u00e5nga olika roller fr\u00e5n privata n\u00e4ringslivet, akademin och det politiska systemet. Det tillsammans med hennes bakgrund som chefsekonom p\u00e5 Svenskt N\u00e4ringsliv och erfarenhet av den svenska &hellip;\" \/>\n<meta property=\"og:url\" content=\"https:\/\/www.almega.se\/2021\/10\/ann-oberg-ar-almegas-nya-vd\/\" \/>\n<meta property=\"og:site_name\" content=\"Almega\" \/>\n<meta property=\"article:published_time\" content=\"2021-10-28T10:22:45+00:00\" \/>\n<meta property=\"og:image\" content=\"https:\/\/www.almega.se\/app\/uploads\/2021\/10\/ann-oberg.jpg\" \/>\n\t<meta property=\"og:image:width\" content=\"960\" \/>\n\t<meta property=\"og:image:height\" content=\"640\" \/>\n\t<meta property=\"og:image:type\" content=\"image\/jpeg\" \/>\n<meta name=\"author\" content=\"Julia Setterberg\" \/>\n<meta name=\"twitter:card\" content=\"summary_large_image\" \/>\n<meta name=\"twitter:label1\" content=\"Skriven av\" \/>\n\t<meta name=\"twitter:data1\" content=\"Julia Setterberg\" \/>\n\t<meta name=\"twitter:label2\" content=\"Ber\u00e4knad l\u00e4stid\" \/>\n\t<meta name=\"twitter:data2\" content=\"2 minuter\" \/>\n<!-- \/ Yoast SEO Premium plugin. -->","yoast_head_json":{"title":"Ann \u00d6berg \u00e4r Almegas nya vd | Almega","robots":{"index":"index","follow":"follow","max-snippet":"max-snippet:-1","max-image-preview":"max-image-preview:large","max-video-preview":"max-video-preview:-1"},"canonical":"https:\/\/www.almega.se\/2021\/10\/ann-oberg-ar-almegas-nya-vd\/","og_locale":"sv_SE","og_type":"article","og_title":"Ann \u00d6berg \u00e4r Almegas nya vd","og_description":"\u2013 Ann har en gedigen och unik erfarenhet av m\u00e5nga olika roller fr\u00e5n privata n\u00e4ringslivet, akademin och det politiska systemet. Det tillsammans med hennes bakgrund som chefsekonom p\u00e5 Svenskt N\u00e4ringsliv och erfarenhet av den svenska &hellip;","og_url":"https:\/\/www.almega.se\/2021\/10\/ann-oberg-ar-almegas-nya-vd\/","og_site_name":"Almega","article_published_time":"2021-10-28T10:22:45+00:00","og_image":[{"width":960,"height":640,"url":"https:\/\/www.almega.se\/app\/uploads\/2021\/10\/ann-oberg.jpg","type":"image\/jpeg"}],"author":"Julia Setterberg","twitter_card":"summary_large_image","twitter_misc":{"Skriven av":"Julia Setterberg","Ber\u00e4knad l\u00e4stid":"2 minuter"},"schema":{"@context":"https:\/\/schema.org","@graph":[{"@type":"NewsArticle","@id":"https:\/\/www.almega.se\/2021\/10\/ann-oberg-ar-almegas-nya-vd\/#article","isPartOf":{"@id":"https:\/\/www.almega.se\/2021\/10\/ann-oberg-ar-almegas-nya-vd\/"},"author":{"name":"Julia Setterberg","@id":"https:\/\/www.almega.se\/#\/schema\/person\/fe3d8b3d5464e372fd623ff0b080ff07"},"headline":"Ann \u00d6berg \u00e4r Almegas nya vd","datePublished":"2021-10-28T10:22:45+00:00","mainEntityOfPage":{"@id":"https:\/\/www.almega.se\/2021\/10\/ann-oberg-ar-almegas-nya-vd\/"},"wordCount":262,"image":{"@id":"https:\/\/www.almega.se\/2021\/10\/ann-oberg-ar-almegas-nya-vd\/#primaryimage"},"thumbnailUrl":"https:\/\/www.almega.se\/app\/uploads\/2021\/10\/ann-oberg.jpg","articleSection":["Almega"],"inLanguage":"sv-SE"},{"@type":"WebPage","@id":"https:\/\/www.almega.se\/2021\/10\/ann-oberg-ar-almegas-nya-vd\/","url":"https:\/\/www.almega.se\/2021\/10\/ann-oberg-ar-almegas-nya-vd\/","name":"Ann \u00d6berg \u00e4r Almegas nya vd | Almega","isPartOf":{"@id":"https:\/\/www.almega.se\/#website"},"primaryImageOfPage":{"@id":"https:\/\/www.almega.se\/2021\/10\/ann-oberg-ar-almegas-nya-vd\/#primaryimage"},"image":{"@id":"https:\/\/www.almega.se\/2021\/10\/ann-oberg-ar-almegas-nya-vd\/#primaryimage"},"thumbnailUrl":"https:\/\/www.almega.se\/app\/uploads\/2021\/10\/ann-oberg.jpg","datePublished":"2021-10-28T10:22:45+00:00","author":{"@id":"https:\/\/www.almega.se\/#\/schema\/person\/fe3d8b3d5464e372fd623ff0b080ff07"},"breadcrumb":{"@id":"https:\/\/www.almega.se\/2021\/10\/ann-oberg-ar-almegas-nya-vd\/#breadcrumb"},"inLanguage":"sv-SE","potentialAction":[{"@type":"ReadAction","target":["https:\/\/www.almega.se\/2021\/10\/ann-oberg-ar-almegas-nya-vd\/"]}]},{"@type":"ImageObject","inLanguage":"sv-SE","@id":"https:\/\/www.almega.se\/2021\/10\/ann-oberg-ar-almegas-nya-vd\/#primaryimage","url":"https:\/\/www.almega.se\/app\/uploads\/2021\/10\/ann-oberg.jpg","contentUrl":"https:\/\/www.almega.se\/app\/uploads\/2021\/10\/ann-oberg.jpg","width":960,"height":640,"caption":"Ann \u00d6berg, vd Almega"},{"@type":"BreadcrumbList","@id":"https:\/\/www.almega.se\/2021\/10\/ann-oberg-ar-almegas-nya-vd\/#breadcrumb","itemListElement":[{"@type":"ListItem","position":1,"name":"Home","item":"https:\/\/www.almega.se\/"},{"@type":"ListItem","position":2,"name":"Ann \u00d6berg \u00e4r Almegas nya vd"}]},{"@type":"WebSite","@id":"https:\/\/www.almega.se\/#website","url":"https:\/\/www.almega.se\/","name":"Almega","description":"","potentialAction":[{"@type":"SearchAction","target":{"@type":"EntryPoint","urlTemplate":"https:\/\/www.almega.se\/?s={search_term_string}"},"query-input":{"@type":"PropertyValueSpecification","valueRequired":true,"valueName":"search_term_string"}}],"inLanguage":"sv-SE"},{"@type":"Person","@id":"https:\/\/www.almega.se\/#\/schema\/person\/fe3d8b3d5464e372fd623ff0b080ff07","name":"Julia Setterberg","image":{"@type":"ImageObject","inLanguage":"sv-SE","@id":"https:\/\/www.almega.se\/#\/schema\/person\/image\/","url":"https:\/\/secure.gravatar.com\/avatar\/8e5a431a1412393c1d16ec7b4438bea0923df519c9cb0f6c122206764cd23987?s=96&d=mm&r=g","contentUrl":"https:\/\/secure.gravatar.com\/avatar\/8e5a431a1412393c1d16ec7b4438bea0923df519c9cb0f6c122206764cd23987?s=96&d=mm&r=g","caption":"Julia Setterberg"},"description":"Julia arbetar som t.f. kommunikationschef p\u00e5 V\u00e5rdf\u00f6retagarna.","url":"https:\/\/www.almega.se\/person\/juliasetterberg\/"}]}},"_links":{"self":[{"href":"https:\/\/www.almega.se\/api\/wp\/v2\/posts\/40587","targetHints":{"allow":["GET"]}}],"collection":[{"href":"https:\/\/www.almega.se\/api\/wp\/v2\/posts"}],"about":[{"href":"https:\/\/www.almega.se\/api\/wp\/v2\/types\/post"}],"author":[{"embeddable":true,"href":"https:\/\/www.almega.se\/api\/wp\/v2\/users\/4639"}],"replies":[{"embeddable":true,"href":"https:\/\/www.almega.se\/api\/wp\/v2\/comments?post=40587"}],"version-history":[{"count":2,"href":"https:\/\/www.almega.se\/api\/wp\/v2\/posts\/40587\/revisions"}],"predecessor-version":[{"id":54435,"href":"https:\/\/www.almega.se\/api\/wp\/v2\/posts\/40587\/revisions\/54435"}],"wp:featuredmedia":[{"embeddable":true,"href":"https:\/\/www.almega.se\/api\/wp\/v2\/media\/40588"}],"wp:attachment":[{"href":"https:\/\/www.almega.se\/api\/wp\/v2\/media?parent=40587"}],"wp:term":[{"taxonomy":"category","embeddable":true,"href":"https:\/\/www.almega.se\/api\/wp\/v2\/categories?post=40587"},{"taxonomy":"post_tag","embeddable":true,"href":"https:\/\/www.almega.se\/api\/wp\/v2\/tags?post=40587"},{"taxonomy":"type","embeddable":true,"href":"https:\/\/www.almega.se\/api\/wp\/v2\/article_type?post=40587"},{"taxonomy":"agreement","embeddable":true,"href":"https:\/\/www.almega.se\/api\/wp\/v2\/agreement?post=40587"}],"curies":[{"name":"wp","href":"https:\/\/api.w.org\/{rel}","templated":true}]}}