{"id":40512,"date":"2021-10-25T10:05:05","date_gmt":"2021-10-25T08:05:05","guid":{"rendered":"https:\/\/www.almega.se\/2021\/10\/extrabudget-behovs-for-att-motverka-langtidsarbetslosheten\/"},"modified":"2021-10-25T10:05:05","modified_gmt":"2021-10-25T08:05:05","slug":"extrabudget-behovs-for-att-motverka-langtidsarbetslosheten","status":"publish","type":"post","link":"https:\/\/www.almega.se\/2021\/10\/extrabudget-behovs-for-att-motverka-langtidsarbetslosheten\/","title":{"rendered":"Extrabudget beh\u00f6vs f\u00f6r att motverka l\u00e5ngtidsarbetsl\u00f6sheten"},"content":{"rendered":"<p class=\"intro\">Arbetsf\u00f6rmedlingen l\u00e4mnar tillbaka cirka 10 miljarder till statskassan. Samtidigt \u00f6kar l\u00e5ngtidsarbetsl\u00f6sheten. \u201dResurserna m\u00e5ste omf\u00f6rdelas till den aktiva arbetsmarknadspolitiken\u201d, s\u00e4ger Almegas n\u00e4ringspolitiske chef Andreas \u00c5str\u00f6m.<\/p>\n\n<p>Nyheten att Arbetsf\u00f6rmedlingen l\u00e4mnar tillbaka cirka 10 miljarder till statskassan samtidigt som l\u00e5ngtidsarbetsl\u00f6sheten \u00f6kar visar p\u00e5 behovet av att omedelbart omf\u00f6rdela resurser till den aktiva arbetsmarknadspolitiken.<\/p>\n\n\n\n<p>Andelen l\u00e5ngtidsarbetsl\u00f6sa \u00e4r 10 procent h\u00f6gre idag \u00e4n f\u00f6r ett \u00e5r sedan och samtidigt saknar Arbetsf\u00f6rmedlingen verktyg f\u00f6r att motverka l\u00e5ngtidsarbetsl\u00f6sheten.<\/p>\n\n\n\n<p>\u2013 Flera branscher som exempelvis bes\u00f6ksn\u00e4ringen vittnar om att de medarbetare som f\u00f6rlorade jobbet under pandemin inte \u00e5terv\u00e4nt, trots lediga jobb. D\u00e4rf\u00f6r m\u00e5ste Arbetsf\u00f6rmedlingen snabbt f\u00e5 \u00f6kade m\u00f6jligheter att anvisa fler arbetsl\u00f6sa till matchningstj\u00e4nster och arbetsmarknadsutbildningar, s\u00e4ger Andreas \u00c5str\u00f6m, n\u00e4ringspolitisk chef p\u00e5 Almega.<\/p>\n\n\n\n<p>\u00c5terh\u00e4mtningen p\u00e5 arbetsmarknaden skadas av att Arbetsf\u00f6rmedlingen inte f\u00e5r anv\u00e4nda delar av \u00f6verskottet p\u00e5 10 miljarder till att f\u00f6rb\u00e4ttra matchningen och f\u00f6rhindra \u00f6kad l\u00e5ngtidsarbetsl\u00f6shet.<\/p>\n\n\n\n<p>\u2013 Regeringen m\u00e5ste omedelbart ta initiativ till en extrabudget och f\u00f6ra \u00f6ver en del av Arbetsf\u00f6rmedlingens \u00f6verskott till aktivitetsst\u00f6det och den aktiva arbetsmarknadspolitiken. P\u00e5 l\u00e4ngre sikt beh\u00f6ver Arbetsf\u00f6rmedlingen dessutom f\u00e5 st\u00f6rre befogenheter att styra \u00f6ver anslagen f\u00f6r arbetsl\u00f6shetsf\u00f6rs\u00e4kringen och aktivitetsst\u00f6det, s\u00e4ger Andreas \u00c5str\u00f6m.<\/p>\n","protected":false},"excerpt":{"rendered":"<p>Arbetsf\u00f6rmedlingen l\u00e4mnar tillbaka cirka 10 miljarder till statskassan. Samtidigt \u00f6kar l\u00e5ngtidsarbetsl\u00f6sheten. \u201dResurserna m\u00e5ste omf\u00f6rdelas till den aktiva arbetsmarknadspolitiken\u201d, s\u00e4ger Almegas n\u00e4ringspolitiske chef Andreas \u00c5str\u00f6m.<\/p>\n","protected":false},"author":6356,"featured_media":40513,"comment_status":"closed","ping_status":"closed","sticky":false,"template":"","format":"standard","meta":{"_acf_changed":false,"footnotes":""},"categories":[64],"tags":[423,65],"article_type":[93],"agreement":[],"class_list":["post-40512","post","type-post","status-publish","format-standard","has-post-thumbnail","hentry","category-arbetsmarknad","tag-arbetsformedling","tag-arbetsloshet","type-pressmeddelanden"],"acf":[],"yoast_head":"<!-- This site is optimized with the Yoast SEO Premium plugin v26.8 (Yoast SEO v26.8) - https:\/\/yoast.com\/product\/yoast-seo-premium-wordpress\/ -->\n<title>Extrabudget beh\u00f6vs f\u00f6r att motverka l\u00e5ngtidsarbetsl\u00f6sheten | Almega<\/title>\n<meta name=\"robots\" content=\"index, follow, max-snippet:-1, max-image-preview:large, max-video-preview:-1\" \/>\n<link rel=\"canonical\" href=\"https:\/\/www.almega.se\/2021\/10\/extrabudget-behovs-for-att-motverka-langtidsarbetslosheten\/\" \/>\n<meta property=\"og:locale\" content=\"sv_SE\" \/>\n<meta property=\"og:type\" content=\"article\" \/>\n<meta property=\"og:title\" content=\"Extrabudget beh\u00f6vs f\u00f6r att motverka l\u00e5ngtidsarbetsl\u00f6sheten\" \/>\n<meta property=\"og:description\" content=\"Arbetsf\u00f6rmedlingen l\u00e4mnar tillbaka cirka 10 miljarder till statskassan. Samtidigt \u00f6kar l\u00e5ngtidsarbetsl\u00f6sheten. \u201dResurserna m\u00e5ste omf\u00f6rdelas till den aktiva arbetsmarknadspolitiken\u201d, s\u00e4ger Almegas n\u00e4ringspolitiske chef Andreas \u00c5str\u00f6m.\" \/>\n<meta property=\"og:url\" content=\"https:\/\/www.almega.se\/2021\/10\/extrabudget-behovs-for-att-motverka-langtidsarbetslosheten\/\" \/>\n<meta property=\"og:site_name\" content=\"Almega\" \/>\n<meta property=\"article:published_time\" content=\"2021-10-25T08:05:05+00:00\" \/>\n<meta property=\"og:image\" content=\"https:\/\/www.almega.se\/app\/uploads\/2021\/10\/231b7c78-1dc6-4c93-8985-2786c63efc70-scaled.jpg\" \/>\n\t<meta property=\"og:image:width\" content=\"2560\" \/>\n\t<meta property=\"og:image:height\" content=\"1707\" \/>\n\t<meta property=\"og:image:type\" content=\"image\/jpeg\" \/>\n<meta name=\"author\" content=\"Erik Juhlin\" \/>\n<meta name=\"twitter:card\" content=\"summary_large_image\" \/>\n<meta name=\"twitter:label1\" content=\"Skriven av\" \/>\n\t<meta name=\"twitter:data1\" content=\"Erik Juhlin\" \/>\n\t<meta name=\"twitter:label2\" content=\"Ber\u00e4knad l\u00e4stid\" \/>\n\t<meta name=\"twitter:data2\" content=\"1 minut\" \/>\n<!-- \/ Yoast SEO Premium plugin. -->","yoast_head_json":{"title":"Extrabudget beh\u00f6vs f\u00f6r att motverka l\u00e5ngtidsarbetsl\u00f6sheten | Almega","robots":{"index":"index","follow":"follow","max-snippet":"max-snippet:-1","max-image-preview":"max-image-preview:large","max-video-preview":"max-video-preview:-1"},"canonical":"https:\/\/www.almega.se\/2021\/10\/extrabudget-behovs-for-att-motverka-langtidsarbetslosheten\/","og_locale":"sv_SE","og_type":"article","og_title":"Extrabudget beh\u00f6vs f\u00f6r att motverka l\u00e5ngtidsarbetsl\u00f6sheten","og_description":"Arbetsf\u00f6rmedlingen l\u00e4mnar tillbaka cirka 10 miljarder till statskassan. Samtidigt \u00f6kar l\u00e5ngtidsarbetsl\u00f6sheten. \u201dResurserna m\u00e5ste omf\u00f6rdelas till den aktiva arbetsmarknadspolitiken\u201d, s\u00e4ger Almegas n\u00e4ringspolitiske chef Andreas \u00c5str\u00f6m.","og_url":"https:\/\/www.almega.se\/2021\/10\/extrabudget-behovs-for-att-motverka-langtidsarbetslosheten\/","og_site_name":"Almega","article_published_time":"2021-10-25T08:05:05+00:00","og_image":[{"width":2560,"height":1707,"url":"https:\/\/www.almega.se\/app\/uploads\/2021\/10\/231b7c78-1dc6-4c93-8985-2786c63efc70-scaled.jpg","type":"image\/jpeg"}],"author":"Erik Juhlin","twitter_card":"summary_large_image","twitter_misc":{"Skriven av":"Erik Juhlin","Ber\u00e4knad l\u00e4stid":"1 minut"},"schema":{"@context":"https:\/\/schema.org","@graph":[{"@type":"NewsArticle","@id":"https:\/\/www.almega.se\/2021\/10\/extrabudget-behovs-for-att-motverka-langtidsarbetslosheten\/#article","isPartOf":{"@id":"https:\/\/www.almega.se\/2021\/10\/extrabudget-behovs-for-att-motverka-langtidsarbetslosheten\/"},"author":{"name":"Erik Juhlin","@id":"https:\/\/www.almega.se\/#\/schema\/person\/3c181ea7ead5ab7b14c61584637720f5"},"headline":"Extrabudget beh\u00f6vs f\u00f6r att motverka l\u00e5ngtidsarbetsl\u00f6sheten","datePublished":"2021-10-25T08:05:05+00:00","mainEntityOfPage":{"@id":"https:\/\/www.almega.se\/2021\/10\/extrabudget-behovs-for-att-motverka-langtidsarbetslosheten\/"},"wordCount":213,"image":{"@id":"https:\/\/www.almega.se\/2021\/10\/extrabudget-behovs-for-att-motverka-langtidsarbetslosheten\/#primaryimage"},"thumbnailUrl":"https:\/\/www.almega.se\/app\/uploads\/2021\/10\/231b7c78-1dc6-4c93-8985-2786c63efc70-scaled.jpg","keywords":["Arbetsf\u00f6rmedling","Arbetsl\u00f6shet"],"articleSection":["Arbetsmarknad"],"inLanguage":"sv-SE"},{"@type":"WebPage","@id":"https:\/\/www.almega.se\/2021\/10\/extrabudget-behovs-for-att-motverka-langtidsarbetslosheten\/","url":"https:\/\/www.almega.se\/2021\/10\/extrabudget-behovs-for-att-motverka-langtidsarbetslosheten\/","name":"Extrabudget beh\u00f6vs f\u00f6r att motverka l\u00e5ngtidsarbetsl\u00f6sheten | Almega","isPartOf":{"@id":"https:\/\/www.almega.se\/#website"},"primaryImageOfPage":{"@id":"https:\/\/www.almega.se\/2021\/10\/extrabudget-behovs-for-att-motverka-langtidsarbetslosheten\/#primaryimage"},"image":{"@id":"https:\/\/www.almega.se\/2021\/10\/extrabudget-behovs-for-att-motverka-langtidsarbetslosheten\/#primaryimage"},"thumbnailUrl":"https:\/\/www.almega.se\/app\/uploads\/2021\/10\/231b7c78-1dc6-4c93-8985-2786c63efc70-scaled.jpg","datePublished":"2021-10-25T08:05:05+00:00","author":{"@id":"https:\/\/www.almega.se\/#\/schema\/person\/3c181ea7ead5ab7b14c61584637720f5"},"breadcrumb":{"@id":"https:\/\/www.almega.se\/2021\/10\/extrabudget-behovs-for-att-motverka-langtidsarbetslosheten\/#breadcrumb"},"inLanguage":"sv-SE","potentialAction":[{"@type":"ReadAction","target":["https:\/\/www.almega.se\/2021\/10\/extrabudget-behovs-for-att-motverka-langtidsarbetslosheten\/"]}]},{"@type":"ImageObject","inLanguage":"sv-SE","@id":"https:\/\/www.almega.se\/2021\/10\/extrabudget-behovs-for-att-motverka-langtidsarbetslosheten\/#primaryimage","url":"https:\/\/www.almega.se\/app\/uploads\/2021\/10\/231b7c78-1dc6-4c93-8985-2786c63efc70-scaled.jpg","contentUrl":"https:\/\/www.almega.se\/app\/uploads\/2021\/10\/231b7c78-1dc6-4c93-8985-2786c63efc70-scaled.jpg","width":2560,"height":1707,"caption":"Andreas \u00c5str\u00f6m, n\u00e4ringspolitisk chef p\u00e5 Almega."},{"@type":"BreadcrumbList","@id":"https:\/\/www.almega.se\/2021\/10\/extrabudget-behovs-for-att-motverka-langtidsarbetslosheten\/#breadcrumb","itemListElement":[{"@type":"ListItem","position":1,"name":"Home","item":"https:\/\/www.almega.se\/"},{"@type":"ListItem","position":2,"name":"Extrabudget beh\u00f6vs f\u00f6r att motverka l\u00e5ngtidsarbetsl\u00f6sheten"}]},{"@type":"WebSite","@id":"https:\/\/www.almega.se\/#website","url":"https:\/\/www.almega.se\/","name":"Almega","description":"","potentialAction":[{"@type":"SearchAction","target":{"@type":"EntryPoint","urlTemplate":"https:\/\/www.almega.se\/?s={search_term_string}"},"query-input":{"@type":"PropertyValueSpecification","valueRequired":true,"valueName":"search_term_string"}}],"inLanguage":"sv-SE"},{"@type":"Person","@id":"https:\/\/www.almega.se\/#\/schema\/person\/3c181ea7ead5ab7b14c61584637720f5","name":"Erik Juhlin","image":{"@type":"ImageObject","inLanguage":"sv-SE","@id":"https:\/\/www.almega.se\/#\/schema\/person\/image\/","url":"https:\/\/secure.gravatar.com\/avatar\/ef0e97454357041724f27ea1630fa5bf78b30eea6fc56998e6a03142ad5b1370?s=96&d=mm&r=g","contentUrl":"https:\/\/secure.gravatar.com\/avatar\/ef0e97454357041724f27ea1630fa5bf78b30eea6fc56998e6a03142ad5b1370?s=96&d=mm&r=g","caption":"Erik Juhlin"},"url":"https:\/\/www.almega.se\/person\/erikjuhlin\/"}]}},"_links":{"self":[{"href":"https:\/\/www.almega.se\/api\/wp\/v2\/posts\/40512","targetHints":{"allow":["GET"]}}],"collection":[{"href":"https:\/\/www.almega.se\/api\/wp\/v2\/posts"}],"about":[{"href":"https:\/\/www.almega.se\/api\/wp\/v2\/types\/post"}],"author":[{"embeddable":true,"href":"https:\/\/www.almega.se\/api\/wp\/v2\/users\/6356"}],"replies":[{"embeddable":true,"href":"https:\/\/www.almega.se\/api\/wp\/v2\/comments?post=40512"}],"version-history":[{"count":2,"href":"https:\/\/www.almega.se\/api\/wp\/v2\/posts\/40512\/revisions"}],"predecessor-version":[{"id":54443,"href":"https:\/\/www.almega.se\/api\/wp\/v2\/posts\/40512\/revisions\/54443"}],"wp:featuredmedia":[{"embeddable":true,"href":"https:\/\/www.almega.se\/api\/wp\/v2\/media\/40513"}],"wp:attachment":[{"href":"https:\/\/www.almega.se\/api\/wp\/v2\/media?parent=40512"}],"wp:term":[{"taxonomy":"category","embeddable":true,"href":"https:\/\/www.almega.se\/api\/wp\/v2\/categories?post=40512"},{"taxonomy":"post_tag","embeddable":true,"href":"https:\/\/www.almega.se\/api\/wp\/v2\/tags?post=40512"},{"taxonomy":"type","embeddable":true,"href":"https:\/\/www.almega.se\/api\/wp\/v2\/article_type?post=40512"},{"taxonomy":"agreement","embeddable":true,"href":"https:\/\/www.almega.se\/api\/wp\/v2\/agreement?post=40512"}],"curies":[{"name":"wp","href":"https:\/\/api.w.org\/{rel}","templated":true}]}}