{"id":40323,"date":"2021-10-18T10:39:15","date_gmt":"2021-10-18T08:39:15","guid":{"rendered":"https:\/\/www.almega.se\/?p=40323"},"modified":"2021-10-18T10:39:15","modified_gmt":"2021-10-18T08:39:15","slug":"nu-omvarderar-allt-fler-arbetsplatshygienen","status":"publish","type":"post","link":"https:\/\/www.almega.se\/2021\/10\/nu-omvarderar-allt-fler-arbetsplatshygienen\/","title":{"rendered":"Nu omv\u00e4rderar allt fler arbetsplatshygienen"},"content":{"rendered":"<p class=\"intro\"><span class=\"TextRun SCXW64425143 BCX0\" lang=\"SV-SE\" xml:lang=\"SV-SE\" data-contrast=\"auto\"><span class=\"NormalTextRun SCXW64425143 BCX0\" data-rich-text-format-boundary=\"true\">L\u00e4nge har pris varit den avg\u00f6rande faktorn n\u00e4r f\u00f6retag k\u00f6per in st\u00e4dtj\u00e4nster till den gemensamma arbetsplatsen<\/span><span class=\"NormalTextRun SCXW64425143 BCX0\">\u00a0\u2013<\/span><span class=\"NormalTextRun SCXW64425143 BCX0\">\u00a0nu ser\u00a0<\/span><span class=\"NormalTextRun SCXW64425143 BCX0\">Servicef\u00f6retagen<\/span><span class=\"NormalTextRun SCXW64425143 BCX0\">\u00a0en ny trend<\/span><span class=\"NormalTextRun SCXW64425143 BCX0\">\u00a0<\/span><span class=\"NormalTextRun SCXW64425143 BCX0\">i sp\u00e5ren av pandemin.\u00a0<\/span><\/span><span class=\"EOP SCXW64425143 BCX0\" data-ccp-props=\"{&quot;335559740&quot;:360}\">\u00a0<\/span><\/p>\n\n<p><span data-contrast=\"auto\">N\u00e4r pandemin kom drabbades Servicef\u00f6retagens medlemmar\u00a0i\u00a0varierande\u00a0grad av den os\u00e4kerhet som r\u00e5dde kring smittspridningen.\u00a0Inom\u00a0till exempel\u00a0hemst\u00e4dning sades m\u00e5nga avtal upp i panik av\u00a0smittr\u00e4dda\u00a0k\u00f6pare,\u00a0inom B2B ville kunder f\u00f6rhandla ner st\u00e4dfrekvensen n\u00e4r arbetsplatserna st\u00e4ngdes ner. \u00a0<\/span><\/p>\n\n\n\n<p><span data-contrast=\"auto\">\u2013 Inom hemst\u00e4dning stabiliserades situationen efter en tuff period i b\u00f6rjan av pandemin.\u00a0F\u00f6retagskunderna har \u00e5terv\u00e4nt, s\u00e4ger Ari\u00a0Kouvonen, n\u00e4ringspolitisk expert p\u00e5 Servicef\u00f6retagen.\u00a0<\/span><\/p>\n\n\n<a class='Share__link Share__link--url copy-text' href='#' rel='nofollow' data-text='hygienfragan-prioriteras&nbsp;' title='Dela url' data-confirmation='L\u00e4nken kopierades till urklipp'><svg class='icon icon--link'  width='18' height='18' viewBox='0 0 18 18' fill='none' xmlns='http:\/\/www.w3.org\/2000\/svg'>\n            <path d='M10.4142 0.514721L6.87868 4.05025L8.29289 5.46447L11.1213 2.63604L15.364 6.87868L12.5355 9.70711L13.9497 11.1213L17.4853 7.58579C17.8763 7.19476 17.8763 6.5626 17.4853 6.17158L11.8284 0.514721C11.4374 0.123691 10.8052 0.123691 10.4142 0.514721Z' fill='black'\/>\n            <path d='M9.7071 12.5355L6.87868 15.364L2.63604 11.1213L5.46446 8.2929L4.05025 6.87868L0.514716 10.4142C0.123686 10.8052 0.123686 11.4374 0.514716 11.8284L6.17157 17.4853C6.5626 17.8763 7.19475 17.8763 7.58578 17.4853L11.1213 13.9497L9.7071 12.5355Z' fill='black'\/>\n            <path d='M6.17157 11.8284C6.5626 12.2195 7.19475 12.2195 7.58578 11.8284L11.8284 7.58579C12.2195 7.19476 12.2195 6.56261 11.8284 6.17158C11.4374 5.78055 10.8052 5.78055 10.4142 6.17158L6.17157 10.4142C5.78054 10.8052 5.78054 11.4374 6.17157 11.8284Z' fill='black'\/>\n            <\/svg> <\/a>\n<h2 class=\"wp-block-heading\">Hygienfr\u00e5gan prioriteras<span data-ccp-props=\"{&quot;335559740&quot;:360}\">&nbsp;<\/span><\/h2>\n\n\n\n<p><span data-contrast=\"auto\">Nu n\u00e4r Folkh\u00e4lsomyndigheten har sl\u00e4ppt rekommendationen om distansarbete och m\u00e5nga f\u00f6retag str\u00e4var efter att f\u00e5 tillbaka sina medarbetare till den gemensamma arbetsplatsen, blir det tydligt att hygienfr\u00e5gan har seglat upp p\u00e5 agendan f\u00f6r m\u00e5nga arbetsgivare.<\/span><span data-ccp-props=\"{&quot;335559740&quot;:360}\">&nbsp;<\/span><\/p>\n\n\n\n<p><span data-contrast=\"auto\">\u2013 Allt fler \u00e4r beredda att k\u00f6pa en h\u00f6gre standard\u00a0p\u00e5 st\u00e4dningen och m\u00e5nga vill\u00a0\u00e4ven\u00a0ha en h\u00f6gre leveransfrekvens,\u00a0\u00e4ven om\u00a0inte\u00a0alla\u00a0deras\u00a0medarbetare\u00a0\u00e4nnu\u00a0har \u00e5terv\u00e4nt till den gemensamma arbetsplatsen.\u00a0Till exempel prioriterar\u00a0kunder\u00a0att desinficera vissa ytor oftare f\u00f6r att\u00a0s\u00e4kerst\u00e4lla att smittspridningen h\u00e5lls nere.\u00a0<\/span><\/p>\n\n\n\n<p><span data-contrast=\"auto\">Ari&nbsp;Kouvonen&nbsp;menar att m\u00e5nga medlemmar tidigare&nbsp;har&nbsp;varit f\u00f6rsiktiga med att lyfta kvalitetsaspekten i st\u00e4dningen vid&nbsp;avtalsf\u00f6rhandlingar, men nu tror och hoppas han att det ska ske en utveckling till att fler upphandlar p\u00e5 kvalitet, snarare \u00e4n bara pris.<\/span><span data-ccp-props=\"{&quot;335559740&quot;:360}\">&nbsp;<\/span><\/p>\n\n\n\n<p><span data-ccp-props=\"{&quot;335559740&quot;:360}\">\u2013 Det finns kunder som har gjort det redan sedan tidigare, men nu har fler f\u00e5tt upp \u00f6gonen f\u00f6r detta. Och pandemin \u00e4r beviset f\u00f6r att det \u00e4r relevant. Vill jag som arbetsgivare att mina anst\u00e4llda ska komma tillbaka till kontoret, ja d\u00e5 \u00e4r det ocks\u00e5 viktigt att visa att hygienen \u00e4r en fr\u00e5ga som tas p\u00e5 allvar. Vinsten f\u00f6r f\u00f6retaget med att k\u00f6pa h\u00f6gre kvalitet\u00a0\u00e4r att det\u00a0kommer att p\u00e5verka f\u00f6r l\u00e4gre sjukfr\u00e5nvaro.<\/span><\/p>\n\n\n\n<p><span data-ccp-props=\"{&quot;335559740&quot;:360}\">&nbsp;<\/span><span data-contrast=\"auto\">Finns det \u00e4ven en psykologisk vinst, att ett mer st\u00e4dat kontor \u00e4ven k\u00e4nns s\u00e4krare? I den fr\u00e5gan har&nbsp;Ari&nbsp;Kouvonen&nbsp;inga siffror att st\u00f6dja sig p\u00e5, men tycker att det kan vara ett&nbsp;rimligt&nbsp;antagande&nbsp;att det&nbsp;p\u00e5verkar&nbsp;anst\u00e4lldas vilja att \u00e5terv\u00e4nda till kontoret efter hemarbete.&nbsp;<\/span><span data-ccp-props=\"{&quot;335559740&quot;:360}\">&nbsp;<\/span><\/p>\n\n\n\n<p><span data-contrast=\"auto\">\u2013 Pandemin\u00a0och dess konsekvenser\u00a0gl\u00f6mmer\u00a0vi\u00a0inte\u00a0i f\u00f6rsta taget.\u00a0<\/span><\/p>\n\n\n<a class='Share__link Share__link--url copy-text' href='#' rel='nofollow' data-text='ny-trend-for-upphandling' title='Dela url' data-confirmation='L\u00e4nken kopierades till urklipp'><svg class='icon icon--link'  width='18' height='18' viewBox='0 0 18 18' fill='none' xmlns='http:\/\/www.w3.org\/2000\/svg'>\n            <path d='M10.4142 0.514721L6.87868 4.05025L8.29289 5.46447L11.1213 2.63604L15.364 6.87868L12.5355 9.70711L13.9497 11.1213L17.4853 7.58579C17.8763 7.19476 17.8763 6.5626 17.4853 6.17158L11.8284 0.514721C11.4374 0.123691 10.8052 0.123691 10.4142 0.514721Z' fill='black'\/>\n            <path d='M9.7071 12.5355L6.87868 15.364L2.63604 11.1213L5.46446 8.2929L4.05025 6.87868L0.514716 10.4142C0.123686 10.8052 0.123686 11.4374 0.514716 11.8284L6.17157 17.4853C6.5626 17.8763 7.19475 17.8763 7.58578 17.4853L11.1213 13.9497L9.7071 12.5355Z' fill='black'\/>\n            <path d='M6.17157 11.8284C6.5626 12.2195 7.19475 12.2195 7.58578 11.8284L11.8284 7.58579C12.2195 7.19476 12.2195 6.56261 11.8284 6.17158C11.4374 5.78055 10.8052 5.78055 10.4142 6.17158L6.17157 10.4142C5.78054 10.8052 5.78054 11.4374 6.17157 11.8284Z' fill='black'\/>\n            <\/svg> <\/a>\n<h2 class=\"wp-block-heading\">Ny trend f\u00f6r upphandling<\/h2>\n\n\n\n<p><span data-contrast=\"auto\">Servicef\u00f6retagen ser&nbsp;fram emot en l\u00e5ngsiktig f\u00f6r\u00e4ndring och utveckling av branschen, som g\u00f6r det l\u00e4ttare att argumentera f\u00f6r h\u00f6gre serviceniv\u00e5.&nbsp;Den som st\u00e5r i begrepp att upphandla st\u00e4dtj\u00e4nster uppmanar&nbsp;Ari&nbsp;Kouvonen&nbsp;att dra nytta av&nbsp;medlemsf\u00f6retagens&nbsp;expertis f\u00f6r att identifiera de omr\u00e5den d\u00e4r en h\u00f6gre serviceniv\u00e5 \u00e4r relevant<\/span><span data-ccp-props=\"{&quot;335559740&quot;:360}\"> . <\/span><\/p>\n\n\n\n<p><span data-contrast=\"auto\">\u2013 Det \u00e4r sj\u00e4lvklart skillnad mellan privat och offentlig sektor i hur snabbt f\u00f6r\u00e4ndringarna kan inf\u00f6ras, men jag uppmanar alla att ta\u00a0h\u00e4nsyn till kvalitetsparametrar\u00a0n\u00e4r hygien- och st\u00e4dfr\u00e5gor diskuteras. Fundera verkligen igenom\u00a0vilka ytor beh\u00f6ver mer omsorg och \u00f6kad frekvens, som att till exempel l\u00e5ta toaletterna st\u00e4das flera g\u00e5nger per dag.\u00a0<\/span><\/p>\n\n\n<a class='Share__link Share__link--url copy-text' href='#' rel='nofollow' data-text='personligt-ansvar&nbsp;' title='Dela url' data-confirmation='L\u00e4nken kopierades till urklipp'><svg class='icon icon--link'  width='18' height='18' viewBox='0 0 18 18' fill='none' xmlns='http:\/\/www.w3.org\/2000\/svg'>\n            <path d='M10.4142 0.514721L6.87868 4.05025L8.29289 5.46447L11.1213 2.63604L15.364 6.87868L12.5355 9.70711L13.9497 11.1213L17.4853 7.58579C17.8763 7.19476 17.8763 6.5626 17.4853 6.17158L11.8284 0.514721C11.4374 0.123691 10.8052 0.123691 10.4142 0.514721Z' fill='black'\/>\n            <path d='M9.7071 12.5355L6.87868 15.364L2.63604 11.1213L5.46446 8.2929L4.05025 6.87868L0.514716 10.4142C0.123686 10.8052 0.123686 11.4374 0.514716 11.8284L6.17157 17.4853C6.5626 17.8763 7.19475 17.8763 7.58578 17.4853L11.1213 13.9497L9.7071 12.5355Z' fill='black'\/>\n            <path d='M6.17157 11.8284C6.5626 12.2195 7.19475 12.2195 7.58578 11.8284L11.8284 7.58579C12.2195 7.19476 12.2195 6.56261 11.8284 6.17158C11.4374 5.78055 10.8052 5.78055 10.4142 6.17158L6.17157 10.4142C5.78054 10.8052 5.78054 11.4374 6.17157 11.8284Z' fill='black'\/>\n            <\/svg> <\/a>\n<h2 class=\"wp-block-heading\">Personligt ansvar<span data-ccp-props=\"{&quot;335559740&quot;:360}\">&nbsp;<\/span><\/h2>\n\n\n\n<p><span data-contrast=\"auto\">Upphandlingsfr\u00e5gor och arbetsgivaransvar i all \u00e4ra, Ari&nbsp;Kouvonen&nbsp;passar p\u00e5 att skicka med en p\u00e5minnelse om att vi alla har ett personligt ansvar f\u00f6r att minska smittspridning.&nbsp;Sj\u00e4lv&nbsp;tog han&nbsp;i b\u00f6rjan av pandemin&nbsp;beslutet att l\u00e4ra sig att g\u00f6ra skillnad p\u00e5 vad h\u00f6ger och v\u00e4nster hand anv\u00e4nds till:<\/span><span data-ccp-props=\"{&quot;335559740&quot;:360}\">&nbsp;<\/span><\/p>\n\n\n\n<p><span data-contrast=\"auto\">\u2013 Som h\u00f6gerh\u00e4nt \u00f6ppnar\u00a0jag\u00a0d\u00f6rrar och tar i saker med h\u00f6gerhanden, men \u00e4ter bara med v\u00e4nster. I b\u00f6rjan svor jag varje g\u00e5ng jag gjorde fel, men nu har jag tr\u00e4nat upp vanan med att anv\u00e4nda h\u00f6ger som\u00a0\u2019smutsig\u2019\u00a0hand och v\u00e4nster som\u00a0\u2019ren\u2019.<\/span><\/p>\n","protected":false},"excerpt":{"rendered":"<p>N\u00e4r pandemin kom drabbades Servicef\u00f6retagens medlemmar\u00a0i\u00a0varierande\u00a0grad av den os\u00e4kerhet som r\u00e5dde kring smittspridningen.\u00a0Inom\u00a0till exempel\u00a0hemst\u00e4dning sades m\u00e5nga avtal upp i panik av\u00a0smittr\u00e4dda\u00a0k\u00f6pare,\u00a0inom B2B ville kunder f\u00f6rhandla ner st\u00e4dfrekvensen n\u00e4r arbetsplatserna st\u00e4ngdes ner. \u00a0 \u2013 Inom hemst\u00e4dning &hellip;<\/p>\n","protected":false},"author":4371,"featured_media":40331,"comment_status":"closed","ping_status":"closed","sticky":false,"template":"","format":"standard","meta":{"_acf_changed":false,"footnotes":""},"categories":[451],"tags":[533,486,527],"article_type":[55,56],"agreement":[],"class_list":["post-40323","post","type-post","status-publish","format-standard","has-post-thumbnail","hentry","category-arbetsgivarfragor","tag-arbetsmiljo","tag-covid-19","tag-framtidens-arbetsliv","type-artiklar","type-nyheter"],"acf":[],"yoast_head":"<!-- This site is optimized with the Yoast SEO Premium plugin v26.8 (Yoast SEO v26.8) - https:\/\/yoast.com\/product\/yoast-seo-premium-wordpress\/ -->\n<title>Nu omv\u00e4rderar allt fler arbetsplatshygienen | Almega<\/title>\n<meta name=\"robots\" content=\"index, follow, max-snippet:-1, max-image-preview:large, max-video-preview:-1\" \/>\n<link rel=\"canonical\" href=\"https:\/\/www.almega.se\/2021\/10\/nu-omvarderar-allt-fler-arbetsplatshygienen\/\" \/>\n<meta property=\"og:locale\" content=\"sv_SE\" \/>\n<meta property=\"og:type\" content=\"article\" \/>\n<meta property=\"og:title\" content=\"Nu omv\u00e4rderar allt fler arbetsplatshygienen\" \/>\n<meta property=\"og:description\" content=\"N\u00e4r pandemin kom drabbades Servicef\u00f6retagens medlemmar\u00a0i\u00a0varierande\u00a0grad av den os\u00e4kerhet som r\u00e5dde kring smittspridningen.\u00a0Inom\u00a0till exempel\u00a0hemst\u00e4dning sades m\u00e5nga avtal upp i panik av\u00a0smittr\u00e4dda\u00a0k\u00f6pare,\u00a0inom B2B ville kunder f\u00f6rhandla ner st\u00e4dfrekvensen n\u00e4r arbetsplatserna st\u00e4ngdes ner. \u00a0 \u2013 Inom hemst\u00e4dning &hellip;\" \/>\n<meta property=\"og:url\" content=\"https:\/\/www.almega.se\/2021\/10\/nu-omvarderar-allt-fler-arbetsplatshygienen\/\" \/>\n<meta property=\"og:site_name\" content=\"Almega\" \/>\n<meta property=\"article:published_time\" content=\"2021-10-18T08:39:15+00:00\" \/>\n<meta property=\"og:image\" content=\"https:\/\/www.almega.se\/app\/uploads\/2021\/10\/bild-webbartikel-1000x600-32.png\" \/>\n\t<meta property=\"og:image:width\" content=\"1000\" \/>\n\t<meta property=\"og:image:height\" content=\"600\" \/>\n\t<meta property=\"og:image:type\" content=\"image\/png\" \/>\n<meta name=\"author\" content=\"Katarina Ahlsen\" \/>\n<meta name=\"twitter:card\" content=\"summary_large_image\" \/>\n<meta name=\"twitter:label1\" content=\"Skriven av\" \/>\n\t<meta name=\"twitter:data1\" content=\"Katarina Ahlsen\" \/>\n\t<meta name=\"twitter:label2\" content=\"Ber\u00e4knad l\u00e4stid\" \/>\n\t<meta name=\"twitter:data2\" content=\"3 minuter\" \/>\n<!-- \/ Yoast SEO Premium plugin. -->","yoast_head_json":{"title":"Nu omv\u00e4rderar allt fler arbetsplatshygienen | Almega","robots":{"index":"index","follow":"follow","max-snippet":"max-snippet:-1","max-image-preview":"max-image-preview:large","max-video-preview":"max-video-preview:-1"},"canonical":"https:\/\/www.almega.se\/2021\/10\/nu-omvarderar-allt-fler-arbetsplatshygienen\/","og_locale":"sv_SE","og_type":"article","og_title":"Nu omv\u00e4rderar allt fler arbetsplatshygienen","og_description":"N\u00e4r pandemin kom drabbades Servicef\u00f6retagens medlemmar\u00a0i\u00a0varierande\u00a0grad av den os\u00e4kerhet som r\u00e5dde kring smittspridningen.\u00a0Inom\u00a0till exempel\u00a0hemst\u00e4dning sades m\u00e5nga avtal upp i panik av\u00a0smittr\u00e4dda\u00a0k\u00f6pare,\u00a0inom B2B ville kunder f\u00f6rhandla ner st\u00e4dfrekvensen n\u00e4r arbetsplatserna st\u00e4ngdes ner. \u00a0 \u2013 Inom hemst\u00e4dning &hellip;","og_url":"https:\/\/www.almega.se\/2021\/10\/nu-omvarderar-allt-fler-arbetsplatshygienen\/","og_site_name":"Almega","article_published_time":"2021-10-18T08:39:15+00:00","og_image":[{"width":1000,"height":600,"url":"https:\/\/www.almega.se\/app\/uploads\/2021\/10\/bild-webbartikel-1000x600-32.png","type":"image\/png"}],"author":"Katarina Ahlsen","twitter_card":"summary_large_image","twitter_misc":{"Skriven av":"Katarina Ahlsen","Ber\u00e4knad l\u00e4stid":"3 minuter"},"schema":{"@context":"https:\/\/schema.org","@graph":[{"@type":"NewsArticle","@id":"https:\/\/www.almega.se\/2021\/10\/nu-omvarderar-allt-fler-arbetsplatshygienen\/#article","isPartOf":{"@id":"https:\/\/www.almega.se\/2021\/10\/nu-omvarderar-allt-fler-arbetsplatshygienen\/"},"author":{"name":"Katarina Ahlsen","@id":"https:\/\/www.almega.se\/#\/schema\/person\/21bb090beed442a47a2cf1e64374f091"},"headline":"Nu omv\u00e4rderar allt fler arbetsplatshygienen","datePublished":"2021-10-18T08:39:15+00:00","mainEntityOfPage":{"@id":"https:\/\/www.almega.se\/2021\/10\/nu-omvarderar-allt-fler-arbetsplatshygienen\/"},"wordCount":671,"image":{"@id":"https:\/\/www.almega.se\/2021\/10\/nu-omvarderar-allt-fler-arbetsplatshygienen\/#primaryimage"},"thumbnailUrl":"https:\/\/www.almega.se\/app\/uploads\/2021\/10\/bild-webbartikel-1000x600-32.png","keywords":["Arbetsmilj\u00f6","covid -19","Framtidens arbetsliv"],"articleSection":["Arbetsgivarfr\u00e5gor"],"inLanguage":"sv-SE"},{"@type":"WebPage","@id":"https:\/\/www.almega.se\/2021\/10\/nu-omvarderar-allt-fler-arbetsplatshygienen\/","url":"https:\/\/www.almega.se\/2021\/10\/nu-omvarderar-allt-fler-arbetsplatshygienen\/","name":"Nu omv\u00e4rderar allt fler arbetsplatshygienen | Almega","isPartOf":{"@id":"https:\/\/www.almega.se\/#website"},"primaryImageOfPage":{"@id":"https:\/\/www.almega.se\/2021\/10\/nu-omvarderar-allt-fler-arbetsplatshygienen\/#primaryimage"},"image":{"@id":"https:\/\/www.almega.se\/2021\/10\/nu-omvarderar-allt-fler-arbetsplatshygienen\/#primaryimage"},"thumbnailUrl":"https:\/\/www.almega.se\/app\/uploads\/2021\/10\/bild-webbartikel-1000x600-32.png","datePublished":"2021-10-18T08:39:15+00:00","author":{"@id":"https:\/\/www.almega.se\/#\/schema\/person\/21bb090beed442a47a2cf1e64374f091"},"breadcrumb":{"@id":"https:\/\/www.almega.se\/2021\/10\/nu-omvarderar-allt-fler-arbetsplatshygienen\/#breadcrumb"},"inLanguage":"sv-SE","potentialAction":[{"@type":"ReadAction","target":["https:\/\/www.almega.se\/2021\/10\/nu-omvarderar-allt-fler-arbetsplatshygienen\/"]}]},{"@type":"ImageObject","inLanguage":"sv-SE","@id":"https:\/\/www.almega.se\/2021\/10\/nu-omvarderar-allt-fler-arbetsplatshygienen\/#primaryimage","url":"https:\/\/www.almega.se\/app\/uploads\/2021\/10\/bild-webbartikel-1000x600-32.png","contentUrl":"https:\/\/www.almega.se\/app\/uploads\/2021\/10\/bild-webbartikel-1000x600-32.png","width":1000,"height":600},{"@type":"BreadcrumbList","@id":"https:\/\/www.almega.se\/2021\/10\/nu-omvarderar-allt-fler-arbetsplatshygienen\/#breadcrumb","itemListElement":[{"@type":"ListItem","position":1,"name":"Home","item":"https:\/\/www.almega.se\/"},{"@type":"ListItem","position":2,"name":"Nu omv\u00e4rderar allt fler arbetsplatshygienen"}]},{"@type":"WebSite","@id":"https:\/\/www.almega.se\/#website","url":"https:\/\/www.almega.se\/","name":"Almega","description":"","potentialAction":[{"@type":"SearchAction","target":{"@type":"EntryPoint","urlTemplate":"https:\/\/www.almega.se\/?s={search_term_string}"},"query-input":{"@type":"PropertyValueSpecification","valueRequired":true,"valueName":"search_term_string"}}],"inLanguage":"sv-SE"},{"@type":"Person","@id":"https:\/\/www.almega.se\/#\/schema\/person\/21bb090beed442a47a2cf1e64374f091","name":"Katarina Ahlsen","image":{"@type":"ImageObject","inLanguage":"sv-SE","@id":"https:\/\/www.almega.se\/#\/schema\/person\/image\/","url":"https:\/\/secure.gravatar.com\/avatar\/08acb5974fe161bc44fe8e62ec32e85c446ac625c171f9a7eb9f4941b883d3d9?s=96&d=mm&r=g","contentUrl":"https:\/\/secure.gravatar.com\/avatar\/08acb5974fe161bc44fe8e62ec32e85c446ac625c171f9a7eb9f4941b883d3d9?s=96&d=mm&r=g","caption":"Katarina Ahlsen"},"url":"https:\/\/www.almega.se\/person\/katarinaahlsen\/"}]}},"_links":{"self":[{"href":"https:\/\/www.almega.se\/api\/wp\/v2\/posts\/40323","targetHints":{"allow":["GET"]}}],"collection":[{"href":"https:\/\/www.almega.se\/api\/wp\/v2\/posts"}],"about":[{"href":"https:\/\/www.almega.se\/api\/wp\/v2\/types\/post"}],"author":[{"embeddable":true,"href":"https:\/\/www.almega.se\/api\/wp\/v2\/users\/4371"}],"replies":[{"embeddable":true,"href":"https:\/\/www.almega.se\/api\/wp\/v2\/comments?post=40323"}],"version-history":[{"count":3,"href":"https:\/\/www.almega.se\/api\/wp\/v2\/posts\/40323\/revisions"}],"predecessor-version":[{"id":54446,"href":"https:\/\/www.almega.se\/api\/wp\/v2\/posts\/40323\/revisions\/54446"}],"wp:featuredmedia":[{"embeddable":true,"href":"https:\/\/www.almega.se\/api\/wp\/v2\/media\/40331"}],"wp:attachment":[{"href":"https:\/\/www.almega.se\/api\/wp\/v2\/media?parent=40323"}],"wp:term":[{"taxonomy":"category","embeddable":true,"href":"https:\/\/www.almega.se\/api\/wp\/v2\/categories?post=40323"},{"taxonomy":"post_tag","embeddable":true,"href":"https:\/\/www.almega.se\/api\/wp\/v2\/tags?post=40323"},{"taxonomy":"type","embeddable":true,"href":"https:\/\/www.almega.se\/api\/wp\/v2\/article_type?post=40323"},{"taxonomy":"agreement","embeddable":true,"href":"https:\/\/www.almega.se\/api\/wp\/v2\/agreement?post=40323"}],"curies":[{"name":"wp","href":"https:\/\/api.w.org\/{rel}","templated":true}]}}