{"id":40232,"date":"2021-10-13T10:23:02","date_gmt":"2021-10-13T08:23:02","guid":{"rendered":"https:\/\/www.almega.se\/?p=40232"},"modified":"2021-10-13T10:23:02","modified_gmt":"2021-10-13T08:23:02","slug":"den-nya-visselblasarlagen-detta-galler","status":"publish","type":"post","link":"https:\/\/www.almega.se\/2021\/10\/den-nya-visselblasarlagen-detta-galler\/","title":{"rendered":"Den nya visselbl\u00e5sarlagen \u2013 detta g\u00e4ller"},"content":{"rendered":"<p class=\"intro\">Fler omfattas av skyddet och de flesta arbetsgivare blir skyldiga att inr\u00e4tta interna rapporteringskanaler. Sophie Th\u00f6rne, arbetsr\u00e4ttsjurist p\u00e5 Almega, redog\u00f6r f\u00f6r de st\u00f6rsta f\u00f6r\u00e4ndringarna i den nya visselbl\u00e5sarlagen.<\/p>\n\n<p>Den 17 december tr\u00e4dde den nya visselbl\u00e5sarlagen i kraft i Sverige. Lagen utg\u00e5r fr\u00e5n EU:s nya visselbl\u00e5sardirektiv och inneh\u00e5ller nya krav och r\u00e4ttigheter j\u00e4mf\u00f6rt med tidigare lagstiftning. Beroende p\u00e5 storlek har f\u00f6retag mellan sex m\u00e5nader och tv\u00e5 \u00e5r p\u00e5 sig att genomf\u00f6ra n\u00f6dv\u00e4ndiga f\u00f6r\u00e4ndringar av sina system f\u00f6r rapportering av missf\u00f6rh\u00e5llanden och inr\u00e4tta \u201dvisselbl\u00e5sarkanaler\u201d efter att lagen tr\u00e4dde i kraft.<\/p>\n\n\n\n<p>\u2013 Syftet med lagen \u00e4r att underl\u00e4tta och uppmuntra till visselbl\u00e5sning samt f\u00f6rst\u00e4rka skyddet f\u00f6r visselbl\u00e5sare. Det \u00f6vergripande motivet bakom EU-direktivet var att komma \u00e5t korruption, lagbrott mot EU-lagstiftning och bedr\u00e4gerier med EU-medel, s\u00e4ger Sophie Th\u00f6rne, arbetsr\u00e4ttsjurist p\u00e5 Almega.<\/p>\n\n\n<a class='Share__link Share__link--url copy-text' href='#' rel='nofollow' data-text='nya-visselblasarlagen-mer-omfattande' title='Dela url' data-confirmation='L\u00e4nken kopierades till urklipp'><svg class='icon icon--link'  width='18' height='18' viewBox='0 0 18 18' fill='none' xmlns='http:\/\/www.w3.org\/2000\/svg'>\n            <path d='M10.4142 0.514721L6.87868 4.05025L8.29289 5.46447L11.1213 2.63604L15.364 6.87868L12.5355 9.70711L13.9497 11.1213L17.4853 7.58579C17.8763 7.19476 17.8763 6.5626 17.4853 6.17158L11.8284 0.514721C11.4374 0.123691 10.8052 0.123691 10.4142 0.514721Z' fill='black'\/>\n            <path d='M9.7071 12.5355L6.87868 15.364L2.63604 11.1213L5.46446 8.2929L4.05025 6.87868L0.514716 10.4142C0.123686 10.8052 0.123686 11.4374 0.514716 11.8284L6.17157 17.4853C6.5626 17.8763 7.19475 17.8763 7.58578 17.4853L11.1213 13.9497L9.7071 12.5355Z' fill='black'\/>\n            <path d='M6.17157 11.8284C6.5626 12.2195 7.19475 12.2195 7.58578 11.8284L11.8284 7.58579C12.2195 7.19476 12.2195 6.56261 11.8284 6.17158C11.4374 5.78055 10.8052 5.78055 10.4142 6.17158L6.17157 10.4142C5.78054 10.8052 5.78054 11.4374 6.17157 11.8284Z' fill='black'\/>\n            <\/svg> <\/a>\n<h2 class=\"wp-block-heading\">Nya visselbl\u00e5sarlagen mer omfattande<\/h2>\n\n\n\n<p>Den nya visselbl\u00e5sarlagen \u00e4r mycket detaljerad och omfattande. J\u00e4mf\u00f6rt med den tidigare svenska visselbl\u00e5sarlagen, som rymdes i elva paragrafer, best\u00e5r denna av 60 paragrafer f\u00f6rdelade p\u00e5 tio kapitel. Men trots den nya lagens omf\u00e5ng t\u00e4cks mycket redan av dagens lagstiftning.<\/p>\n\n\n\n<p>Bland annat \u00e4r arbetsgivaren sedan tidigare skadest\u00e5ndsskyldig gentemot en visselbl\u00e5sare om denne utsatts f\u00f6r repressalier. \u00c4ven bevisb\u00f6rdan ligger forts\u00e4ttningsvis p\u00e5 arbetsgivaren. Det gick heller inte tidigare att avtala bort visselbl\u00e5sarskyddet.<\/p>\n\n\n\n<p>\u2013 M\u00e5nga svenska f\u00f6retag har ocks\u00e5 genom interna kontrollfunktioner och uppf\u00f6randekoder redan adresserat en rad av de problem som den nya lagen ska l\u00f6sa, s\u00e4ger Sophie Th\u00f6rne.<\/p>\n\n\n<a class='Share__link Share__link--url copy-text' href='#' rel='nofollow' data-text='galler-en-bredare-personkrets' title='Dela url' data-confirmation='L\u00e4nken kopierades till urklipp'><svg class='icon icon--link'  width='18' height='18' viewBox='0 0 18 18' fill='none' xmlns='http:\/\/www.w3.org\/2000\/svg'>\n            <path d='M10.4142 0.514721L6.87868 4.05025L8.29289 5.46447L11.1213 2.63604L15.364 6.87868L12.5355 9.70711L13.9497 11.1213L17.4853 7.58579C17.8763 7.19476 17.8763 6.5626 17.4853 6.17158L11.8284 0.514721C11.4374 0.123691 10.8052 0.123691 10.4142 0.514721Z' fill='black'\/>\n            <path d='M9.7071 12.5355L6.87868 15.364L2.63604 11.1213L5.46446 8.2929L4.05025 6.87868L0.514716 10.4142C0.123686 10.8052 0.123686 11.4374 0.514716 11.8284L6.17157 17.4853C6.5626 17.8763 7.19475 17.8763 7.58578 17.4853L11.1213 13.9497L9.7071 12.5355Z' fill='black'\/>\n            <path d='M6.17157 11.8284C6.5626 12.2195 7.19475 12.2195 7.58578 11.8284L11.8284 7.58579C12.2195 7.19476 12.2195 6.56261 11.8284 6.17158C11.4374 5.78055 10.8052 5.78055 10.4142 6.17158L6.17157 10.4142C5.78054 10.8052 5.78054 11.4374 6.17157 11.8284Z' fill='black'\/>\n            <\/svg> <\/a>\n<h2 class=\"wp-block-heading\">G\u00e4ller en bredare personkrets<\/h2>\n\n\n\n<p>En av de st\u00f6rsta f\u00f6r\u00e4ndringarna med den nya lagen \u00e4r att en bredare personkrets omfattas av lagens skydd. I den tidigare lagstiftningen var det begr\u00e4nsat till anst\u00e4llda och inhyrda arbetstagare.<\/p>\n\n\n\n<p>\u2013 Den nya lagen skyddar f\u00f6rutom arbetstagare och inhyrda arbetstagare \u00e4ven arbetss\u00f6kande, egenf\u00f6retagare, volont\u00e4rer, praktikanter, personer i f\u00f6retagsledningen och aktie\u00e4gare som \u00e4r verksamma i bolaget. Dessutom omfattas personer som arbetar hos underleverant\u00f6rer och entrepren\u00f6rer. Sammantaget en vid personkrets, s\u00e4ger Sophie Th\u00f6rne.<\/p>\n\n\n<a class='Share__link Share__link--url copy-text' href='#' rel='nofollow' data-text='missforhallanden-av-allmanintresse' title='Dela url' data-confirmation='L\u00e4nken kopierades till urklipp'><svg class='icon icon--link'  width='18' height='18' viewBox='0 0 18 18' fill='none' xmlns='http:\/\/www.w3.org\/2000\/svg'>\n            <path d='M10.4142 0.514721L6.87868 4.05025L8.29289 5.46447L11.1213 2.63604L15.364 6.87868L12.5355 9.70711L13.9497 11.1213L17.4853 7.58579C17.8763 7.19476 17.8763 6.5626 17.4853 6.17158L11.8284 0.514721C11.4374 0.123691 10.8052 0.123691 10.4142 0.514721Z' fill='black'\/>\n            <path d='M9.7071 12.5355L6.87868 15.364L2.63604 11.1213L5.46446 8.2929L4.05025 6.87868L0.514716 10.4142C0.123686 10.8052 0.123686 11.4374 0.514716 11.8284L6.17157 17.4853C6.5626 17.8763 7.19475 17.8763 7.58578 17.4853L11.1213 13.9497L9.7071 12.5355Z' fill='black'\/>\n            <path d='M6.17157 11.8284C6.5626 12.2195 7.19475 12.2195 7.58578 11.8284L11.8284 7.58579C12.2195 7.19476 12.2195 6.56261 11.8284 6.17158C11.4374 5.78055 10.8052 5.78055 10.4142 6.17158L6.17157 10.4142C5.78054 10.8052 5.78054 11.4374 6.17157 11.8284Z' fill='black'\/>\n            <\/svg> <\/a>\n<h2 class=\"wp-block-heading\">Missf\u00f6rh\u00e5llanden av allm\u00e4nintresse<\/h2>\n\n\n\n<p>Tidigare g\u00e4llde skyddet de arbetstagare som slog larm om \u201dallvarliga missf\u00f6rh\u00e5llanden\u201d i en verksamhet, i princip j\u00e4mf\u00f6rbara med brott d\u00e4r f\u00e4ngelse ing\u00e5r i straffskalan. Den nya lagen g\u00e5r l\u00e4ngre och skyddar \u00e4ven de som visselbl\u00e5ser om missf\u00f6rh\u00e5llanden d\u00e4r det finns ett allm\u00e4nintresse av att detta kommer fram. Brott mot lagar och f\u00f6reskrifter som g\u00e4ller f\u00f6r verksamheten \u00e4r exempelvis av allm\u00e4nintresse.<\/p>\n\n\n\n<p>\u2013 Det ska finnas ett ber\u00e4ttigat intresse f\u00f6r allm\u00e4nheten att f\u00e5 reda p\u00e5 uppgifterna f\u00f6r att lagen ska ge skydd, till exempel ifall farliga produkter har kommit ut p\u00e5 marknaden eller skattemedel anv\u00e4nds felaktigt. Typiskt sett omfattas inte n\u00e5gon som rapporterar om sina egna anst\u00e4llningsf\u00f6rh\u00e5llanden eller l\u00f6n, s\u00e4ger Sophie Th\u00f6rne.<\/p>\n\n\n<a class='Share__link Share__link--url copy-text' href='#' rel='nofollow' data-text='krav-pa-rapporteringskanaler' title='Dela url' data-confirmation='L\u00e4nken kopierades till urklipp'><svg class='icon icon--link'  width='18' height='18' viewBox='0 0 18 18' fill='none' xmlns='http:\/\/www.w3.org\/2000\/svg'>\n            <path d='M10.4142 0.514721L6.87868 4.05025L8.29289 5.46447L11.1213 2.63604L15.364 6.87868L12.5355 9.70711L13.9497 11.1213L17.4853 7.58579C17.8763 7.19476 17.8763 6.5626 17.4853 6.17158L11.8284 0.514721C11.4374 0.123691 10.8052 0.123691 10.4142 0.514721Z' fill='black'\/>\n            <path d='M9.7071 12.5355L6.87868 15.364L2.63604 11.1213L5.46446 8.2929L4.05025 6.87868L0.514716 10.4142C0.123686 10.8052 0.123686 11.4374 0.514716 11.8284L6.17157 17.4853C6.5626 17.8763 7.19475 17.8763 7.58578 17.4853L11.1213 13.9497L9.7071 12.5355Z' fill='black'\/>\n            <path d='M6.17157 11.8284C6.5626 12.2195 7.19475 12.2195 7.58578 11.8284L11.8284 7.58579C12.2195 7.19476 12.2195 6.56261 11.8284 6.17158C11.4374 5.78055 10.8052 5.78055 10.4142 6.17158L6.17157 10.4142C5.78054 10.8052 5.78054 11.4374 6.17157 11.8284Z' fill='black'\/>\n            <\/svg> <\/a>\n<h2 class=\"wp-block-heading\">Krav p\u00e5 rapporteringskanaler<\/h2>\n\n\n\n<p>F\u00f6r arbetsgivare med minst 50 anst\u00e4llda inneb\u00e4r den nya visselbl\u00e5sarlagen en skyldighet att inr\u00e4tta s\u00e4rskilda interna rapporteringskanaler f\u00f6r visselbl\u00e5sning, som ska kunna ske muntligen eller skriftligen. Lagen bygger ocks\u00e5 p\u00e5 att rapporteringen som huvudregel ska ske internt f\u00f6rst.<\/p>\n\n\n\n<p>\u2013 Arbetsgivaren m\u00e5ste skriftligen redog\u00f6ra f\u00f6r hela processen: vilka rapporteringskanaler som finns, hur rapporterna hanteras och dokumenteras, hur missf\u00f6rh\u00e5llandena utreds samt hur \u00e5terkopplingen ska ske, s\u00e4ger Sophie Th\u00f6rne.<\/p>\n\n\n\n<p>Privata arbetsgivare som har mellan 50 och 249 arbetstagare kan dock dela rapporteringskanaler med andra. F\u00f6r dessa f\u00f6retag g\u00e4ller att den interna rapporteringskanalen ska vara klar i december 2023. F\u00f6retag med minst 250 anst\u00e4llda ska ha sin interna rapporteringskanal p\u00e5 plats senast den 17 juli 2022.<\/p>\n\n\n<a class='Share__link Share__link--url copy-text' href='#' rel='nofollow' data-text='ny-tillsynsmyndighet' title='Dela url' data-confirmation='L\u00e4nken kopierades till urklipp'><svg class='icon icon--link'  width='18' height='18' viewBox='0 0 18 18' fill='none' xmlns='http:\/\/www.w3.org\/2000\/svg'>\n            <path d='M10.4142 0.514721L6.87868 4.05025L8.29289 5.46447L11.1213 2.63604L15.364 6.87868L12.5355 9.70711L13.9497 11.1213L17.4853 7.58579C17.8763 7.19476 17.8763 6.5626 17.4853 6.17158L11.8284 0.514721C11.4374 0.123691 10.8052 0.123691 10.4142 0.514721Z' fill='black'\/>\n            <path d='M9.7071 12.5355L6.87868 15.364L2.63604 11.1213L5.46446 8.2929L4.05025 6.87868L0.514716 10.4142C0.123686 10.8052 0.123686 11.4374 0.514716 11.8284L6.17157 17.4853C6.5626 17.8763 7.19475 17.8763 7.58578 17.4853L11.1213 13.9497L9.7071 12.5355Z' fill='black'\/>\n            <path d='M6.17157 11.8284C6.5626 12.2195 7.19475 12.2195 7.58578 11.8284L11.8284 7.58579C12.2195 7.19476 12.2195 6.56261 11.8284 6.17158C11.4374 5.78055 10.8052 5.78055 10.4142 6.17158L6.17157 10.4142C5.78054 10.8052 5.78054 11.4374 6.17157 11.8284Z' fill='black'\/>\n            <\/svg> <\/a>\n<h2 class=\"wp-block-heading\">Ny tillsynsmyndighet<\/h2>\n\n\n\n<p>Ytterligare en f\u00f6r\u00e4ndring i och med den nya lagen \u00e4r Arbetsmilj\u00f6verket \u00e4r utsett till tillsynsmyndighet vad g\u00e4ller f\u00f6retagens rapporteringskanaler, n\u00e5gon s\u00e5dan tillsyn har tidigare inte funnits.<\/p>\n\n\n<a class='Share__link Share__link--url copy-text' href='#' rel='nofollow' data-text='vill-du-ha-mer-rad-och-stod?' title='Dela url' data-confirmation='L\u00e4nken kopierades till urklipp'><svg class='icon icon--link'  width='18' height='18' viewBox='0 0 18 18' fill='none' xmlns='http:\/\/www.w3.org\/2000\/svg'>\n            <path d='M10.4142 0.514721L6.87868 4.05025L8.29289 5.46447L11.1213 2.63604L15.364 6.87868L12.5355 9.70711L13.9497 11.1213L17.4853 7.58579C17.8763 7.19476 17.8763 6.5626 17.4853 6.17158L11.8284 0.514721C11.4374 0.123691 10.8052 0.123691 10.4142 0.514721Z' fill='black'\/>\n            <path d='M9.7071 12.5355L6.87868 15.364L2.63604 11.1213L5.46446 8.2929L4.05025 6.87868L0.514716 10.4142C0.123686 10.8052 0.123686 11.4374 0.514716 11.8284L6.17157 17.4853C6.5626 17.8763 7.19475 17.8763 7.58578 17.4853L11.1213 13.9497L9.7071 12.5355Z' fill='black'\/>\n            <path d='M6.17157 11.8284C6.5626 12.2195 7.19475 12.2195 7.58578 11.8284L11.8284 7.58579C12.2195 7.19476 12.2195 6.56261 11.8284 6.17158C11.4374 5.78055 10.8052 5.78055 10.4142 6.17158L6.17157 10.4142C5.78054 10.8052 5.78054 11.4374 6.17157 11.8284Z' fill='black'\/>\n            <\/svg> <\/a>\n<h2 class=\"wp-block-heading\">Vill du ha mer r\u00e5d och st\u00f6d?<\/h2>\n\n\n\n<p><strong>Exklusivt f\u00f6r&nbsp;medlemmar<\/strong><\/p>\n\n\n\n<p>Ta hj\u00e4lp av Sveriges b\u00e4sta arbetsr\u00e4ttsjurister. Ring oss, eller logga in i v\u00e5r kunskapsbank&nbsp;<a href=\"https:\/\/medlem.arbetsgivarguiden.se\/?mof=ALM\" target=\"_blank\" rel=\"noopener noreferrer\">Arbetsgivarguiden<\/a>.<\/p>\n\n\n\n<p>Ibland hamnar man som arbetsgivare i situationer som kr\u00e4ver akut hj\u00e4lp och r\u00e5d. Som medlem i Almega \u00e4r du alltid v\u00e4lkommen att ringa jouren med dina fr\u00e5gor. I jouren arbetar m\u00e5nga av Sveriges b\u00e4sta arbetsr\u00e4ttsjurister, avtalsexperter och f\u00f6rhandlare.<\/p>\n\n\n\n<p><a class=\"button\" href=\"https:\/\/www.almega.se\/kontakt\/jouren\/\">Kontakta Almegas jour<\/a><\/p>\n","protected":false},"excerpt":{"rendered":"<p>Den 17 december tr\u00e4dde den nya visselbl\u00e5sarlagen i kraft i Sverige. Lagen utg\u00e5r fr\u00e5n EU:s nya visselbl\u00e5sardirektiv och inneh\u00e5ller nya krav och r\u00e4ttigheter j\u00e4mf\u00f6rt med tidigare lagstiftning. Beroende p\u00e5 storlek har f\u00f6retag mellan sex m\u00e5nader &hellip;<\/p>\n","protected":false},"author":6356,"featured_media":40236,"comment_status":"closed","ping_status":"closed","sticky":false,"template":"","format":"standard","meta":{"_acf_changed":false,"footnotes":""},"categories":[451,79],"tags":[533],"article_type":[55,56],"agreement":[],"class_list":["post-40232","post","type-post","status-publish","format-standard","has-post-thumbnail","hentry","category-arbetsgivarfragor","category-eu-och-internationellt","tag-arbetsmiljo","type-artiklar","type-nyheter"],"acf":[],"yoast_head":"<!-- This site is optimized with the Yoast SEO Premium plugin v26.8 (Yoast SEO v26.8) - https:\/\/yoast.com\/product\/yoast-seo-premium-wordpress\/ -->\n<title>Den nya visselbl\u00e5sarlagen \u2013 detta g\u00e4ller | Almega<\/title>\n<meta name=\"description\" content=\"Skyddet f\u00f6r visselbl\u00e5sare g\u00e4ller fler och m\u00e5nga arbetsgivare m\u00e5ste inr\u00e4tta rapporteringskanaler n\u00e4r den nya visselbl\u00e5sarlagen tr\u00e4der i kraft.\" \/>\n<meta name=\"robots\" content=\"index, follow, max-snippet:-1, max-image-preview:large, max-video-preview:-1\" \/>\n<link rel=\"canonical\" href=\"https:\/\/www.almega.se\/2021\/10\/den-nya-visselblasarlagen-detta-galler\/\" \/>\n<meta property=\"og:locale\" content=\"sv_SE\" \/>\n<meta property=\"og:type\" content=\"article\" \/>\n<meta property=\"og:title\" content=\"Den nya visselbl\u00e5sarlagen \u2013 detta g\u00e4ller\" \/>\n<meta property=\"og:description\" content=\"Skyddet f\u00f6r visselbl\u00e5sare g\u00e4ller fler och m\u00e5nga arbetsgivare m\u00e5ste inr\u00e4tta rapporteringskanaler n\u00e4r den nya visselbl\u00e5sarlagen tr\u00e4der i kraft.\" \/>\n<meta property=\"og:url\" content=\"https:\/\/www.almega.se\/2021\/10\/den-nya-visselblasarlagen-detta-galler\/\" \/>\n<meta property=\"og:site_name\" content=\"Almega\" \/>\n<meta property=\"article:published_time\" content=\"2021-10-13T08:23:02+00:00\" \/>\n<meta property=\"og:image\" content=\"https:\/\/www.almega.se\/app\/uploads\/2021\/10\/gettyimages-1053136692-scaled.jpg\" \/>\n\t<meta property=\"og:image:width\" content=\"2560\" \/>\n\t<meta property=\"og:image:height\" content=\"1537\" \/>\n\t<meta property=\"og:image:type\" content=\"image\/jpeg\" \/>\n<meta name=\"author\" content=\"Erik Juhlin\" \/>\n<meta name=\"twitter:card\" content=\"summary_large_image\" \/>\n<meta name=\"twitter:label1\" content=\"Skriven av\" \/>\n\t<meta name=\"twitter:data1\" content=\"Erik Juhlin\" \/>\n\t<meta name=\"twitter:label2\" content=\"Ber\u00e4knad l\u00e4stid\" \/>\n\t<meta name=\"twitter:data2\" content=\"3 minuter\" \/>\n<!-- \/ Yoast SEO Premium plugin. -->","yoast_head_json":{"title":"Den nya visselbl\u00e5sarlagen \u2013 detta g\u00e4ller | Almega","description":"Skyddet f\u00f6r visselbl\u00e5sare g\u00e4ller fler och m\u00e5nga arbetsgivare m\u00e5ste inr\u00e4tta rapporteringskanaler n\u00e4r den nya visselbl\u00e5sarlagen tr\u00e4der i kraft.","robots":{"index":"index","follow":"follow","max-snippet":"max-snippet:-1","max-image-preview":"max-image-preview:large","max-video-preview":"max-video-preview:-1"},"canonical":"https:\/\/www.almega.se\/2021\/10\/den-nya-visselblasarlagen-detta-galler\/","og_locale":"sv_SE","og_type":"article","og_title":"Den nya visselbl\u00e5sarlagen \u2013 detta g\u00e4ller","og_description":"Skyddet f\u00f6r visselbl\u00e5sare g\u00e4ller fler och m\u00e5nga arbetsgivare m\u00e5ste inr\u00e4tta rapporteringskanaler n\u00e4r den nya visselbl\u00e5sarlagen tr\u00e4der i kraft.","og_url":"https:\/\/www.almega.se\/2021\/10\/den-nya-visselblasarlagen-detta-galler\/","og_site_name":"Almega","article_published_time":"2021-10-13T08:23:02+00:00","og_image":[{"width":2560,"height":1537,"url":"https:\/\/www.almega.se\/app\/uploads\/2021\/10\/gettyimages-1053136692-scaled.jpg","type":"image\/jpeg"}],"author":"Erik Juhlin","twitter_card":"summary_large_image","twitter_misc":{"Skriven av":"Erik Juhlin","Ber\u00e4knad l\u00e4stid":"3 minuter"},"schema":{"@context":"https:\/\/schema.org","@graph":[{"@type":"NewsArticle","@id":"https:\/\/www.almega.se\/2021\/10\/den-nya-visselblasarlagen-detta-galler\/#article","isPartOf":{"@id":"https:\/\/www.almega.se\/2021\/10\/den-nya-visselblasarlagen-detta-galler\/"},"author":{"name":"Erik Juhlin","@id":"https:\/\/www.almega.se\/#\/schema\/person\/3c181ea7ead5ab7b14c61584637720f5"},"headline":"Den nya visselbl\u00e5sarlagen \u2013 detta g\u00e4ller","datePublished":"2021-10-13T08:23:02+00:00","mainEntityOfPage":{"@id":"https:\/\/www.almega.se\/2021\/10\/den-nya-visselblasarlagen-detta-galler\/"},"wordCount":740,"image":{"@id":"https:\/\/www.almega.se\/2021\/10\/den-nya-visselblasarlagen-detta-galler\/#primaryimage"},"thumbnailUrl":"https:\/\/www.almega.se\/app\/uploads\/2021\/10\/gettyimages-1053136692-scaled.jpg","keywords":["Arbetsmilj\u00f6"],"articleSection":["Arbetsgivarfr\u00e5gor","EU och internationellt"],"inLanguage":"sv-SE"},{"@type":"WebPage","@id":"https:\/\/www.almega.se\/2021\/10\/den-nya-visselblasarlagen-detta-galler\/","url":"https:\/\/www.almega.se\/2021\/10\/den-nya-visselblasarlagen-detta-galler\/","name":"Den nya visselbl\u00e5sarlagen \u2013 detta g\u00e4ller | Almega","isPartOf":{"@id":"https:\/\/www.almega.se\/#website"},"primaryImageOfPage":{"@id":"https:\/\/www.almega.se\/2021\/10\/den-nya-visselblasarlagen-detta-galler\/#primaryimage"},"image":{"@id":"https:\/\/www.almega.se\/2021\/10\/den-nya-visselblasarlagen-detta-galler\/#primaryimage"},"thumbnailUrl":"https:\/\/www.almega.se\/app\/uploads\/2021\/10\/gettyimages-1053136692-scaled.jpg","datePublished":"2021-10-13T08:23:02+00:00","author":{"@id":"https:\/\/www.almega.se\/#\/schema\/person\/3c181ea7ead5ab7b14c61584637720f5"},"description":"Skyddet f\u00f6r visselbl\u00e5sare g\u00e4ller fler och m\u00e5nga arbetsgivare m\u00e5ste inr\u00e4tta rapporteringskanaler n\u00e4r den nya visselbl\u00e5sarlagen tr\u00e4der i kraft.","breadcrumb":{"@id":"https:\/\/www.almega.se\/2021\/10\/den-nya-visselblasarlagen-detta-galler\/#breadcrumb"},"inLanguage":"sv-SE","potentialAction":[{"@type":"ReadAction","target":["https:\/\/www.almega.se\/2021\/10\/den-nya-visselblasarlagen-detta-galler\/"]}]},{"@type":"ImageObject","inLanguage":"sv-SE","@id":"https:\/\/www.almega.se\/2021\/10\/den-nya-visselblasarlagen-detta-galler\/#primaryimage","url":"https:\/\/www.almega.se\/app\/uploads\/2021\/10\/gettyimages-1053136692-scaled.jpg","contentUrl":"https:\/\/www.almega.se\/app\/uploads\/2021\/10\/gettyimages-1053136692-scaled.jpg","width":2560,"height":1537,"caption":"Sports business. Man in suit wearing a whistle with red string. 3d illustration"},{"@type":"BreadcrumbList","@id":"https:\/\/www.almega.se\/2021\/10\/den-nya-visselblasarlagen-detta-galler\/#breadcrumb","itemListElement":[{"@type":"ListItem","position":1,"name":"Home","item":"https:\/\/www.almega.se\/"},{"@type":"ListItem","position":2,"name":"Den nya visselbl\u00e5sarlagen \u2013 detta g\u00e4ller"}]},{"@type":"WebSite","@id":"https:\/\/www.almega.se\/#website","url":"https:\/\/www.almega.se\/","name":"Almega","description":"","potentialAction":[{"@type":"SearchAction","target":{"@type":"EntryPoint","urlTemplate":"https:\/\/www.almega.se\/?s={search_term_string}"},"query-input":{"@type":"PropertyValueSpecification","valueRequired":true,"valueName":"search_term_string"}}],"inLanguage":"sv-SE"},{"@type":"Person","@id":"https:\/\/www.almega.se\/#\/schema\/person\/3c181ea7ead5ab7b14c61584637720f5","name":"Erik Juhlin","image":{"@type":"ImageObject","inLanguage":"sv-SE","@id":"https:\/\/www.almega.se\/#\/schema\/person\/image\/","url":"https:\/\/secure.gravatar.com\/avatar\/ef0e97454357041724f27ea1630fa5bf78b30eea6fc56998e6a03142ad5b1370?s=96&d=mm&r=g","contentUrl":"https:\/\/secure.gravatar.com\/avatar\/ef0e97454357041724f27ea1630fa5bf78b30eea6fc56998e6a03142ad5b1370?s=96&d=mm&r=g","caption":"Erik Juhlin"},"url":"https:\/\/www.almega.se\/person\/erikjuhlin\/"}]}},"_links":{"self":[{"href":"https:\/\/www.almega.se\/api\/wp\/v2\/posts\/40232","targetHints":{"allow":["GET"]}}],"collection":[{"href":"https:\/\/www.almega.se\/api\/wp\/v2\/posts"}],"about":[{"href":"https:\/\/www.almega.se\/api\/wp\/v2\/types\/post"}],"author":[{"embeddable":true,"href":"https:\/\/www.almega.se\/api\/wp\/v2\/users\/6356"}],"replies":[{"embeddable":true,"href":"https:\/\/www.almega.se\/api\/wp\/v2\/comments?post=40232"}],"version-history":[{"count":5,"href":"https:\/\/www.almega.se\/api\/wp\/v2\/posts\/40232\/revisions"}],"predecessor-version":[{"id":53959,"href":"https:\/\/www.almega.se\/api\/wp\/v2\/posts\/40232\/revisions\/53959"}],"wp:featuredmedia":[{"embeddable":true,"href":"https:\/\/www.almega.se\/api\/wp\/v2\/media\/40236"}],"wp:attachment":[{"href":"https:\/\/www.almega.se\/api\/wp\/v2\/media?parent=40232"}],"wp:term":[{"taxonomy":"category","embeddable":true,"href":"https:\/\/www.almega.se\/api\/wp\/v2\/categories?post=40232"},{"taxonomy":"post_tag","embeddable":true,"href":"https:\/\/www.almega.se\/api\/wp\/v2\/tags?post=40232"},{"taxonomy":"type","embeddable":true,"href":"https:\/\/www.almega.se\/api\/wp\/v2\/article_type?post=40232"},{"taxonomy":"agreement","embeddable":true,"href":"https:\/\/www.almega.se\/api\/wp\/v2\/agreement?post=40232"}],"curies":[{"name":"wp","href":"https:\/\/api.w.org\/{rel}","templated":true}]}}