{"id":40228,"date":"2021-10-13T08:29:00","date_gmt":"2021-10-13T06:29:00","guid":{"rendered":"https:\/\/www.almega.se\/?p=40228"},"modified":"2021-10-13T08:29:00","modified_gmt":"2021-10-13T06:29:00","slug":"med-foretagskulturen-fortsatt-i-centrum","status":"publish","type":"post","link":"https:\/\/www.almega.se\/2021\/10\/med-foretagskulturen-fortsatt-i-centrum\/","title":{"rendered":"Med f\u00f6retagskulturen fortsatt i centrum"},"content":{"rendered":"<p class=\"intro\"><span data-contrast=\"auto\" data-rich-text-format-boundary=\"true\">N\u00e4r rekommendationen om distansarbete lyfts bort tar ManpowerGroup l\u00e4rdomarna fr\u00e5n pandemin f\u00f6r att forma framtidens organisation:<\/span><span data-ccp-props=\"{&quot;335559740&quot;:360}\">\u00a0<\/span><span data-contrast=\"auto\">\u201dOm det \u00e4r n\u00e5got pandemin har visat oss \u00e4r det hur viktiga kulturfr\u00e5gorna \u00e4r f\u00f6r ett f\u00f6retag\u201d, s\u00e4ger f\u00f6rhandlingschef Magnus Nordkvist.<\/span><span data-ccp-props=\"{&quot;335559740&quot;:360}\">\u00a0<\/span><\/p>\n\n<p><span data-contrast=\"auto\">N\u00e4r Folkh\u00e4lsomyndigheten rekommenderade distansarbete h\u00f6rsammade\u00a0ManpowerGroup\u00a0uppmaningen och\u00a0nu\u00a0n\u00e4r restriktionerna lyfts \u00e4r myndighetens linje fortsatt utg\u00e5ngspunkt:\u00a0<\/span><\/p>\n\n\n\n<p><span data-contrast=\"auto\">\u2013 Genom att hantera pandemin fick vi bekr\u00e4ftat att vi\u00a0som organisation\u00a0hade en bra bas\u00a0att st\u00e5 p\u00e5. Dels\u00a0i\u00a0form av regelverk och kollektivavtal som till\u00e4t distansarbete, dels\u00a0med\u00a0teknik som gjorde\u00a0det m\u00f6jligt,\u00a0och\u00a0\u00f6verordnat\u00a0allt en\u00a0f\u00f6retagskultur\u00a0som gav oss r\u00e4tt f\u00f6ruts\u00e4ttningar.\u00a0Man kan s\u00e4ga att teknik trumfar juridik, men kultur sl\u00e5r teknik \u2013 och alla\u00a0tre\u00a0delar beh\u00f6ver hanteras, sl\u00e5r\u00a0f\u00f6rhandlingschef\u00a0Magnus Nordkvist fast.\u00a0\u00a0<\/span><\/p>\n\n\n\n<p><span data-contrast=\"auto\">Han menar ocks\u00e5 att de hade en f\u00f6rdel i och med att distansarbete \u00e4r en del av aff\u00e4rsmodellen:<\/span><span data-ccp-props=\"{&quot;335559740&quot;:360}\">&nbsp;<\/span><\/p>\n\n\n\n<p><span data-contrast=\"auto\">\u2013 Vi har faktiskt alltid jobbat med detta i och med att vi finns i hela v\u00e4rlden och vi finns ute hos kund. Men jag kan inte nog understryka att det \u00e4r f\u00f6retagskulturen som \u00e4r avg\u00f6rande i all f\u00f6r\u00e4ndringsledning,\u00a0inte minst n\u00e4r det sker i en extrem situation som\u00a0den\u00a0pandemin innebar.\u00a0D\u00e5 m\u00e5ste f\u00f6retagskulturen m\u00e5ste genomsyra allt\u00a0vi g\u00f6r.<\/span><\/p>\n\n\n<a class='Share__link Share__link--url copy-text' href='#' rel='nofollow' data-text='kultur-viktigare-an-plats' title='Dela url' data-confirmation='L\u00e4nken kopierades till urklipp'><svg class='icon icon--link'  width='18' height='18' viewBox='0 0 18 18' fill='none' xmlns='http:\/\/www.w3.org\/2000\/svg'>\n            <path d='M10.4142 0.514721L6.87868 4.05025L8.29289 5.46447L11.1213 2.63604L15.364 6.87868L12.5355 9.70711L13.9497 11.1213L17.4853 7.58579C17.8763 7.19476 17.8763 6.5626 17.4853 6.17158L11.8284 0.514721C11.4374 0.123691 10.8052 0.123691 10.4142 0.514721Z' fill='black'\/>\n            <path d='M9.7071 12.5355L6.87868 15.364L2.63604 11.1213L5.46446 8.2929L4.05025 6.87868L0.514716 10.4142C0.123686 10.8052 0.123686 11.4374 0.514716 11.8284L6.17157 17.4853C6.5626 17.8763 7.19475 17.8763 7.58578 17.4853L11.1213 13.9497L9.7071 12.5355Z' fill='black'\/>\n            <path d='M6.17157 11.8284C6.5626 12.2195 7.19475 12.2195 7.58578 11.8284L11.8284 7.58579C12.2195 7.19476 12.2195 6.56261 11.8284 6.17158C11.4374 5.78055 10.8052 5.78055 10.4142 6.17158L6.17157 10.4142C5.78054 10.8052 5.78054 11.4374 6.17157 11.8284Z' fill='black'\/>\n            <\/svg> <\/a>\n<h2 class=\"wp-block-heading\">Kultur viktigare \u00e4n plats<\/h2>\n\n\n\n<p><span data-contrast=\"auto\">N\u00e4r m\u00e5nga andra arbetsgivare har b\u00f6rjat kommunicera policys och regelverk f\u00f6r hur \u00e5terg\u00e5ngen till den gemensamma arbetsplatsen ska organiseras, v\u00e4ljer&nbsp;ManpowerGroup&nbsp;att h\u00e5lla diskussionen internt levande internt.<\/span><span data-ccp-props=\"{&quot;335559740&quot;:360}\">&nbsp;<\/span><\/p>\n\n\n\n<p><span data-contrast=\"auto\">\u2013 V\u00e5r linje och det vi har kommunicerat hela tiden \u00e4r att vi f\u00f6ljer Folkh\u00e4lsomyndighetens rekommendationer.<\/span><\/p>\n\n\n\n<p><span data-contrast=\"auto\">Magnus Nordkvist menar att det ofta&nbsp;tenderar att l\u00e4ggas f\u00f6r&nbsp;stort fokus p\u00e5 sj\u00e4lva platsen d\u00e4r arbetet ska utf\u00f6ras, n\u00e4r han&nbsp;ist\u00e4llet&nbsp;tycker att det&nbsp;borde handla om hur vi \u00e4r mot varandra, i bem\u00f6tande och kommunikation.<\/span><span data-ccp-props=\"{&quot;335559740&quot;:360}\">&nbsp;<\/span><\/p>\n\n\n\n<p><span data-contrast=\"auto\">\u2013 Om det \u00e4r n\u00e5got pandemin har visat oss \u00e4r det hur viktiga kulturfr\u00e5gorna \u00e4r f\u00f6r ett f\u00f6retag\u00a0\u2013 hur vi\u00a0l\u00e4r oss av varandra och hur vi\u00a0f\u00e5r varandra att v\u00e4xa, s\u00e4ger han och forts\u00e4tter:\u00a0<\/span><\/p>\n\n\n<a class='Share__link Share__link--url copy-text' href='#' rel='nofollow' data-text='kompetensbehovet-storsta-utmaningen' title='Dela url' data-confirmation='L\u00e4nken kopierades till urklipp'><svg class='icon icon--link'  width='18' height='18' viewBox='0 0 18 18' fill='none' xmlns='http:\/\/www.w3.org\/2000\/svg'>\n            <path d='M10.4142 0.514721L6.87868 4.05025L8.29289 5.46447L11.1213 2.63604L15.364 6.87868L12.5355 9.70711L13.9497 11.1213L17.4853 7.58579C17.8763 7.19476 17.8763 6.5626 17.4853 6.17158L11.8284 0.514721C11.4374 0.123691 10.8052 0.123691 10.4142 0.514721Z' fill='black'\/>\n            <path d='M9.7071 12.5355L6.87868 15.364L2.63604 11.1213L5.46446 8.2929L4.05025 6.87868L0.514716 10.4142C0.123686 10.8052 0.123686 11.4374 0.514716 11.8284L6.17157 17.4853C6.5626 17.8763 7.19475 17.8763 7.58578 17.4853L11.1213 13.9497L9.7071 12.5355Z' fill='black'\/>\n            <path d='M6.17157 11.8284C6.5626 12.2195 7.19475 12.2195 7.58578 11.8284L11.8284 7.58579C12.2195 7.19476 12.2195 6.56261 11.8284 6.17158C11.4374 5.78055 10.8052 5.78055 10.4142 6.17158L6.17157 10.4142C5.78054 10.8052 5.78054 11.4374 6.17157 11.8284Z' fill='black'\/>\n            <\/svg> <\/a>\n<h2 class=\"wp-block-heading\">Kompetensbehovet st\u00f6rsta utmaningen<\/h2>\n\n\n\n<p><span data-contrast=\"auto\">\u2013 Det jag ser som den stora utmaningen i den f\u00f6r\u00e4nderliga v\u00e4rld vi lever i, \u00e4r fr\u00e5gan om hur vi l\u00f6ser kompetensbehovet, oavsett om det \u00e4r geografiskt i en viss lands\u00e4nda eller \u00f6ver landsgr\u00e4nser. Det pandemin har tvingat oss till \u00e4r att snabbare hitta nya processer och s\u00e4tt att arbeta. Distansarbete inneb\u00e4r\u00a0till exempel\u00a0nya m\u00f6jligheter till arbete fr\u00e5n platser d\u00e4r det i dag finns f\u00e5 jobb.\u00a0\u00a0<\/span><\/p>\n\n\n\n<p><span data-contrast=\"auto\">Den exakta formen f\u00f6r arbetsplatsen \u00e4r allts\u00e5 n\u00e5got ManpowerGroup l\u00e4gger mindre vikt vid, ist\u00e4llet forts\u00e4tter de att s\u00e4tta f\u00f6retagskulturen i centrum:<\/span><span data-ccp-props=\"{&quot;335559740&quot;:360}\">&nbsp;<\/span><\/p>\n\n\n\n<p><span data-contrast=\"auto\">\u2013 Den stora\u00a0fr\u00e5gan f\u00f6r oss\u00a0\u00e4r\u00a0hur kunderna vill ha sin tj\u00e4nsteleverans i framtiden? Vi kan ge v\u00e5ra tankar och id\u00e9er, men\u00a0framf\u00f6r allt\u00a0m\u00e5ste vi\u00a0f\u00f6lja kundernas \u00f6nskem\u00e5l.<\/span><\/p>\n","protected":false},"excerpt":{"rendered":"<p>N\u00e4r Folkh\u00e4lsomyndigheten rekommenderade distansarbete h\u00f6rsammade\u00a0ManpowerGroup\u00a0uppmaningen och\u00a0nu\u00a0n\u00e4r restriktionerna lyfts \u00e4r myndighetens linje fortsatt utg\u00e5ngspunkt:\u00a0 \u2013 Genom att hantera pandemin fick vi bekr\u00e4ftat att vi\u00a0som organisation\u00a0hade en bra bas\u00a0att st\u00e5 p\u00e5. Dels\u00a0i\u00a0form av regelverk och kollektivavtal som &hellip;<\/p>\n","protected":false},"author":4371,"featured_media":40229,"comment_status":"closed","ping_status":"closed","sticky":false,"template":"","format":"standard","meta":{"_acf_changed":false,"footnotes":""},"categories":[451],"tags":[527],"article_type":[55,56],"agreement":[],"class_list":["post-40228","post","type-post","status-publish","format-standard","has-post-thumbnail","hentry","category-arbetsgivarfragor","tag-framtidens-arbetsliv","type-artiklar","type-nyheter"],"acf":[],"yoast_head":"<!-- This site is optimized with the Yoast SEO Premium plugin v26.8 (Yoast SEO v26.8) - https:\/\/yoast.com\/product\/yoast-seo-premium-wordpress\/ -->\n<title>Med f\u00f6retagskulturen fortsatt i centrum | Almega<\/title>\n<meta name=\"robots\" content=\"index, follow, max-snippet:-1, max-image-preview:large, max-video-preview:-1\" \/>\n<link rel=\"canonical\" href=\"https:\/\/www.almega.se\/2021\/10\/med-foretagskulturen-fortsatt-i-centrum\/\" \/>\n<meta property=\"og:locale\" content=\"sv_SE\" \/>\n<meta property=\"og:type\" content=\"article\" \/>\n<meta property=\"og:title\" content=\"Med f\u00f6retagskulturen fortsatt i centrum\" \/>\n<meta property=\"og:description\" content=\"N\u00e4r Folkh\u00e4lsomyndigheten rekommenderade distansarbete h\u00f6rsammade\u00a0ManpowerGroup\u00a0uppmaningen och\u00a0nu\u00a0n\u00e4r restriktionerna lyfts \u00e4r myndighetens linje fortsatt utg\u00e5ngspunkt:\u00a0 \u2013 Genom att hantera pandemin fick vi bekr\u00e4ftat att vi\u00a0som organisation\u00a0hade en bra bas\u00a0att st\u00e5 p\u00e5. Dels\u00a0i\u00a0form av regelverk och kollektivavtal som &hellip;\" \/>\n<meta property=\"og:url\" content=\"https:\/\/www.almega.se\/2021\/10\/med-foretagskulturen-fortsatt-i-centrum\/\" \/>\n<meta property=\"og:site_name\" content=\"Almega\" \/>\n<meta property=\"article:published_time\" content=\"2021-10-13T06:29:00+00:00\" \/>\n<meta property=\"og:image\" content=\"https:\/\/www.almega.se\/app\/uploads\/2021\/10\/bild-webbartikel-1000x600-30.png\" \/>\n\t<meta property=\"og:image:width\" content=\"1000\" \/>\n\t<meta property=\"og:image:height\" content=\"600\" \/>\n\t<meta property=\"og:image:type\" content=\"image\/png\" \/>\n<meta name=\"author\" content=\"Katarina Ahlsen\" \/>\n<meta name=\"twitter:card\" content=\"summary_large_image\" \/>\n<meta name=\"twitter:label1\" content=\"Skriven av\" \/>\n\t<meta name=\"twitter:data1\" content=\"Katarina Ahlsen\" \/>\n\t<meta name=\"twitter:label2\" content=\"Ber\u00e4knad l\u00e4stid\" \/>\n\t<meta name=\"twitter:data2\" content=\"2 minuter\" \/>\n<!-- \/ Yoast SEO Premium plugin. -->","yoast_head_json":{"title":"Med f\u00f6retagskulturen fortsatt i centrum | Almega","robots":{"index":"index","follow":"follow","max-snippet":"max-snippet:-1","max-image-preview":"max-image-preview:large","max-video-preview":"max-video-preview:-1"},"canonical":"https:\/\/www.almega.se\/2021\/10\/med-foretagskulturen-fortsatt-i-centrum\/","og_locale":"sv_SE","og_type":"article","og_title":"Med f\u00f6retagskulturen fortsatt i centrum","og_description":"N\u00e4r Folkh\u00e4lsomyndigheten rekommenderade distansarbete h\u00f6rsammade\u00a0ManpowerGroup\u00a0uppmaningen och\u00a0nu\u00a0n\u00e4r restriktionerna lyfts \u00e4r myndighetens linje fortsatt utg\u00e5ngspunkt:\u00a0 \u2013 Genom att hantera pandemin fick vi bekr\u00e4ftat att vi\u00a0som organisation\u00a0hade en bra bas\u00a0att st\u00e5 p\u00e5. Dels\u00a0i\u00a0form av regelverk och kollektivavtal som &hellip;","og_url":"https:\/\/www.almega.se\/2021\/10\/med-foretagskulturen-fortsatt-i-centrum\/","og_site_name":"Almega","article_published_time":"2021-10-13T06:29:00+00:00","og_image":[{"width":1000,"height":600,"url":"https:\/\/www.almega.se\/app\/uploads\/2021\/10\/bild-webbartikel-1000x600-30.png","type":"image\/png"}],"author":"Katarina Ahlsen","twitter_card":"summary_large_image","twitter_misc":{"Skriven av":"Katarina Ahlsen","Ber\u00e4knad l\u00e4stid":"2 minuter"},"schema":{"@context":"https:\/\/schema.org","@graph":[{"@type":"NewsArticle","@id":"https:\/\/www.almega.se\/2021\/10\/med-foretagskulturen-fortsatt-i-centrum\/#article","isPartOf":{"@id":"https:\/\/www.almega.se\/2021\/10\/med-foretagskulturen-fortsatt-i-centrum\/"},"author":{"name":"Katarina Ahlsen","@id":"https:\/\/www.almega.se\/#\/schema\/person\/21bb090beed442a47a2cf1e64374f091"},"headline":"Med f\u00f6retagskulturen fortsatt i centrum","datePublished":"2021-10-13T06:29:00+00:00","mainEntityOfPage":{"@id":"https:\/\/www.almega.se\/2021\/10\/med-foretagskulturen-fortsatt-i-centrum\/"},"wordCount":499,"image":{"@id":"https:\/\/www.almega.se\/2021\/10\/med-foretagskulturen-fortsatt-i-centrum\/#primaryimage"},"thumbnailUrl":"https:\/\/www.almega.se\/app\/uploads\/2021\/10\/bild-webbartikel-1000x600-30.png","keywords":["Framtidens arbetsliv"],"articleSection":["Arbetsgivarfr\u00e5gor"],"inLanguage":"sv-SE"},{"@type":"WebPage","@id":"https:\/\/www.almega.se\/2021\/10\/med-foretagskulturen-fortsatt-i-centrum\/","url":"https:\/\/www.almega.se\/2021\/10\/med-foretagskulturen-fortsatt-i-centrum\/","name":"Med f\u00f6retagskulturen fortsatt i centrum | Almega","isPartOf":{"@id":"https:\/\/www.almega.se\/#website"},"primaryImageOfPage":{"@id":"https:\/\/www.almega.se\/2021\/10\/med-foretagskulturen-fortsatt-i-centrum\/#primaryimage"},"image":{"@id":"https:\/\/www.almega.se\/2021\/10\/med-foretagskulturen-fortsatt-i-centrum\/#primaryimage"},"thumbnailUrl":"https:\/\/www.almega.se\/app\/uploads\/2021\/10\/bild-webbartikel-1000x600-30.png","datePublished":"2021-10-13T06:29:00+00:00","author":{"@id":"https:\/\/www.almega.se\/#\/schema\/person\/21bb090beed442a47a2cf1e64374f091"},"breadcrumb":{"@id":"https:\/\/www.almega.se\/2021\/10\/med-foretagskulturen-fortsatt-i-centrum\/#breadcrumb"},"inLanguage":"sv-SE","potentialAction":[{"@type":"ReadAction","target":["https:\/\/www.almega.se\/2021\/10\/med-foretagskulturen-fortsatt-i-centrum\/"]}]},{"@type":"ImageObject","inLanguage":"sv-SE","@id":"https:\/\/www.almega.se\/2021\/10\/med-foretagskulturen-fortsatt-i-centrum\/#primaryimage","url":"https:\/\/www.almega.se\/app\/uploads\/2021\/10\/bild-webbartikel-1000x600-30.png","contentUrl":"https:\/\/www.almega.se\/app\/uploads\/2021\/10\/bild-webbartikel-1000x600-30.png","width":1000,"height":600},{"@type":"BreadcrumbList","@id":"https:\/\/www.almega.se\/2021\/10\/med-foretagskulturen-fortsatt-i-centrum\/#breadcrumb","itemListElement":[{"@type":"ListItem","position":1,"name":"Home","item":"https:\/\/www.almega.se\/"},{"@type":"ListItem","position":2,"name":"Med f\u00f6retagskulturen fortsatt i centrum"}]},{"@type":"WebSite","@id":"https:\/\/www.almega.se\/#website","url":"https:\/\/www.almega.se\/","name":"Almega","description":"","potentialAction":[{"@type":"SearchAction","target":{"@type":"EntryPoint","urlTemplate":"https:\/\/www.almega.se\/?s={search_term_string}"},"query-input":{"@type":"PropertyValueSpecification","valueRequired":true,"valueName":"search_term_string"}}],"inLanguage":"sv-SE"},{"@type":"Person","@id":"https:\/\/www.almega.se\/#\/schema\/person\/21bb090beed442a47a2cf1e64374f091","name":"Katarina Ahlsen","image":{"@type":"ImageObject","inLanguage":"sv-SE","@id":"https:\/\/www.almega.se\/#\/schema\/person\/image\/","url":"https:\/\/secure.gravatar.com\/avatar\/08acb5974fe161bc44fe8e62ec32e85c446ac625c171f9a7eb9f4941b883d3d9?s=96&d=mm&r=g","contentUrl":"https:\/\/secure.gravatar.com\/avatar\/08acb5974fe161bc44fe8e62ec32e85c446ac625c171f9a7eb9f4941b883d3d9?s=96&d=mm&r=g","caption":"Katarina Ahlsen"},"url":"https:\/\/www.almega.se\/person\/katarinaahlsen\/"}]}},"_links":{"self":[{"href":"https:\/\/www.almega.se\/api\/wp\/v2\/posts\/40228","targetHints":{"allow":["GET"]}}],"collection":[{"href":"https:\/\/www.almega.se\/api\/wp\/v2\/posts"}],"about":[{"href":"https:\/\/www.almega.se\/api\/wp\/v2\/types\/post"}],"author":[{"embeddable":true,"href":"https:\/\/www.almega.se\/api\/wp\/v2\/users\/4371"}],"replies":[{"embeddable":true,"href":"https:\/\/www.almega.se\/api\/wp\/v2\/comments?post=40228"}],"version-history":[{"count":3,"href":"https:\/\/www.almega.se\/api\/wp\/v2\/posts\/40228\/revisions"}],"predecessor-version":[{"id":53962,"href":"https:\/\/www.almega.se\/api\/wp\/v2\/posts\/40228\/revisions\/53962"}],"wp:featuredmedia":[{"embeddable":true,"href":"https:\/\/www.almega.se\/api\/wp\/v2\/media\/40229"}],"wp:attachment":[{"href":"https:\/\/www.almega.se\/api\/wp\/v2\/media?parent=40228"}],"wp:term":[{"taxonomy":"category","embeddable":true,"href":"https:\/\/www.almega.se\/api\/wp\/v2\/categories?post=40228"},{"taxonomy":"post_tag","embeddable":true,"href":"https:\/\/www.almega.se\/api\/wp\/v2\/tags?post=40228"},{"taxonomy":"type","embeddable":true,"href":"https:\/\/www.almega.se\/api\/wp\/v2\/article_type?post=40228"},{"taxonomy":"agreement","embeddable":true,"href":"https:\/\/www.almega.se\/api\/wp\/v2\/agreement?post=40228"}],"curies":[{"name":"wp","href":"https:\/\/api.w.org\/{rel}","templated":true}]}}