{"id":40182,"date":"2021-10-07T07:00:00","date_gmt":"2021-10-07T05:00:00","guid":{"rendered":"https:\/\/www.almega.se\/2021\/10\/almega-och-forsvarsmakten-tecknar-avsiktsforklaring-for-strategisk-personal-och-kompetensforsorjning\/"},"modified":"2021-10-07T07:00:00","modified_gmt":"2021-10-07T05:00:00","slug":"almega-och-forsvarsmakten-tecknar-avsiktsforklaring-for-strategisk-personal-och-kompetensforsorjning","status":"publish","type":"post","link":"https:\/\/www.almega.se\/2021\/10\/almega-och-forsvarsmakten-tecknar-avsiktsforklaring-for-strategisk-personal-och-kompetensforsorjning\/","title":{"rendered":"Almega och F\u00f6rsvarsmakten tecknar avsiktsf\u00f6rklaring f\u00f6r strategisk personal- och kompetensf\u00f6rs\u00f6rjning"},"content":{"rendered":"<p class=\"intro\">Att samarbeta med andra arbetsgivare och organisationer \u00e4r viktigt f\u00f6r att F\u00f6rsvarsmakten ska lyckas med sin personalf\u00f6rs\u00f6rjning. Den 6 oktober tr\u00e4ffas F\u00f6rsvarsmaktens \u00f6verbef\u00e4lhavare Micael Byd\u00e9n och Almegas vd Thomas Ers\u00e9us f\u00f6r att underteckna en avsiktsf\u00f6rklaring f\u00f6r strategisk personal- och kompetensf\u00f6rs\u00f6rjning.<\/p>\n\n<p>Sedan 2014 har Almega deltagit som aktiv part i det centrala F\u00f6rsvarsmaktsr\u00e5det, vilket jobbar aktivt med fr\u00e5gor kopplade till kompetensf\u00f6rs\u00f6rjning. R\u00e5det har ett stort fokus p\u00e5 ungdomars insteg p\u00e5 arbetsmarknaden, fr\u00e5gor inom totalf\u00f6rsvar samt vikten av det meritv\u00e4rde man f\u00e5r fr\u00e5n milit\u00e4r tj\u00e4nstg\u00f6ring.<\/p>\n\n\n\n<p>F\u00f6rm\u00e5gan att attrahera, rekrytera och beh\u00e5lla kompetent personal \u00e4r av avg\u00f6rande vikt f\u00f6r varje professionell organisation. F\u00f6rsvarsmakten och Almega har d\u00e4rf\u00f6r under 2021 djupare diskuterat m\u00f6jligheter till samarbete vad g\u00e4ller kompetens- och personalf\u00f6rs\u00f6rjning. F\u00f6rsvarsmakten och Almega har nu enats om att g\u00e5 vidare f\u00f6r att aktivt arbeta djupare med dessa fr\u00e5gor tillsammans.<\/p>\n\n\n\n<p>\u2013&nbsp;Det \u00e4r en stor utmaning f\u00f6r tj\u00e4nstef\u00f6retag att rekrytera kompetens och d\u00e4rf\u00f6r inleder Almega ett f\u00f6rdjupat samarbete med F\u00f6rsvarsmakten. Partnerskapet \u00f6ppnar d\u00f6rrar b\u00e5de f\u00f6r Almega, v\u00e5ra medlemsf\u00f6rbund \u00e5 ena sidan och F\u00f6rsvarsmakten p\u00e5 den andra sidan. Fyra av fem nya jobb skapas i tj\u00e4nstesektorn och i f\u00f6rsvaret utbildas allt fler unga m\u00e4n och kvinnor som f\u00f6rhoppningsvis n\u00e5gon g\u00e5ng vill jobba i v\u00e5ra medlemsf\u00f6retag, s\u00e4ger Almegas vd Thomas Ers\u00e9us.<\/p>\n\n\n\n<p>Avsiktsf\u00f6rklaringen inneb\u00e4r bland annat att F\u00f6rsvarsmakten och Almega inleder ett samarbete avseende tidvis- och kontinuerligt tj\u00e4nstg\u00f6rande milit\u00e4r personal. Samarbetet kommer att st\u00e4rka parternas l\u00e5ngsiktiga kompetensf\u00f6rs\u00f6rjning, med fokus p\u00e5 ungdomars insteg p\u00e5 arbetsmarknaden.<\/p>\n\n\n\n<p>\u2013&nbsp;Almega \u00e4r en stor akt\u00f6r som f\u00f6renar m\u00e5nga arbetsgivare i flera viktiga branscher. F\u00f6rsvarsmakten ser Almega som en viktig samarbetspartner inom kompetensf\u00f6rs\u00f6rjning. Almegas bredd kan erbjuda m\u00e5nga av v\u00e5ra duktiga medarbetare en sp\u00e4nnande och utvecklande karri\u00e4r samtidigt som de kan tj\u00e4nstg\u00f6ra hos oss p\u00e5 deltid. De meritv\u00e4rden och yrkeskompetenser som v\u00e5r personal f\u00e5r under sin tj\u00e4nstg\u00f6ring i F\u00f6rsvarsmakten \u00e4r mycket g\u00e5ngbar p\u00e5 arbetsmarknaden, s\u00e4ger F\u00f6rsvarsmaktens personaldirekt\u00f6r, generalmajor Klas Eksell.<\/p>\n\n\n\n<h3 class=\"wp-block-heading\">Exempel p\u00e5 konkreta aktiviteter som \u00e4r planerade i samarbetet:<\/h3>\n\n\n\n<ul class=\"wp-block-list\">\n<li>Almega avser att underl\u00e4tta f\u00f6r personal som har anst\u00e4llning inom Almegas medlemsf\u00f6retag, att kunna arbeta som tidvis tj\u00e4nstg\u00f6rande inom F\u00f6rsvarsmakten.\n<\/li>\n\n\n\n<li>F\u00f6rsvarsmakten avser att st\u00f6dja l\u00e5ngsiktig kompetensf\u00f6rs\u00f6rjning genom att informera om och st\u00f6dja m\u00f6jligheter till tj\u00e4nstg\u00f6ring inom Almegas medlemsf\u00f6retag f\u00f6r personal fr\u00e5n F\u00f6rsvarsmakten.\n<\/li>\n\n\n\n<li>Parterna avser att arbeta f\u00f6r att erfarenhet fr\u00e5n den andra partens organisation eller dess medlemmar ska vara en tydlig merit f\u00f6r individen.<\/li>\n<\/ul>\n\n\n<a class='Share__link Share__link--url copy-text' href='#' rel='nofollow' data-text='flera-medlemmar-ar-redan-samarbetsparter' title='Dela url' data-confirmation='L\u00e4nken kopierades till urklipp'><svg class='icon icon--link'  width='18' height='18' viewBox='0 0 18 18' fill='none' xmlns='http:\/\/www.w3.org\/2000\/svg'>\n            <path d='M10.4142 0.514721L6.87868 4.05025L8.29289 5.46447L11.1213 2.63604L15.364 6.87868L12.5355 9.70711L13.9497 11.1213L17.4853 7.58579C17.8763 7.19476 17.8763 6.5626 17.4853 6.17158L11.8284 0.514721C11.4374 0.123691 10.8052 0.123691 10.4142 0.514721Z' fill='black'\/>\n            <path d='M9.7071 12.5355L6.87868 15.364L2.63604 11.1213L5.46446 8.2929L4.05025 6.87868L0.514716 10.4142C0.123686 10.8052 0.123686 11.4374 0.514716 11.8284L6.17157 17.4853C6.5626 17.8763 7.19475 17.8763 7.58578 17.4853L11.1213 13.9497L9.7071 12.5355Z' fill='black'\/>\n            <path d='M6.17157 11.8284C6.5626 12.2195 7.19475 12.2195 7.58578 11.8284L11.8284 7.58579C12.2195 7.19476 12.2195 6.56261 11.8284 6.17158C11.4374 5.78055 10.8052 5.78055 10.4142 6.17158L6.17157 10.4142C5.78054 10.8052 5.78054 11.4374 6.17157 11.8284Z' fill='black'\/>\n            <\/svg> <\/a>\n<h2 class=\"wp-block-heading\">Flera medlemmar \u00e4r redan samarbetsparter<\/h2>\n\n\n\n<p>Idag finns redan ett stort antal arbetsgivare och branschorganisationer som tecknat en avsiktsf\u00f6rklaring med F\u00f6rsvarsmakten. D\u00e4r finns redan ett 25-tal medlemmar inom Almega bland andra fr\u00e5n medlemsf\u00f6rbunden Kompetensf\u00f6retagen, IT- och telekomf\u00f6retagen, Innovationsf\u00f6retagen och S\u00e4kerhetsf\u00f6retagen.<\/p>\n\n\n\n<p>F\u00f6r mer information om F\u00f6rsvarsmaktens arbete tillsammans med andra arbetsgivare och organisationer bes\u00f6k&nbsp;<a href=\"https:\/\/www.forsvarsmakten.se\/arbetsgivare\">h\u00e4r<\/a>.<\/p>\n","protected":false},"excerpt":{"rendered":"<p>Att samarbeta med andra arbetsgivare och organisationer \u00e4r viktigt f\u00f6r att F\u00f6rsvarsmakten ska lyckas med sin personalf\u00f6rs\u00f6rjning. Den 6 oktober tr\u00e4ffas F\u00f6rsvarsmaktens \u00f6verbef\u00e4lhavare Micael Byd\u00e9n och Almegas vd Thomas Ers\u00e9us f\u00f6r att underteckna en avsiktsf\u00f6rklaring f\u00f6r strategisk personal- och kompetensf\u00f6rs\u00f6rjning.<\/p>\n","protected":false},"author":6356,"featured_media":40183,"comment_status":"closed","ping_status":"closed","sticky":false,"template":"","format":"standard","meta":{"_acf_changed":false,"footnotes":""},"categories":[419],"tags":[610],"article_type":[93],"agreement":[],"class_list":["post-40182","post","type-post","status-publish","format-standard","has-post-thumbnail","hentry","category-kompetensforsorjning","tag-kompetensforsorjning","type-pressmeddelanden"],"acf":[],"yoast_head":"<!-- This site is optimized with the Yoast SEO Premium plugin v26.8 (Yoast SEO v26.8) - https:\/\/yoast.com\/product\/yoast-seo-premium-wordpress\/ -->\n<title>Almega och F\u00f6rsvarsmakten tecknar avsiktsf\u00f6rklaring f\u00f6r strategisk personal- och kompetensf\u00f6rs\u00f6rjning | Almega<\/title>\n<meta name=\"robots\" content=\"index, follow, max-snippet:-1, max-image-preview:large, max-video-preview:-1\" \/>\n<link rel=\"canonical\" href=\"https:\/\/www.almega.se\/2021\/10\/almega-och-forsvarsmakten-tecknar-avsiktsforklaring-for-strategisk-personal-och-kompetensforsorjning\/\" \/>\n<meta property=\"og:locale\" content=\"sv_SE\" \/>\n<meta property=\"og:type\" content=\"article\" \/>\n<meta property=\"og:title\" content=\"Almega och F\u00f6rsvarsmakten tecknar avsiktsf\u00f6rklaring f\u00f6r strategisk personal- och kompetensf\u00f6rs\u00f6rjning\" \/>\n<meta property=\"og:description\" content=\"Att samarbeta med andra arbetsgivare och organisationer \u00e4r viktigt f\u00f6r att F\u00f6rsvarsmakten ska lyckas med sin personalf\u00f6rs\u00f6rjning. Den 6 oktober tr\u00e4ffas F\u00f6rsvarsmaktens \u00f6verbef\u00e4lhavare Micael Byd\u00e9n och Almegas vd Thomas Ers\u00e9us f\u00f6r att underteckna en avsiktsf\u00f6rklaring f\u00f6r strategisk personal- och kompetensf\u00f6rs\u00f6rjning.\" \/>\n<meta property=\"og:url\" content=\"https:\/\/www.almega.se\/2021\/10\/almega-och-forsvarsmakten-tecknar-avsiktsforklaring-for-strategisk-personal-och-kompetensforsorjning\/\" \/>\n<meta property=\"og:site_name\" content=\"Almega\" \/>\n<meta property=\"article:published_time\" content=\"2021-10-07T05:00:00+00:00\" \/>\n<meta property=\"og:image\" content=\"https:\/\/www.almega.se\/app\/uploads\/2021\/10\/19e857de-7d79-4343-b6e3-72c0e5685c5f-scaled.jpg\" \/>\n\t<meta property=\"og:image:width\" content=\"2560\" \/>\n\t<meta property=\"og:image:height\" content=\"1707\" \/>\n\t<meta property=\"og:image:type\" content=\"image\/jpeg\" \/>\n<meta name=\"author\" content=\"Erik Juhlin\" \/>\n<meta name=\"twitter:card\" content=\"summary_large_image\" \/>\n<meta name=\"twitter:label1\" content=\"Skriven av\" \/>\n\t<meta name=\"twitter:data1\" content=\"Erik Juhlin\" \/>\n\t<meta name=\"twitter:label2\" content=\"Ber\u00e4knad l\u00e4stid\" \/>\n\t<meta name=\"twitter:data2\" content=\"2 minuter\" \/>\n<!-- \/ Yoast SEO Premium plugin. -->","yoast_head_json":{"title":"Almega och F\u00f6rsvarsmakten tecknar avsiktsf\u00f6rklaring f\u00f6r strategisk personal- och kompetensf\u00f6rs\u00f6rjning | Almega","robots":{"index":"index","follow":"follow","max-snippet":"max-snippet:-1","max-image-preview":"max-image-preview:large","max-video-preview":"max-video-preview:-1"},"canonical":"https:\/\/www.almega.se\/2021\/10\/almega-och-forsvarsmakten-tecknar-avsiktsforklaring-for-strategisk-personal-och-kompetensforsorjning\/","og_locale":"sv_SE","og_type":"article","og_title":"Almega och F\u00f6rsvarsmakten tecknar avsiktsf\u00f6rklaring f\u00f6r strategisk personal- och kompetensf\u00f6rs\u00f6rjning","og_description":"Att samarbeta med andra arbetsgivare och organisationer \u00e4r viktigt f\u00f6r att F\u00f6rsvarsmakten ska lyckas med sin personalf\u00f6rs\u00f6rjning. Den 6 oktober tr\u00e4ffas F\u00f6rsvarsmaktens \u00f6verbef\u00e4lhavare Micael Byd\u00e9n och Almegas vd Thomas Ers\u00e9us f\u00f6r att underteckna en avsiktsf\u00f6rklaring f\u00f6r strategisk personal- och kompetensf\u00f6rs\u00f6rjning.","og_url":"https:\/\/www.almega.se\/2021\/10\/almega-och-forsvarsmakten-tecknar-avsiktsforklaring-for-strategisk-personal-och-kompetensforsorjning\/","og_site_name":"Almega","article_published_time":"2021-10-07T05:00:00+00:00","og_image":[{"width":2560,"height":1707,"url":"https:\/\/www.almega.se\/app\/uploads\/2021\/10\/19e857de-7d79-4343-b6e3-72c0e5685c5f-scaled.jpg","type":"image\/jpeg"}],"author":"Erik Juhlin","twitter_card":"summary_large_image","twitter_misc":{"Skriven av":"Erik Juhlin","Ber\u00e4knad l\u00e4stid":"2 minuter"},"schema":{"@context":"https:\/\/schema.org","@graph":[{"@type":"NewsArticle","@id":"https:\/\/www.almega.se\/2021\/10\/almega-och-forsvarsmakten-tecknar-avsiktsforklaring-for-strategisk-personal-och-kompetensforsorjning\/#article","isPartOf":{"@id":"https:\/\/www.almega.se\/2021\/10\/almega-och-forsvarsmakten-tecknar-avsiktsforklaring-for-strategisk-personal-och-kompetensforsorjning\/"},"author":{"name":"Erik Juhlin","@id":"https:\/\/www.almega.se\/#\/schema\/person\/3c181ea7ead5ab7b14c61584637720f5"},"headline":"Almega och F\u00f6rsvarsmakten tecknar avsiktsf\u00f6rklaring f\u00f6r strategisk personal- och kompetensf\u00f6rs\u00f6rjning","datePublished":"2021-10-07T05:00:00+00:00","mainEntityOfPage":{"@id":"https:\/\/www.almega.se\/2021\/10\/almega-och-forsvarsmakten-tecknar-avsiktsforklaring-for-strategisk-personal-och-kompetensforsorjning\/"},"wordCount":526,"image":{"@id":"https:\/\/www.almega.se\/2021\/10\/almega-och-forsvarsmakten-tecknar-avsiktsforklaring-for-strategisk-personal-och-kompetensforsorjning\/#primaryimage"},"thumbnailUrl":"https:\/\/www.almega.se\/app\/uploads\/2021\/10\/19e857de-7d79-4343-b6e3-72c0e5685c5f-scaled.jpg","keywords":["Kompetensf\u00f6rs\u00f6rjning"],"articleSection":["Kompetensf\u00f6rs\u00f6rjning"],"inLanguage":"sv-SE"},{"@type":"WebPage","@id":"https:\/\/www.almega.se\/2021\/10\/almega-och-forsvarsmakten-tecknar-avsiktsforklaring-for-strategisk-personal-och-kompetensforsorjning\/","url":"https:\/\/www.almega.se\/2021\/10\/almega-och-forsvarsmakten-tecknar-avsiktsforklaring-for-strategisk-personal-och-kompetensforsorjning\/","name":"Almega och F\u00f6rsvarsmakten tecknar avsiktsf\u00f6rklaring f\u00f6r strategisk personal- och kompetensf\u00f6rs\u00f6rjning | Almega","isPartOf":{"@id":"https:\/\/www.almega.se\/#website"},"primaryImageOfPage":{"@id":"https:\/\/www.almega.se\/2021\/10\/almega-och-forsvarsmakten-tecknar-avsiktsforklaring-for-strategisk-personal-och-kompetensforsorjning\/#primaryimage"},"image":{"@id":"https:\/\/www.almega.se\/2021\/10\/almega-och-forsvarsmakten-tecknar-avsiktsforklaring-for-strategisk-personal-och-kompetensforsorjning\/#primaryimage"},"thumbnailUrl":"https:\/\/www.almega.se\/app\/uploads\/2021\/10\/19e857de-7d79-4343-b6e3-72c0e5685c5f-scaled.jpg","datePublished":"2021-10-07T05:00:00+00:00","author":{"@id":"https:\/\/www.almega.se\/#\/schema\/person\/3c181ea7ead5ab7b14c61584637720f5"},"breadcrumb":{"@id":"https:\/\/www.almega.se\/2021\/10\/almega-och-forsvarsmakten-tecknar-avsiktsforklaring-for-strategisk-personal-och-kompetensforsorjning\/#breadcrumb"},"inLanguage":"sv-SE","potentialAction":[{"@type":"ReadAction","target":["https:\/\/www.almega.se\/2021\/10\/almega-och-forsvarsmakten-tecknar-avsiktsforklaring-for-strategisk-personal-och-kompetensforsorjning\/"]}]},{"@type":"ImageObject","inLanguage":"sv-SE","@id":"https:\/\/www.almega.se\/2021\/10\/almega-och-forsvarsmakten-tecknar-avsiktsforklaring-for-strategisk-personal-och-kompetensforsorjning\/#primaryimage","url":"https:\/\/www.almega.se\/app\/uploads\/2021\/10\/19e857de-7d79-4343-b6e3-72c0e5685c5f-scaled.jpg","contentUrl":"https:\/\/www.almega.se\/app\/uploads\/2021\/10\/19e857de-7d79-4343-b6e3-72c0e5685c5f-scaled.jpg","width":2560,"height":1707,"caption":"F\u00f6rsvarsmaktens \u00f6verbef\u00e4lhavare Micael Byd\u00e9n och Almegas vd Thomas Ers\u00e9us. Foto: Bezav Mahmod, F\u00f6rsvarsmakten"},{"@type":"BreadcrumbList","@id":"https:\/\/www.almega.se\/2021\/10\/almega-och-forsvarsmakten-tecknar-avsiktsforklaring-for-strategisk-personal-och-kompetensforsorjning\/#breadcrumb","itemListElement":[{"@type":"ListItem","position":1,"name":"Home","item":"https:\/\/www.almega.se\/"},{"@type":"ListItem","position":2,"name":"Almega och F\u00f6rsvarsmakten tecknar avsiktsf\u00f6rklaring f\u00f6r strategisk personal- och kompetensf\u00f6rs\u00f6rjning"}]},{"@type":"WebSite","@id":"https:\/\/www.almega.se\/#website","url":"https:\/\/www.almega.se\/","name":"Almega","description":"","potentialAction":[{"@type":"SearchAction","target":{"@type":"EntryPoint","urlTemplate":"https:\/\/www.almega.se\/?s={search_term_string}"},"query-input":{"@type":"PropertyValueSpecification","valueRequired":true,"valueName":"search_term_string"}}],"inLanguage":"sv-SE"},{"@type":"Person","@id":"https:\/\/www.almega.se\/#\/schema\/person\/3c181ea7ead5ab7b14c61584637720f5","name":"Erik Juhlin","image":{"@type":"ImageObject","inLanguage":"sv-SE","@id":"https:\/\/www.almega.se\/#\/schema\/person\/image\/","url":"https:\/\/secure.gravatar.com\/avatar\/ef0e97454357041724f27ea1630fa5bf78b30eea6fc56998e6a03142ad5b1370?s=96&d=mm&r=g","contentUrl":"https:\/\/secure.gravatar.com\/avatar\/ef0e97454357041724f27ea1630fa5bf78b30eea6fc56998e6a03142ad5b1370?s=96&d=mm&r=g","caption":"Erik Juhlin"},"url":"https:\/\/www.almega.se\/person\/erikjuhlin\/"}]}},"_links":{"self":[{"href":"https:\/\/www.almega.se\/api\/wp\/v2\/posts\/40182","targetHints":{"allow":["GET"]}}],"collection":[{"href":"https:\/\/www.almega.se\/api\/wp\/v2\/posts"}],"about":[{"href":"https:\/\/www.almega.se\/api\/wp\/v2\/types\/post"}],"author":[{"embeddable":true,"href":"https:\/\/www.almega.se\/api\/wp\/v2\/users\/6356"}],"replies":[{"embeddable":true,"href":"https:\/\/www.almega.se\/api\/wp\/v2\/comments?post=40182"}],"version-history":[{"count":4,"href":"https:\/\/www.almega.se\/api\/wp\/v2\/posts\/40182\/revisions"}],"predecessor-version":[{"id":53971,"href":"https:\/\/www.almega.se\/api\/wp\/v2\/posts\/40182\/revisions\/53971"}],"wp:featuredmedia":[{"embeddable":true,"href":"https:\/\/www.almega.se\/api\/wp\/v2\/media\/40183"}],"wp:attachment":[{"href":"https:\/\/www.almega.se\/api\/wp\/v2\/media?parent=40182"}],"wp:term":[{"taxonomy":"category","embeddable":true,"href":"https:\/\/www.almega.se\/api\/wp\/v2\/categories?post=40182"},{"taxonomy":"post_tag","embeddable":true,"href":"https:\/\/www.almega.se\/api\/wp\/v2\/tags?post=40182"},{"taxonomy":"type","embeddable":true,"href":"https:\/\/www.almega.se\/api\/wp\/v2\/article_type?post=40182"},{"taxonomy":"agreement","embeddable":true,"href":"https:\/\/www.almega.se\/api\/wp\/v2\/agreement?post=40182"}],"curies":[{"name":"wp","href":"https:\/\/api.w.org\/{rel}","templated":true}]}}