{"id":40134,"date":"2021-10-01T14:00:50","date_gmt":"2021-10-01T12:00:50","guid":{"rendered":"https:\/\/www.almega.se\/?p=40134"},"modified":"2021-10-01T14:00:50","modified_gmt":"2021-10-01T12:00:50","slug":"med-kollektivavtal-och-fortroendeflextid-vaxer-iris-utvecklingscenter-som-arbetsgivare","status":"publish","type":"post","link":"https:\/\/www.almega.se\/2021\/10\/med-kollektivavtal-och-fortroendeflextid-vaxer-iris-utvecklingscenter-som-arbetsgivare\/","title":{"rendered":"Med kollektivavtal och f\u00f6rtroendeflextid v\u00e4xer Iris Utvecklingscenter som arbetsgivare"},"content":{"rendered":"<p class=\"intro\">\u201d\u00c4ven om man \u00e4r duktig p\u00e5 arbetsgivarfr\u00e5gor s\u00e5 kan man beh\u00f6va ett bollplank och experter\u201d, s\u00e4ger Tove Sj\u00f6blom som \u00e4r HR-chef p\u00e5 Iris Utvecklingscenter. Med st\u00f6d av Almega har hon f\u00e5tt kollektivavtal i nya bolag och f\u00f6rtroendeflextid p\u00e5 plats i en v\u00e4xande verksamhet.<\/p>\n\n<p><a href=\"https:\/\/www.irisutvecklingscenter.se\/\" target=\"_blank\" rel=\"noopener\">Iris Utvecklingscenter<\/a> erbjuder sedan 35 \u00e5r tillbaka professionell KBT-baserad behandling vid samsjuklighet: missbruk\/beroende och psykisk oh\u00e4lsa. V\u00e5rdbolaget v\u00e4xer och finns i dag i Mullsj\u00f6, Enk\u00f6ping, Hestra, Simtuna, J\u00f6nk\u00f6ping, Ryfors och Stockholm \u2013 med cirka 90 anst\u00e4llda och tillf\u00e4llig personal. I januari 2021 anst\u00e4lldes d\u00e4rf\u00f6r en HR-chef. Tove Sj\u00f6blom ber\u00e4ttar om hur medlemskapet i <a href=\"https:\/\/www.almega.se\/forbund-branscher\/vardforetagarna\/\">V\u00e5rdf\u00f6retagarna<\/a>, ett av de nio f\u00f6rbunden inom Almega, har varit avg\u00f6rande i rollen.<\/p>\n\n\n\n<p>\u2013 Vi beh\u00f6ver Almega som st\u00f6d n\u00e4r vi v\u00e4xer. Verksamheten ska vara skalbar och vi beh\u00f6ver ordning och reda och hj\u00e4lp att g\u00f6ra r\u00e4tt. Det \u00e4r otroligt viktigt att vi h\u00e5ller oss till lagar och regler, och d\u00e4rf\u00f6r \u00e4r det sk\u00f6nt att ha n\u00e5gon som jobbar heltid med detta, som vi kan ringa n\u00e4r det beh\u00f6vs, s\u00e4ger hon.<\/p>\n\n\n<a class='Share__link Share__link--url copy-text' href='#' rel='nofollow' data-text='hjalp-med-kollektivavtal-och-fortroendeflextid' title='Dela url' data-confirmation='L\u00e4nken kopierades till urklipp'><svg class='icon icon--link'  width='18' height='18' viewBox='0 0 18 18' fill='none' xmlns='http:\/\/www.w3.org\/2000\/svg'>\n            <path d='M10.4142 0.514721L6.87868 4.05025L8.29289 5.46447L11.1213 2.63604L15.364 6.87868L12.5355 9.70711L13.9497 11.1213L17.4853 7.58579C17.8763 7.19476 17.8763 6.5626 17.4853 6.17158L11.8284 0.514721C11.4374 0.123691 10.8052 0.123691 10.4142 0.514721Z' fill='black'\/>\n            <path d='M9.7071 12.5355L6.87868 15.364L2.63604 11.1213L5.46446 8.2929L4.05025 6.87868L0.514716 10.4142C0.123686 10.8052 0.123686 11.4374 0.514716 11.8284L6.17157 17.4853C6.5626 17.8763 7.19475 17.8763 7.58578 17.4853L11.1213 13.9497L9.7071 12.5355Z' fill='black'\/>\n            <path d='M6.17157 11.8284C6.5626 12.2195 7.19475 12.2195 7.58578 11.8284L11.8284 7.58579C12.2195 7.19476 12.2195 6.56261 11.8284 6.17158C11.4374 5.78055 10.8052 5.78055 10.4142 6.17158L6.17157 10.4142C5.78054 10.8052 5.78054 11.4374 6.17157 11.8284Z' fill='black'\/>\n            <\/svg> <\/a>\n<h2 class=\"wp-block-heading\">Hj\u00e4lp med kollektivavtal och f\u00f6rtroendeflextid<\/h2>\n\n\n\n<p>Kollektivavtal \u00e4r viktigt f\u00f6r Iris Utvecklingscenter som arbetsgivare och n\u00e5got som v\u00e5rdbolaget \u2013 i takt med att det v\u00e4xer \u2013 prioriterar att f\u00e5 p\u00e5 plats \u00e4ven i de nya Iris-bolagen.<\/p>\n\n\n\n<p>\u2013 Vi vill s\u00e4kerst\u00e4lla att vi \u00e4r en bra arbetsgivare, inte bara i v\u00e5ra egna \u00f6gon utan ocks\u00e5 utifr\u00e5n kollektivavtal och lagar. Vi har ett j\u00e4tteambiti\u00f6st och fint arbete kring alla de h\u00e4r fr\u00e5gorna och samarbetar sedan l\u00e4nge med Almega f\u00f6r att t\u00e4cka upp den kunskap som inte har funnits internt.<\/p>\n\n\n\n<p>Arbetstiden \u00e4r n\u00e5got som Iris Utvecklingscenter har beh\u00f6vt skapa egna villkor f\u00f6r. Eftersom l\u00e4ngden p\u00e5 arbetsdagarna f\u00f6r vissa medarbetare varierar stort beh\u00f6vde arbetsveckans 40 timmar fritt kunna f\u00f6rdelas efter verksamhetens behov. Med st\u00f6d av Almega \u00e4r Tove Sj\u00f6blom trygg med att skapa \u201df\u00f6rtroendeflextid\u201d som inte strider mot kollektivavtalet.<\/p>\n\n\n<a class='Share__link Share__link--url copy-text' href='#' rel='nofollow' data-text='almega-skapar-mervarde' title='Dela url' data-confirmation='L\u00e4nken kopierades till urklipp'><svg class='icon icon--link'  width='18' height='18' viewBox='0 0 18 18' fill='none' xmlns='http:\/\/www.w3.org\/2000\/svg'>\n            <path d='M10.4142 0.514721L6.87868 4.05025L8.29289 5.46447L11.1213 2.63604L15.364 6.87868L12.5355 9.70711L13.9497 11.1213L17.4853 7.58579C17.8763 7.19476 17.8763 6.5626 17.4853 6.17158L11.8284 0.514721C11.4374 0.123691 10.8052 0.123691 10.4142 0.514721Z' fill='black'\/>\n            <path d='M9.7071 12.5355L6.87868 15.364L2.63604 11.1213L5.46446 8.2929L4.05025 6.87868L0.514716 10.4142C0.123686 10.8052 0.123686 11.4374 0.514716 11.8284L6.17157 17.4853C6.5626 17.8763 7.19475 17.8763 7.58578 17.4853L11.1213 13.9497L9.7071 12.5355Z' fill='black'\/>\n            <path d='M6.17157 11.8284C6.5626 12.2195 7.19475 12.2195 7.58578 11.8284L11.8284 7.58579C12.2195 7.19476 12.2195 6.56261 11.8284 6.17158C11.4374 5.78055 10.8052 5.78055 10.4142 6.17158L6.17157 10.4142C5.78054 10.8052 5.78054 11.4374 6.17157 11.8284Z' fill='black'\/>\n            <\/svg> <\/a>\n<h2 class=\"wp-block-heading\">Almega skapar merv\u00e4rde<\/h2>\n\n\n\n<p>Tove Sj\u00f6blom har kontakt med Almega varje m\u00e5nad, f\u00f6r till exempel st\u00f6d vid personal\u00e4renden eller bara f\u00f6r att kvalitetss\u00e4kra sin egen kunskap. Medlemskapet frig\u00f6r tid f\u00f6r henne att arbeta med viktiga k\u00e4rnfr\u00e5gor.<\/p>\n\n\n\n<p>\u2013 \u00c4ven om man \u00e4r duktig p\u00e5 arbetsgivarfr\u00e5gor kan man beh\u00f6va ett bollplank och experter. Att ha en kunnig expertorganisation i ryggen \u00e4r guld v\u00e4rt. Det ska vara l\u00e4tt att g\u00f6ra r\u00e4tt och n\u00e4r det blir sv\u00e5rt ska det ta s\u00e5 lite tid som m\u00f6jligt.<\/p>\n\n\n\n<p>M\u00f6jligheten till utbildning \u00e4r n\u00e5got hon s\u00e4rskilt uppskattar.<\/p>\n\n\n\n<p>\u2013 Utbildningarna \u00e4r verkligen spot on och g\u00f6r chefers, HR-chefers och VD:ars jobb l\u00e4ttare. Almega identifierar vad alla kommer att brottas med och ger svaren. Medlemskapet skapar verkligen merv\u00e4rde. Almega \u00e4r inte bara en organisation som vi betalar in en avgift till och anv\u00e4nder i kris, utan som hj\u00e4lper oss i denna f\u00f6r\u00e4nderliga v\u00e4rlds vardag.<\/p>\n\n\n<a class='Share__link Share__link--url copy-text' href='#' rel='nofollow' data-text='las-fler-medlemscase' title='Dela url' data-confirmation='L\u00e4nken kopierades till urklipp'><svg class='icon icon--link'  width='18' height='18' viewBox='0 0 18 18' fill='none' xmlns='http:\/\/www.w3.org\/2000\/svg'>\n            <path d='M10.4142 0.514721L6.87868 4.05025L8.29289 5.46447L11.1213 2.63604L15.364 6.87868L12.5355 9.70711L13.9497 11.1213L17.4853 7.58579C17.8763 7.19476 17.8763 6.5626 17.4853 6.17158L11.8284 0.514721C11.4374 0.123691 10.8052 0.123691 10.4142 0.514721Z' fill='black'\/>\n            <path d='M9.7071 12.5355L6.87868 15.364L2.63604 11.1213L5.46446 8.2929L4.05025 6.87868L0.514716 10.4142C0.123686 10.8052 0.123686 11.4374 0.514716 11.8284L6.17157 17.4853C6.5626 17.8763 7.19475 17.8763 7.58578 17.4853L11.1213 13.9497L9.7071 12.5355Z' fill='black'\/>\n            <path d='M6.17157 11.8284C6.5626 12.2195 7.19475 12.2195 7.58578 11.8284L11.8284 7.58579C12.2195 7.19476 12.2195 6.56261 11.8284 6.17158C11.4374 5.78055 10.8052 5.78055 10.4142 6.17158L6.17157 10.4142C5.78054 10.8052 5.78054 11.4374 6.17157 11.8284Z' fill='black'\/>\n            <\/svg> <\/a>\n<h2 class=\"wp-block-heading\">L\u00e4s fler medlemscase<\/h2>\n\n\n\n<ul class=\"wp-block-list\">\n<li><a href=\"https:\/\/www.almega.se\/2022\/03\/almega-gav-nordisk-kompetens-tillgang-till-kunskap-kompetens-och-auktorisation\/\">Almega gav Nordisk Kompetens tillg\u00e5ng till kunskap, kompetens och auktorisation<\/a><\/li>\n\n\n\n<li><a href=\"https:\/\/www.almega.se\/2022\/01\/almega-ger-compodium-en-stark-rost-for-schyssta-villkor\/\">Almega ger Compodium en stark r\u00f6st f\u00f6r schyssta villkor<\/a><\/li>\n\n\n\n<li><a href=\"https:\/\/www.almega.se\/2021\/12\/sa-ar-tyrens-med-och-paverkar-tjanstesektorns-utveckling\/\">S\u00e5 \u00e4r Tyr\u00e9ns med och p\u00e5verkar tj\u00e4nstesektorns utveckling<\/a><\/li>\n\n\n\n<li><a href=\"https:\/\/www.almega.se\/2021\/09\/mitta-fick-hjalp-genom-expansion-och-organisationsforandringar\/\">Mitta fick hj\u00e4lp genom expansion och organisationsf\u00f6r\u00e4ndringar<\/a><\/li>\n\n\n\n<li><a href=\"https:\/\/www.almega.se\/2021\/11\/sa-far-stahrebolaget-experthjalp-som-sparar-tid-och-pengar\/\">S\u00e5 f\u00e5r Stahrebolaget experthj\u00e4lp \u2013 som sparar tid och pengar<\/a><\/li>\n<\/ul>\n","protected":false},"excerpt":{"rendered":"<p>Iris Utvecklingscenter erbjuder sedan 35 \u00e5r tillbaka professionell KBT-baserad behandling vid samsjuklighet: missbruk\/beroende och psykisk oh\u00e4lsa. V\u00e5rdbolaget v\u00e4xer och finns i dag i Mullsj\u00f6, Enk\u00f6ping, Hestra, Simtuna, J\u00f6nk\u00f6ping, Ryfors och Stockholm \u2013 med cirka 90 &hellip;<\/p>\n","protected":false},"author":7594,"featured_media":40138,"comment_status":"closed","ping_status":"closed","sticky":false,"template":"","format":"standard","meta":{"_acf_changed":false,"footnotes":""},"categories":[603,451],"tags":[548],"article_type":[55,56],"agreement":[],"class_list":["post-40134","post","type-post","status-publish","format-standard","has-post-thumbnail","hentry","category-almega","category-arbetsgivarfragor","tag-medlemsroster","type-artiklar","type-nyheter"],"acf":[],"yoast_head":"<!-- This site is optimized with the Yoast SEO Premium plugin v26.8 (Yoast SEO v26.8) - https:\/\/yoast.com\/product\/yoast-seo-premium-wordpress\/ -->\n<title>Med Almega v\u00e4xer Iris Utvecklingscenter som arbetsgivare<\/title>\n<meta name=\"description\" content=\"\u201d\u00c4ven om man \u00e4r duktig p\u00e5 arbetsgivarfr\u00e5gor kan man beh\u00f6va ett bollplank och experter\u201d, s\u00e4ger Tove Sj\u00f6holm, HR-chef p\u00e5 Iris Utvecklingscenter.\" \/>\n<meta name=\"robots\" content=\"index, follow, max-snippet:-1, max-image-preview:large, max-video-preview:-1\" \/>\n<link rel=\"canonical\" href=\"https:\/\/www.almega.se\/2021\/10\/med-kollektivavtal-och-fortroendeflextid-vaxer-iris-utvecklingscenter-som-arbetsgivare\/\" \/>\n<meta property=\"og:locale\" content=\"sv_SE\" \/>\n<meta property=\"og:type\" content=\"article\" \/>\n<meta property=\"og:title\" content=\"Med kollektivavtal och f\u00f6rtroendeflextid v\u00e4xer Iris Utvecklingscenter som arbetsgivare\" \/>\n<meta property=\"og:description\" content=\"\u201d\u00c4ven om man \u00e4r duktig p\u00e5 arbetsgivarfr\u00e5gor kan man beh\u00f6va ett bollplank och experter\u201d, s\u00e4ger Tove Sj\u00f6holm, HR-chef p\u00e5 Iris Utvecklingscenter.\" \/>\n<meta property=\"og:url\" content=\"https:\/\/www.almega.se\/2021\/10\/med-kollektivavtal-och-fortroendeflextid-vaxer-iris-utvecklingscenter-som-arbetsgivare\/\" \/>\n<meta property=\"og:site_name\" content=\"Almega\" \/>\n<meta property=\"article:published_time\" content=\"2021-10-01T12:00:50+00:00\" \/>\n<meta property=\"og:image\" content=\"https:\/\/www.almega.se\/app\/uploads\/2021\/10\/toppbild-iris-utvecklingscenter_tove-sjoblom.jpg\" \/>\n\t<meta property=\"og:image:width\" content=\"1000\" \/>\n\t<meta property=\"og:image:height\" content=\"600\" \/>\n\t<meta property=\"og:image:type\" content=\"image\/jpeg\" \/>\n<meta name=\"author\" content=\"Moa Thorsell\" \/>\n<meta name=\"twitter:card\" content=\"summary_large_image\" \/>\n<meta name=\"twitter:label1\" content=\"Skriven av\" \/>\n\t<meta name=\"twitter:data1\" content=\"Moa Thorsell\" \/>\n\t<meta name=\"twitter:label2\" content=\"Ber\u00e4knad l\u00e4stid\" \/>\n\t<meta name=\"twitter:data2\" content=\"3 minuter\" \/>\n<!-- \/ Yoast SEO Premium plugin. -->","yoast_head_json":{"title":"Med Almega v\u00e4xer Iris Utvecklingscenter som arbetsgivare","description":"\u201d\u00c4ven om man \u00e4r duktig p\u00e5 arbetsgivarfr\u00e5gor kan man beh\u00f6va ett bollplank och experter\u201d, s\u00e4ger Tove Sj\u00f6holm, HR-chef p\u00e5 Iris Utvecklingscenter.","robots":{"index":"index","follow":"follow","max-snippet":"max-snippet:-1","max-image-preview":"max-image-preview:large","max-video-preview":"max-video-preview:-1"},"canonical":"https:\/\/www.almega.se\/2021\/10\/med-kollektivavtal-och-fortroendeflextid-vaxer-iris-utvecklingscenter-som-arbetsgivare\/","og_locale":"sv_SE","og_type":"article","og_title":"Med kollektivavtal och f\u00f6rtroendeflextid v\u00e4xer Iris Utvecklingscenter som arbetsgivare","og_description":"\u201d\u00c4ven om man \u00e4r duktig p\u00e5 arbetsgivarfr\u00e5gor kan man beh\u00f6va ett bollplank och experter\u201d, s\u00e4ger Tove Sj\u00f6holm, HR-chef p\u00e5 Iris Utvecklingscenter.","og_url":"https:\/\/www.almega.se\/2021\/10\/med-kollektivavtal-och-fortroendeflextid-vaxer-iris-utvecklingscenter-som-arbetsgivare\/","og_site_name":"Almega","article_published_time":"2021-10-01T12:00:50+00:00","og_image":[{"width":1000,"height":600,"url":"https:\/\/www.almega.se\/app\/uploads\/2021\/10\/toppbild-iris-utvecklingscenter_tove-sjoblom.jpg","type":"image\/jpeg"}],"author":"Moa Thorsell","twitter_card":"summary_large_image","twitter_misc":{"Skriven av":"Moa Thorsell","Ber\u00e4knad l\u00e4stid":"3 minuter"},"schema":{"@context":"https:\/\/schema.org","@graph":[{"@type":"NewsArticle","@id":"https:\/\/www.almega.se\/2021\/10\/med-kollektivavtal-och-fortroendeflextid-vaxer-iris-utvecklingscenter-som-arbetsgivare\/#article","isPartOf":{"@id":"https:\/\/www.almega.se\/2021\/10\/med-kollektivavtal-och-fortroendeflextid-vaxer-iris-utvecklingscenter-som-arbetsgivare\/"},"author":{"name":"Moa Thorsell","@id":"https:\/\/www.almega.se\/#\/schema\/person\/608be0e9b9068b1cf2da84cf89f14ab1"},"headline":"Med kollektivavtal och f\u00f6rtroendeflextid v\u00e4xer Iris Utvecklingscenter som arbetsgivare","datePublished":"2021-10-01T12:00:50+00:00","mainEntityOfPage":{"@id":"https:\/\/www.almega.se\/2021\/10\/med-kollektivavtal-och-fortroendeflextid-vaxer-iris-utvecklingscenter-som-arbetsgivare\/"},"wordCount":553,"image":{"@id":"https:\/\/www.almega.se\/2021\/10\/med-kollektivavtal-och-fortroendeflextid-vaxer-iris-utvecklingscenter-som-arbetsgivare\/#primaryimage"},"thumbnailUrl":"https:\/\/www.almega.se\/app\/uploads\/2021\/10\/toppbild-iris-utvecklingscenter_tove-sjoblom.jpg","keywords":["Medlemsr\u00f6ster"],"articleSection":["Almega","Arbetsgivarfr\u00e5gor"],"inLanguage":"sv-SE"},{"@type":"WebPage","@id":"https:\/\/www.almega.se\/2021\/10\/med-kollektivavtal-och-fortroendeflextid-vaxer-iris-utvecklingscenter-som-arbetsgivare\/","url":"https:\/\/www.almega.se\/2021\/10\/med-kollektivavtal-och-fortroendeflextid-vaxer-iris-utvecklingscenter-som-arbetsgivare\/","name":"Med Almega v\u00e4xer Iris Utvecklingscenter som arbetsgivare","isPartOf":{"@id":"https:\/\/www.almega.se\/#website"},"primaryImageOfPage":{"@id":"https:\/\/www.almega.se\/2021\/10\/med-kollektivavtal-och-fortroendeflextid-vaxer-iris-utvecklingscenter-som-arbetsgivare\/#primaryimage"},"image":{"@id":"https:\/\/www.almega.se\/2021\/10\/med-kollektivavtal-och-fortroendeflextid-vaxer-iris-utvecklingscenter-som-arbetsgivare\/#primaryimage"},"thumbnailUrl":"https:\/\/www.almega.se\/app\/uploads\/2021\/10\/toppbild-iris-utvecklingscenter_tove-sjoblom.jpg","datePublished":"2021-10-01T12:00:50+00:00","author":{"@id":"https:\/\/www.almega.se\/#\/schema\/person\/608be0e9b9068b1cf2da84cf89f14ab1"},"description":"\u201d\u00c4ven om man \u00e4r duktig p\u00e5 arbetsgivarfr\u00e5gor kan man beh\u00f6va ett bollplank och experter\u201d, s\u00e4ger Tove Sj\u00f6holm, HR-chef p\u00e5 Iris Utvecklingscenter.","breadcrumb":{"@id":"https:\/\/www.almega.se\/2021\/10\/med-kollektivavtal-och-fortroendeflextid-vaxer-iris-utvecklingscenter-som-arbetsgivare\/#breadcrumb"},"inLanguage":"sv-SE","potentialAction":[{"@type":"ReadAction","target":["https:\/\/www.almega.se\/2021\/10\/med-kollektivavtal-och-fortroendeflextid-vaxer-iris-utvecklingscenter-som-arbetsgivare\/"]}]},{"@type":"ImageObject","inLanguage":"sv-SE","@id":"https:\/\/www.almega.se\/2021\/10\/med-kollektivavtal-och-fortroendeflextid-vaxer-iris-utvecklingscenter-som-arbetsgivare\/#primaryimage","url":"https:\/\/www.almega.se\/app\/uploads\/2021\/10\/toppbild-iris-utvecklingscenter_tove-sjoblom.jpg","contentUrl":"https:\/\/www.almega.se\/app\/uploads\/2021\/10\/toppbild-iris-utvecklingscenter_tove-sjoblom.jpg","width":1000,"height":600,"caption":"Iris Utvecklingscenter-HR-chef-Tove Sj\u00f6blom"},{"@type":"BreadcrumbList","@id":"https:\/\/www.almega.se\/2021\/10\/med-kollektivavtal-och-fortroendeflextid-vaxer-iris-utvecklingscenter-som-arbetsgivare\/#breadcrumb","itemListElement":[{"@type":"ListItem","position":1,"name":"Home","item":"https:\/\/www.almega.se\/"},{"@type":"ListItem","position":2,"name":"Med kollektivavtal och f\u00f6rtroendeflextid v\u00e4xer Iris Utvecklingscenter som arbetsgivare"}]},{"@type":"WebSite","@id":"https:\/\/www.almega.se\/#website","url":"https:\/\/www.almega.se\/","name":"Almega","description":"","potentialAction":[{"@type":"SearchAction","target":{"@type":"EntryPoint","urlTemplate":"https:\/\/www.almega.se\/?s={search_term_string}"},"query-input":{"@type":"PropertyValueSpecification","valueRequired":true,"valueName":"search_term_string"}}],"inLanguage":"sv-SE"},{"@type":"Person","@id":"https:\/\/www.almega.se\/#\/schema\/person\/608be0e9b9068b1cf2da84cf89f14ab1","name":"Moa Thorsell","image":{"@type":"ImageObject","inLanguage":"sv-SE","@id":"https:\/\/www.almega.se\/#\/schema\/person\/image\/","url":"https:\/\/secure.gravatar.com\/avatar\/21013fd5f24a5c5a5dbf121171ff6d75c7ac2e8319c3777fcbcbf9329b2028c0?s=96&d=mm&r=g","contentUrl":"https:\/\/secure.gravatar.com\/avatar\/21013fd5f24a5c5a5dbf121171ff6d75c7ac2e8319c3777fcbcbf9329b2028c0?s=96&d=mm&r=g","caption":"Moa Thorsell"},"url":"https:\/\/www.almega.se\/person\/moathorsell\/"}]}},"_links":{"self":[{"href":"https:\/\/www.almega.se\/api\/wp\/v2\/posts\/40134","targetHints":{"allow":["GET"]}}],"collection":[{"href":"https:\/\/www.almega.se\/api\/wp\/v2\/posts"}],"about":[{"href":"https:\/\/www.almega.se\/api\/wp\/v2\/types\/post"}],"author":[{"embeddable":true,"href":"https:\/\/www.almega.se\/api\/wp\/v2\/users\/7594"}],"replies":[{"embeddable":true,"href":"https:\/\/www.almega.se\/api\/wp\/v2\/comments?post=40134"}],"version-history":[{"count":5,"href":"https:\/\/www.almega.se\/api\/wp\/v2\/posts\/40134\/revisions"}],"predecessor-version":[{"id":53990,"href":"https:\/\/www.almega.se\/api\/wp\/v2\/posts\/40134\/revisions\/53990"}],"wp:featuredmedia":[{"embeddable":true,"href":"https:\/\/www.almega.se\/api\/wp\/v2\/media\/40138"}],"wp:attachment":[{"href":"https:\/\/www.almega.se\/api\/wp\/v2\/media?parent=40134"}],"wp:term":[{"taxonomy":"category","embeddable":true,"href":"https:\/\/www.almega.se\/api\/wp\/v2\/categories?post=40134"},{"taxonomy":"post_tag","embeddable":true,"href":"https:\/\/www.almega.se\/api\/wp\/v2\/tags?post=40134"},{"taxonomy":"type","embeddable":true,"href":"https:\/\/www.almega.se\/api\/wp\/v2\/article_type?post=40134"},{"taxonomy":"agreement","embeddable":true,"href":"https:\/\/www.almega.se\/api\/wp\/v2\/agreement?post=40134"}],"curies":[{"name":"wp","href":"https:\/\/api.w.org\/{rel}","templated":true}]}}