{"id":39793,"date":"2021-09-21T16:29:00","date_gmt":"2021-09-21T14:29:00","guid":{"rendered":"https:\/\/www.almega.se\/2021\/09\/almega-s-forslag-ett-grundskott-mot-det-fria-skolvalet\/"},"modified":"2021-09-21T16:29:00","modified_gmt":"2021-09-21T14:29:00","slug":"almega-s-forslag-ett-grundskott-mot-det-fria-skolvalet","status":"publish","type":"post","link":"https:\/\/www.almega.se\/2021\/09\/almega-s-forslag-ett-grundskott-mot-det-fria-skolvalet\/","title":{"rendered":"Almega: \u201dS-f\u00f6rslag ett grundskott mot det fria skolvalet\u201d"},"content":{"rendered":"<p class=\"intro\">Ett f\u00f6rbud f\u00f6r friskolef\u00f6retag att g\u00e5 med \u00f6verskott hotar en hel bransch men ocks\u00e5 valfriheten, menar Almegas f\u00f6rbundsdirekt\u00f6r Stefan Koskinen.<\/p>\n\n<p>I dag har Socialdemokraternas partistyrelse ber\u00e4ttat att man till kongressen i november l\u00e4gger fram ett f\u00f6rslag om att f\u00f6rbjuda friskolef\u00f6retag att g\u00f6ra ett \u00f6verskott.<\/p>\n\n\n\n<p>\u2013 Barn och f\u00f6r\u00e4ldrars r\u00e4tt att v\u00e4lja skola \u00e4r grunden f\u00f6r ett fritt skolval. Om f\u00f6rslaget genomf\u00f6rs f\u00f6rsvinner en hel bransch och d\u00e4rmed valfriheten. Det inneb\u00e4r att livspusslet f\u00f6r de hundratusentals f\u00f6r\u00e4ldrar och elever som valt en friskola skulle rivas upp, deras r\u00e4tt att v\u00e4lja underk\u00e4nns och kanske framf\u00f6rallt f\u00f6rsvinner m\u00f6jligheten att i framtiden kunna v\u00e4lja bort en d\u00e5lig skola. Dessutom \u00e4r det om\u00f6jligt f\u00f6r kommunerna att snabbt ta \u00f6ver alla elever fr\u00e5n friskolorna. F\u00f6rslaget borde snabbt f\u00f6rpassas till papperskorgen, s\u00e4ger Stefan Koskinen, f\u00f6rbundsdirekt\u00f6r f\u00f6r Tj\u00e4nstef\u00f6retagen som organiserar friskolor inom Almega.<\/p>\n\n\n\n<p>\u2013 Att f\u00f6rbjuda friskolor fr\u00e5n att g\u00f6ra \u00f6verskott \u00e4r ett grundskott mot n\u00e4ringsfriheten och den fria f\u00f6retagsamheten. S utspel visar att det hela tiden har handlat om ett ideologiskt motst\u00e5nd mot det fria skolvalet och v\u00e4lf\u00e4rdsf\u00f6retagen inom skolbranschen, s\u00e4ger Stefan Koskinen.<\/p>\n","protected":false},"excerpt":{"rendered":"<p>Ett f\u00f6rbud f\u00f6r friskolef\u00f6retag att g\u00e5 med \u00f6verskott hotar en hel bransch men ocks\u00e5 valfriheten, menar Almegas f\u00f6rbundsdirekt\u00f6r Stefan Koskinen.<\/p>\n","protected":false},"author":14826,"featured_media":0,"comment_status":"closed","ping_status":"closed","sticky":false,"template":"","format":"standard","meta":{"_acf_changed":false,"footnotes":""},"categories":[46],"tags":[45],"article_type":[93],"agreement":[],"class_list":["post-39793","post","type-post","status-publish","format-standard","hentry","category-valfard","tag-valfrihet","type-pressmeddelanden"],"acf":[],"yoast_head":"<!-- This site is optimized with the Yoast SEO Premium plugin v26.8 (Yoast SEO v26.8) - https:\/\/yoast.com\/product\/yoast-seo-premium-wordpress\/ -->\n<title>Almega: \u201dS-f\u00f6rslag ett grundskott mot det fria skolvalet\u201d | Almega<\/title>\n<meta name=\"robots\" content=\"index, follow, max-snippet:-1, max-image-preview:large, max-video-preview:-1\" \/>\n<link rel=\"canonical\" href=\"https:\/\/www.almega.se\/2021\/09\/almega-s-forslag-ett-grundskott-mot-det-fria-skolvalet\/\" \/>\n<meta property=\"og:locale\" content=\"sv_SE\" \/>\n<meta property=\"og:type\" content=\"article\" \/>\n<meta property=\"og:title\" content=\"Almega: \u201dS-f\u00f6rslag ett grundskott mot det fria skolvalet\u201d\" \/>\n<meta property=\"og:description\" content=\"Ett f\u00f6rbud f\u00f6r friskolef\u00f6retag att g\u00e5 med \u00f6verskott hotar en hel bransch men ocks\u00e5 valfriheten, menar Almegas f\u00f6rbundsdirekt\u00f6r Stefan Koskinen.\" \/>\n<meta property=\"og:url\" content=\"https:\/\/www.almega.se\/2021\/09\/almega-s-forslag-ett-grundskott-mot-det-fria-skolvalet\/\" \/>\n<meta property=\"og:site_name\" content=\"Almega\" \/>\n<meta property=\"article:published_time\" content=\"2021-09-21T14:29:00+00:00\" \/>\n<meta property=\"og:image\" content=\"https:\/\/www.almega.se\/app\/uploads\/2020\/12\/almega-share-logo.png\" \/>\n\t<meta property=\"og:image:width\" content=\"1200\" \/>\n\t<meta property=\"og:image:height\" content=\"630\" \/>\n\t<meta property=\"og:image:type\" content=\"image\/png\" \/>\n<meta name=\"author\" content=\"moat\" \/>\n<meta name=\"twitter:card\" content=\"summary_large_image\" \/>\n<meta name=\"twitter:label1\" content=\"Skriven av\" \/>\n\t<meta name=\"twitter:data1\" content=\"moat\" \/>\n\t<meta name=\"twitter:label2\" content=\"Ber\u00e4knad l\u00e4stid\" \/>\n\t<meta name=\"twitter:data2\" content=\"1 minut\" \/>\n<!-- \/ Yoast SEO Premium plugin. -->","yoast_head_json":{"title":"Almega: \u201dS-f\u00f6rslag ett grundskott mot det fria skolvalet\u201d | Almega","robots":{"index":"index","follow":"follow","max-snippet":"max-snippet:-1","max-image-preview":"max-image-preview:large","max-video-preview":"max-video-preview:-1"},"canonical":"https:\/\/www.almega.se\/2021\/09\/almega-s-forslag-ett-grundskott-mot-det-fria-skolvalet\/","og_locale":"sv_SE","og_type":"article","og_title":"Almega: \u201dS-f\u00f6rslag ett grundskott mot det fria skolvalet\u201d","og_description":"Ett f\u00f6rbud f\u00f6r friskolef\u00f6retag att g\u00e5 med \u00f6verskott hotar en hel bransch men ocks\u00e5 valfriheten, menar Almegas f\u00f6rbundsdirekt\u00f6r Stefan Koskinen.","og_url":"https:\/\/www.almega.se\/2021\/09\/almega-s-forslag-ett-grundskott-mot-det-fria-skolvalet\/","og_site_name":"Almega","article_published_time":"2021-09-21T14:29:00+00:00","og_image":[{"width":1200,"height":630,"url":"https:\/\/www.almega.se\/app\/uploads\/2020\/12\/almega-share-logo.png","type":"image\/png"}],"author":"moat","twitter_card":"summary_large_image","twitter_misc":{"Skriven av":"moat","Ber\u00e4knad l\u00e4stid":"1 minut"},"schema":{"@context":"https:\/\/schema.org","@graph":[{"@type":"NewsArticle","@id":"https:\/\/www.almega.se\/2021\/09\/almega-s-forslag-ett-grundskott-mot-det-fria-skolvalet\/#article","isPartOf":{"@id":"https:\/\/www.almega.se\/2021\/09\/almega-s-forslag-ett-grundskott-mot-det-fria-skolvalet\/"},"author":{"name":"moat","@id":"https:\/\/www.almega.se\/#\/schema\/person\/9e4d7d0abff166be96ada576ca284a77"},"headline":"Almega: \u201dS-f\u00f6rslag ett grundskott mot det fria skolvalet\u201d","datePublished":"2021-09-21T14:29:00+00:00","mainEntityOfPage":{"@id":"https:\/\/www.almega.se\/2021\/09\/almega-s-forslag-ett-grundskott-mot-det-fria-skolvalet\/"},"wordCount":211,"keywords":["Valfrihet"],"articleSection":["V\u00e4lf\u00e4rd"],"inLanguage":"sv-SE"},{"@type":"WebPage","@id":"https:\/\/www.almega.se\/2021\/09\/almega-s-forslag-ett-grundskott-mot-det-fria-skolvalet\/","url":"https:\/\/www.almega.se\/2021\/09\/almega-s-forslag-ett-grundskott-mot-det-fria-skolvalet\/","name":"Almega: \u201dS-f\u00f6rslag ett grundskott mot det fria skolvalet\u201d | Almega","isPartOf":{"@id":"https:\/\/www.almega.se\/#website"},"datePublished":"2021-09-21T14:29:00+00:00","author":{"@id":"https:\/\/www.almega.se\/#\/schema\/person\/9e4d7d0abff166be96ada576ca284a77"},"breadcrumb":{"@id":"https:\/\/www.almega.se\/2021\/09\/almega-s-forslag-ett-grundskott-mot-det-fria-skolvalet\/#breadcrumb"},"inLanguage":"sv-SE","potentialAction":[{"@type":"ReadAction","target":["https:\/\/www.almega.se\/2021\/09\/almega-s-forslag-ett-grundskott-mot-det-fria-skolvalet\/"]}]},{"@type":"BreadcrumbList","@id":"https:\/\/www.almega.se\/2021\/09\/almega-s-forslag-ett-grundskott-mot-det-fria-skolvalet\/#breadcrumb","itemListElement":[{"@type":"ListItem","position":1,"name":"Home","item":"https:\/\/www.almega.se\/"},{"@type":"ListItem","position":2,"name":"Almega: \u201dS-f\u00f6rslag ett grundskott mot det fria skolvalet\u201d"}]},{"@type":"WebSite","@id":"https:\/\/www.almega.se\/#website","url":"https:\/\/www.almega.se\/","name":"Almega","description":"","potentialAction":[{"@type":"SearchAction","target":{"@type":"EntryPoint","urlTemplate":"https:\/\/www.almega.se\/?s={search_term_string}"},"query-input":{"@type":"PropertyValueSpecification","valueRequired":true,"valueName":"search_term_string"}}],"inLanguage":"sv-SE"},{"@type":"Person","@id":"https:\/\/www.almega.se\/#\/schema\/person\/9e4d7d0abff166be96ada576ca284a77","name":"moat","image":{"@type":"ImageObject","inLanguage":"sv-SE","@id":"https:\/\/www.almega.se\/#\/schema\/person\/image\/","url":"https:\/\/secure.gravatar.com\/avatar\/f3aefbf102103714d31ca14074d72cc66619d4b100e6e99b475677d83097fad7?s=96&d=mm&r=g","contentUrl":"https:\/\/secure.gravatar.com\/avatar\/f3aefbf102103714d31ca14074d72cc66619d4b100e6e99b475677d83097fad7?s=96&d=mm&r=g","caption":"moat"},"url":"https:\/\/www.almega.se\/person\/moat\/"}]}},"_links":{"self":[{"href":"https:\/\/www.almega.se\/api\/wp\/v2\/posts\/39793","targetHints":{"allow":["GET"]}}],"collection":[{"href":"https:\/\/www.almega.se\/api\/wp\/v2\/posts"}],"about":[{"href":"https:\/\/www.almega.se\/api\/wp\/v2\/types\/post"}],"author":[{"embeddable":true,"href":"https:\/\/www.almega.se\/api\/wp\/v2\/users\/14826"}],"replies":[{"embeddable":true,"href":"https:\/\/www.almega.se\/api\/wp\/v2\/comments?post=39793"}],"version-history":[{"count":2,"href":"https:\/\/www.almega.se\/api\/wp\/v2\/posts\/39793\/revisions"}],"predecessor-version":[{"id":54015,"href":"https:\/\/www.almega.se\/api\/wp\/v2\/posts\/39793\/revisions\/54015"}],"wp:attachment":[{"href":"https:\/\/www.almega.se\/api\/wp\/v2\/media?parent=39793"}],"wp:term":[{"taxonomy":"category","embeddable":true,"href":"https:\/\/www.almega.se\/api\/wp\/v2\/categories?post=39793"},{"taxonomy":"post_tag","embeddable":true,"href":"https:\/\/www.almega.se\/api\/wp\/v2\/tags?post=39793"},{"taxonomy":"type","embeddable":true,"href":"https:\/\/www.almega.se\/api\/wp\/v2\/article_type?post=39793"},{"taxonomy":"agreement","embeddable":true,"href":"https:\/\/www.almega.se\/api\/wp\/v2\/agreement?post=39793"}],"curies":[{"name":"wp","href":"https:\/\/api.w.org\/{rel}","templated":true}]}}