{"id":39731,"date":"2021-09-17T13:59:56","date_gmt":"2021-09-17T11:59:56","guid":{"rendered":"https:\/\/www.almega.se\/2021\/09\/almega-orimligt-att-avsluta-stodatgarderna\/"},"modified":"2021-09-17T13:59:56","modified_gmt":"2021-09-17T11:59:56","slug":"almega-orimligt-att-avsluta-stodatgarderna","status":"publish","type":"post","link":"https:\/\/www.almega.se\/2021\/09\/almega-orimligt-att-avsluta-stodatgarderna\/","title":{"rendered":"Almega: \u201dOrimligt att avsluta st\u00f6d\u00e5tg\u00e4rderna\u201d"},"content":{"rendered":"<p class=\"intro\">Flera direkta coronast\u00f6d till f\u00f6retag ska enligt regeringen fasas ut, d\u00e4ribland korttidsst\u00f6det. \u201dVi \u00e4r starkt kritiska till beskedet. Regeringen st\u00e4nger nu d\u00f6rren innan alla \u00e4r igenom\u201d, s\u00e4ger Andreas \u00c5str\u00f6m, n\u00e4ringspolitisk chef p\u00e5 Almega.<\/p>\n\n<p>Finansminister Magdalena Andersson (S) meddelade i dag att flera direkta coronast\u00f6d till f\u00f6retag, som oms\u00e4ttnings- och omst\u00e4llningsst\u00f6d samt det f\u00f6rst\u00e4rkta st\u00f6det till korttidsarbete, fasas ut i efter september.<\/p>\n\n\n\n<p>\u2013 Det \u00e4r helt orimligt att avsluta st\u00f6d\u00e5tg\u00e4rderna innan alla f\u00f6retag \u00e4r igenom krisen. Resebranschen har fortfarande ett partiellt n\u00e4ringsf\u00f6rbud p\u00e5 grund av UD:s reserestriktioner, s\u00e4ger Andreas \u00c5str\u00f6m, n\u00e4ringspolitisk chef p\u00e5 Almega.<\/p>\n\n\n\n<p>Enligt finansministern har st\u00f6den varit bra, men nu anser hon att skattepengarna g\u00f6r b\u00e4ttre nytta p\u00e5 annat h\u00e5ll.<\/p>\n\n\n\n<p>\u2013 Karenskravet i det permanenta st\u00f6det vid korttidsarbete inneb\u00e4r, enligt Tillv\u00e4xtverket, att majoriteten av de f\u00f6retag som f\u00e5tt st\u00f6d under pandemin inte kommer att vara ber\u00e4ttigade till fortsatt st\u00f6d enligt den permanenta lagstiftningen som finansministern h\u00e4nvisar till. Det finns med andra ord ingen hj\u00e4lp att f\u00e5 f\u00f6r fortsatt krisdrabbade tj\u00e4nstef\u00f6retag, s\u00e4ger Andreas \u00c5str\u00f6m:<\/p>\n\n\n\n<p>\u2013 Vi anser fortsatt att det helt n\u00f6dv\u00e4ndigt att korttidsst\u00f6det f\u00f6rl\u00e4ngs \u00e5tminstone en bit in p\u00e5 n\u00e4sta \u00e5r. St\u00f6det \u00e4r inget som f\u00f6retagen s\u00f6ker i on\u00f6dan d\u00e5 det fortfarande inneb\u00e4r en kostnad f\u00f6r arbetsgivaren. Nu st\u00e4nger regeringen d\u00f6rren innan alla tj\u00e4nstef\u00f6retag tagit sig igenom krisen. Detta kommer att leda till \u00f6kade konkurser och f\u00f6rlorade jobb.<\/p>\n","protected":false},"excerpt":{"rendered":"<p>Flera direkta coronast\u00f6d till f\u00f6retag ska enligt regeringen fasas ut, d\u00e4ribland korttidsst\u00f6det. \u201dVi \u00e4r starkt kritiska till beskedet. Regeringen st\u00e4nger nu d\u00f6rren innan alla \u00e4r igenom\u201d, s\u00e4ger Andreas \u00c5str\u00f6m, n\u00e4ringspolitisk chef p\u00e5 Almega.<\/p>\n","protected":false},"author":14826,"featured_media":0,"comment_status":"closed","ping_status":"closed","sticky":false,"template":"","format":"standard","meta":{"_acf_changed":false,"footnotes":""},"categories":[451],"tags":[486,488],"article_type":[93],"agreement":[],"class_list":["post-39731","post","type-post","status-publish","format-standard","hentry","category-arbetsgivarfragor","tag-covid-19","tag-korttidspermittering","type-pressmeddelanden"],"acf":[],"yoast_head":"<!-- This site is optimized with the Yoast SEO Premium plugin v26.8 (Yoast SEO v26.8) - https:\/\/yoast.com\/product\/yoast-seo-premium-wordpress\/ -->\n<title>Almega: \u201dOrimligt att avsluta st\u00f6d\u00e5tg\u00e4rderna\u201d | Almega<\/title>\n<meta name=\"robots\" content=\"index, follow, max-snippet:-1, max-image-preview:large, max-video-preview:-1\" \/>\n<link rel=\"canonical\" href=\"https:\/\/www.almega.se\/2021\/09\/almega-orimligt-att-avsluta-stodatgarderna\/\" \/>\n<meta property=\"og:locale\" content=\"sv_SE\" \/>\n<meta property=\"og:type\" content=\"article\" \/>\n<meta property=\"og:title\" content=\"Almega: \u201dOrimligt att avsluta st\u00f6d\u00e5tg\u00e4rderna\u201d\" \/>\n<meta property=\"og:description\" content=\"Flera direkta coronast\u00f6d till f\u00f6retag ska enligt regeringen fasas ut, d\u00e4ribland korttidsst\u00f6det. \u201dVi \u00e4r starkt kritiska till beskedet. Regeringen st\u00e4nger nu d\u00f6rren innan alla \u00e4r igenom\u201d, s\u00e4ger Andreas \u00c5str\u00f6m, n\u00e4ringspolitisk chef p\u00e5 Almega.\" \/>\n<meta property=\"og:url\" content=\"https:\/\/www.almega.se\/2021\/09\/almega-orimligt-att-avsluta-stodatgarderna\/\" \/>\n<meta property=\"og:site_name\" content=\"Almega\" \/>\n<meta property=\"article:published_time\" content=\"2021-09-17T11:59:56+00:00\" \/>\n<meta property=\"og:image\" content=\"https:\/\/www.almega.se\/app\/uploads\/2020\/12\/almega-share-logo.png\" \/>\n\t<meta property=\"og:image:width\" content=\"1200\" \/>\n\t<meta property=\"og:image:height\" content=\"630\" \/>\n\t<meta property=\"og:image:type\" content=\"image\/png\" \/>\n<meta name=\"author\" content=\"moat\" \/>\n<meta name=\"twitter:card\" content=\"summary_large_image\" \/>\n<meta name=\"twitter:label1\" content=\"Skriven av\" \/>\n\t<meta name=\"twitter:data1\" content=\"moat\" \/>\n\t<meta name=\"twitter:label2\" content=\"Ber\u00e4knad l\u00e4stid\" \/>\n\t<meta name=\"twitter:data2\" content=\"1 minut\" \/>\n<!-- \/ Yoast SEO Premium plugin. -->","yoast_head_json":{"title":"Almega: \u201dOrimligt att avsluta st\u00f6d\u00e5tg\u00e4rderna\u201d | Almega","robots":{"index":"index","follow":"follow","max-snippet":"max-snippet:-1","max-image-preview":"max-image-preview:large","max-video-preview":"max-video-preview:-1"},"canonical":"https:\/\/www.almega.se\/2021\/09\/almega-orimligt-att-avsluta-stodatgarderna\/","og_locale":"sv_SE","og_type":"article","og_title":"Almega: \u201dOrimligt att avsluta st\u00f6d\u00e5tg\u00e4rderna\u201d","og_description":"Flera direkta coronast\u00f6d till f\u00f6retag ska enligt regeringen fasas ut, d\u00e4ribland korttidsst\u00f6det. \u201dVi \u00e4r starkt kritiska till beskedet. Regeringen st\u00e4nger nu d\u00f6rren innan alla \u00e4r igenom\u201d, s\u00e4ger Andreas \u00c5str\u00f6m, n\u00e4ringspolitisk chef p\u00e5 Almega.","og_url":"https:\/\/www.almega.se\/2021\/09\/almega-orimligt-att-avsluta-stodatgarderna\/","og_site_name":"Almega","article_published_time":"2021-09-17T11:59:56+00:00","og_image":[{"width":1200,"height":630,"url":"https:\/\/www.almega.se\/app\/uploads\/2020\/12\/almega-share-logo.png","type":"image\/png"}],"author":"moat","twitter_card":"summary_large_image","twitter_misc":{"Skriven av":"moat","Ber\u00e4knad l\u00e4stid":"1 minut"},"schema":{"@context":"https:\/\/schema.org","@graph":[{"@type":"NewsArticle","@id":"https:\/\/www.almega.se\/2021\/09\/almega-orimligt-att-avsluta-stodatgarderna\/#article","isPartOf":{"@id":"https:\/\/www.almega.se\/2021\/09\/almega-orimligt-att-avsluta-stodatgarderna\/"},"author":{"name":"moat","@id":"https:\/\/www.almega.se\/#\/schema\/person\/9e4d7d0abff166be96ada576ca284a77"},"headline":"Almega: \u201dOrimligt att avsluta st\u00f6d\u00e5tg\u00e4rderna\u201d","datePublished":"2021-09-17T11:59:56+00:00","mainEntityOfPage":{"@id":"https:\/\/www.almega.se\/2021\/09\/almega-orimligt-att-avsluta-stodatgarderna\/"},"wordCount":245,"keywords":["covid -19","Korttidspermittering"],"articleSection":["Arbetsgivarfr\u00e5gor"],"inLanguage":"sv-SE"},{"@type":"WebPage","@id":"https:\/\/www.almega.se\/2021\/09\/almega-orimligt-att-avsluta-stodatgarderna\/","url":"https:\/\/www.almega.se\/2021\/09\/almega-orimligt-att-avsluta-stodatgarderna\/","name":"Almega: \u201dOrimligt att avsluta st\u00f6d\u00e5tg\u00e4rderna\u201d | Almega","isPartOf":{"@id":"https:\/\/www.almega.se\/#website"},"datePublished":"2021-09-17T11:59:56+00:00","author":{"@id":"https:\/\/www.almega.se\/#\/schema\/person\/9e4d7d0abff166be96ada576ca284a77"},"breadcrumb":{"@id":"https:\/\/www.almega.se\/2021\/09\/almega-orimligt-att-avsluta-stodatgarderna\/#breadcrumb"},"inLanguage":"sv-SE","potentialAction":[{"@type":"ReadAction","target":["https:\/\/www.almega.se\/2021\/09\/almega-orimligt-att-avsluta-stodatgarderna\/"]}]},{"@type":"BreadcrumbList","@id":"https:\/\/www.almega.se\/2021\/09\/almega-orimligt-att-avsluta-stodatgarderna\/#breadcrumb","itemListElement":[{"@type":"ListItem","position":1,"name":"Home","item":"https:\/\/www.almega.se\/"},{"@type":"ListItem","position":2,"name":"Almega: \u201dOrimligt att avsluta st\u00f6d\u00e5tg\u00e4rderna\u201d"}]},{"@type":"WebSite","@id":"https:\/\/www.almega.se\/#website","url":"https:\/\/www.almega.se\/","name":"Almega","description":"","potentialAction":[{"@type":"SearchAction","target":{"@type":"EntryPoint","urlTemplate":"https:\/\/www.almega.se\/?s={search_term_string}"},"query-input":{"@type":"PropertyValueSpecification","valueRequired":true,"valueName":"search_term_string"}}],"inLanguage":"sv-SE"},{"@type":"Person","@id":"https:\/\/www.almega.se\/#\/schema\/person\/9e4d7d0abff166be96ada576ca284a77","name":"moat","image":{"@type":"ImageObject","inLanguage":"sv-SE","@id":"https:\/\/www.almega.se\/#\/schema\/person\/image\/","url":"https:\/\/secure.gravatar.com\/avatar\/f3aefbf102103714d31ca14074d72cc66619d4b100e6e99b475677d83097fad7?s=96&d=mm&r=g","contentUrl":"https:\/\/secure.gravatar.com\/avatar\/f3aefbf102103714d31ca14074d72cc66619d4b100e6e99b475677d83097fad7?s=96&d=mm&r=g","caption":"moat"},"url":"https:\/\/www.almega.se\/person\/moat\/"}]}},"_links":{"self":[{"href":"https:\/\/www.almega.se\/api\/wp\/v2\/posts\/39731","targetHints":{"allow":["GET"]}}],"collection":[{"href":"https:\/\/www.almega.se\/api\/wp\/v2\/posts"}],"about":[{"href":"https:\/\/www.almega.se\/api\/wp\/v2\/types\/post"}],"author":[{"embeddable":true,"href":"https:\/\/www.almega.se\/api\/wp\/v2\/users\/14826"}],"replies":[{"embeddable":true,"href":"https:\/\/www.almega.se\/api\/wp\/v2\/comments?post=39731"}],"version-history":[{"count":2,"href":"https:\/\/www.almega.se\/api\/wp\/v2\/posts\/39731\/revisions"}],"predecessor-version":[{"id":53836,"href":"https:\/\/www.almega.se\/api\/wp\/v2\/posts\/39731\/revisions\/53836"}],"wp:attachment":[{"href":"https:\/\/www.almega.se\/api\/wp\/v2\/media?parent=39731"}],"wp:term":[{"taxonomy":"category","embeddable":true,"href":"https:\/\/www.almega.se\/api\/wp\/v2\/categories?post=39731"},{"taxonomy":"post_tag","embeddable":true,"href":"https:\/\/www.almega.se\/api\/wp\/v2\/tags?post=39731"},{"taxonomy":"type","embeddable":true,"href":"https:\/\/www.almega.se\/api\/wp\/v2\/article_type?post=39731"},{"taxonomy":"agreement","embeddable":true,"href":"https:\/\/www.almega.se\/api\/wp\/v2\/agreement?post=39731"}],"curies":[{"name":"wp","href":"https:\/\/api.w.org\/{rel}","templated":true}]}}