{"id":39691,"date":"2021-09-16T12:07:23","date_gmt":"2021-09-16T10:07:23","guid":{"rendered":"https:\/\/www.almega.se\/?p=39691"},"modified":"2021-09-16T12:07:23","modified_gmt":"2021-09-16T10:07:23","slug":"atergang-till-arbetsplatsen-checklistan-for-alla-arbetsgivare","status":"publish","type":"post","link":"https:\/\/www.almega.se\/2021\/09\/atergang-till-arbetsplatsen-checklistan-for-alla-arbetsgivare\/","title":{"rendered":"\u00c5terg\u00e5ng till arbetsplatsen \u2013 checklistan f\u00f6r alla arbetsgivare"},"content":{"rendered":"<p class=\"intro\"><span data-contrast=\"auto\" data-rich-text-format-boundary=\"true\">M\u00e5nga arbetsplatser f\u00f6rbereder just nu f\u00f6r en \u00e5terg\u00e5ng till kontoren. Vad beh\u00f6ver man t\u00e4nka p\u00e5 som arbetsgivare. V\u00e5r arbetsr\u00e4ttsjurist Sophie Th\u00f6rne tipsar om konkreta saker man som arbetsgivare ska ta h\u00f6jd f\u00f6r.\u00a0<\/span><span data-ccp-props=\"{&quot;335559739&quot;:0}\">\u00a0<\/span><\/p>\n\n<p><\/p>\n\n\n\n<ul class=\"wp-block-list\">\n<li><span data-contrast=\"auto\">Arbetsgivare som \u00f6ppnar kontoret igen beh\u00f6ver g\u00f6ra en riskbed\u00f6mnings- och handlingsplan, i samverkan med arbetsmilj\u00f6ombud\/skyddsombud. Denna ska \u00e4ven f\u00f6ljas upp under h\u00f6sten.<\/span><span data-contrast=\"auto\">&nbsp;<\/span><span data-ccp-props=\"{&quot;134233279&quot;:true,&quot;335559739&quot;:0}\">&nbsp;<\/span><\/li>\n\n\n\n<li><span data-contrast=\"auto\">Tydlig information till medarbetare vad som g\u00e4ller vid \u00e5terg\u00e5ngen till arbetsplatsen.<\/span><span data-ccp-props=\"{&quot;134233279&quot;:true,&quot;335559739&quot;:0}\">&nbsp;<\/span><\/li>\n\n\n\n<li><span data-contrast=\"auto\">Information och dialog med fackliga organisationer p\u00e5 arbetsplatsen kring \u00e5terg\u00e5ngen.<\/span><span data-ccp-props=\"{&quot;134233279&quot;:true,&quot;335559739&quot;:0}\">&nbsp;<\/span><\/li>\n\n\n\n<li><span data-contrast=\"auto\">Det \u00e4r viktigt att f\u00e5 med i riskbed\u00f6mningen inf\u00f6r den planerade \u00e5terg\u00e5ngen hur man som arbetsgivare hanterar personer som \u00e4r r\u00e4dda f\u00f6r smittan. Det kan vara personer i riskgrupper eller som \u00e4r oroliga av andra sk\u00e4l. Det kan g\u00e5 att l\u00f6sa genom flexibilitet, exempelvis att undvika rusningstid i kollektivtrafiken. Men \u00e4ven hur medarbetare sitter p\u00e5 kontoret osv<\/span><span data-contrast=\"auto\">. <\/span><span data-contrast=\"auto\">I grunden beslutar f\u00f6rst\u00e5s alltid arbetsgivaren om och n\u00e4r medarbetarna ska \u00e5terg\u00e5 till kontoret.<\/span><span data-contrast=\"auto\">&nbsp;<\/span><span data-ccp-props=\"{&quot;134233279&quot;:true,&quot;335559739&quot;:0}\">&nbsp;<\/span><\/li>\n\n\n\n<li><span data-contrast=\"auto\">Det kan finnas risk att det uppst\u00e5r konflikter p\u00e5 arbetsplatsen eller kr\u00e4nkande s\u00e4rbehandling p\u00e5 arbetsplatsen, mellan n\u00e5gon\/n\u00e5gra som fortfarande \u00e4r ovaccinerade och de som \u00e4r vaccinerade. Ni beh\u00f6ver agera som arbetsgivare n\u00e4r ni f\u00e5r k\u00e4nnedom om problem i arbetsgruppen. I f\u00f6rebyggande syfte kan det vara bra att ledningen klarg\u00f6r klart och tydligt att kr\u00e4nkande s\u00e4rbehandling inte accepteras i organisationen.\u202f<\/span><span data-ccp-props=\"{&quot;134233279&quot;:true,&quot;335559739&quot;:0}\">&nbsp;<\/span><\/li>\n<\/ul>\n\n\n<a class='Share__link Share__link--url copy-text' href='#' rel='nofollow' data-text='vill-du-ha-mer-rad-och-stod?' title='Dela url' data-confirmation='L\u00e4nken kopierades till urklipp'><svg class='icon icon--link'  width='18' height='18' viewBox='0 0 18 18' fill='none' xmlns='http:\/\/www.w3.org\/2000\/svg'>\n            <path d='M10.4142 0.514721L6.87868 4.05025L8.29289 5.46447L11.1213 2.63604L15.364 6.87868L12.5355 9.70711L13.9497 11.1213L17.4853 7.58579C17.8763 7.19476 17.8763 6.5626 17.4853 6.17158L11.8284 0.514721C11.4374 0.123691 10.8052 0.123691 10.4142 0.514721Z' fill='black'\/>\n            <path d='M9.7071 12.5355L6.87868 15.364L2.63604 11.1213L5.46446 8.2929L4.05025 6.87868L0.514716 10.4142C0.123686 10.8052 0.123686 11.4374 0.514716 11.8284L6.17157 17.4853C6.5626 17.8763 7.19475 17.8763 7.58578 17.4853L11.1213 13.9497L9.7071 12.5355Z' fill='black'\/>\n            <path d='M6.17157 11.8284C6.5626 12.2195 7.19475 12.2195 7.58578 11.8284L11.8284 7.58579C12.2195 7.19476 12.2195 6.56261 11.8284 6.17158C11.4374 5.78055 10.8052 5.78055 10.4142 6.17158L6.17157 10.4142C5.78054 10.8052 5.78054 11.4374 6.17157 11.8284Z' fill='black'\/>\n            <\/svg> <\/a>\n<h2 class=\"wp-block-heading\">Vill du ha mer r\u00e5d och st\u00f6d?<\/h2>\n\n\n\n<p><strong>Exklusivt f\u00f6r&nbsp;medlemmar<\/strong><\/p>\n\n\n\n<p>Ta hj\u00e4lp av Sveriges b\u00e4sta arbetsr\u00e4ttsjurister. Ring oss p\u00e5 08 762 69 90, eller logga in i v\u00e5r kunskapsbank <a href=\"https:\/\/sso.arbetsgivarguiden.se\/login?signin=eb912ff8aafbea13920828cea7b375ad\" target=\"_blank\" rel=\"noopener noreferrer\">Arbetsgivarguiden<\/a>.<\/p>\n\n\n\n<p>Ibland hamnar man som arbetsgivare i situationer som kr\u00e4ver akut hj\u00e4lp och r\u00e5d. Som medlem i Almega \u00e4r du alltid v\u00e4lkommen att ringa jouren med dina fr\u00e5gor. I jouren arbetar m\u00e5nga av Sveriges b\u00e4sta arbetsr\u00e4ttsjurister, avtalsexperter och f\u00f6rhandlare.<\/p>\n","protected":false},"excerpt":{"rendered":"<p>Vill du ha mer r\u00e5d och st\u00f6d? Exklusivt f\u00f6r&nbsp;medlemmar Ta hj\u00e4lp av Sveriges b\u00e4sta arbetsr\u00e4ttsjurister. Ring oss p\u00e5 08 762 69 90, eller logga in i v\u00e5r kunskapsbank Arbetsgivarguiden. Ibland hamnar man som arbetsgivare i &hellip;<\/p>\n","protected":false},"author":4371,"featured_media":39693,"comment_status":"closed","ping_status":"closed","sticky":false,"template":"","format":"standard","meta":{"_acf_changed":false,"footnotes":""},"categories":[451],"tags":[486,527],"article_type":[55,56],"agreement":[],"class_list":["post-39691","post","type-post","status-publish","format-standard","has-post-thumbnail","hentry","category-arbetsgivarfragor","tag-covid-19","tag-framtidens-arbetsliv","type-artiklar","type-nyheter"],"acf":[],"yoast_head":"<!-- This site is optimized with the Yoast SEO Premium plugin v26.8 (Yoast SEO v26.8) - https:\/\/yoast.com\/product\/yoast-seo-premium-wordpress\/ -->\n<title>\u00c5terg\u00e5ng till arbetsplatsen \u2013 checklistan f\u00f6r alla arbetsgivare | Almega<\/title>\n<meta name=\"robots\" content=\"index, follow, max-snippet:-1, max-image-preview:large, max-video-preview:-1\" \/>\n<link rel=\"canonical\" href=\"https:\/\/www.almega.se\/2021\/09\/atergang-till-arbetsplatsen-checklistan-for-alla-arbetsgivare\/\" \/>\n<meta property=\"og:locale\" content=\"sv_SE\" \/>\n<meta property=\"og:type\" content=\"article\" \/>\n<meta property=\"og:title\" content=\"\u00c5terg\u00e5ng till arbetsplatsen \u2013 checklistan f\u00f6r alla arbetsgivare\" \/>\n<meta property=\"og:description\" content=\"Vill du ha mer r\u00e5d och st\u00f6d? Exklusivt f\u00f6r&nbsp;medlemmar Ta hj\u00e4lp av Sveriges b\u00e4sta arbetsr\u00e4ttsjurister. Ring oss p\u00e5 08 762 69 90, eller logga in i v\u00e5r kunskapsbank Arbetsgivarguiden. Ibland hamnar man som arbetsgivare i &hellip;\" \/>\n<meta property=\"og:url\" content=\"https:\/\/www.almega.se\/2021\/09\/atergang-till-arbetsplatsen-checklistan-for-alla-arbetsgivare\/\" \/>\n<meta property=\"og:site_name\" content=\"Almega\" \/>\n<meta property=\"article:published_time\" content=\"2021-09-16T10:07:23+00:00\" \/>\n<meta property=\"og:image\" content=\"https:\/\/www.almega.se\/app\/uploads\/2021\/09\/bild-webbartikel-1000x600-21.png\" \/>\n\t<meta property=\"og:image:width\" content=\"1000\" \/>\n\t<meta property=\"og:image:height\" content=\"600\" \/>\n\t<meta property=\"og:image:type\" content=\"image\/png\" \/>\n<meta name=\"author\" content=\"Katarina Ahlsen\" \/>\n<meta name=\"twitter:card\" content=\"summary_large_image\" \/>\n<meta name=\"twitter:label1\" content=\"Skriven av\" \/>\n\t<meta name=\"twitter:data1\" content=\"Katarina Ahlsen\" \/>\n\t<meta name=\"twitter:label2\" content=\"Ber\u00e4knad l\u00e4stid\" \/>\n\t<meta name=\"twitter:data2\" content=\"2 minuter\" \/>\n<!-- \/ Yoast SEO Premium plugin. -->","yoast_head_json":{"title":"\u00c5terg\u00e5ng till arbetsplatsen \u2013 checklistan f\u00f6r alla arbetsgivare | Almega","robots":{"index":"index","follow":"follow","max-snippet":"max-snippet:-1","max-image-preview":"max-image-preview:large","max-video-preview":"max-video-preview:-1"},"canonical":"https:\/\/www.almega.se\/2021\/09\/atergang-till-arbetsplatsen-checklistan-for-alla-arbetsgivare\/","og_locale":"sv_SE","og_type":"article","og_title":"\u00c5terg\u00e5ng till arbetsplatsen \u2013 checklistan f\u00f6r alla arbetsgivare","og_description":"Vill du ha mer r\u00e5d och st\u00f6d? Exklusivt f\u00f6r&nbsp;medlemmar Ta hj\u00e4lp av Sveriges b\u00e4sta arbetsr\u00e4ttsjurister. Ring oss p\u00e5 08 762 69 90, eller logga in i v\u00e5r kunskapsbank Arbetsgivarguiden. Ibland hamnar man som arbetsgivare i &hellip;","og_url":"https:\/\/www.almega.se\/2021\/09\/atergang-till-arbetsplatsen-checklistan-for-alla-arbetsgivare\/","og_site_name":"Almega","article_published_time":"2021-09-16T10:07:23+00:00","og_image":[{"width":1000,"height":600,"url":"https:\/\/www.almega.se\/app\/uploads\/2021\/09\/bild-webbartikel-1000x600-21.png","type":"image\/png"}],"author":"Katarina Ahlsen","twitter_card":"summary_large_image","twitter_misc":{"Skriven av":"Katarina Ahlsen","Ber\u00e4knad l\u00e4stid":"2 minuter"},"schema":{"@context":"https:\/\/schema.org","@graph":[{"@type":"NewsArticle","@id":"https:\/\/www.almega.se\/2021\/09\/atergang-till-arbetsplatsen-checklistan-for-alla-arbetsgivare\/#article","isPartOf":{"@id":"https:\/\/www.almega.se\/2021\/09\/atergang-till-arbetsplatsen-checklistan-for-alla-arbetsgivare\/"},"author":{"name":"Katarina Ahlsen","@id":"https:\/\/www.almega.se\/#\/schema\/person\/21bb090beed442a47a2cf1e64374f091"},"headline":"\u00c5terg\u00e5ng till arbetsplatsen \u2013 checklistan f\u00f6r alla arbetsgivare","datePublished":"2021-09-16T10:07:23+00:00","mainEntityOfPage":{"@id":"https:\/\/www.almega.se\/2021\/09\/atergang-till-arbetsplatsen-checklistan-for-alla-arbetsgivare\/"},"wordCount":304,"image":{"@id":"https:\/\/www.almega.se\/2021\/09\/atergang-till-arbetsplatsen-checklistan-for-alla-arbetsgivare\/#primaryimage"},"thumbnailUrl":"https:\/\/www.almega.se\/app\/uploads\/2021\/09\/bild-webbartikel-1000x600-21.png","keywords":["covid -19","Framtidens arbetsliv"],"articleSection":["Arbetsgivarfr\u00e5gor"],"inLanguage":"sv-SE"},{"@type":"WebPage","@id":"https:\/\/www.almega.se\/2021\/09\/atergang-till-arbetsplatsen-checklistan-for-alla-arbetsgivare\/","url":"https:\/\/www.almega.se\/2021\/09\/atergang-till-arbetsplatsen-checklistan-for-alla-arbetsgivare\/","name":"\u00c5terg\u00e5ng till arbetsplatsen \u2013 checklistan f\u00f6r alla arbetsgivare | Almega","isPartOf":{"@id":"https:\/\/www.almega.se\/#website"},"primaryImageOfPage":{"@id":"https:\/\/www.almega.se\/2021\/09\/atergang-till-arbetsplatsen-checklistan-for-alla-arbetsgivare\/#primaryimage"},"image":{"@id":"https:\/\/www.almega.se\/2021\/09\/atergang-till-arbetsplatsen-checklistan-for-alla-arbetsgivare\/#primaryimage"},"thumbnailUrl":"https:\/\/www.almega.se\/app\/uploads\/2021\/09\/bild-webbartikel-1000x600-21.png","datePublished":"2021-09-16T10:07:23+00:00","author":{"@id":"https:\/\/www.almega.se\/#\/schema\/person\/21bb090beed442a47a2cf1e64374f091"},"breadcrumb":{"@id":"https:\/\/www.almega.se\/2021\/09\/atergang-till-arbetsplatsen-checklistan-for-alla-arbetsgivare\/#breadcrumb"},"inLanguage":"sv-SE","potentialAction":[{"@type":"ReadAction","target":["https:\/\/www.almega.se\/2021\/09\/atergang-till-arbetsplatsen-checklistan-for-alla-arbetsgivare\/"]}]},{"@type":"ImageObject","inLanguage":"sv-SE","@id":"https:\/\/www.almega.se\/2021\/09\/atergang-till-arbetsplatsen-checklistan-for-alla-arbetsgivare\/#primaryimage","url":"https:\/\/www.almega.se\/app\/uploads\/2021\/09\/bild-webbartikel-1000x600-21.png","contentUrl":"https:\/\/www.almega.se\/app\/uploads\/2021\/09\/bild-webbartikel-1000x600-21.png","width":1000,"height":600},{"@type":"BreadcrumbList","@id":"https:\/\/www.almega.se\/2021\/09\/atergang-till-arbetsplatsen-checklistan-for-alla-arbetsgivare\/#breadcrumb","itemListElement":[{"@type":"ListItem","position":1,"name":"Home","item":"https:\/\/www.almega.se\/"},{"@type":"ListItem","position":2,"name":"\u00c5terg\u00e5ng till arbetsplatsen \u2013 checklistan f\u00f6r alla arbetsgivare"}]},{"@type":"WebSite","@id":"https:\/\/www.almega.se\/#website","url":"https:\/\/www.almega.se\/","name":"Almega","description":"","potentialAction":[{"@type":"SearchAction","target":{"@type":"EntryPoint","urlTemplate":"https:\/\/www.almega.se\/?s={search_term_string}"},"query-input":{"@type":"PropertyValueSpecification","valueRequired":true,"valueName":"search_term_string"}}],"inLanguage":"sv-SE"},{"@type":"Person","@id":"https:\/\/www.almega.se\/#\/schema\/person\/21bb090beed442a47a2cf1e64374f091","name":"Katarina Ahlsen","image":{"@type":"ImageObject","inLanguage":"sv-SE","@id":"https:\/\/www.almega.se\/#\/schema\/person\/image\/","url":"https:\/\/secure.gravatar.com\/avatar\/08acb5974fe161bc44fe8e62ec32e85c446ac625c171f9a7eb9f4941b883d3d9?s=96&d=mm&r=g","contentUrl":"https:\/\/secure.gravatar.com\/avatar\/08acb5974fe161bc44fe8e62ec32e85c446ac625c171f9a7eb9f4941b883d3d9?s=96&d=mm&r=g","caption":"Katarina Ahlsen"},"url":"https:\/\/www.almega.se\/person\/katarinaahlsen\/"}]}},"_links":{"self":[{"href":"https:\/\/www.almega.se\/api\/wp\/v2\/posts\/39691","targetHints":{"allow":["GET"]}}],"collection":[{"href":"https:\/\/www.almega.se\/api\/wp\/v2\/posts"}],"about":[{"href":"https:\/\/www.almega.se\/api\/wp\/v2\/types\/post"}],"author":[{"embeddable":true,"href":"https:\/\/www.almega.se\/api\/wp\/v2\/users\/4371"}],"replies":[{"embeddable":true,"href":"https:\/\/www.almega.se\/api\/wp\/v2\/comments?post=39691"}],"version-history":[{"count":4,"href":"https:\/\/www.almega.se\/api\/wp\/v2\/posts\/39691\/revisions"}],"predecessor-version":[{"id":53855,"href":"https:\/\/www.almega.se\/api\/wp\/v2\/posts\/39691\/revisions\/53855"}],"wp:featuredmedia":[{"embeddable":true,"href":"https:\/\/www.almega.se\/api\/wp\/v2\/media\/39693"}],"wp:attachment":[{"href":"https:\/\/www.almega.se\/api\/wp\/v2\/media?parent=39691"}],"wp:term":[{"taxonomy":"category","embeddable":true,"href":"https:\/\/www.almega.se\/api\/wp\/v2\/categories?post=39691"},{"taxonomy":"post_tag","embeddable":true,"href":"https:\/\/www.almega.se\/api\/wp\/v2\/tags?post=39691"},{"taxonomy":"type","embeddable":true,"href":"https:\/\/www.almega.se\/api\/wp\/v2\/article_type?post=39691"},{"taxonomy":"agreement","embeddable":true,"href":"https:\/\/www.almega.se\/api\/wp\/v2\/agreement?post=39691"}],"curies":[{"name":"wp","href":"https:\/\/api.w.org\/{rel}","templated":true}]}}