{"id":39669,"date":"2021-09-15T13:58:00","date_gmt":"2021-09-15T11:58:00","guid":{"rendered":"https:\/\/www.almega.se\/2021\/09\/ny-rapport-hojda-inkomstkrav-for-arbetskraftsinvandrare-dyrt-for-sverige\/"},"modified":"2021-09-15T13:58:00","modified_gmt":"2021-09-15T11:58:00","slug":"ny-rapport-hojda-inkomstkrav-for-arbetskraftsinvandrare-dyrt-for-sverige","status":"publish","type":"post","link":"https:\/\/www.almega.se\/2021\/09\/ny-rapport-hojda-inkomstkrav-for-arbetskraftsinvandrare-dyrt-for-sverige\/","title":{"rendered":"Ny rapport: H\u00f6jda inkomstkrav f\u00f6r arbetskraftsinvandrare dyrt f\u00f6r Sverige"},"content":{"rendered":"<p class=\"intro\">H\u00e4lften av arbetskraftsinvandrarna skulle f\u00f6rlora sina arbetstillst\u00e5nd om inkomstkravet h\u00f6js. Detta visar Almegas rapport baserad p\u00e5 specialbest\u00e4lld statistik fr\u00e5n SCB.<\/p>\n\n<p>\u2013 Ett inkomstkrav motsvarande medianinkomsten skulle sl\u00e5 h\u00e5rt mot en rad branscher. \u00c4ven s\u00e5dana som kr\u00e4ver mer kvalificerad arbetskraft. V\u00e5r rapport visar att h\u00e4lften av arbetskraftsinvandrarna i Sverige, n\u00e4rmare 13\u00a0000 personer, skulle f\u00f6rlora sina arbetstillst\u00e5nd, s\u00e4ger Patrick Joyce, chefekonom p\u00e5 Almega och en av f\u00f6rfattarna till rapporten.<\/p>\n\n\n\n<p>Ett av f\u00f6rslagen som f\u00f6rts fram f\u00f6r att strama \u00e5t arbetskraftsinvandringen \u00e4r just att h\u00f6ja inkomstkravet till medianinkomsten p\u00e5 arbetsmarknaden, motsvarande 31 700 kr i m\u00e5naden.<\/p>\n\n\n\n<p>\u2013 Arbetskraftsinvandrarna bidrog med 34 miljarder till BNP och 12 miljarder i \u00f6kade skatteint\u00e4kter under 2018. Dessutom arbetar de fr\u00e4mst inom bristyrken. Att kraftigt begr\u00e4nsa arbetskraftsinvandringen vore olyckligt f\u00f6r s\u00e5v\u00e4l individer som f\u00f6retag och i slut\u00e4nden f\u00f6r hela Sverige, s\u00e4ger Patrick Joyce.<\/p>\n\n\n\n<p>Inom v\u00e5rd och omsorg skulle tre av fyra arbetskraftsinvandrare f\u00f6rlora arbetstillst\u00e5ndet, fr\u00e4mst inom bristyrken som sk\u00f6tare och undersk\u00f6terskor.<\/p>\n\n\n\n<p>De branscher som skulle drabbas allra h\u00e5rdast av h\u00f6jda inkomstkrav \u00e4r hotell och restaurang samt hemservice, tv\u00e4tt och st\u00e4dning, d\u00e4r i princip alla arbetskraftsinvandrare \u2013 5 000 personer \u2013 skulle beh\u00f6va l\u00e4mna landet. Men inte heller mer kvalificerade yrkesgrupper bland arbetskraftsinvandrarna skulle bli op\u00e5verkade.<\/p>\n\n\n\n<p>\u2013 2019 arbetade 3 300 arbetskraftsinvandrare som ingenj\u00f6rer. \u00c4ven om deras l\u00f6ner \u00e4r relativt h\u00f6ga visar v\u00e5ra ber\u00e4kningar att 450 av dessa skulle f\u00f6rlora arbetstillst\u00e5ndet om de nya inkomstkraven inf\u00f6rs. \u00c4ven 750 IT-specialister skulle tvingas resa hem. Detta skulle givetvis f\u00e5 l\u00e5ngtg\u00e5ende konsekvenser f\u00f6r m\u00e5nga f\u00f6retag, s\u00e4ger Patrick Joyce<\/p>\n\n\n\n<p><a href=\"https:\/\/via.tt.se\/data\/attachments\/00916\/e3a40bd4-537e-4edf-9b0c-dd26e29fd73c.pdf\" target=\"_blank\" rel=\"noreferrer noopener\">L\u00e4s hela rapporten h\u00e4r<\/a>.<\/p>\n\n\n\n<p><a href=\"https:\/\/via.tt.se\/data\/attachments\/00916\/e3a40bd4-537e-4edf-9b0c-dd26e29fd73c.pdf\"><\/a><\/p>\n","protected":false},"excerpt":{"rendered":"<p>H\u00e4lften av arbetskraftsinvandrarna skulle f\u00f6rlora sina arbetstillst\u00e5nd om inkomstkravet h\u00f6js. Detta visar Almegas rapport baserad p\u00e5 specialbest\u00e4lld statistik fr\u00e5n SCB.<\/p>\n","protected":false},"author":14826,"featured_media":0,"comment_status":"closed","ping_status":"closed","sticky":false,"template":"","format":"standard","meta":{"_acf_changed":false,"footnotes":""},"categories":[64,419],"tags":[543,610,72],"article_type":[93,42],"agreement":[],"class_list":["post-39669","post","type-post","status-publish","format-standard","hentry","category-arbetsmarknad","category-kompetensforsorjning","tag-arbetskraftsinvandring","tag-kompetensforsorjning","tag-kompetensinvandring","type-pressmeddelanden","type-rapporter"],"acf":[],"yoast_head":"<!-- This site is optimized with the Yoast SEO Premium plugin v26.8 (Yoast SEO v26.8) - https:\/\/yoast.com\/product\/yoast-seo-premium-wordpress\/ -->\n<title>Ny rapport: H\u00f6jda inkomstkrav f\u00f6r arbetskraftsinvandrare dyrt f\u00f6r Sverige | Almega<\/title>\n<meta name=\"robots\" content=\"index, follow, max-snippet:-1, max-image-preview:large, max-video-preview:-1\" \/>\n<link rel=\"canonical\" href=\"https:\/\/www.almega.se\/2021\/09\/ny-rapport-hojda-inkomstkrav-for-arbetskraftsinvandrare-dyrt-for-sverige\/\" \/>\n<meta property=\"og:locale\" content=\"sv_SE\" \/>\n<meta property=\"og:type\" content=\"article\" \/>\n<meta property=\"og:title\" content=\"Ny rapport: H\u00f6jda inkomstkrav f\u00f6r arbetskraftsinvandrare dyrt f\u00f6r Sverige\" \/>\n<meta property=\"og:description\" content=\"H\u00e4lften av arbetskraftsinvandrarna skulle f\u00f6rlora sina arbetstillst\u00e5nd om inkomstkravet h\u00f6js. Detta visar Almegas rapport baserad p\u00e5 specialbest\u00e4lld statistik fr\u00e5n SCB.\" \/>\n<meta property=\"og:url\" content=\"https:\/\/www.almega.se\/2021\/09\/ny-rapport-hojda-inkomstkrav-for-arbetskraftsinvandrare-dyrt-for-sverige\/\" \/>\n<meta property=\"og:site_name\" content=\"Almega\" \/>\n<meta property=\"article:published_time\" content=\"2021-09-15T11:58:00+00:00\" \/>\n<meta property=\"og:image\" content=\"https:\/\/www.almega.se\/app\/uploads\/2020\/12\/almega-share-logo.png\" \/>\n\t<meta property=\"og:image:width\" content=\"1200\" \/>\n\t<meta property=\"og:image:height\" content=\"630\" \/>\n\t<meta property=\"og:image:type\" content=\"image\/png\" \/>\n<meta name=\"author\" content=\"moat\" \/>\n<meta name=\"twitter:card\" content=\"summary_large_image\" \/>\n<meta name=\"twitter:label1\" content=\"Skriven av\" \/>\n\t<meta name=\"twitter:data1\" content=\"moat\" \/>\n\t<meta name=\"twitter:label2\" content=\"Ber\u00e4knad l\u00e4stid\" \/>\n\t<meta name=\"twitter:data2\" content=\"2 minuter\" \/>\n<!-- \/ Yoast SEO Premium plugin. -->","yoast_head_json":{"title":"Ny rapport: H\u00f6jda inkomstkrav f\u00f6r arbetskraftsinvandrare dyrt f\u00f6r Sverige | Almega","robots":{"index":"index","follow":"follow","max-snippet":"max-snippet:-1","max-image-preview":"max-image-preview:large","max-video-preview":"max-video-preview:-1"},"canonical":"https:\/\/www.almega.se\/2021\/09\/ny-rapport-hojda-inkomstkrav-for-arbetskraftsinvandrare-dyrt-for-sverige\/","og_locale":"sv_SE","og_type":"article","og_title":"Ny rapport: H\u00f6jda inkomstkrav f\u00f6r arbetskraftsinvandrare dyrt f\u00f6r Sverige","og_description":"H\u00e4lften av arbetskraftsinvandrarna skulle f\u00f6rlora sina arbetstillst\u00e5nd om inkomstkravet h\u00f6js. Detta visar Almegas rapport baserad p\u00e5 specialbest\u00e4lld statistik fr\u00e5n SCB.","og_url":"https:\/\/www.almega.se\/2021\/09\/ny-rapport-hojda-inkomstkrav-for-arbetskraftsinvandrare-dyrt-for-sverige\/","og_site_name":"Almega","article_published_time":"2021-09-15T11:58:00+00:00","og_image":[{"width":1200,"height":630,"url":"https:\/\/www.almega.se\/app\/uploads\/2020\/12\/almega-share-logo.png","type":"image\/png"}],"author":"moat","twitter_card":"summary_large_image","twitter_misc":{"Skriven av":"moat","Ber\u00e4knad l\u00e4stid":"2 minuter"},"schema":{"@context":"https:\/\/schema.org","@graph":[{"@type":"NewsArticle","@id":"https:\/\/www.almega.se\/2021\/09\/ny-rapport-hojda-inkomstkrav-for-arbetskraftsinvandrare-dyrt-for-sverige\/#article","isPartOf":{"@id":"https:\/\/www.almega.se\/2021\/09\/ny-rapport-hojda-inkomstkrav-for-arbetskraftsinvandrare-dyrt-for-sverige\/"},"author":{"name":"moat","@id":"https:\/\/www.almega.se\/#\/schema\/person\/9e4d7d0abff166be96ada576ca284a77"},"headline":"Ny rapport: H\u00f6jda inkomstkrav f\u00f6r arbetskraftsinvandrare dyrt f\u00f6r Sverige","datePublished":"2021-09-15T11:58:00+00:00","mainEntityOfPage":{"@id":"https:\/\/www.almega.se\/2021\/09\/ny-rapport-hojda-inkomstkrav-for-arbetskraftsinvandrare-dyrt-for-sverige\/"},"wordCount":279,"keywords":["Arbetskraftsinvandring","Kompetensf\u00f6rs\u00f6rjning","Kompetensinvandring"],"articleSection":["Arbetsmarknad","Kompetensf\u00f6rs\u00f6rjning"],"inLanguage":"sv-SE"},{"@type":"WebPage","@id":"https:\/\/www.almega.se\/2021\/09\/ny-rapport-hojda-inkomstkrav-for-arbetskraftsinvandrare-dyrt-for-sverige\/","url":"https:\/\/www.almega.se\/2021\/09\/ny-rapport-hojda-inkomstkrav-for-arbetskraftsinvandrare-dyrt-for-sverige\/","name":"Ny rapport: H\u00f6jda inkomstkrav f\u00f6r arbetskraftsinvandrare dyrt f\u00f6r Sverige | Almega","isPartOf":{"@id":"https:\/\/www.almega.se\/#website"},"datePublished":"2021-09-15T11:58:00+00:00","author":{"@id":"https:\/\/www.almega.se\/#\/schema\/person\/9e4d7d0abff166be96ada576ca284a77"},"breadcrumb":{"@id":"https:\/\/www.almega.se\/2021\/09\/ny-rapport-hojda-inkomstkrav-for-arbetskraftsinvandrare-dyrt-for-sverige\/#breadcrumb"},"inLanguage":"sv-SE","potentialAction":[{"@type":"ReadAction","target":["https:\/\/www.almega.se\/2021\/09\/ny-rapport-hojda-inkomstkrav-for-arbetskraftsinvandrare-dyrt-for-sverige\/"]}]},{"@type":"BreadcrumbList","@id":"https:\/\/www.almega.se\/2021\/09\/ny-rapport-hojda-inkomstkrav-for-arbetskraftsinvandrare-dyrt-for-sverige\/#breadcrumb","itemListElement":[{"@type":"ListItem","position":1,"name":"Home","item":"https:\/\/www.almega.se\/"},{"@type":"ListItem","position":2,"name":"Ny rapport: H\u00f6jda inkomstkrav f\u00f6r arbetskraftsinvandrare dyrt f\u00f6r Sverige"}]},{"@type":"WebSite","@id":"https:\/\/www.almega.se\/#website","url":"https:\/\/www.almega.se\/","name":"Almega","description":"","potentialAction":[{"@type":"SearchAction","target":{"@type":"EntryPoint","urlTemplate":"https:\/\/www.almega.se\/?s={search_term_string}"},"query-input":{"@type":"PropertyValueSpecification","valueRequired":true,"valueName":"search_term_string"}}],"inLanguage":"sv-SE"},{"@type":"Person","@id":"https:\/\/www.almega.se\/#\/schema\/person\/9e4d7d0abff166be96ada576ca284a77","name":"moat","image":{"@type":"ImageObject","inLanguage":"sv-SE","@id":"https:\/\/www.almega.se\/#\/schema\/person\/image\/","url":"https:\/\/secure.gravatar.com\/avatar\/f3aefbf102103714d31ca14074d72cc66619d4b100e6e99b475677d83097fad7?s=96&d=mm&r=g","contentUrl":"https:\/\/secure.gravatar.com\/avatar\/f3aefbf102103714d31ca14074d72cc66619d4b100e6e99b475677d83097fad7?s=96&d=mm&r=g","caption":"moat"},"url":"https:\/\/www.almega.se\/person\/moat\/"}]}},"_links":{"self":[{"href":"https:\/\/www.almega.se\/api\/wp\/v2\/posts\/39669","targetHints":{"allow":["GET"]}}],"collection":[{"href":"https:\/\/www.almega.se\/api\/wp\/v2\/posts"}],"about":[{"href":"https:\/\/www.almega.se\/api\/wp\/v2\/types\/post"}],"author":[{"embeddable":true,"href":"https:\/\/www.almega.se\/api\/wp\/v2\/users\/14826"}],"replies":[{"embeddable":true,"href":"https:\/\/www.almega.se\/api\/wp\/v2\/comments?post=39669"}],"version-history":[{"count":4,"href":"https:\/\/www.almega.se\/api\/wp\/v2\/posts\/39669\/revisions"}],"predecessor-version":[{"id":53873,"href":"https:\/\/www.almega.se\/api\/wp\/v2\/posts\/39669\/revisions\/53873"}],"wp:attachment":[{"href":"https:\/\/www.almega.se\/api\/wp\/v2\/media?parent=39669"}],"wp:term":[{"taxonomy":"category","embeddable":true,"href":"https:\/\/www.almega.se\/api\/wp\/v2\/categories?post=39669"},{"taxonomy":"post_tag","embeddable":true,"href":"https:\/\/www.almega.se\/api\/wp\/v2\/tags?post=39669"},{"taxonomy":"type","embeddable":true,"href":"https:\/\/www.almega.se\/api\/wp\/v2\/article_type?post=39669"},{"taxonomy":"agreement","embeddable":true,"href":"https:\/\/www.almega.se\/api\/wp\/v2\/agreement?post=39669"}],"curies":[{"name":"wp","href":"https:\/\/api.w.org\/{rel}","templated":true}]}}