{"id":39387,"date":"2021-09-15T14:00:27","date_gmt":"2021-09-15T12:00:27","guid":{"rendered":"https:\/\/www.almega.se\/?p=39387"},"modified":"2024-08-19T13:05:13","modified_gmt":"2024-08-19T11:05:13","slug":"rapport-sa-slar-inkomstkraven-pa-arbetskraftsinvandringen","status":"publish","type":"post","link":"https:\/\/www.almega.se\/2021\/09\/rapport-sa-slar-inkomstkraven-pa-arbetskraftsinvandringen\/","title":{"rendered":"Rapport: S\u00e5 sl\u00e5r h\u00f6jda inkomstkrav p\u00e5 arbetskrafts&shy;invandringen"},"content":{"rendered":"<p class=\"intro\">H\u00e4lften av arbetskraftsinvandrarna skulle f\u00f6rlora sina arbetstillst\u00e5nd med h\u00f6jda inkomstkrav f\u00f6r arbetskraftsinvandring. Detta visar Almegas rapport baserad p\u00e5 specialbest\u00e4lld statistik fr\u00e5n SCB.<\/p>\n\n<p>Varje \u00e5r kommer drygt 20 000 personer till Sverige fr\u00e5n l\u00e4nder utanf\u00f6r EU f\u00f6r att arbeta. Den stora majoriteten av arbetskraftsinvandrarna arbetar inom bristyrken. De flesta stannar i Sverige ett par \u00e5r. I princip alla f\u00f6rs\u00f6rjer sig sj\u00e4lva och medf\u00f6ljande. Arbetskraftsinvandringen \u00e4r l\u00f6nsam f\u00f6r Sverige och bidrar varje \u00e5r med 34 miljarder kronor till BNP och 12 miljarder kronor i skatteint\u00e4kter.<\/p>\n\n\n<a class='Share__link Share__link--url copy-text' href='#' rel='nofollow' data-text='12-700-forlorar-arbetstillstandet' title='Dela url' data-confirmation='L\u00e4nken kopierades till urklipp'><svg class='icon icon--link'  width='18' height='18' viewBox='0 0 18 18' fill='none' xmlns='http:\/\/www.w3.org\/2000\/svg'>\n            <path d='M10.4142 0.514721L6.87868 4.05025L8.29289 5.46447L11.1213 2.63604L15.364 6.87868L12.5355 9.70711L13.9497 11.1213L17.4853 7.58579C17.8763 7.19476 17.8763 6.5626 17.4853 6.17158L11.8284 0.514721C11.4374 0.123691 10.8052 0.123691 10.4142 0.514721Z' fill='black'\/>\n            <path d='M9.7071 12.5355L6.87868 15.364L2.63604 11.1213L5.46446 8.2929L4.05025 6.87868L0.514716 10.4142C0.123686 10.8052 0.123686 11.4374 0.514716 11.8284L6.17157 17.4853C6.5626 17.8763 7.19475 17.8763 7.58578 17.4853L11.1213 13.9497L9.7071 12.5355Z' fill='black'\/>\n            <path d='M6.17157 11.8284C6.5626 12.2195 7.19475 12.2195 7.58578 11.8284L11.8284 7.58579C12.2195 7.19476 12.2195 6.56261 11.8284 6.17158C11.4374 5.78055 10.8052 5.78055 10.4142 6.17158L6.17157 10.4142C5.78054 10.8052 5.78054 11.4374 6.17157 11.8284Z' fill='black'\/>\n            <\/svg> <\/a>\n<h2 class=\"wp-block-heading\">12 700 f\u00f6rlorar arbetstillst\u00e5ndet<\/h2>\n\n\n\n<p>I denna rapport, som bygger p\u00e5 specialbest\u00e4lld statistik fr\u00e5n SCB \u00f6ver arbetskraftsinvandrares yrken och l\u00f6ner 2019, visar Almega vilka drastiska konsekvenser h\u00f6jda inkomstkrav f\u00f6r arbetstillst\u00e5nd skulle f\u00e5 f\u00f6r arbetskraftsinvandringen. Ett liggande f\u00f6rslag \u00e4r att h\u00f6ja kravet till medianl\u00f6nen p\u00e5 svensk arbetsmarknad, vilket motsvarar en m\u00e5nadsl\u00f6n p\u00e5 31 700 kronor.<br>Med detta krav skulle drygt h\u00e4lften av de arbetskraftsinvandrare som arbetade i Sverige 2019 \u2013 12 700 personer \u2013 skulle f\u00f6rlora sina arbetstillst\u00e5nd. Kravet skulle sl\u00e5 h\u00e5rt mot tj\u00e4nstebranscher och inte bara mot yrken som kr\u00e4ver kort utbildning utan \u00e4ven mot mer kvalificerade yrken. F\u00f6r m\u00e5nga tj\u00e4nstebranscher \u00e4r arbetskraftsinvandrare helt n\u00f6dv\u00e4ndiga f\u00f6r kompetensf\u00f6rs\u00f6rjningen.<\/p>\n\n\n<a class='Share__link Share__link--url copy-text' href='#' rel='nofollow' data-text='bristyrken-hart-drabbade' title='Dela url' data-confirmation='L\u00e4nken kopierades till urklipp'><svg class='icon icon--link'  width='18' height='18' viewBox='0 0 18 18' fill='none' xmlns='http:\/\/www.w3.org\/2000\/svg'>\n            <path d='M10.4142 0.514721L6.87868 4.05025L8.29289 5.46447L11.1213 2.63604L15.364 6.87868L12.5355 9.70711L13.9497 11.1213L17.4853 7.58579C17.8763 7.19476 17.8763 6.5626 17.4853 6.17158L11.8284 0.514721C11.4374 0.123691 10.8052 0.123691 10.4142 0.514721Z' fill='black'\/>\n            <path d='M9.7071 12.5355L6.87868 15.364L2.63604 11.1213L5.46446 8.2929L4.05025 6.87868L0.514716 10.4142C0.123686 10.8052 0.123686 11.4374 0.514716 11.8284L6.17157 17.4853C6.5626 17.8763 7.19475 17.8763 7.58578 17.4853L11.1213 13.9497L9.7071 12.5355Z' fill='black'\/>\n            <path d='M6.17157 11.8284C6.5626 12.2195 7.19475 12.2195 7.58578 11.8284L11.8284 7.58579C12.2195 7.19476 12.2195 6.56261 11.8284 6.17158C11.4374 5.78055 10.8052 5.78055 10.4142 6.17158L6.17157 10.4142C5.78054 10.8052 5.78054 11.4374 6.17157 11.8284Z' fill='black'\/>\n            <\/svg> <\/a>\n<h2 class=\"wp-block-heading\">Bristyrken h\u00e5rt drabbade<\/h2>\n\n\n\n<p>Bland hotell och restauranger skulle i princip alla arbetskraftsinvandrare f\u00f6rlora arbetstillst\u00e5ndet. H\u00e4lften av dem \u00e4r kockar, ett stort bristyrke. \u00c4ven inom hemservice och st\u00e4dning skulle arbetskraftsinvandringen upph\u00f6ra. Inom v\u00e5rd och omsorg skulle tre av fyra arbetskraftsinvandrare f\u00f6rlora sina arbetstillst\u00e5nd, fr\u00e4mst sk\u00f6tare, undersk\u00f6terskor och personliga assistenter. Inom hantverk och bygg skulle n\u00e4stan tv\u00e5 av tre arbetskraftsinvandrare f\u00f6rlora sitt arbetstillst\u00e5nd, m\u00e5nga anst\u00e4llda inom bristyrken.<\/p>\n\n\n<a class='Share__link Share__link--url copy-text' href='#' rel='nofollow' data-text='hogkvalificerade-tvingas-lamna' title='Dela url' data-confirmation='L\u00e4nken kopierades till urklipp'><svg class='icon icon--link'  width='18' height='18' viewBox='0 0 18 18' fill='none' xmlns='http:\/\/www.w3.org\/2000\/svg'>\n            <path d='M10.4142 0.514721L6.87868 4.05025L8.29289 5.46447L11.1213 2.63604L15.364 6.87868L12.5355 9.70711L13.9497 11.1213L17.4853 7.58579C17.8763 7.19476 17.8763 6.5626 17.4853 6.17158L11.8284 0.514721C11.4374 0.123691 10.8052 0.123691 10.4142 0.514721Z' fill='black'\/>\n            <path d='M9.7071 12.5355L6.87868 15.364L2.63604 11.1213L5.46446 8.2929L4.05025 6.87868L0.514716 10.4142C0.123686 10.8052 0.123686 11.4374 0.514716 11.8284L6.17157 17.4853C6.5626 17.8763 7.19475 17.8763 7.58578 17.4853L11.1213 13.9497L9.7071 12.5355Z' fill='black'\/>\n            <path d='M6.17157 11.8284C6.5626 12.2195 7.19475 12.2195 7.58578 11.8284L11.8284 7.58579C12.2195 7.19476 12.2195 6.56261 11.8284 6.17158C11.4374 5.78055 10.8052 5.78055 10.4142 6.17158L6.17157 10.4142C5.78054 10.8052 5.78054 11.4374 6.17157 11.8284Z' fill='black'\/>\n            <\/svg> <\/a>\n<h2 class=\"wp-block-heading\">H\u00f6gkvalificerade tvingas l\u00e4mna<\/h2>\n\n\n\n<p>\u00c4ven h\u00f6gt kvalificerade branscher kommer att drabbas av h\u00f6jda inkomstkrav f\u00f6r arbetskraftsinvandring. \u00c4ven om genomsnittsl\u00f6nerna bland ingenj\u00f6rer, experter inom IT \u00e4r relativt h\u00f6ga s\u00e5 \u00e4r ing\u00e5ngsl\u00f6nerna f\u00f6r yngre personer l\u00e4gre. Var sjunde arbetskraftsinvandrare inom dessa yrken n\u00e5r inte upp till ett inkomstkrav p\u00e5 31 700 kr och 450 ingenj\u00f6rer och \u00f6ver 700 IT-arkitekter och systemutvecklare skulle tvingas l\u00e4mna sina jobb.<\/p>\n\n\n\n<p><a href=\"https:\/\/www.almega.se\/app\/uploads\/2021\/09\/arbetskraftsinvandring.pdf\" target=\"_blank\" rel=\"noreferrer noopener\">Ladda ned rapporten h\u00e4r<\/a>.<\/p>\n","protected":false},"excerpt":{"rendered":"<p>Varje \u00e5r kommer drygt 20 000 personer till Sverige fr\u00e5n l\u00e4nder utanf\u00f6r EU f\u00f6r att arbeta. Den stora majoriteten av arbetskraftsinvandrarna arbetar inom bristyrken. De flesta stannar i Sverige ett par \u00e5r. I princip alla &hellip;<\/p>\n","protected":false},"author":6356,"featured_media":39457,"comment_status":"closed","ping_status":"closed","sticky":false,"template":"","format":"standard","meta":{"_acf_changed":false,"footnotes":""},"categories":[64,419],"tags":[543,72],"article_type":[56,42],"agreement":[],"class_list":["post-39387","post","type-post","status-publish","format-standard","has-post-thumbnail","hentry","category-arbetsmarknad","category-kompetensforsorjning","tag-arbetskraftsinvandring","tag-kompetensinvandring","type-nyheter","type-rapporter"],"acf":[],"yoast_head":"<!-- This site is optimized with the Yoast SEO Premium plugin v26.8 (Yoast SEO v26.8) - https:\/\/yoast.com\/product\/yoast-seo-premium-wordpress\/ -->\n<title>Rapport: S\u00e5 sl\u00e5r h\u00f6jda inkomstkrav f\u00f6r arbetskraftsinvandring<\/title>\n<meta name=\"description\" content=\"H\u00e4lften av arbetskraftsinvandrarna f\u00f6rlorar arbetstillst\u00e5nden om inkomstkraven f\u00f6r arbetskraftsinvandring h\u00f6js visar Almegas rapport.\" \/>\n<meta name=\"robots\" content=\"index, follow, max-snippet:-1, max-image-preview:large, max-video-preview:-1\" \/>\n<link rel=\"canonical\" href=\"https:\/\/www.almega.se\/2021\/09\/rapport-sa-slar-inkomstkraven-pa-arbetskraftsinvandringen\/\" \/>\n<meta property=\"og:locale\" content=\"sv_SE\" \/>\n<meta property=\"og:type\" content=\"article\" \/>\n<meta property=\"og:title\" content=\"Rapport: S\u00e5 sl\u00e5r h\u00f6jda inkomstkrav p\u00e5 arbetskraftsinvandringen\" \/>\n<meta property=\"og:description\" content=\"H\u00e4lften av arbetskraftsinvandrarna f\u00f6rlorar arbetstillst\u00e5nden om inkomstkraven f\u00f6r arbetskraftsinvandring h\u00f6js visar Almegas rapport.\" \/>\n<meta property=\"og:url\" content=\"https:\/\/www.almega.se\/2021\/09\/rapport-sa-slar-inkomstkraven-pa-arbetskraftsinvandringen\/\" \/>\n<meta property=\"og:site_name\" content=\"Almega\" \/>\n<meta property=\"article:published_time\" content=\"2021-09-15T12:00:27+00:00\" \/>\n<meta property=\"article:modified_time\" content=\"2024-08-19T11:05:13+00:00\" \/>\n<meta property=\"og:image\" content=\"https:\/\/www.almega.se\/app\/uploads\/2021\/09\/gettyimages-1205727590-scaled-e1661349240283.jpg\" \/>\n\t<meta property=\"og:image:width\" content=\"2560\" \/>\n\t<meta property=\"og:image:height\" content=\"1228\" \/>\n\t<meta property=\"og:image:type\" content=\"image\/jpeg\" \/>\n<meta name=\"author\" content=\"Erik Juhlin\" \/>\n<meta name=\"twitter:card\" content=\"summary_large_image\" \/>\n<meta name=\"twitter:label1\" content=\"Skriven av\" \/>\n\t<meta name=\"twitter:data1\" content=\"Erik Juhlin\" \/>\n\t<meta name=\"twitter:label2\" content=\"Ber\u00e4knad l\u00e4stid\" \/>\n\t<meta name=\"twitter:data2\" content=\"2 minuter\" \/>\n<!-- \/ Yoast SEO Premium plugin. -->","yoast_head_json":{"title":"Rapport: S\u00e5 sl\u00e5r h\u00f6jda inkomstkrav f\u00f6r arbetskraftsinvandring","description":"H\u00e4lften av arbetskraftsinvandrarna f\u00f6rlorar arbetstillst\u00e5nden om inkomstkraven f\u00f6r arbetskraftsinvandring h\u00f6js visar Almegas rapport.","robots":{"index":"index","follow":"follow","max-snippet":"max-snippet:-1","max-image-preview":"max-image-preview:large","max-video-preview":"max-video-preview:-1"},"canonical":"https:\/\/www.almega.se\/2021\/09\/rapport-sa-slar-inkomstkraven-pa-arbetskraftsinvandringen\/","og_locale":"sv_SE","og_type":"article","og_title":"Rapport: S\u00e5 sl\u00e5r h\u00f6jda inkomstkrav p\u00e5 arbetskraftsinvandringen","og_description":"H\u00e4lften av arbetskraftsinvandrarna f\u00f6rlorar arbetstillst\u00e5nden om inkomstkraven f\u00f6r arbetskraftsinvandring h\u00f6js visar Almegas rapport.","og_url":"https:\/\/www.almega.se\/2021\/09\/rapport-sa-slar-inkomstkraven-pa-arbetskraftsinvandringen\/","og_site_name":"Almega","article_published_time":"2021-09-15T12:00:27+00:00","article_modified_time":"2024-08-19T11:05:13+00:00","og_image":[{"width":2560,"height":1228,"url":"https:\/\/www.almega.se\/app\/uploads\/2021\/09\/gettyimages-1205727590-scaled-e1661349240283.jpg","type":"image\/jpeg"}],"author":"Erik Juhlin","twitter_card":"summary_large_image","twitter_misc":{"Skriven av":"Erik Juhlin","Ber\u00e4knad l\u00e4stid":"2 minuter"},"schema":{"@context":"https:\/\/schema.org","@graph":[{"@type":"NewsArticle","@id":"https:\/\/www.almega.se\/2021\/09\/rapport-sa-slar-inkomstkraven-pa-arbetskraftsinvandringen\/#article","isPartOf":{"@id":"https:\/\/www.almega.se\/2021\/09\/rapport-sa-slar-inkomstkraven-pa-arbetskraftsinvandringen\/"},"author":{"name":"Erik Juhlin","@id":"https:\/\/www.almega.se\/#\/schema\/person\/3c181ea7ead5ab7b14c61584637720f5"},"headline":"Rapport: S\u00e5 sl\u00e5r h\u00f6jda inkomstkrav p\u00e5 arbetskrafts&shy;invandringen","datePublished":"2021-09-15T12:00:27+00:00","dateModified":"2024-08-19T11:05:13+00:00","mainEntityOfPage":{"@id":"https:\/\/www.almega.se\/2021\/09\/rapport-sa-slar-inkomstkraven-pa-arbetskraftsinvandringen\/"},"wordCount":362,"image":{"@id":"https:\/\/www.almega.se\/2021\/09\/rapport-sa-slar-inkomstkraven-pa-arbetskraftsinvandringen\/#primaryimage"},"thumbnailUrl":"https:\/\/www.almega.se\/app\/uploads\/2021\/09\/gettyimages-1205727590-scaled-e1661349240283.jpg","keywords":["Arbetskraftsinvandring","Kompetensinvandring"],"articleSection":["Arbetsmarknad","Kompetensf\u00f6rs\u00f6rjning"],"inLanguage":"sv-SE"},{"@type":"WebPage","@id":"https:\/\/www.almega.se\/2021\/09\/rapport-sa-slar-inkomstkraven-pa-arbetskraftsinvandringen\/","url":"https:\/\/www.almega.se\/2021\/09\/rapport-sa-slar-inkomstkraven-pa-arbetskraftsinvandringen\/","name":"Rapport: S\u00e5 sl\u00e5r h\u00f6jda inkomstkrav f\u00f6r arbetskraftsinvandring","isPartOf":{"@id":"https:\/\/www.almega.se\/#website"},"primaryImageOfPage":{"@id":"https:\/\/www.almega.se\/2021\/09\/rapport-sa-slar-inkomstkraven-pa-arbetskraftsinvandringen\/#primaryimage"},"image":{"@id":"https:\/\/www.almega.se\/2021\/09\/rapport-sa-slar-inkomstkraven-pa-arbetskraftsinvandringen\/#primaryimage"},"thumbnailUrl":"https:\/\/www.almega.se\/app\/uploads\/2021\/09\/gettyimages-1205727590-scaled-e1661349240283.jpg","datePublished":"2021-09-15T12:00:27+00:00","dateModified":"2024-08-19T11:05:13+00:00","author":{"@id":"https:\/\/www.almega.se\/#\/schema\/person\/3c181ea7ead5ab7b14c61584637720f5"},"description":"H\u00e4lften av arbetskraftsinvandrarna f\u00f6rlorar arbetstillst\u00e5nden om inkomstkraven f\u00f6r arbetskraftsinvandring h\u00f6js visar Almegas rapport.","breadcrumb":{"@id":"https:\/\/www.almega.se\/2021\/09\/rapport-sa-slar-inkomstkraven-pa-arbetskraftsinvandringen\/#breadcrumb"},"inLanguage":"sv-SE","potentialAction":[{"@type":"ReadAction","target":["https:\/\/www.almega.se\/2021\/09\/rapport-sa-slar-inkomstkraven-pa-arbetskraftsinvandringen\/"]}]},{"@type":"ImageObject","inLanguage":"sv-SE","@id":"https:\/\/www.almega.se\/2021\/09\/rapport-sa-slar-inkomstkraven-pa-arbetskraftsinvandringen\/#primaryimage","url":"https:\/\/www.almega.se\/app\/uploads\/2021\/09\/gettyimages-1205727590-scaled-e1661349240283.jpg","contentUrl":"https:\/\/www.almega.se\/app\/uploads\/2021\/09\/gettyimages-1205727590-scaled-e1661349240283.jpg","width":2560,"height":1228},{"@type":"BreadcrumbList","@id":"https:\/\/www.almega.se\/2021\/09\/rapport-sa-slar-inkomstkraven-pa-arbetskraftsinvandringen\/#breadcrumb","itemListElement":[{"@type":"ListItem","position":1,"name":"Home","item":"https:\/\/www.almega.se\/"},{"@type":"ListItem","position":2,"name":"Rapport: S\u00e5 sl\u00e5r h\u00f6jda inkomstkrav p\u00e5 arbetskrafts&shy;invandringen"}]},{"@type":"WebSite","@id":"https:\/\/www.almega.se\/#website","url":"https:\/\/www.almega.se\/","name":"Almega","description":"","potentialAction":[{"@type":"SearchAction","target":{"@type":"EntryPoint","urlTemplate":"https:\/\/www.almega.se\/?s={search_term_string}"},"query-input":{"@type":"PropertyValueSpecification","valueRequired":true,"valueName":"search_term_string"}}],"inLanguage":"sv-SE"},{"@type":"Person","@id":"https:\/\/www.almega.se\/#\/schema\/person\/3c181ea7ead5ab7b14c61584637720f5","name":"Erik Juhlin","image":{"@type":"ImageObject","inLanguage":"sv-SE","@id":"https:\/\/www.almega.se\/#\/schema\/person\/image\/","url":"https:\/\/secure.gravatar.com\/avatar\/ef0e97454357041724f27ea1630fa5bf78b30eea6fc56998e6a03142ad5b1370?s=96&d=mm&r=g","contentUrl":"https:\/\/secure.gravatar.com\/avatar\/ef0e97454357041724f27ea1630fa5bf78b30eea6fc56998e6a03142ad5b1370?s=96&d=mm&r=g","caption":"Erik Juhlin"},"url":"https:\/\/www.almega.se\/person\/erikjuhlin\/"}]}},"_links":{"self":[{"href":"https:\/\/www.almega.se\/api\/wp\/v2\/posts\/39387","targetHints":{"allow":["GET"]}}],"collection":[{"href":"https:\/\/www.almega.se\/api\/wp\/v2\/posts"}],"about":[{"href":"https:\/\/www.almega.se\/api\/wp\/v2\/types\/post"}],"author":[{"embeddable":true,"href":"https:\/\/www.almega.se\/api\/wp\/v2\/users\/6356"}],"replies":[{"embeddable":true,"href":"https:\/\/www.almega.se\/api\/wp\/v2\/comments?post=39387"}],"version-history":[{"count":5,"href":"https:\/\/www.almega.se\/api\/wp\/v2\/posts\/39387\/revisions"}],"predecessor-version":[{"id":53862,"href":"https:\/\/www.almega.se\/api\/wp\/v2\/posts\/39387\/revisions\/53862"}],"wp:featuredmedia":[{"embeddable":true,"href":"https:\/\/www.almega.se\/api\/wp\/v2\/media\/39457"}],"wp:attachment":[{"href":"https:\/\/www.almega.se\/api\/wp\/v2\/media?parent=39387"}],"wp:term":[{"taxonomy":"category","embeddable":true,"href":"https:\/\/www.almega.se\/api\/wp\/v2\/categories?post=39387"},{"taxonomy":"post_tag","embeddable":true,"href":"https:\/\/www.almega.se\/api\/wp\/v2\/tags?post=39387"},{"taxonomy":"type","embeddable":true,"href":"https:\/\/www.almega.se\/api\/wp\/v2\/article_type?post=39387"},{"taxonomy":"agreement","embeddable":true,"href":"https:\/\/www.almega.se\/api\/wp\/v2\/agreement?post=39387"}],"curies":[{"name":"wp","href":"https:\/\/api.w.org\/{rel}","templated":true}]}}