{"id":39332,"date":"2021-09-10T07:59:00","date_gmt":"2021-09-10T05:59:00","guid":{"rendered":"https:\/\/www.almega.se\/2021\/09\/friskolor-populara-i-de-sarskilt-utsatta-omradena\/"},"modified":"2021-09-10T07:59:00","modified_gmt":"2021-09-10T05:59:00","slug":"friskolor-populara-i-de-sarskilt-utsatta-omradena","status":"publish","type":"post","link":"https:\/\/www.almega.se\/2021\/09\/friskolor-populara-i-de-sarskilt-utsatta-omradena\/","title":{"rendered":"Friskolor popul\u00e4ra i de s\u00e4rskilt utsatta omr\u00e5dena"},"content":{"rendered":"<p class=\"intro\">F\u00f6r\u00e4ldrar i s\u00e4rskilt utsatta omr\u00e5den uppskattar det fria skolvalet. Detta enligt en unders\u00f6kning d\u00e4r Demoskop fr\u00e5gat f\u00f6r\u00e4ldrar i 29 s\u00e4rskilt utsatta omr\u00e5den och som har barn i grundskolan.<\/p>\n\n<p>\u2013 Med tanke p\u00e5 hur m\u00e5nga som har \u00e5sikter om hur friskolesystemet fungerar i utsatta omr\u00e5den \u00e4r det m\u00e4rkligt att ingen fr\u00e5gat de som faktiskt bor d\u00e4r. Vi har d\u00e4rf\u00f6r valt att fr\u00e5ga dem som verkligen ber\u00f6rs, s\u00e4ger Andreas \u00c5str\u00f6m, n\u00e4ringspolitisk chef p\u00e5 Almega.<\/p>\n\n\n\n<p>Resultaten av unders\u00f6kningen, som Demoskop gjort p\u00e5 uppdrag av Almega, visar bland annat att det \u00e4r vanligare i de s\u00e4rskilt utsatta omr\u00e5dena \u00e4n bland befolkningen i allm\u00e4nhet att barnen g\u00e5r i en friskola. 19 procent av de svarande anger att deras barn g\u00e5r i en friskola, j\u00e4mf\u00f6rt med 15 procent p\u00e5 riksniv\u00e5.<\/p>\n\n\n\n<p>Unders\u00f6kningen visar ocks\u00e5 att en stor majoritet av f\u00f6r\u00e4ldrarna i de s\u00e4rskilt utsatta omr\u00e5dena k\u00e4nner till, anv\u00e4nder och uppskattar det fria skolvalet. Hela 92 procent av f\u00f6r\u00e4ldrarna vet att de har m\u00f6jlighet att v\u00e4lja skola och 82 procent har ocks\u00e5 valt skola f\u00f6r sina barn. F\u00f6r\u00e4ldrarna i de s\u00e4rskilt utsatta omr\u00e5dena anser ocks\u00e5 att valfriheten \u00e4r v\u00e4rdefull och 88 procent tycker det \u00e4r viktigt att kunna v\u00e4lja skola.<\/p>\n\n\n\n<p>\u2013 Det \u00e4r ocks\u00e5 intressant att titta p\u00e5 vad f\u00f6r\u00e4ldrarna prioriterar n\u00e4r det v\u00e4ljer skola till sina barn. Bara en av hundra tycker att det viktigaste \u00e4r att skolans elever har en bakgrund som liknar det egna barnets. Ibland h\u00f6r man att skolvalet skulle bidra till att stora elevgrupper hamnar i ett sj\u00e4lvvalt utanf\u00f6rskap, men det \u00e4r inget som v\u00e5r unders\u00f6kning visar, s\u00e4ger Andreas \u00c5str\u00f6m.<\/p>\n\n\n\n<p>Enligt under\u00f6kningen tycker 39 procent av f\u00f6r\u00e4ldrarna i de s\u00e4rskilt utsatta omr\u00e5dena och med barn i en friskola att barnets skola \u00e4r mycket bra. Motsvarande andel bland f\u00f6r\u00e4ldrar vars barn g\u00e5r i en kommunal skola \u00e4r 29 procent. 92 procent av friskolef\u00f6r\u00e4ldrarna skulle rekommendera sitt barns skola j\u00e4mf\u00f6rt med 82 procent bland f\u00f6r\u00e4ldrar med barn i kommunal skola. I Skolinspektionens stora skolenk\u00e4t fr\u00e5n 2020, som t\u00e4cker hela befolkningen, var den andelen 79 procent.<\/p>\n\n\n\n<p>\u2013 Att j\u00e4mf\u00f6ra v\u00e5r unders\u00f6kning med Skolenk\u00e4ten \u00e4r ocks\u00e5 intressant sett till studiero. Enligt Skolenk\u00e4ten upplever 63 procent av eleverna i Sverige att det \u00e4r studiero i skolan. Denna andel \u00e4r enligt v\u00e5r unders\u00f6kning 86 procent bland friskolef\u00f6r\u00e4ldrar i s\u00e4rskilt utsatta omr\u00e5den, s\u00e4ger Andreas \u00c5str\u00f6m, och forts\u00e4tter:<\/p>\n\n\n\n<p>\u2013 Innan man fattar beslut i en fr\u00e5ga \u00e4r det rimligt att v\u00e4ga in all fakta. Om f\u00f6rslagen att kraftigt s\u00e4nka skolpengen, som presenteras i utredningen En mer likv\u00e4rdig skola, genomf\u00f6rs s\u00e5 blir det ekonomiskt om\u00f6jligt att driva friskolor. Friskolor \u00e4r en f\u00f6ruts\u00e4ttning f\u00f6r m\u00e4nniskors skolval och det fria skolvalet \u00e4r enligt v\u00e5r unders\u00f6kning n\u00e5got som f\u00f6r\u00e4ldrarna i de s\u00e4rskilt utsatta omr\u00e5dena verkligen uppskattar.<\/p>\n\n\n\n<p><a href=\"https:\/\/via.tt.se\/data\/attachments\/00809\/a87a6529-f34f-4107-affa-cbf6aaad017b.pdf\" target=\"_blank\" rel=\"noreferrer noopener\">L\u00e4s hela rapporten h\u00e4r<\/a>.<\/p>\n\n\n\n<p><a href=\"https:\/\/via.tt.se\/data\/attachments\/00809\/a87a6529-f34f-4107-affa-cbf6aaad017b.pdf\"><\/a><\/p>\n","protected":false},"excerpt":{"rendered":"<p>F\u00f6r\u00e4ldrar i s\u00e4rskilt utsatta omr\u00e5den uppskattar det fria skolvalet. Detta enligt en unders\u00f6kning d\u00e4r Demoskop fr\u00e5gat f\u00f6r\u00e4ldrar i 29 s\u00e4rskilt utsatta omr\u00e5den och som har barn i grundskolan.<\/p>\n","protected":false},"author":14826,"featured_media":0,"comment_status":"closed","ping_status":"closed","sticky":false,"template":"","format":"standard","meta":{"_acf_changed":false,"footnotes":""},"categories":[46],"tags":[45],"article_type":[93],"agreement":[],"class_list":["post-39332","post","type-post","status-publish","format-standard","hentry","category-valfard","tag-valfrihet","type-pressmeddelanden"],"acf":[],"yoast_head":"<!-- This site is optimized with the Yoast SEO Premium plugin v26.8 (Yoast SEO v26.8) - https:\/\/yoast.com\/product\/yoast-seo-premium-wordpress\/ -->\n<title>Friskolor popul\u00e4ra i de s\u00e4rskilt utsatta omr\u00e5dena | Almega<\/title>\n<meta name=\"robots\" content=\"index, follow, max-snippet:-1, max-image-preview:large, max-video-preview:-1\" \/>\n<link rel=\"canonical\" href=\"https:\/\/www.almega.se\/2021\/09\/friskolor-populara-i-de-sarskilt-utsatta-omradena\/\" \/>\n<meta property=\"og:locale\" content=\"sv_SE\" \/>\n<meta property=\"og:type\" content=\"article\" \/>\n<meta property=\"og:title\" content=\"Friskolor popul\u00e4ra i de s\u00e4rskilt utsatta omr\u00e5dena\" \/>\n<meta property=\"og:description\" content=\"F\u00f6r\u00e4ldrar i s\u00e4rskilt utsatta omr\u00e5den uppskattar det fria skolvalet. Detta enligt en unders\u00f6kning d\u00e4r Demoskop fr\u00e5gat f\u00f6r\u00e4ldrar i 29 s\u00e4rskilt utsatta omr\u00e5den och som har barn i grundskolan.\" \/>\n<meta property=\"og:url\" content=\"https:\/\/www.almega.se\/2021\/09\/friskolor-populara-i-de-sarskilt-utsatta-omradena\/\" \/>\n<meta property=\"og:site_name\" content=\"Almega\" \/>\n<meta property=\"article:published_time\" content=\"2021-09-10T05:59:00+00:00\" \/>\n<meta property=\"og:image\" content=\"https:\/\/www.almega.se\/app\/uploads\/2020\/12\/almega-share-logo.png\" \/>\n\t<meta property=\"og:image:width\" content=\"1200\" \/>\n\t<meta property=\"og:image:height\" content=\"630\" \/>\n\t<meta property=\"og:image:type\" content=\"image\/png\" \/>\n<meta name=\"author\" content=\"moat\" \/>\n<meta name=\"twitter:card\" content=\"summary_large_image\" \/>\n<meta name=\"twitter:label1\" content=\"Skriven av\" \/>\n\t<meta name=\"twitter:data1\" content=\"moat\" \/>\n\t<meta name=\"twitter:label2\" content=\"Ber\u00e4knad l\u00e4stid\" \/>\n\t<meta name=\"twitter:data2\" content=\"3 minuter\" \/>\n<!-- \/ Yoast SEO Premium plugin. -->","yoast_head_json":{"title":"Friskolor popul\u00e4ra i de s\u00e4rskilt utsatta omr\u00e5dena | Almega","robots":{"index":"index","follow":"follow","max-snippet":"max-snippet:-1","max-image-preview":"max-image-preview:large","max-video-preview":"max-video-preview:-1"},"canonical":"https:\/\/www.almega.se\/2021\/09\/friskolor-populara-i-de-sarskilt-utsatta-omradena\/","og_locale":"sv_SE","og_type":"article","og_title":"Friskolor popul\u00e4ra i de s\u00e4rskilt utsatta omr\u00e5dena","og_description":"F\u00f6r\u00e4ldrar i s\u00e4rskilt utsatta omr\u00e5den uppskattar det fria skolvalet. Detta enligt en unders\u00f6kning d\u00e4r Demoskop fr\u00e5gat f\u00f6r\u00e4ldrar i 29 s\u00e4rskilt utsatta omr\u00e5den och som har barn i grundskolan.","og_url":"https:\/\/www.almega.se\/2021\/09\/friskolor-populara-i-de-sarskilt-utsatta-omradena\/","og_site_name":"Almega","article_published_time":"2021-09-10T05:59:00+00:00","og_image":[{"width":1200,"height":630,"url":"https:\/\/www.almega.se\/app\/uploads\/2020\/12\/almega-share-logo.png","type":"image\/png"}],"author":"moat","twitter_card":"summary_large_image","twitter_misc":{"Skriven av":"moat","Ber\u00e4knad l\u00e4stid":"3 minuter"},"schema":{"@context":"https:\/\/schema.org","@graph":[{"@type":"NewsArticle","@id":"https:\/\/www.almega.se\/2021\/09\/friskolor-populara-i-de-sarskilt-utsatta-omradena\/#article","isPartOf":{"@id":"https:\/\/www.almega.se\/2021\/09\/friskolor-populara-i-de-sarskilt-utsatta-omradena\/"},"author":{"name":"moat","@id":"https:\/\/www.almega.se\/#\/schema\/person\/9e4d7d0abff166be96ada576ca284a77"},"headline":"Friskolor popul\u00e4ra i de s\u00e4rskilt utsatta omr\u00e5dena","datePublished":"2021-09-10T05:59:00+00:00","mainEntityOfPage":{"@id":"https:\/\/www.almega.se\/2021\/09\/friskolor-populara-i-de-sarskilt-utsatta-omradena\/"},"wordCount":511,"keywords":["Valfrihet"],"articleSection":["V\u00e4lf\u00e4rd"],"inLanguage":"sv-SE"},{"@type":"WebPage","@id":"https:\/\/www.almega.se\/2021\/09\/friskolor-populara-i-de-sarskilt-utsatta-omradena\/","url":"https:\/\/www.almega.se\/2021\/09\/friskolor-populara-i-de-sarskilt-utsatta-omradena\/","name":"Friskolor popul\u00e4ra i de s\u00e4rskilt utsatta omr\u00e5dena | Almega","isPartOf":{"@id":"https:\/\/www.almega.se\/#website"},"datePublished":"2021-09-10T05:59:00+00:00","author":{"@id":"https:\/\/www.almega.se\/#\/schema\/person\/9e4d7d0abff166be96ada576ca284a77"},"breadcrumb":{"@id":"https:\/\/www.almega.se\/2021\/09\/friskolor-populara-i-de-sarskilt-utsatta-omradena\/#breadcrumb"},"inLanguage":"sv-SE","potentialAction":[{"@type":"ReadAction","target":["https:\/\/www.almega.se\/2021\/09\/friskolor-populara-i-de-sarskilt-utsatta-omradena\/"]}]},{"@type":"BreadcrumbList","@id":"https:\/\/www.almega.se\/2021\/09\/friskolor-populara-i-de-sarskilt-utsatta-omradena\/#breadcrumb","itemListElement":[{"@type":"ListItem","position":1,"name":"Home","item":"https:\/\/www.almega.se\/"},{"@type":"ListItem","position":2,"name":"Friskolor popul\u00e4ra i de s\u00e4rskilt utsatta omr\u00e5dena"}]},{"@type":"WebSite","@id":"https:\/\/www.almega.se\/#website","url":"https:\/\/www.almega.se\/","name":"Almega","description":"","potentialAction":[{"@type":"SearchAction","target":{"@type":"EntryPoint","urlTemplate":"https:\/\/www.almega.se\/?s={search_term_string}"},"query-input":{"@type":"PropertyValueSpecification","valueRequired":true,"valueName":"search_term_string"}}],"inLanguage":"sv-SE"},{"@type":"Person","@id":"https:\/\/www.almega.se\/#\/schema\/person\/9e4d7d0abff166be96ada576ca284a77","name":"moat","image":{"@type":"ImageObject","inLanguage":"sv-SE","@id":"https:\/\/www.almega.se\/#\/schema\/person\/image\/","url":"https:\/\/secure.gravatar.com\/avatar\/f3aefbf102103714d31ca14074d72cc66619d4b100e6e99b475677d83097fad7?s=96&d=mm&r=g","contentUrl":"https:\/\/secure.gravatar.com\/avatar\/f3aefbf102103714d31ca14074d72cc66619d4b100e6e99b475677d83097fad7?s=96&d=mm&r=g","caption":"moat"},"url":"https:\/\/www.almega.se\/person\/moat\/"}]}},"_links":{"self":[{"href":"https:\/\/www.almega.se\/api\/wp\/v2\/posts\/39332","targetHints":{"allow":["GET"]}}],"collection":[{"href":"https:\/\/www.almega.se\/api\/wp\/v2\/posts"}],"about":[{"href":"https:\/\/www.almega.se\/api\/wp\/v2\/types\/post"}],"author":[{"embeddable":true,"href":"https:\/\/www.almega.se\/api\/wp\/v2\/users\/14826"}],"replies":[{"embeddable":true,"href":"https:\/\/www.almega.se\/api\/wp\/v2\/comments?post=39332"}],"version-history":[{"count":4,"href":"https:\/\/www.almega.se\/api\/wp\/v2\/posts\/39332\/revisions"}],"predecessor-version":[{"id":53911,"href":"https:\/\/www.almega.se\/api\/wp\/v2\/posts\/39332\/revisions\/53911"}],"wp:attachment":[{"href":"https:\/\/www.almega.se\/api\/wp\/v2\/media?parent=39332"}],"wp:term":[{"taxonomy":"category","embeddable":true,"href":"https:\/\/www.almega.se\/api\/wp\/v2\/categories?post=39332"},{"taxonomy":"post_tag","embeddable":true,"href":"https:\/\/www.almega.se\/api\/wp\/v2\/tags?post=39332"},{"taxonomy":"type","embeddable":true,"href":"https:\/\/www.almega.se\/api\/wp\/v2\/article_type?post=39332"},{"taxonomy":"agreement","embeddable":true,"href":"https:\/\/www.almega.se\/api\/wp\/v2\/agreement?post=39332"}],"curies":[{"name":"wp","href":"https:\/\/api.w.org\/{rel}","templated":true}]}}