{"id":39117,"date":"2021-09-10T08:00:54","date_gmt":"2021-09-10T06:00:54","guid":{"rendered":"https:\/\/www.almega.se\/?p=39117"},"modified":"2023-03-27T15:52:46","modified_gmt":"2023-03-27T13:52:46","slug":"rapport-foraldrar-i-utsatta-omraden-gillar-det-fria-skolvalet","status":"publish","type":"post","link":"https:\/\/www.almega.se\/2021\/09\/rapport-foraldrar-i-utsatta-omraden-gillar-det-fria-skolvalet\/","title":{"rendered":"Rapport: F\u00f6r\u00e4ldrar i utsatta omr\u00e5den gillar det fria skolvalet"},"content":{"rendered":"<p class=\"intro\">Inst\u00e4llningen till friskolor och det fria skolvalet \u00e4r positiv i s\u00e4rskilt utsatta omr\u00e5den. Det visar en unders\u00f6kning d\u00e4r Demoskop, p\u00e5 uppdrag av Almega, fr\u00e5gat f\u00f6r\u00e4ldrar till grundskolebarn bosatta i 29 utsatta omr\u00e5den.<\/p>\n\n<p><span style=\"background-color: transparent;font-size: 1rem\">Almega har l\u00e5tit Demoskop genomf\u00f6ra en unders\u00f6kning i de omr\u00e5den runt om i Sverige som \u00e4r klassade som s\u00e4rskilt utsatta*. 500 v\u00e5rdnadshavare till barn i grundskole\u00e5ldern fick svara p\u00e5 fr\u00e5gor om vad de anser om skolvalet och kvaliteten i skolan.<\/span><\/p>\n\n\n\n<p><span style=\"background-color: transparent;font-size: 1rem\">Resultaten visar att f\u00f6r\u00e4ldrar i de s\u00e4rskilt utsatta omr\u00e5dena \u00e4r positiva till friskolor och det fria skolvalet. Det visar sig exempelvis vara vanligare \u00e4n i \u00f6vriga landet att barnen g\u00e5r i en friskola, 19 procent j\u00e4mf\u00f6rt med 15 procent p\u00e5 riksniv\u00e5.<br><\/span><\/p>\n\n\n<a class='Share__link Share__link--url copy-text' href='#' rel='nofollow' data-text='god-kunskap-om-det-fria-skolvalet' title='Dela url' data-confirmation='L\u00e4nken kopierades till urklipp'><svg class='icon icon--link'  width='18' height='18' viewBox='0 0 18 18' fill='none' xmlns='http:\/\/www.w3.org\/2000\/svg'>\n            <path d='M10.4142 0.514721L6.87868 4.05025L8.29289 5.46447L11.1213 2.63604L15.364 6.87868L12.5355 9.70711L13.9497 11.1213L17.4853 7.58579C17.8763 7.19476 17.8763 6.5626 17.4853 6.17158L11.8284 0.514721C11.4374 0.123691 10.8052 0.123691 10.4142 0.514721Z' fill='black'\/>\n            <path d='M9.7071 12.5355L6.87868 15.364L2.63604 11.1213L5.46446 8.2929L4.05025 6.87868L0.514716 10.4142C0.123686 10.8052 0.123686 11.4374 0.514716 11.8284L6.17157 17.4853C6.5626 17.8763 7.19475 17.8763 7.58578 17.4853L11.1213 13.9497L9.7071 12.5355Z' fill='black'\/>\n            <path d='M6.17157 11.8284C6.5626 12.2195 7.19475 12.2195 7.58578 11.8284L11.8284 7.58579C12.2195 7.19476 12.2195 6.56261 11.8284 6.17158C11.4374 5.78055 10.8052 5.78055 10.4142 6.17158L6.17157 10.4142C5.78054 10.8052 5.78054 11.4374 6.17157 11.8284Z' fill='black'\/>\n            <\/svg> <\/a>\n<h2 class=\"wp-block-heading\">God kunskap om det fria skolvalet<\/h2>\n\n\n\n<p><span style=\"background-color: transparent;font-size: 1rem\">Unders\u00f6kningen visar ocks\u00e5 att f\u00f6r\u00e4ldrarna i de s\u00e4rskilt utsatta omr\u00e5dena har god kunskap om den svenska skolan samt att de k\u00e4nner till, anv\u00e4nder sig utav och uppskattar det fria skolvalet. Hela 92 procent av f\u00f6r\u00e4ldrarna vet att de har r\u00e4tt och m\u00f6jlighet att v\u00e4lja skola, 82 procent har ocks\u00e5 valt skola f\u00f6r sina barn och 31 procent har bytt skola utan att flytta. 38 procent har funderat p\u00e5 att byta skola.<\/span><br><br><span style=\"background-color: transparent;font-size: 1rem\">Enligt unders\u00f6kningen tycker f\u00f6r\u00e4ldrarna i de s\u00e4rskilt utsatta omr\u00e5dena ocks\u00e5 att valfriheten har stor betydelse. S\u00e5 stor andel som 88 procent tycker det \u00e4r viktigt att kunna v\u00e4lja skola \u2013 endast tolv procent tycker det \u00e4r oviktigt. En \u00f6verv\u00e4ldigande majoritet av f\u00f6r\u00e4ldrarna l\u00e4gger med andra ord stor vikt vid r\u00e4tten att v\u00e4lja skola.<br><\/span><\/p>\n\n\n<a class='Share__link Share__link--url copy-text' href='#' rel='nofollow' data-text='friskoleforaldrar-mer-positiva' title='Dela url' data-confirmation='L\u00e4nken kopierades till urklipp'><svg class='icon icon--link'  width='18' height='18' viewBox='0 0 18 18' fill='none' xmlns='http:\/\/www.w3.org\/2000\/svg'>\n            <path d='M10.4142 0.514721L6.87868 4.05025L8.29289 5.46447L11.1213 2.63604L15.364 6.87868L12.5355 9.70711L13.9497 11.1213L17.4853 7.58579C17.8763 7.19476 17.8763 6.5626 17.4853 6.17158L11.8284 0.514721C11.4374 0.123691 10.8052 0.123691 10.4142 0.514721Z' fill='black'\/>\n            <path d='M9.7071 12.5355L6.87868 15.364L2.63604 11.1213L5.46446 8.2929L4.05025 6.87868L0.514716 10.4142C0.123686 10.8052 0.123686 11.4374 0.514716 11.8284L6.17157 17.4853C6.5626 17.8763 7.19475 17.8763 7.58578 17.4853L11.1213 13.9497L9.7071 12.5355Z' fill='black'\/>\n            <path d='M6.17157 11.8284C6.5626 12.2195 7.19475 12.2195 7.58578 11.8284L11.8284 7.58579C12.2195 7.19476 12.2195 6.56261 11.8284 6.17158C11.4374 5.78055 10.8052 5.78055 10.4142 6.17158L6.17157 10.4142C5.78054 10.8052 5.78054 11.4374 6.17157 11.8284Z' fill='black'\/>\n            <\/svg> <\/a>\n<h2 class=\"wp-block-heading\">Friskolef\u00f6r\u00e4ldrar mer positiva<\/h2>\n\n\n\n<p><span style=\"background-color: transparent;font-size: 1rem\">Ser man p\u00e5 vilka faktorer som f\u00f6r\u00e4ldrarna tycker \u00e4r viktigast n\u00e4r det g\u00e4ller val av skola till sina barn tycker endast en av hundra att det viktigaste \u00e4r att skolans elever har en bakgrund som liknar det egna barnets. I st\u00e4llet prioriterar f\u00f6r\u00e4ldrarna s\u00e5dant som en h\u00f6g andel beh\u00f6riga l\u00e4rare, en trivsam milj\u00f6 samt att skolan uppvisar goda resultat.<\/span><br><br><span style=\"background-color: transparent;font-size: 1rem\">V\u00e5rdnadshavare bosatta i de s\u00e4rskilt utsatta omr\u00e5dena och med barn i friskolor har \u00f6verlag en positiv uppfattning om friskolor. De tycker exempelvis i h\u00f6gre utstr\u00e4ckning att det egna barnets skola \u00e4r bra. Fyra av tio f\u00f6r\u00e4ldrar med barn i friskolor anser att barnets skola \u00e4r mycket bra, j\u00e4mf\u00f6rt med endast tre av tio f\u00f6r\u00e4ldrar vars barn g\u00e5r i en kommunal skola.<br><\/span><\/p>\n\n\n<a class='Share__link Share__link--url copy-text' href='#' rel='nofollow' data-text='fler-upplever-studiero' title='Dela url' data-confirmation='L\u00e4nken kopierades till urklipp'><svg class='icon icon--link'  width='18' height='18' viewBox='0 0 18 18' fill='none' xmlns='http:\/\/www.w3.org\/2000\/svg'>\n            <path d='M10.4142 0.514721L6.87868 4.05025L8.29289 5.46447L11.1213 2.63604L15.364 6.87868L12.5355 9.70711L13.9497 11.1213L17.4853 7.58579C17.8763 7.19476 17.8763 6.5626 17.4853 6.17158L11.8284 0.514721C11.4374 0.123691 10.8052 0.123691 10.4142 0.514721Z' fill='black'\/>\n            <path d='M9.7071 12.5355L6.87868 15.364L2.63604 11.1213L5.46446 8.2929L4.05025 6.87868L0.514716 10.4142C0.123686 10.8052 0.123686 11.4374 0.514716 11.8284L6.17157 17.4853C6.5626 17.8763 7.19475 17.8763 7.58578 17.4853L11.1213 13.9497L9.7071 12.5355Z' fill='black'\/>\n            <path d='M6.17157 11.8284C6.5626 12.2195 7.19475 12.2195 7.58578 11.8284L11.8284 7.58579C12.2195 7.19476 12.2195 6.56261 11.8284 6.17158C11.4374 5.78055 10.8052 5.78055 10.4142 6.17158L6.17157 10.4142C5.78054 10.8052 5.78054 11.4374 6.17157 11.8284Z' fill='black'\/>\n            <\/svg> <\/a>\n<h2 class=\"wp-block-heading\">Fler upplever studiero<\/h2>\n\n\n\n<p><span style=\"background-color: transparent;font-size: 1rem\">Unders\u00f6kningen visar ocks\u00e5 att friskolef\u00f6r\u00e4ldrarna \u00e4r mer ben\u00e4gna att rekommendera barnets skola till andra. 92 procent av f\u00f6r\u00e4ldrarna i de s\u00e4rskilt utsatta omr\u00e5dena skulle rekommendera sitt barns friskola, vilken kan j\u00e4mf\u00f6ras med 82 procent bland f\u00f6r\u00e4ldrar med barn i kommunal skola. I Skolinspektionens stora skolenk\u00e4t fr\u00e5n 2020, som t\u00e4cker hela befolkningen, svarade 79 procent att de skulle rekommendera sitt barns skola.<\/span><br><br><span style=\"background-color: transparent;font-size: 1rem\">J\u00e4mf\u00f6relsen med Skolenk\u00e4ten \u00e4r intressant \u00e4ven ur andra perspektiv. 86 procent av friskolef\u00f6r\u00e4ldrarna i de s\u00e4rskilt utsatta omr\u00e5dena anser att barnet har studiero i skolan, j\u00e4mf\u00f6rt med endast 63 procent i Skolinspektionens enk\u00e4t.<\/span><\/p>\n\n\n\n<p><span style=\"background-color: transparent;font-size: 1rem\"><em>* Enligt Polisen \u00e4r 22 omr\u00e5den i Sverige klassade som s\u00e4rskilt utsatta. De 29 omr\u00e5den som Demoskops\/Almegas unders\u00f6kning omfattar utg\u00f6rs av dessa, eller av mindre omr\u00e5den inom dessa, d\u00e4rav 29 omr\u00e5den.<\/em><\/span><\/p>\n\n\n\n<p><a href=\"https:\/\/www.almega.se\/app\/uploads\/2021\/09\/foraldrar-i-utanforskapsomraden-gillar-fria-skolvalet.pdf\" target=\"_blank\" rel=\"noreferrer noopener\">Ladda ned rapporten h\u00e4r<\/a>.<\/p>\n","protected":false},"excerpt":{"rendered":"<p>Almega har l\u00e5tit Demoskop genomf\u00f6ra en unders\u00f6kning i de omr\u00e5den runt om i Sverige som \u00e4r klassade som s\u00e4rskilt utsatta*. 500 v\u00e5rdnadshavare till barn i grundskole\u00e5ldern fick svara p\u00e5 fr\u00e5gor om vad de anser om &hellip;<\/p>\n","protected":false},"author":6356,"featured_media":39124,"comment_status":"closed","ping_status":"closed","sticky":false,"template":"","format":"standard","meta":{"_acf_changed":false,"footnotes":""},"categories":[46],"tags":[45],"article_type":[55,56,42],"agreement":[],"class_list":["post-39117","post","type-post","status-publish","format-standard","has-post-thumbnail","hentry","category-valfard","tag-valfrihet","type-artiklar","type-nyheter","type-rapporter"],"acf":[],"yoast_head":"<!-- This site is optimized with the Yoast SEO Premium plugin v26.8 (Yoast SEO v26.8) - https:\/\/yoast.com\/product\/yoast-seo-premium-wordpress\/ -->\n<title>Rapport: F\u00f6r\u00e4ldrar i utsatta omr\u00e5den gillar det fria skolvalet<\/title>\n<meta name=\"description\" content=\"F\u00f6r\u00e4ldrar i s\u00e4rskilt utsatta omr\u00e5den har god kunskap om den svenska skolan samt uppskattar det fria skolvalet visar Almegas rapport.\" \/>\n<meta name=\"robots\" content=\"index, follow, max-snippet:-1, max-image-preview:large, max-video-preview:-1\" \/>\n<link rel=\"canonical\" href=\"https:\/\/www.almega.se\/2021\/09\/rapport-foraldrar-i-utsatta-omraden-gillar-det-fria-skolvalet\/\" \/>\n<meta property=\"og:locale\" content=\"sv_SE\" \/>\n<meta property=\"og:type\" content=\"article\" \/>\n<meta property=\"og:title\" content=\"Rapport: F\u00f6r\u00e4ldrar i utsatta omr\u00e5den gillar det fria skolvalet\" \/>\n<meta property=\"og:description\" content=\"F\u00f6r\u00e4ldrar i s\u00e4rskilt utsatta omr\u00e5den har god kunskap om den svenska skolan samt uppskattar det fria skolvalet visar Almegas rapport.\" \/>\n<meta property=\"og:url\" content=\"https:\/\/www.almega.se\/2021\/09\/rapport-foraldrar-i-utsatta-omraden-gillar-det-fria-skolvalet\/\" \/>\n<meta property=\"og:site_name\" content=\"Almega\" \/>\n<meta property=\"article:published_time\" content=\"2021-09-10T06:00:54+00:00\" \/>\n<meta property=\"article:modified_time\" content=\"2023-03-27T13:52:46+00:00\" \/>\n<meta property=\"og:image\" content=\"https:\/\/www.almega.se\/app\/uploads\/2021\/09\/gettyimages-1214950005-scaled.jpg\" \/>\n\t<meta property=\"og:image:width\" content=\"2560\" \/>\n\t<meta property=\"og:image:height\" content=\"1707\" \/>\n\t<meta property=\"og:image:type\" content=\"image\/jpeg\" \/>\n<meta name=\"author\" content=\"Erik Juhlin\" \/>\n<meta name=\"twitter:card\" content=\"summary_large_image\" \/>\n<meta name=\"twitter:label1\" content=\"Skriven av\" \/>\n\t<meta name=\"twitter:data1\" content=\"Erik Juhlin\" \/>\n\t<meta name=\"twitter:label2\" content=\"Ber\u00e4knad l\u00e4stid\" \/>\n\t<meta name=\"twitter:data2\" content=\"3 minuter\" \/>\n<!-- \/ Yoast SEO Premium plugin. -->","yoast_head_json":{"title":"Rapport: F\u00f6r\u00e4ldrar i utsatta omr\u00e5den gillar det fria skolvalet","description":"F\u00f6r\u00e4ldrar i s\u00e4rskilt utsatta omr\u00e5den har god kunskap om den svenska skolan samt uppskattar det fria skolvalet visar Almegas rapport.","robots":{"index":"index","follow":"follow","max-snippet":"max-snippet:-1","max-image-preview":"max-image-preview:large","max-video-preview":"max-video-preview:-1"},"canonical":"https:\/\/www.almega.se\/2021\/09\/rapport-foraldrar-i-utsatta-omraden-gillar-det-fria-skolvalet\/","og_locale":"sv_SE","og_type":"article","og_title":"Rapport: F\u00f6r\u00e4ldrar i utsatta omr\u00e5den gillar det fria skolvalet","og_description":"F\u00f6r\u00e4ldrar i s\u00e4rskilt utsatta omr\u00e5den har god kunskap om den svenska skolan samt uppskattar det fria skolvalet visar Almegas rapport.","og_url":"https:\/\/www.almega.se\/2021\/09\/rapport-foraldrar-i-utsatta-omraden-gillar-det-fria-skolvalet\/","og_site_name":"Almega","article_published_time":"2021-09-10T06:00:54+00:00","article_modified_time":"2023-03-27T13:52:46+00:00","og_image":[{"width":2560,"height":1707,"url":"https:\/\/www.almega.se\/app\/uploads\/2021\/09\/gettyimages-1214950005-scaled.jpg","type":"image\/jpeg"}],"author":"Erik Juhlin","twitter_card":"summary_large_image","twitter_misc":{"Skriven av":"Erik Juhlin","Ber\u00e4knad l\u00e4stid":"3 minuter"},"schema":{"@context":"https:\/\/schema.org","@graph":[{"@type":"NewsArticle","@id":"https:\/\/www.almega.se\/2021\/09\/rapport-foraldrar-i-utsatta-omraden-gillar-det-fria-skolvalet\/#article","isPartOf":{"@id":"https:\/\/www.almega.se\/2021\/09\/rapport-foraldrar-i-utsatta-omraden-gillar-det-fria-skolvalet\/"},"author":{"name":"Erik Juhlin","@id":"https:\/\/www.almega.se\/#\/schema\/person\/3c181ea7ead5ab7b14c61584637720f5"},"headline":"Rapport: F\u00f6r\u00e4ldrar i utsatta omr\u00e5den gillar det fria skolvalet","datePublished":"2021-09-10T06:00:54+00:00","dateModified":"2023-03-27T13:52:46+00:00","mainEntityOfPage":{"@id":"https:\/\/www.almega.se\/2021\/09\/rapport-foraldrar-i-utsatta-omraden-gillar-det-fria-skolvalet\/"},"wordCount":559,"image":{"@id":"https:\/\/www.almega.se\/2021\/09\/rapport-foraldrar-i-utsatta-omraden-gillar-det-fria-skolvalet\/#primaryimage"},"thumbnailUrl":"https:\/\/www.almega.se\/app\/uploads\/2021\/09\/gettyimages-1214950005-scaled.jpg","keywords":["Valfrihet"],"articleSection":["V\u00e4lf\u00e4rd"],"inLanguage":"sv-SE"},{"@type":"WebPage","@id":"https:\/\/www.almega.se\/2021\/09\/rapport-foraldrar-i-utsatta-omraden-gillar-det-fria-skolvalet\/","url":"https:\/\/www.almega.se\/2021\/09\/rapport-foraldrar-i-utsatta-omraden-gillar-det-fria-skolvalet\/","name":"Rapport: F\u00f6r\u00e4ldrar i utsatta omr\u00e5den gillar det fria skolvalet","isPartOf":{"@id":"https:\/\/www.almega.se\/#website"},"primaryImageOfPage":{"@id":"https:\/\/www.almega.se\/2021\/09\/rapport-foraldrar-i-utsatta-omraden-gillar-det-fria-skolvalet\/#primaryimage"},"image":{"@id":"https:\/\/www.almega.se\/2021\/09\/rapport-foraldrar-i-utsatta-omraden-gillar-det-fria-skolvalet\/#primaryimage"},"thumbnailUrl":"https:\/\/www.almega.se\/app\/uploads\/2021\/09\/gettyimages-1214950005-scaled.jpg","datePublished":"2021-09-10T06:00:54+00:00","dateModified":"2023-03-27T13:52:46+00:00","author":{"@id":"https:\/\/www.almega.se\/#\/schema\/person\/3c181ea7ead5ab7b14c61584637720f5"},"description":"F\u00f6r\u00e4ldrar i s\u00e4rskilt utsatta omr\u00e5den har god kunskap om den svenska skolan samt uppskattar det fria skolvalet visar Almegas rapport.","breadcrumb":{"@id":"https:\/\/www.almega.se\/2021\/09\/rapport-foraldrar-i-utsatta-omraden-gillar-det-fria-skolvalet\/#breadcrumb"},"inLanguage":"sv-SE","potentialAction":[{"@type":"ReadAction","target":["https:\/\/www.almega.se\/2021\/09\/rapport-foraldrar-i-utsatta-omraden-gillar-det-fria-skolvalet\/"]}]},{"@type":"ImageObject","inLanguage":"sv-SE","@id":"https:\/\/www.almega.se\/2021\/09\/rapport-foraldrar-i-utsatta-omraden-gillar-det-fria-skolvalet\/#primaryimage","url":"https:\/\/www.almega.se\/app\/uploads\/2021\/09\/gettyimages-1214950005-scaled.jpg","contentUrl":"https:\/\/www.almega.se\/app\/uploads\/2021\/09\/gettyimages-1214950005-scaled.jpg","width":2560,"height":1707},{"@type":"BreadcrumbList","@id":"https:\/\/www.almega.se\/2021\/09\/rapport-foraldrar-i-utsatta-omraden-gillar-det-fria-skolvalet\/#breadcrumb","itemListElement":[{"@type":"ListItem","position":1,"name":"Home","item":"https:\/\/www.almega.se\/"},{"@type":"ListItem","position":2,"name":"Rapport: F\u00f6r\u00e4ldrar i utsatta omr\u00e5den gillar det fria skolvalet"}]},{"@type":"WebSite","@id":"https:\/\/www.almega.se\/#website","url":"https:\/\/www.almega.se\/","name":"Almega","description":"","potentialAction":[{"@type":"SearchAction","target":{"@type":"EntryPoint","urlTemplate":"https:\/\/www.almega.se\/?s={search_term_string}"},"query-input":{"@type":"PropertyValueSpecification","valueRequired":true,"valueName":"search_term_string"}}],"inLanguage":"sv-SE"},{"@type":"Person","@id":"https:\/\/www.almega.se\/#\/schema\/person\/3c181ea7ead5ab7b14c61584637720f5","name":"Erik Juhlin","image":{"@type":"ImageObject","inLanguage":"sv-SE","@id":"https:\/\/www.almega.se\/#\/schema\/person\/image\/","url":"https:\/\/secure.gravatar.com\/avatar\/ef0e97454357041724f27ea1630fa5bf78b30eea6fc56998e6a03142ad5b1370?s=96&d=mm&r=g","contentUrl":"https:\/\/secure.gravatar.com\/avatar\/ef0e97454357041724f27ea1630fa5bf78b30eea6fc56998e6a03142ad5b1370?s=96&d=mm&r=g","caption":"Erik Juhlin"},"url":"https:\/\/www.almega.se\/person\/erikjuhlin\/"}]}},"_links":{"self":[{"href":"https:\/\/www.almega.se\/api\/wp\/v2\/posts\/39117","targetHints":{"allow":["GET"]}}],"collection":[{"href":"https:\/\/www.almega.se\/api\/wp\/v2\/posts"}],"about":[{"href":"https:\/\/www.almega.se\/api\/wp\/v2\/types\/post"}],"author":[{"embeddable":true,"href":"https:\/\/www.almega.se\/api\/wp\/v2\/users\/6356"}],"replies":[{"embeddable":true,"href":"https:\/\/www.almega.se\/api\/wp\/v2\/comments?post=39117"}],"version-history":[{"count":6,"href":"https:\/\/www.almega.se\/api\/wp\/v2\/posts\/39117\/revisions"}],"predecessor-version":[{"id":53902,"href":"https:\/\/www.almega.se\/api\/wp\/v2\/posts\/39117\/revisions\/53902"}],"wp:featuredmedia":[{"embeddable":true,"href":"https:\/\/www.almega.se\/api\/wp\/v2\/media\/39124"}],"wp:attachment":[{"href":"https:\/\/www.almega.se\/api\/wp\/v2\/media?parent=39117"}],"wp:term":[{"taxonomy":"category","embeddable":true,"href":"https:\/\/www.almega.se\/api\/wp\/v2\/categories?post=39117"},{"taxonomy":"post_tag","embeddable":true,"href":"https:\/\/www.almega.se\/api\/wp\/v2\/tags?post=39117"},{"taxonomy":"type","embeddable":true,"href":"https:\/\/www.almega.se\/api\/wp\/v2\/article_type?post=39117"},{"taxonomy":"agreement","embeddable":true,"href":"https:\/\/www.almega.se\/api\/wp\/v2\/agreement?post=39117"}],"curies":[{"name":"wp","href":"https:\/\/api.w.org\/{rel}","templated":true}]}}