{"id":38185,"date":"2021-08-12T11:50:32","date_gmt":"2021-08-12T09:50:32","guid":{"rendered":"https:\/\/www.almega.se\/2021\/08\/almegas-vd-positivt-att-omstallningsstodet-forlangs\/"},"modified":"2021-08-12T11:50:32","modified_gmt":"2021-08-12T09:50:32","slug":"almegas-vd-positivt-att-omstallningsstodet-forlangs","status":"publish","type":"post","link":"https:\/\/www.almega.se\/2021\/08\/almegas-vd-positivt-att-omstallningsstodet-forlangs\/","title":{"rendered":"Almegas vd: \u201dPositivt att omst\u00e4llnings&shy;st\u00f6det f\u00f6rl\u00e4ngs\u201d"},"content":{"rendered":"<p class=\"intro\">Det f\u00f6rst\u00e4rkta omst\u00e4llningsst\u00f6det till coronadrabbade f\u00f6retag f\u00f6rl\u00e4ngs med tio m\u00e5nader. Positivt, enligt Almegas vd Thomas Ers\u00e9us, som nu efterlyser att \u00e4ven \u00e5terbetalningstiden f\u00f6r skatteanst\u00e5nden f\u00f6rl\u00e4ngs.<\/p>\n\n<p>\u2013 F\u00f6r m\u00e5nga f\u00f6retag inom exempelvis resor, friskv\u00e5rd, m\u00e4ssor, t\u00e5g och flyg \u00e4r det givetvis gl\u00e4djande att det f\u00f6rst\u00e4rkta omst\u00e4llningsst\u00f6det f\u00f6rl\u00e4ngs. Restriktionerna har i praktiken belagt dessa f\u00f6retag med n\u00e4ringsf\u00f6rbud, s\u00e4ger Thomas Ers\u00e9us, vd p\u00e5 Almega.<\/p>\n\n\n\n<p>Det f\u00f6rst\u00e4rkta omst\u00e4llningsst\u00f6det v\u00e4nder sig till f\u00f6retag som drabbats s\u00e4rskilt av de restriktioner som inf\u00f6rts med anledningen av p\u00e5g\u00e5ende pandemi. Ett krav fr\u00e5n EU f\u00f6r att godk\u00e4nna f\u00f6rl\u00e4ngningen var dock att taket f\u00f6r st\u00f6det s\u00e4nks, fr\u00e5n 75 miljoner till 40 miljoner kronor per f\u00f6retag och m\u00e5nad.<\/p>\n\n\n\n<p>Ytterligare ett \u00f6verh\u00e4ngande hot mot krisande f\u00f6retag \u00e4r \u00e5terbetalningen av de tillf\u00e4lliga anst\u00e5nden f\u00f6r moms- och skatteinbetalningar som rycker allt n\u00e4rmare. Till Ekot s\u00e4ger finansminister Magdalena Andersson (S) dock att regeringen ser \u00f6ver m\u00f6jligheten att f\u00f6rl\u00e4nga betalningstiden som nu \u00e4r satt till 12 mars n\u00e4sta \u00e5r.<\/p>\n\n\n\n<p>\u2013 F\u00f6r de f\u00f6retag som fortfarande befinner sig i krisl\u00e4ge kommer det bli extremt tufft att betala tillbaka anst\u00e5nden s\u00e5 tidigt. Utan en f\u00f6rl\u00e4ngning riskerar vi att f\u00e5 en konkursv\u00e5g i vad som&nbsp;f\u00f6rhoppningsvis \u00e4r pandemins absoluta slutskede. Att finansministern har uppfattat problematiken \u00e4r bra, men nu m\u00e5ste det presenteras konkreta \u00e5tg\u00e4rder, s\u00e4ger Thomas Ers\u00e9us.<\/p>\n\n\n\n<p>Det tillf\u00e4lliga anst\u00e5ndet har utnyttjats av drygt 50 000 f\u00f6retag och omfattar sammanlagt 51 miljarder kronor.<\/p>\n","protected":false},"excerpt":{"rendered":"<p>Det f\u00f6rst\u00e4rkta omst\u00e4llningsst\u00f6det till coronadrabbade f\u00f6retag f\u00f6rl\u00e4ngs med tio m\u00e5nader. Positivt, enligt Almegas vd Thomas Ers\u00e9us, som nu efterlyser att \u00e4ven \u00e5terbetalningstiden f\u00f6r skatteanst\u00e5nden f\u00f6rl\u00e4ngs.<\/p>\n","protected":false},"author":14826,"featured_media":0,"comment_status":"closed","ping_status":"closed","sticky":false,"template":"","format":"standard","meta":{"_acf_changed":false,"footnotes":""},"categories":[64],"tags":[486,488],"article_type":[93],"agreement":[],"class_list":["post-38185","post","type-post","status-publish","format-standard","hentry","category-arbetsmarknad","tag-covid-19","tag-korttidspermittering","type-pressmeddelanden"],"acf":[],"yoast_head":"<!-- This site is optimized with the Yoast SEO Premium plugin v26.8 (Yoast SEO v26.8) - https:\/\/yoast.com\/product\/yoast-seo-premium-wordpress\/ -->\n<title>Almegas vd: \u201dPositivt att omst\u00e4llningsst\u00f6det f\u00f6rl\u00e4ngs\u201d | Almega<\/title>\n<meta name=\"robots\" content=\"index, follow, max-snippet:-1, max-image-preview:large, max-video-preview:-1\" \/>\n<link rel=\"canonical\" href=\"https:\/\/www.almega.se\/2021\/08\/almegas-vd-positivt-att-omstallningsstodet-forlangs\/\" \/>\n<meta property=\"og:locale\" content=\"sv_SE\" \/>\n<meta property=\"og:type\" content=\"article\" \/>\n<meta property=\"og:title\" content=\"Almegas vd: \u201dPositivt att omst\u00e4llningsst\u00f6det f\u00f6rl\u00e4ngs\u201d\" \/>\n<meta property=\"og:description\" content=\"Det f\u00f6rst\u00e4rkta omst\u00e4llningsst\u00f6det till coronadrabbade f\u00f6retag f\u00f6rl\u00e4ngs med tio m\u00e5nader. Positivt, enligt Almegas vd Thomas Ers\u00e9us, som nu efterlyser att \u00e4ven \u00e5terbetalningstiden f\u00f6r skatteanst\u00e5nden f\u00f6rl\u00e4ngs.\" \/>\n<meta property=\"og:url\" content=\"https:\/\/www.almega.se\/2021\/08\/almegas-vd-positivt-att-omstallningsstodet-forlangs\/\" \/>\n<meta property=\"og:site_name\" content=\"Almega\" \/>\n<meta property=\"article:published_time\" content=\"2021-08-12T09:50:32+00:00\" \/>\n<meta property=\"og:image\" content=\"https:\/\/www.almega.se\/app\/uploads\/2020\/12\/almega-share-logo.png\" \/>\n\t<meta property=\"og:image:width\" content=\"1200\" \/>\n\t<meta property=\"og:image:height\" content=\"630\" \/>\n\t<meta property=\"og:image:type\" content=\"image\/png\" \/>\n<meta name=\"author\" content=\"moat\" \/>\n<meta name=\"twitter:card\" content=\"summary_large_image\" \/>\n<meta name=\"twitter:label1\" content=\"Skriven av\" \/>\n\t<meta name=\"twitter:data1\" content=\"moat\" \/>\n\t<meta name=\"twitter:label2\" content=\"Ber\u00e4knad l\u00e4stid\" \/>\n\t<meta name=\"twitter:data2\" content=\"1 minut\" \/>\n<!-- \/ Yoast SEO Premium plugin. -->","yoast_head_json":{"title":"Almegas vd: \u201dPositivt att omst\u00e4llningsst\u00f6det f\u00f6rl\u00e4ngs\u201d | Almega","robots":{"index":"index","follow":"follow","max-snippet":"max-snippet:-1","max-image-preview":"max-image-preview:large","max-video-preview":"max-video-preview:-1"},"canonical":"https:\/\/www.almega.se\/2021\/08\/almegas-vd-positivt-att-omstallningsstodet-forlangs\/","og_locale":"sv_SE","og_type":"article","og_title":"Almegas vd: \u201dPositivt att omst\u00e4llningsst\u00f6det f\u00f6rl\u00e4ngs\u201d","og_description":"Det f\u00f6rst\u00e4rkta omst\u00e4llningsst\u00f6det till coronadrabbade f\u00f6retag f\u00f6rl\u00e4ngs med tio m\u00e5nader. Positivt, enligt Almegas vd Thomas Ers\u00e9us, som nu efterlyser att \u00e4ven \u00e5terbetalningstiden f\u00f6r skatteanst\u00e5nden f\u00f6rl\u00e4ngs.","og_url":"https:\/\/www.almega.se\/2021\/08\/almegas-vd-positivt-att-omstallningsstodet-forlangs\/","og_site_name":"Almega","article_published_time":"2021-08-12T09:50:32+00:00","og_image":[{"width":1200,"height":630,"url":"https:\/\/www.almega.se\/app\/uploads\/2020\/12\/almega-share-logo.png","type":"image\/png"}],"author":"moat","twitter_card":"summary_large_image","twitter_misc":{"Skriven av":"moat","Ber\u00e4knad l\u00e4stid":"1 minut"},"schema":{"@context":"https:\/\/schema.org","@graph":[{"@type":"NewsArticle","@id":"https:\/\/www.almega.se\/2021\/08\/almegas-vd-positivt-att-omstallningsstodet-forlangs\/#article","isPartOf":{"@id":"https:\/\/www.almega.se\/2021\/08\/almegas-vd-positivt-att-omstallningsstodet-forlangs\/"},"author":{"name":"moat","@id":"https:\/\/www.almega.se\/#\/schema\/person\/9e4d7d0abff166be96ada576ca284a77"},"headline":"Almegas vd: \u201dPositivt att omst\u00e4llnings&shy;st\u00f6det f\u00f6rl\u00e4ngs\u201d","datePublished":"2021-08-12T09:50:32+00:00","mainEntityOfPage":{"@id":"https:\/\/www.almega.se\/2021\/08\/almegas-vd-positivt-att-omstallningsstodet-forlangs\/"},"wordCount":267,"keywords":["covid -19","Korttidspermittering"],"articleSection":["Arbetsmarknad"],"inLanguage":"sv-SE"},{"@type":"WebPage","@id":"https:\/\/www.almega.se\/2021\/08\/almegas-vd-positivt-att-omstallningsstodet-forlangs\/","url":"https:\/\/www.almega.se\/2021\/08\/almegas-vd-positivt-att-omstallningsstodet-forlangs\/","name":"Almegas vd: \u201dPositivt att omst\u00e4llningsst\u00f6det f\u00f6rl\u00e4ngs\u201d | Almega","isPartOf":{"@id":"https:\/\/www.almega.se\/#website"},"datePublished":"2021-08-12T09:50:32+00:00","author":{"@id":"https:\/\/www.almega.se\/#\/schema\/person\/9e4d7d0abff166be96ada576ca284a77"},"breadcrumb":{"@id":"https:\/\/www.almega.se\/2021\/08\/almegas-vd-positivt-att-omstallningsstodet-forlangs\/#breadcrumb"},"inLanguage":"sv-SE","potentialAction":[{"@type":"ReadAction","target":["https:\/\/www.almega.se\/2021\/08\/almegas-vd-positivt-att-omstallningsstodet-forlangs\/"]}]},{"@type":"BreadcrumbList","@id":"https:\/\/www.almega.se\/2021\/08\/almegas-vd-positivt-att-omstallningsstodet-forlangs\/#breadcrumb","itemListElement":[{"@type":"ListItem","position":1,"name":"Home","item":"https:\/\/www.almega.se\/"},{"@type":"ListItem","position":2,"name":"Almegas vd: \u201dPositivt att omst\u00e4llnings&shy;st\u00f6det f\u00f6rl\u00e4ngs\u201d"}]},{"@type":"WebSite","@id":"https:\/\/www.almega.se\/#website","url":"https:\/\/www.almega.se\/","name":"Almega","description":"","potentialAction":[{"@type":"SearchAction","target":{"@type":"EntryPoint","urlTemplate":"https:\/\/www.almega.se\/?s={search_term_string}"},"query-input":{"@type":"PropertyValueSpecification","valueRequired":true,"valueName":"search_term_string"}}],"inLanguage":"sv-SE"},{"@type":"Person","@id":"https:\/\/www.almega.se\/#\/schema\/person\/9e4d7d0abff166be96ada576ca284a77","name":"moat","image":{"@type":"ImageObject","inLanguage":"sv-SE","@id":"https:\/\/www.almega.se\/#\/schema\/person\/image\/","url":"https:\/\/secure.gravatar.com\/avatar\/f3aefbf102103714d31ca14074d72cc66619d4b100e6e99b475677d83097fad7?s=96&d=mm&r=g","contentUrl":"https:\/\/secure.gravatar.com\/avatar\/f3aefbf102103714d31ca14074d72cc66619d4b100e6e99b475677d83097fad7?s=96&d=mm&r=g","caption":"moat"},"url":"https:\/\/www.almega.se\/person\/moat\/"}]}},"_links":{"self":[{"href":"https:\/\/www.almega.se\/api\/wp\/v2\/posts\/38185","targetHints":{"allow":["GET"]}}],"collection":[{"href":"https:\/\/www.almega.se\/api\/wp\/v2\/posts"}],"about":[{"href":"https:\/\/www.almega.se\/api\/wp\/v2\/types\/post"}],"author":[{"embeddable":true,"href":"https:\/\/www.almega.se\/api\/wp\/v2\/users\/14826"}],"replies":[{"embeddable":true,"href":"https:\/\/www.almega.se\/api\/wp\/v2\/comments?post=38185"}],"version-history":[{"count":2,"href":"https:\/\/www.almega.se\/api\/wp\/v2\/posts\/38185\/revisions"}],"predecessor-version":[{"id":53782,"href":"https:\/\/www.almega.se\/api\/wp\/v2\/posts\/38185\/revisions\/53782"}],"wp:attachment":[{"href":"https:\/\/www.almega.se\/api\/wp\/v2\/media?parent=38185"}],"wp:term":[{"taxonomy":"category","embeddable":true,"href":"https:\/\/www.almega.se\/api\/wp\/v2\/categories?post=38185"},{"taxonomy":"post_tag","embeddable":true,"href":"https:\/\/www.almega.se\/api\/wp\/v2\/tags?post=38185"},{"taxonomy":"type","embeddable":true,"href":"https:\/\/www.almega.se\/api\/wp\/v2\/article_type?post=38185"},{"taxonomy":"agreement","embeddable":true,"href":"https:\/\/www.almega.se\/api\/wp\/v2\/agreement?post=38185"}],"curies":[{"name":"wp","href":"https:\/\/api.w.org\/{rel}","templated":true}]}}