{"id":37472,"date":"2021-07-07T14:15:00","date_gmt":"2021-07-07T12:15:00","guid":{"rendered":"https:\/\/www.almega.se\/2021\/07\/ny-rapport-arbetsgivaravgifter-gor-svenskt-arbete-dyrt\/"},"modified":"2021-07-07T14:15:00","modified_gmt":"2021-07-07T12:15:00","slug":"ny-rapport-arbetsgivaravgifter-gor-svenskt-arbete-dyrt","status":"publish","type":"post","link":"https:\/\/www.almega.se\/2021\/07\/ny-rapport-arbetsgivaravgifter-gor-svenskt-arbete-dyrt\/","title":{"rendered":"Ny rapport: Arbetsgivaravgifter g\u00f6r svenskt arbete dyrt"},"content":{"rendered":"<p class=\"intro\">Det \u00e4r arbetsgivaravgifterna, inte l\u00f6nerna, som g\u00f6r att kostnaderna f\u00f6r arbetskraften i den svenska tj\u00e4nstesektorn \u00e4r bland de h\u00f6gsta i Europa. F\u00e4rsk statistik \u00f6ver l\u00f6ner och l\u00f6neskatter i Europa visar att de svenska arbetsgivaravgifterna ligger l\u00e5ngt \u00f6ver Europas genomsnitt.<\/p>\n\n<p>De svenska arbetsgivaravgifterna har n\u00e4stan tiofaldigats sedan de inf\u00f6rdes 1960. Fr\u00e5n b\u00f6rjan anv\u00e4ndes de enbart f\u00f6r att finansiera individuella sociala f\u00f6rm\u00e5ner f\u00f6r den anst\u00e4llde. Med tiden har dock skattedelen av avgiften vuxit. Idag \u00e4r drygt en tredjedel av arbetsgivaravgiften en ren skatt p\u00e5 arbete.<\/p>\n\n\n\n<p>\u2013 Sverige har l\u00e4nge haft bland de h\u00f6gsta arbetskraftskostnaderna i Europa. V\u00e5r nya rapport visar att de svenska arbetskraftskostnaderna ifjol var 46 procent h\u00f6gre \u00e4n genomsnittet i Europa. Kostnaderna var 18 procent h\u00f6gre \u00e4n i Nederl\u00e4nderna, 17 procent h\u00f6gre \u00e4n i Finland och 16 procent h\u00f6gre \u00e4n i Tyskland, s\u00e4ger Patrick Joyce, chefekonom p\u00e5 Almega.<\/p>\n\n\n\n<p>H\u00f6gl\u00f6nel\u00e4nder som Danmark, Norge och Luxemburg toppar listan \u00f6ver arbetskraftskostnader i tj\u00e4nstesektorn medan l\u00e4nderna i s\u00f6dra och \u00f6stra Europa har de l\u00e4gsta kostnaderna. I Litauen var timkostnaden f\u00f6r arbetskraften i tj\u00e4nstesektorn i bara en fj\u00e4rdedel av den svenska<\/p>\n\n\n\n<p>J\u00e4mf\u00f6r man ist\u00e4llet l\u00f6nerna i den privata tj\u00e4nstesektorn i Sverige med \u00f6vriga l\u00e4nder i Europa ligger Sverige inte l\u00e4ngre lika h\u00f6gt.<\/p>\n\n\n\n<p>\u2013 F\u00f6rklaringen till de h\u00f6ga arbetskraftskostnaderna \u00e4r inte fr\u00e4mst v\u00e5ra l\u00f6ner utan de h\u00f6ga svenska arbetsgivaravgifterna som \u00e4r de sj\u00e4tte h\u00f6gsta i Europa. De svenska arbetsgivaravgifterna \u00e4r 31,4 procent av l\u00f6nesumman vilket ska j\u00e4mf\u00f6ras med genomsnittet i Europa p\u00e5 20,6 procent, s\u00e4ger Patrick Joyce.<\/p>\n\n\n\n<p>Enligt en <a href=\"https:\/\/www.almega.se\/2021\/03\/ny-rapport-sa-skapar-vi-over-100-000-nya-jobb-2\/\">tidigare&nbsp;rapport<\/a>&nbsp;fr\u00e5n Handelns Utredningsinstitut (HUI) skulle en s\u00e4nkning av arbetsgivaravgiften med tre procentenheter skapa 107 000 nya jobb i n\u00e4ringslivet, varav 69 000 inom den privata tj\u00e4nstesektorn.<\/p>\n\n\n\n<p>L\u00e4s hela rapporten <a href=\"https:\/\/via.tt.se\/data\/attachments\/00228\/8b7e6337-a7cd-40d8-9956-856c9c7ec2da.pdf\" target=\"_blank\" rel=\"noreferrer noopener\"><em>Arbetsgivaravgifter g\u00f6r svenskt arbete dyrt<\/em><\/a>. <\/p>\n\n\n\n<p><a href=\"https:\/\/via.tt.se\/data\/attachments\/00228\/8b7e6337-a7cd-40d8-9956-856c9c7ec2da.pdf\"><\/a><\/p>\n","protected":false},"excerpt":{"rendered":"<p>Det \u00e4r arbetsgivaravgifterna, inte l\u00f6nerna, som g\u00f6r att kostnaderna f\u00f6r arbetskraften i den svenska tj\u00e4nstesektorn \u00e4r bland de h\u00f6gsta i Europa. F\u00e4rsk statistik \u00f6ver l\u00f6ner och l\u00f6neskatter i Europa visar att de svenska arbetsgivaravgifterna ligger l\u00e5ngt \u00f6ver Europas genomsnitt.<\/p>\n","protected":false},"author":14826,"featured_media":0,"comment_status":"closed","ping_status":"closed","sticky":false,"template":"","format":"standard","meta":{"_acf_changed":false,"footnotes":""},"categories":[57],"tags":[422],"article_type":[93,42],"agreement":[],"class_list":["post-37472","post","type-post","status-publish","format-standard","hentry","category-skatter","tag-arbetsgivaravgift","type-pressmeddelanden","type-rapporter"],"acf":[],"yoast_head":"<!-- This site is optimized with the Yoast SEO Premium plugin v26.8 (Yoast SEO v26.8) - https:\/\/yoast.com\/product\/yoast-seo-premium-wordpress\/ -->\n<title>Ny rapport: Arbetsgivaravgifter g\u00f6r svenskt arbete dyrt | Almega<\/title>\n<meta name=\"robots\" content=\"index, follow, max-snippet:-1, max-image-preview:large, max-video-preview:-1\" \/>\n<link rel=\"canonical\" href=\"https:\/\/www.almega.se\/2021\/07\/ny-rapport-arbetsgivaravgifter-gor-svenskt-arbete-dyrt\/\" \/>\n<meta property=\"og:locale\" content=\"sv_SE\" \/>\n<meta property=\"og:type\" content=\"article\" \/>\n<meta property=\"og:title\" content=\"Ny rapport: Arbetsgivaravgifter g\u00f6r svenskt arbete dyrt\" \/>\n<meta property=\"og:description\" content=\"Det \u00e4r arbetsgivaravgifterna, inte l\u00f6nerna, som g\u00f6r att kostnaderna f\u00f6r arbetskraften i den svenska tj\u00e4nstesektorn \u00e4r bland de h\u00f6gsta i Europa. F\u00e4rsk statistik \u00f6ver l\u00f6ner och l\u00f6neskatter i Europa visar att de svenska arbetsgivaravgifterna ligger l\u00e5ngt \u00f6ver Europas genomsnitt.\" \/>\n<meta property=\"og:url\" content=\"https:\/\/www.almega.se\/2021\/07\/ny-rapport-arbetsgivaravgifter-gor-svenskt-arbete-dyrt\/\" \/>\n<meta property=\"og:site_name\" content=\"Almega\" \/>\n<meta property=\"article:published_time\" content=\"2021-07-07T12:15:00+00:00\" \/>\n<meta property=\"og:image\" content=\"https:\/\/www.almega.se\/app\/uploads\/2020\/12\/almega-share-logo.png\" \/>\n\t<meta property=\"og:image:width\" content=\"1200\" \/>\n\t<meta property=\"og:image:height\" content=\"630\" \/>\n\t<meta property=\"og:image:type\" content=\"image\/png\" \/>\n<meta name=\"author\" content=\"moat\" \/>\n<meta name=\"twitter:card\" content=\"summary_large_image\" \/>\n<meta name=\"twitter:label1\" content=\"Skriven av\" \/>\n\t<meta name=\"twitter:data1\" content=\"moat\" \/>\n\t<meta name=\"twitter:label2\" content=\"Ber\u00e4knad l\u00e4stid\" \/>\n\t<meta name=\"twitter:data2\" content=\"2 minuter\" \/>\n<!-- \/ Yoast SEO Premium plugin. -->","yoast_head_json":{"title":"Ny rapport: Arbetsgivaravgifter g\u00f6r svenskt arbete dyrt | Almega","robots":{"index":"index","follow":"follow","max-snippet":"max-snippet:-1","max-image-preview":"max-image-preview:large","max-video-preview":"max-video-preview:-1"},"canonical":"https:\/\/www.almega.se\/2021\/07\/ny-rapport-arbetsgivaravgifter-gor-svenskt-arbete-dyrt\/","og_locale":"sv_SE","og_type":"article","og_title":"Ny rapport: Arbetsgivaravgifter g\u00f6r svenskt arbete dyrt","og_description":"Det \u00e4r arbetsgivaravgifterna, inte l\u00f6nerna, som g\u00f6r att kostnaderna f\u00f6r arbetskraften i den svenska tj\u00e4nstesektorn \u00e4r bland de h\u00f6gsta i Europa. F\u00e4rsk statistik \u00f6ver l\u00f6ner och l\u00f6neskatter i Europa visar att de svenska arbetsgivaravgifterna ligger l\u00e5ngt \u00f6ver Europas genomsnitt.","og_url":"https:\/\/www.almega.se\/2021\/07\/ny-rapport-arbetsgivaravgifter-gor-svenskt-arbete-dyrt\/","og_site_name":"Almega","article_published_time":"2021-07-07T12:15:00+00:00","og_image":[{"width":1200,"height":630,"url":"https:\/\/www.almega.se\/app\/uploads\/2020\/12\/almega-share-logo.png","type":"image\/png"}],"author":"moat","twitter_card":"summary_large_image","twitter_misc":{"Skriven av":"moat","Ber\u00e4knad l\u00e4stid":"2 minuter"},"schema":{"@context":"https:\/\/schema.org","@graph":[{"@type":"NewsArticle","@id":"https:\/\/www.almega.se\/2021\/07\/ny-rapport-arbetsgivaravgifter-gor-svenskt-arbete-dyrt\/#article","isPartOf":{"@id":"https:\/\/www.almega.se\/2021\/07\/ny-rapport-arbetsgivaravgifter-gor-svenskt-arbete-dyrt\/"},"author":{"name":"moat","@id":"https:\/\/www.almega.se\/#\/schema\/person\/9e4d7d0abff166be96ada576ca284a77"},"headline":"Ny rapport: Arbetsgivaravgifter g\u00f6r svenskt arbete dyrt","datePublished":"2021-07-07T12:15:00+00:00","mainEntityOfPage":{"@id":"https:\/\/www.almega.se\/2021\/07\/ny-rapport-arbetsgivaravgifter-gor-svenskt-arbete-dyrt\/"},"wordCount":292,"keywords":["Arbetsgivaravgift"],"articleSection":["Skatter"],"inLanguage":"sv-SE"},{"@type":"WebPage","@id":"https:\/\/www.almega.se\/2021\/07\/ny-rapport-arbetsgivaravgifter-gor-svenskt-arbete-dyrt\/","url":"https:\/\/www.almega.se\/2021\/07\/ny-rapport-arbetsgivaravgifter-gor-svenskt-arbete-dyrt\/","name":"Ny rapport: Arbetsgivaravgifter g\u00f6r svenskt arbete dyrt | Almega","isPartOf":{"@id":"https:\/\/www.almega.se\/#website"},"datePublished":"2021-07-07T12:15:00+00:00","author":{"@id":"https:\/\/www.almega.se\/#\/schema\/person\/9e4d7d0abff166be96ada576ca284a77"},"breadcrumb":{"@id":"https:\/\/www.almega.se\/2021\/07\/ny-rapport-arbetsgivaravgifter-gor-svenskt-arbete-dyrt\/#breadcrumb"},"inLanguage":"sv-SE","potentialAction":[{"@type":"ReadAction","target":["https:\/\/www.almega.se\/2021\/07\/ny-rapport-arbetsgivaravgifter-gor-svenskt-arbete-dyrt\/"]}]},{"@type":"BreadcrumbList","@id":"https:\/\/www.almega.se\/2021\/07\/ny-rapport-arbetsgivaravgifter-gor-svenskt-arbete-dyrt\/#breadcrumb","itemListElement":[{"@type":"ListItem","position":1,"name":"Home","item":"https:\/\/www.almega.se\/"},{"@type":"ListItem","position":2,"name":"Ny rapport: Arbetsgivaravgifter g\u00f6r svenskt arbete dyrt"}]},{"@type":"WebSite","@id":"https:\/\/www.almega.se\/#website","url":"https:\/\/www.almega.se\/","name":"Almega","description":"","potentialAction":[{"@type":"SearchAction","target":{"@type":"EntryPoint","urlTemplate":"https:\/\/www.almega.se\/?s={search_term_string}"},"query-input":{"@type":"PropertyValueSpecification","valueRequired":true,"valueName":"search_term_string"}}],"inLanguage":"sv-SE"},{"@type":"Person","@id":"https:\/\/www.almega.se\/#\/schema\/person\/9e4d7d0abff166be96ada576ca284a77","name":"moat","image":{"@type":"ImageObject","inLanguage":"sv-SE","@id":"https:\/\/www.almega.se\/#\/schema\/person\/image\/","url":"https:\/\/secure.gravatar.com\/avatar\/f3aefbf102103714d31ca14074d72cc66619d4b100e6e99b475677d83097fad7?s=96&d=mm&r=g","contentUrl":"https:\/\/secure.gravatar.com\/avatar\/f3aefbf102103714d31ca14074d72cc66619d4b100e6e99b475677d83097fad7?s=96&d=mm&r=g","caption":"moat"},"url":"https:\/\/www.almega.se\/person\/moat\/"}]}},"_links":{"self":[{"href":"https:\/\/www.almega.se\/api\/wp\/v2\/posts\/37472","targetHints":{"allow":["GET"]}}],"collection":[{"href":"https:\/\/www.almega.se\/api\/wp\/v2\/posts"}],"about":[{"href":"https:\/\/www.almega.se\/api\/wp\/v2\/types\/post"}],"author":[{"embeddable":true,"href":"https:\/\/www.almega.se\/api\/wp\/v2\/users\/14826"}],"replies":[{"embeddable":true,"href":"https:\/\/www.almega.se\/api\/wp\/v2\/comments?post=37472"}],"version-history":[{"count":6,"href":"https:\/\/www.almega.se\/api\/wp\/v2\/posts\/37472\/revisions"}],"predecessor-version":[{"id":53804,"href":"https:\/\/www.almega.se\/api\/wp\/v2\/posts\/37472\/revisions\/53804"}],"wp:attachment":[{"href":"https:\/\/www.almega.se\/api\/wp\/v2\/media?parent=37472"}],"wp:term":[{"taxonomy":"category","embeddable":true,"href":"https:\/\/www.almega.se\/api\/wp\/v2\/categories?post=37472"},{"taxonomy":"post_tag","embeddable":true,"href":"https:\/\/www.almega.se\/api\/wp\/v2\/tags?post=37472"},{"taxonomy":"type","embeddable":true,"href":"https:\/\/www.almega.se\/api\/wp\/v2\/article_type?post=37472"},{"taxonomy":"agreement","embeddable":true,"href":"https:\/\/www.almega.se\/api\/wp\/v2\/agreement?post=37472"}],"curies":[{"name":"wp","href":"https:\/\/api.w.org\/{rel}","templated":true}]}}