{"id":36638,"date":"2021-06-16T14:55:09","date_gmt":"2021-06-16T12:55:09","guid":{"rendered":"https:\/\/www.almega.se\/?p=36638"},"modified":"2021-06-16T14:55:09","modified_gmt":"2021-06-16T12:55:09","slug":"tre-snabba-fragor-med-almegas-chefsekonom-patrick-joyce","status":"publish","type":"post","link":"https:\/\/www.almega.se\/2021\/06\/tre-snabba-fragor-med-almegas-chefsekonom-patrick-joyce\/","title":{"rendered":"Tre snabba fr\u00e5gor med Almegas chefsekonom Patrick Joyce"},"content":{"rendered":"\n<h3 class=\"wp-block-heading\">Vilken \u00e4r den enskilt viktigaste fr\u00e5gan p\u00e5 ditt bord f\u00f6r tillf\u00e4llet?<\/h3>\n\n\n\n<p>\u2013 Just nu arbetar jag mycket med reglerna f\u00f6r arbetskraftsinvandring. Jag representerar Almega i den statliga utredning som ska f\u00f6resl\u00e5 ett nytt regelverk i h\u00f6st.<\/p>\n\n\n\n<h3 class=\"wp-block-heading\">Vad handlar den om?<\/h3>\n\n\n\n<p>\u2013 Starka intressen b\u00e5de inom politiken och bland fackf\u00f6rbunden vill g\u00f6ra det betydligt sv\u00e5rare f\u00f6r personer fr\u00e5n l\u00e4nder utanf\u00f6r EU att arbeta h\u00e4r. Vissa vill bara till\u00e5ta arbetskraftsinvandring i h\u00f6gl\u00f6neyrken. Andra vill att Arbetsf\u00f6rmedlingen ska best\u00e4mma vilka branscher som ska f\u00e5 rekrytera utifr\u00e5n.<\/p>\n\n\n\n<h3 class=\"wp-block-heading\">Vad vill vi \u00e5stadkomma?<\/h3>\n\n\n\n<p>\u2013 Se till att alla f\u00f6retag inom Almega \u00e4ven fram\u00f6ver kan anst\u00e4lla de personer de beh\u00f6ver oavsett var dessa bor. Inom flera av Almegas f\u00f6rbund beh\u00f6ver f\u00f6retag kunna g\u00e5 utanf\u00f6r EU f\u00f6r att hitta en del av den kompetens de beh\u00f6ver. Vi vill \u00e5stadkomma det h\u00e4r f\u00f6r att innan Coronakrisen var bristen p\u00e5 kompetens det st\u00f6rsta problemet f\u00f6r tj\u00e4nstef\u00f6retagen. Nu n\u00e4r ekonomin \u00e5terh\u00e4mtar sig \u00f6kar kompetensbristen igen. Att tj\u00e4nstef\u00f6retagen kan rekrytera nyckelpersoner \u00e4r centralt f\u00f6r att de ska forts\u00e4tta att v\u00e4xa i Sverige och skapa fler jobb h\u00e4r.<\/p>\n","protected":false},"excerpt":{"rendered":"<p>Vilken \u00e4r den enskilt viktigaste fr\u00e5gan p\u00e5 ditt bord f\u00f6r tillf\u00e4llet? \u2013 Just nu arbetar jag mycket med reglerna f\u00f6r arbetskraftsinvandring. Jag representerar Almega i den statliga utredning som ska f\u00f6resl\u00e5 ett nytt regelverk i &hellip;<\/p>\n","protected":false},"author":4639,"featured_media":34405,"comment_status":"closed","ping_status":"closed","sticky":false,"template":"","format":"standard","meta":{"_acf_changed":false,"footnotes":""},"categories":[64,419],"tags":[610,72],"article_type":[],"agreement":[],"class_list":["post-36638","post","type-post","status-publish","format-standard","has-post-thumbnail","hentry","category-arbetsmarknad","category-kompetensforsorjning","tag-kompetensforsorjning","tag-kompetensinvandring"],"acf":[],"yoast_head":"<!-- This site is optimized with the Yoast SEO Premium plugin v26.8 (Yoast SEO v26.8) - https:\/\/yoast.com\/product\/yoast-seo-premium-wordpress\/ -->\n<title>Tre snabba fr\u00e5gor med Almegas chefsekonom Patrick Joyce | Almega<\/title>\n<meta name=\"robots\" content=\"index, follow, max-snippet:-1, max-image-preview:large, max-video-preview:-1\" \/>\n<link rel=\"canonical\" href=\"https:\/\/www.almega.se\/2021\/06\/tre-snabba-fragor-med-almegas-chefsekonom-patrick-joyce\/\" \/>\n<meta property=\"og:locale\" content=\"sv_SE\" \/>\n<meta property=\"og:type\" content=\"article\" \/>\n<meta property=\"og:title\" content=\"Tre snabba fr\u00e5gor med Almegas chefsekonom Patrick Joyce\" \/>\n<meta property=\"og:description\" content=\"Vilken \u00e4r den enskilt viktigaste fr\u00e5gan p\u00e5 ditt bord f\u00f6r tillf\u00e4llet? \u2013 Just nu arbetar jag mycket med reglerna f\u00f6r arbetskraftsinvandring. Jag representerar Almega i den statliga utredning som ska f\u00f6resl\u00e5 ett nytt regelverk i &hellip;\" \/>\n<meta property=\"og:url\" content=\"https:\/\/www.almega.se\/2021\/06\/tre-snabba-fragor-med-almegas-chefsekonom-patrick-joyce\/\" \/>\n<meta property=\"og:site_name\" content=\"Almega\" \/>\n<meta property=\"article:published_time\" content=\"2021-06-16T12:55:09+00:00\" \/>\n<meta property=\"og:image\" content=\"https:\/\/www.almega.se\/app\/uploads\/2021\/02\/d8ebdb74-d942-4315-bad0-076315a61fc3-scaled.jpg\" \/>\n\t<meta property=\"og:image:width\" content=\"2560\" \/>\n\t<meta property=\"og:image:height\" content=\"1707\" \/>\n\t<meta property=\"og:image:type\" content=\"image\/jpeg\" \/>\n<meta name=\"author\" content=\"Julia Setterberg\" \/>\n<meta name=\"twitter:card\" content=\"summary_large_image\" \/>\n<meta name=\"twitter:label1\" content=\"Skriven av\" \/>\n\t<meta name=\"twitter:data1\" content=\"Julia Setterberg\" \/>\n\t<meta name=\"twitter:label2\" content=\"Ber\u00e4knad l\u00e4stid\" \/>\n\t<meta name=\"twitter:data2\" content=\"1 minut\" \/>\n<!-- \/ Yoast SEO Premium plugin. -->","yoast_head_json":{"title":"Tre snabba fr\u00e5gor med Almegas chefsekonom Patrick Joyce | Almega","robots":{"index":"index","follow":"follow","max-snippet":"max-snippet:-1","max-image-preview":"max-image-preview:large","max-video-preview":"max-video-preview:-1"},"canonical":"https:\/\/www.almega.se\/2021\/06\/tre-snabba-fragor-med-almegas-chefsekonom-patrick-joyce\/","og_locale":"sv_SE","og_type":"article","og_title":"Tre snabba fr\u00e5gor med Almegas chefsekonom Patrick Joyce","og_description":"Vilken \u00e4r den enskilt viktigaste fr\u00e5gan p\u00e5 ditt bord f\u00f6r tillf\u00e4llet? \u2013 Just nu arbetar jag mycket med reglerna f\u00f6r arbetskraftsinvandring. Jag representerar Almega i den statliga utredning som ska f\u00f6resl\u00e5 ett nytt regelverk i &hellip;","og_url":"https:\/\/www.almega.se\/2021\/06\/tre-snabba-fragor-med-almegas-chefsekonom-patrick-joyce\/","og_site_name":"Almega","article_published_time":"2021-06-16T12:55:09+00:00","og_image":[{"width":2560,"height":1707,"url":"https:\/\/www.almega.se\/app\/uploads\/2021\/02\/d8ebdb74-d942-4315-bad0-076315a61fc3-scaled.jpg","type":"image\/jpeg"}],"author":"Julia Setterberg","twitter_card":"summary_large_image","twitter_misc":{"Skriven av":"Julia Setterberg","Ber\u00e4knad l\u00e4stid":"1 minut"},"schema":{"@context":"https:\/\/schema.org","@graph":[{"@type":"NewsArticle","@id":"https:\/\/www.almega.se\/2021\/06\/tre-snabba-fragor-med-almegas-chefsekonom-patrick-joyce\/#article","isPartOf":{"@id":"https:\/\/www.almega.se\/2021\/06\/tre-snabba-fragor-med-almegas-chefsekonom-patrick-joyce\/"},"author":{"name":"Julia Setterberg","@id":"https:\/\/www.almega.se\/#\/schema\/person\/fe3d8b3d5464e372fd623ff0b080ff07"},"headline":"Tre snabba fr\u00e5gor med Almegas chefsekonom Patrick Joyce","datePublished":"2021-06-16T12:55:09+00:00","mainEntityOfPage":{"@id":"https:\/\/www.almega.se\/2021\/06\/tre-snabba-fragor-med-almegas-chefsekonom-patrick-joyce\/"},"wordCount":226,"image":{"@id":"https:\/\/www.almega.se\/2021\/06\/tre-snabba-fragor-med-almegas-chefsekonom-patrick-joyce\/#primaryimage"},"thumbnailUrl":"https:\/\/www.almega.se\/app\/uploads\/2021\/02\/d8ebdb74-d942-4315-bad0-076315a61fc3-scaled.jpg","keywords":["Kompetensf\u00f6rs\u00f6rjning","Kompetensinvandring"],"articleSection":["Arbetsmarknad","Kompetensf\u00f6rs\u00f6rjning"],"inLanguage":"sv-SE"},{"@type":"WebPage","@id":"https:\/\/www.almega.se\/2021\/06\/tre-snabba-fragor-med-almegas-chefsekonom-patrick-joyce\/","url":"https:\/\/www.almega.se\/2021\/06\/tre-snabba-fragor-med-almegas-chefsekonom-patrick-joyce\/","name":"Tre snabba fr\u00e5gor med Almegas chefsekonom Patrick Joyce | Almega","isPartOf":{"@id":"https:\/\/www.almega.se\/#website"},"primaryImageOfPage":{"@id":"https:\/\/www.almega.se\/2021\/06\/tre-snabba-fragor-med-almegas-chefsekonom-patrick-joyce\/#primaryimage"},"image":{"@id":"https:\/\/www.almega.se\/2021\/06\/tre-snabba-fragor-med-almegas-chefsekonom-patrick-joyce\/#primaryimage"},"thumbnailUrl":"https:\/\/www.almega.se\/app\/uploads\/2021\/02\/d8ebdb74-d942-4315-bad0-076315a61fc3-scaled.jpg","datePublished":"2021-06-16T12:55:09+00:00","author":{"@id":"https:\/\/www.almega.se\/#\/schema\/person\/fe3d8b3d5464e372fd623ff0b080ff07"},"breadcrumb":{"@id":"https:\/\/www.almega.se\/2021\/06\/tre-snabba-fragor-med-almegas-chefsekonom-patrick-joyce\/#breadcrumb"},"inLanguage":"sv-SE","potentialAction":[{"@type":"ReadAction","target":["https:\/\/www.almega.se\/2021\/06\/tre-snabba-fragor-med-almegas-chefsekonom-patrick-joyce\/"]}]},{"@type":"ImageObject","inLanguage":"sv-SE","@id":"https:\/\/www.almega.se\/2021\/06\/tre-snabba-fragor-med-almegas-chefsekonom-patrick-joyce\/#primaryimage","url":"https:\/\/www.almega.se\/app\/uploads\/2021\/02\/d8ebdb74-d942-4315-bad0-076315a61fc3-scaled.jpg","contentUrl":"https:\/\/www.almega.se\/app\/uploads\/2021\/02\/d8ebdb74-d942-4315-bad0-076315a61fc3-scaled.jpg","width":2560,"height":1707,"caption":"Patrick Joyce, chefekonom p\u00e5 Almega."},{"@type":"BreadcrumbList","@id":"https:\/\/www.almega.se\/2021\/06\/tre-snabba-fragor-med-almegas-chefsekonom-patrick-joyce\/#breadcrumb","itemListElement":[{"@type":"ListItem","position":1,"name":"Home","item":"https:\/\/www.almega.se\/"},{"@type":"ListItem","position":2,"name":"Tre snabba fr\u00e5gor med Almegas chefsekonom Patrick Joyce"}]},{"@type":"WebSite","@id":"https:\/\/www.almega.se\/#website","url":"https:\/\/www.almega.se\/","name":"Almega","description":"","potentialAction":[{"@type":"SearchAction","target":{"@type":"EntryPoint","urlTemplate":"https:\/\/www.almega.se\/?s={search_term_string}"},"query-input":{"@type":"PropertyValueSpecification","valueRequired":true,"valueName":"search_term_string"}}],"inLanguage":"sv-SE"},{"@type":"Person","@id":"https:\/\/www.almega.se\/#\/schema\/person\/fe3d8b3d5464e372fd623ff0b080ff07","name":"Julia Setterberg","image":{"@type":"ImageObject","inLanguage":"sv-SE","@id":"https:\/\/www.almega.se\/#\/schema\/person\/image\/","url":"https:\/\/secure.gravatar.com\/avatar\/8e5a431a1412393c1d16ec7b4438bea0923df519c9cb0f6c122206764cd23987?s=96&d=mm&r=g","contentUrl":"https:\/\/secure.gravatar.com\/avatar\/8e5a431a1412393c1d16ec7b4438bea0923df519c9cb0f6c122206764cd23987?s=96&d=mm&r=g","caption":"Julia Setterberg"},"description":"Julia arbetar som t.f. kommunikationschef p\u00e5 V\u00e5rdf\u00f6retagarna.","url":"https:\/\/www.almega.se\/person\/juliasetterberg\/"}]}},"_links":{"self":[{"href":"https:\/\/www.almega.se\/api\/wp\/v2\/posts\/36638","targetHints":{"allow":["GET"]}}],"collection":[{"href":"https:\/\/www.almega.se\/api\/wp\/v2\/posts"}],"about":[{"href":"https:\/\/www.almega.se\/api\/wp\/v2\/types\/post"}],"author":[{"embeddable":true,"href":"https:\/\/www.almega.se\/api\/wp\/v2\/users\/4639"}],"replies":[{"embeddable":true,"href":"https:\/\/www.almega.se\/api\/wp\/v2\/comments?post=36638"}],"version-history":[{"count":2,"href":"https:\/\/www.almega.se\/api\/wp\/v2\/posts\/36638\/revisions"}],"predecessor-version":[{"id":53682,"href":"https:\/\/www.almega.se\/api\/wp\/v2\/posts\/36638\/revisions\/53682"}],"wp:featuredmedia":[{"embeddable":true,"href":"https:\/\/www.almega.se\/api\/wp\/v2\/media\/34405"}],"wp:attachment":[{"href":"https:\/\/www.almega.se\/api\/wp\/v2\/media?parent=36638"}],"wp:term":[{"taxonomy":"category","embeddable":true,"href":"https:\/\/www.almega.se\/api\/wp\/v2\/categories?post=36638"},{"taxonomy":"post_tag","embeddable":true,"href":"https:\/\/www.almega.se\/api\/wp\/v2\/tags?post=36638"},{"taxonomy":"type","embeddable":true,"href":"https:\/\/www.almega.se\/api\/wp\/v2\/article_type?post=36638"},{"taxonomy":"agreement","embeddable":true,"href":"https:\/\/www.almega.se\/api\/wp\/v2\/agreement?post=36638"}],"curies":[{"name":"wp","href":"https:\/\/api.w.org\/{rel}","templated":true}]}}