{"id":36634,"date":"2021-06-17T13:45:00","date_gmt":"2021-06-17T11:45:00","guid":{"rendered":"https:\/\/www.almega.se\/?p=36634"},"modified":"2021-06-17T13:45:00","modified_gmt":"2021-06-17T11:45:00","slug":"bra-kampat-nu-ser-vi-fram-emot-framtidens-arbetsliv","status":"publish","type":"post","link":"https:\/\/www.almega.se\/2021\/06\/bra-kampat-nu-ser-vi-fram-emot-framtidens-arbetsliv\/","title":{"rendered":"Bra k\u00e4mpat \u2013 nu ser vi fram emot framtidens arbetsliv!"},"content":{"rendered":"<p class=\"intro\">\u00c4ntligen \u00e4r den vackra svenska sommaren h\u00e4r, med v\u00e4lf\u00f6rtj\u00e4nt ledighet och utrymme f\u00f6r \u00e5terh\u00e4mtning. Stora delar av tj\u00e4nstesektorn har drabbats h\u00e5rt av pandemin, och krisen \u00e4r \u00e4nnu inte \u00f6ver. De st\u00f6d\u00e5tg\u00e4rder som tagits fram har varit och forts\u00e4tter att vara avg\u00f6rande f\u00f6r m\u00e5nga av er medlemsf\u00f6retags \u00f6verlevnad.<\/p>\n\n<p><strong>Almega har sedan pandemin<\/strong> <strong>b\u00f6rjade<\/strong> arbetat h\u00e5rt f\u00f6r att f\u00e5 v\u00e5ra beslutsfattare att inse allvaret i situationen och f\u00e5 n\u00f6dv\u00e4ndiga st\u00f6d\u00e5tg\u00e4rder p\u00e5 plats. Och det har givit resultat. Vi har pekat p\u00e5 vikten av permitteringsst\u00f6d, och att den reformen m\u00e5ste f\u00f6rl\u00e4ngas. Men v\u00e5rt p\u00e5verkansarbete har ocks\u00e5, bland mycket annat, handlat om omst\u00e4llningsst\u00f6d och sjukl\u00f6nekostnaden.<\/p>\n\n\n\n<p><strong>Behovet av st\u00f6d och hj\u00e4lp<\/strong> att tolka alla nya regler har varit stort \u2013 och vi har haft mer kontakt med er medlemmar \u00e4n n\u00e5gonsin. Rekordm\u00e5nga tj\u00e4nstef\u00f6retag har ocks\u00e5 valt att ansluta sig till n\u00e5got av v\u00e5ra nio f\u00f6rbund. I oroliga tider blir nyttan av en arbetsgivar- och branschorganisation extra tydlig.<\/p>\n\n\n\n<p><strong>Tj\u00e4nstesektorn \u00e4r en viktig motor<\/strong> i svensk ekonomi och avg\u00f6rande f\u00f6r att Sverige ska g\u00e5 st\u00e4rkt ur krisen. D\u00e4rf\u00f6r k\u00e4nns det hoppfullt att vi nu ser en \u00e5terh\u00e4mtning i tj\u00e4nstesektorn, med \u00f6kad produktion som b\u00f6rjar ge effekt p\u00e5 jobben. I takt med att smittspridningen minskar kan vi b\u00f6rja blicka fram\u00e5t, bortom pandemin, och med nya l\u00e4rdomar b\u00f6rja skapa ett nytt arbetsliv. Samtidigt som LAS-utredningarna har tagit historiska steg mot en reformerad arbetsmarknad \u2013 med efterl\u00e4ngtade f\u00f6r\u00e4ndringar som kommer att betyda mycket f\u00f6r de svenska&nbsp;f\u00f6retagen och Sveriges konkurrenskraft.<\/p>\n\n\n\n<p>Jag ser fram emot en sp\u00e4nnande h\u00f6st tillsammans och \u00f6nskar dig en fin sommar tills dess!<\/p>\n\n\n\n<p><em>Thomas Ers\u00e9us<\/em><br>\nVD, Almega<\/p>\n","protected":false},"excerpt":{"rendered":"<p>Almega har sedan pandemin b\u00f6rjade arbetat h\u00e5rt f\u00f6r att f\u00e5 v\u00e5ra beslutsfattare att inse allvaret i situationen och f\u00e5 n\u00f6dv\u00e4ndiga st\u00f6d\u00e5tg\u00e4rder p\u00e5 plats. Och det har givit resultat. Vi har pekat p\u00e5 vikten av permitteringsst\u00f6d, &hellip;<\/p>\n","protected":false},"author":7594,"featured_media":36629,"comment_status":"closed","ping_status":"closed","sticky":false,"template":"","format":"standard","meta":{"_acf_changed":false,"footnotes":""},"categories":[451],"tags":[527],"article_type":[],"agreement":[],"class_list":["post-36634","post","type-post","status-publish","format-standard","has-post-thumbnail","hentry","category-arbetsgivarfragor","tag-framtidens-arbetsliv"],"acf":[],"yoast_head":"<!-- This site is optimized with the Yoast SEO Premium plugin v26.8 (Yoast SEO v26.8) - https:\/\/yoast.com\/product\/yoast-seo-premium-wordpress\/ -->\n<title>Bra k\u00e4mpat \u2013 nu ser vi fram emot framtidens arbetsliv! | Almega<\/title>\n<meta name=\"robots\" content=\"index, follow, max-snippet:-1, max-image-preview:large, max-video-preview:-1\" \/>\n<link rel=\"canonical\" href=\"https:\/\/www.almega.se\/2021\/06\/bra-kampat-nu-ser-vi-fram-emot-framtidens-arbetsliv\/\" \/>\n<meta property=\"og:locale\" content=\"sv_SE\" \/>\n<meta property=\"og:type\" content=\"article\" \/>\n<meta property=\"og:title\" content=\"Bra k\u00e4mpat \u2013 nu ser vi fram emot framtidens arbetsliv!\" \/>\n<meta property=\"og:description\" content=\"Almega har sedan pandemin b\u00f6rjade arbetat h\u00e5rt f\u00f6r att f\u00e5 v\u00e5ra beslutsfattare att inse allvaret i situationen och f\u00e5 n\u00f6dv\u00e4ndiga st\u00f6d\u00e5tg\u00e4rder p\u00e5 plats. Och det har givit resultat. Vi har pekat p\u00e5 vikten av permitteringsst\u00f6d, &hellip;\" \/>\n<meta property=\"og:url\" content=\"https:\/\/www.almega.se\/2021\/06\/bra-kampat-nu-ser-vi-fram-emot-framtidens-arbetsliv\/\" \/>\n<meta property=\"og:site_name\" content=\"Almega\" \/>\n<meta property=\"article:published_time\" content=\"2021-06-17T11:45:00+00:00\" \/>\n<meta property=\"og:image\" content=\"https:\/\/www.almega.se\/app\/uploads\/2021\/06\/sommarhalsning-thomas-erseus.png\" \/>\n\t<meta property=\"og:image:width\" content=\"1000\" \/>\n\t<meta property=\"og:image:height\" content=\"600\" \/>\n\t<meta property=\"og:image:type\" content=\"image\/png\" \/>\n<meta name=\"author\" content=\"Moa Thorsell\" \/>\n<meta name=\"twitter:card\" content=\"summary_large_image\" \/>\n<meta name=\"twitter:label1\" content=\"Skriven av\" \/>\n\t<meta name=\"twitter:data1\" content=\"Moa Thorsell\" \/>\n\t<meta name=\"twitter:label2\" content=\"Ber\u00e4knad l\u00e4stid\" \/>\n\t<meta name=\"twitter:data2\" content=\"2 minuter\" \/>\n<!-- \/ Yoast SEO Premium plugin. -->","yoast_head_json":{"title":"Bra k\u00e4mpat \u2013 nu ser vi fram emot framtidens arbetsliv! | Almega","robots":{"index":"index","follow":"follow","max-snippet":"max-snippet:-1","max-image-preview":"max-image-preview:large","max-video-preview":"max-video-preview:-1"},"canonical":"https:\/\/www.almega.se\/2021\/06\/bra-kampat-nu-ser-vi-fram-emot-framtidens-arbetsliv\/","og_locale":"sv_SE","og_type":"article","og_title":"Bra k\u00e4mpat \u2013 nu ser vi fram emot framtidens arbetsliv!","og_description":"Almega har sedan pandemin b\u00f6rjade arbetat h\u00e5rt f\u00f6r att f\u00e5 v\u00e5ra beslutsfattare att inse allvaret i situationen och f\u00e5 n\u00f6dv\u00e4ndiga st\u00f6d\u00e5tg\u00e4rder p\u00e5 plats. Och det har givit resultat. Vi har pekat p\u00e5 vikten av permitteringsst\u00f6d, &hellip;","og_url":"https:\/\/www.almega.se\/2021\/06\/bra-kampat-nu-ser-vi-fram-emot-framtidens-arbetsliv\/","og_site_name":"Almega","article_published_time":"2021-06-17T11:45:00+00:00","og_image":[{"width":1000,"height":600,"url":"https:\/\/www.almega.se\/app\/uploads\/2021\/06\/sommarhalsning-thomas-erseus.png","type":"image\/png"}],"author":"Moa Thorsell","twitter_card":"summary_large_image","twitter_misc":{"Skriven av":"Moa Thorsell","Ber\u00e4knad l\u00e4stid":"2 minuter"},"schema":{"@context":"https:\/\/schema.org","@graph":[{"@type":"NewsArticle","@id":"https:\/\/www.almega.se\/2021\/06\/bra-kampat-nu-ser-vi-fram-emot-framtidens-arbetsliv\/#article","isPartOf":{"@id":"https:\/\/www.almega.se\/2021\/06\/bra-kampat-nu-ser-vi-fram-emot-framtidens-arbetsliv\/"},"author":{"name":"Moa Thorsell","@id":"https:\/\/www.almega.se\/#\/schema\/person\/608be0e9b9068b1cf2da84cf89f14ab1"},"headline":"Bra k\u00e4mpat \u2013 nu ser vi fram emot framtidens arbetsliv!","datePublished":"2021-06-17T11:45:00+00:00","mainEntityOfPage":{"@id":"https:\/\/www.almega.se\/2021\/06\/bra-kampat-nu-ser-vi-fram-emot-framtidens-arbetsliv\/"},"wordCount":271,"image":{"@id":"https:\/\/www.almega.se\/2021\/06\/bra-kampat-nu-ser-vi-fram-emot-framtidens-arbetsliv\/#primaryimage"},"thumbnailUrl":"https:\/\/www.almega.se\/app\/uploads\/2021\/06\/sommarhalsning-thomas-erseus.png","keywords":["Framtidens arbetsliv"],"articleSection":["Arbetsgivarfr\u00e5gor"],"inLanguage":"sv-SE"},{"@type":"WebPage","@id":"https:\/\/www.almega.se\/2021\/06\/bra-kampat-nu-ser-vi-fram-emot-framtidens-arbetsliv\/","url":"https:\/\/www.almega.se\/2021\/06\/bra-kampat-nu-ser-vi-fram-emot-framtidens-arbetsliv\/","name":"Bra k\u00e4mpat \u2013 nu ser vi fram emot framtidens arbetsliv! | Almega","isPartOf":{"@id":"https:\/\/www.almega.se\/#website"},"primaryImageOfPage":{"@id":"https:\/\/www.almega.se\/2021\/06\/bra-kampat-nu-ser-vi-fram-emot-framtidens-arbetsliv\/#primaryimage"},"image":{"@id":"https:\/\/www.almega.se\/2021\/06\/bra-kampat-nu-ser-vi-fram-emot-framtidens-arbetsliv\/#primaryimage"},"thumbnailUrl":"https:\/\/www.almega.se\/app\/uploads\/2021\/06\/sommarhalsning-thomas-erseus.png","datePublished":"2021-06-17T11:45:00+00:00","author":{"@id":"https:\/\/www.almega.se\/#\/schema\/person\/608be0e9b9068b1cf2da84cf89f14ab1"},"breadcrumb":{"@id":"https:\/\/www.almega.se\/2021\/06\/bra-kampat-nu-ser-vi-fram-emot-framtidens-arbetsliv\/#breadcrumb"},"inLanguage":"sv-SE","potentialAction":[{"@type":"ReadAction","target":["https:\/\/www.almega.se\/2021\/06\/bra-kampat-nu-ser-vi-fram-emot-framtidens-arbetsliv\/"]}]},{"@type":"ImageObject","inLanguage":"sv-SE","@id":"https:\/\/www.almega.se\/2021\/06\/bra-kampat-nu-ser-vi-fram-emot-framtidens-arbetsliv\/#primaryimage","url":"https:\/\/www.almega.se\/app\/uploads\/2021\/06\/sommarhalsning-thomas-erseus.png","contentUrl":"https:\/\/www.almega.se\/app\/uploads\/2021\/06\/sommarhalsning-thomas-erseus.png","width":1000,"height":600},{"@type":"BreadcrumbList","@id":"https:\/\/www.almega.se\/2021\/06\/bra-kampat-nu-ser-vi-fram-emot-framtidens-arbetsliv\/#breadcrumb","itemListElement":[{"@type":"ListItem","position":1,"name":"Home","item":"https:\/\/www.almega.se\/"},{"@type":"ListItem","position":2,"name":"Bra k\u00e4mpat \u2013 nu ser vi fram emot framtidens arbetsliv!"}]},{"@type":"WebSite","@id":"https:\/\/www.almega.se\/#website","url":"https:\/\/www.almega.se\/","name":"Almega","description":"","potentialAction":[{"@type":"SearchAction","target":{"@type":"EntryPoint","urlTemplate":"https:\/\/www.almega.se\/?s={search_term_string}"},"query-input":{"@type":"PropertyValueSpecification","valueRequired":true,"valueName":"search_term_string"}}],"inLanguage":"sv-SE"},{"@type":"Person","@id":"https:\/\/www.almega.se\/#\/schema\/person\/608be0e9b9068b1cf2da84cf89f14ab1","name":"Moa Thorsell","image":{"@type":"ImageObject","inLanguage":"sv-SE","@id":"https:\/\/www.almega.se\/#\/schema\/person\/image\/","url":"https:\/\/secure.gravatar.com\/avatar\/21013fd5f24a5c5a5dbf121171ff6d75c7ac2e8319c3777fcbcbf9329b2028c0?s=96&d=mm&r=g","contentUrl":"https:\/\/secure.gravatar.com\/avatar\/21013fd5f24a5c5a5dbf121171ff6d75c7ac2e8319c3777fcbcbf9329b2028c0?s=96&d=mm&r=g","caption":"Moa Thorsell"},"url":"https:\/\/www.almega.se\/person\/moathorsell\/"}]}},"_links":{"self":[{"href":"https:\/\/www.almega.se\/api\/wp\/v2\/posts\/36634","targetHints":{"allow":["GET"]}}],"collection":[{"href":"https:\/\/www.almega.se\/api\/wp\/v2\/posts"}],"about":[{"href":"https:\/\/www.almega.se\/api\/wp\/v2\/types\/post"}],"author":[{"embeddable":true,"href":"https:\/\/www.almega.se\/api\/wp\/v2\/users\/7594"}],"replies":[{"embeddable":true,"href":"https:\/\/www.almega.se\/api\/wp\/v2\/comments?post=36634"}],"version-history":[{"count":2,"href":"https:\/\/www.almega.se\/api\/wp\/v2\/posts\/36634\/revisions"}],"predecessor-version":[{"id":53680,"href":"https:\/\/www.almega.se\/api\/wp\/v2\/posts\/36634\/revisions\/53680"}],"wp:featuredmedia":[{"embeddable":true,"href":"https:\/\/www.almega.se\/api\/wp\/v2\/media\/36629"}],"wp:attachment":[{"href":"https:\/\/www.almega.se\/api\/wp\/v2\/media?parent=36634"}],"wp:term":[{"taxonomy":"category","embeddable":true,"href":"https:\/\/www.almega.se\/api\/wp\/v2\/categories?post=36634"},{"taxonomy":"post_tag","embeddable":true,"href":"https:\/\/www.almega.se\/api\/wp\/v2\/tags?post=36634"},{"taxonomy":"type","embeddable":true,"href":"https:\/\/www.almega.se\/api\/wp\/v2\/article_type?post=36634"},{"taxonomy":"agreement","embeddable":true,"href":"https:\/\/www.almega.se\/api\/wp\/v2\/agreement?post=36634"}],"curies":[{"name":"wp","href":"https:\/\/api.w.org\/{rel}","templated":true}]}}