{"id":36350,"date":"2021-05-24T12:15:12","date_gmt":"2021-05-24T10:15:12","guid":{"rendered":"https:\/\/www.almega.se\/2021\/05\/tillvaxtverket-foreslar-mindre-restriktiva-regler-om-korttidsstodet\/"},"modified":"2021-05-24T12:15:12","modified_gmt":"2021-05-24T10:15:12","slug":"tillvaxtverket-foreslar-mindre-restriktiva-regler-om-korttidsstodet","status":"publish","type":"post","link":"https:\/\/www.almega.se\/2021\/05\/tillvaxtverket-foreslar-mindre-restriktiva-regler-om-korttidsstodet\/","title":{"rendered":"Tillv\u00e4xtverket f\u00f6resl\u00e5r mindre restriktiva regler om korttids&shy;st\u00f6det"},"content":{"rendered":"<p class=\"intro\">Tillv\u00e4xtverket vill ha lag\u00e4ndringar g\u00e4llande korttidsst\u00f6det. F\u00f6retag som med godtagbara sk\u00e4l \u00e4r sena med sin avst\u00e4mning ska inte \u00e5terkr\u00e4vas p\u00e5 hela st\u00f6dbeloppet. \u201dDet \u00e4r mycket bra att Tillv\u00e4xtverket nu har uppfattat vad vi p\u00e5 Almega l\u00e4nge har p\u00e5talat; Dagens regler f\u00e5r orimliga effekter f\u00f6r f\u00f6retagen\u201d, s\u00e4ger Almegas vd Thomas Ers\u00e9us.<\/p>\n\n<p>Almega har under en l\u00e5ng tid p\u00e5talat brister i hur dagens regelverk kring st\u00f6det f\u00f6r korttidsarbete \u00e4r uppbyggt.<\/p>\n\n\n\n<p>\u2013 Lagstiftningen har varit alldeles f\u00f6r restriktiv n\u00e4r det g\u00e4ller korttidsst\u00f6d. Att ett f\u00f6retag som vill g\u00f6ra r\u00e4tt f\u00f6r sig riskerar att bli \u00e5terbetalningsskyldig f\u00f6r hela st\u00f6dbeloppet p\u00e5 grund av att avst\u00e4mningen \u00e4r ett par dagar sen \u00e4r helt orimligt. I en kris borde det vara \u2019hellre fria \u00e4n f\u00e4lla\u2019 som g\u00e4ller, s\u00e4ger Thomas Ers\u00e9us, vd p\u00e5 Almega.<\/p>\n\n\n\n<p>Nu tar \u00e4ven Tillv\u00e4xtverket upp problematiken. Via en hemst\u00e4llan till regeringen om \u00e4ndring i lagen f\u00f6r korttidsarbete, beg\u00e4r Tillv\u00e4xtverket att lagen ses \u00f6ver s\u00e5 att f\u00f6retag som inkommit f\u00f6r sent med sin avst\u00e4mning, men som har godtagbara sk\u00e4l f\u00f6r det, inte ska \u00e5terkr\u00e4vas p\u00e5 hela st\u00f6dbeloppet.<\/p>\n\n\n\n<p>\u2013 Nu \u00e4r v\u00e5r f\u00f6rhoppning att regering och riksdag skyndsamt behandlar Tillv\u00e4xtverkets f\u00f6rslag p\u00e5 lag\u00e4ndring, s\u00e4ger Thomas Ers\u00e9us.<\/p>\n","protected":false},"excerpt":{"rendered":"<p>Tillv\u00e4xtverket vill ha lag\u00e4ndringar g\u00e4llande korttidsst\u00f6det. F\u00f6retag som med godtagbara sk\u00e4l \u00e4r sena med sin avst\u00e4mning ska inte \u00e5terkr\u00e4vas p\u00e5 hela st\u00f6dbeloppet. \u201dDet \u00e4r mycket bra att Tillv\u00e4xtverket nu har uppfattat vad vi p\u00e5 Almega l\u00e4nge har p\u00e5talat; Dagens regler f\u00e5r orimliga effekter f\u00f6r f\u00f6retagen\u201d, s\u00e4ger Almegas vd Thomas Ers\u00e9us.<\/p>\n","protected":false},"author":14826,"featured_media":0,"comment_status":"closed","ping_status":"closed","sticky":false,"template":"","format":"standard","meta":{"_acf_changed":false,"footnotes":""},"categories":[451],"tags":[486,488],"article_type":[93],"agreement":[],"class_list":["post-36350","post","type-post","status-publish","format-standard","hentry","category-arbetsgivarfragor","tag-covid-19","tag-korttidspermittering","type-pressmeddelanden"],"acf":[],"yoast_head":"<!-- This site is optimized with the Yoast SEO Premium plugin v26.8 (Yoast SEO v26.8) - https:\/\/yoast.com\/product\/yoast-seo-premium-wordpress\/ -->\n<title>Tillv\u00e4xtverket f\u00f6resl\u00e5r mindre restriktiva regler om korttidsst\u00f6det | Almega<\/title>\n<meta name=\"robots\" content=\"index, follow, max-snippet:-1, max-image-preview:large, max-video-preview:-1\" \/>\n<link rel=\"canonical\" href=\"https:\/\/www.almega.se\/2021\/05\/tillvaxtverket-foreslar-mindre-restriktiva-regler-om-korttidsstodet\/\" \/>\n<meta property=\"og:locale\" content=\"sv_SE\" \/>\n<meta property=\"og:type\" content=\"article\" \/>\n<meta property=\"og:title\" content=\"Tillv\u00e4xtverket f\u00f6resl\u00e5r mindre restriktiva regler om korttidsst\u00f6det\" \/>\n<meta property=\"og:description\" content=\"Tillv\u00e4xtverket vill ha lag\u00e4ndringar g\u00e4llande korttidsst\u00f6det. F\u00f6retag som med godtagbara sk\u00e4l \u00e4r sena med sin avst\u00e4mning ska inte \u00e5terkr\u00e4vas p\u00e5 hela st\u00f6dbeloppet. \u201dDet \u00e4r mycket bra att Tillv\u00e4xtverket nu har uppfattat vad vi p\u00e5 Almega l\u00e4nge har p\u00e5talat; Dagens regler f\u00e5r orimliga effekter f\u00f6r f\u00f6retagen\u201d, s\u00e4ger Almegas vd Thomas Ers\u00e9us.\" \/>\n<meta property=\"og:url\" content=\"https:\/\/www.almega.se\/2021\/05\/tillvaxtverket-foreslar-mindre-restriktiva-regler-om-korttidsstodet\/\" \/>\n<meta property=\"og:site_name\" content=\"Almega\" \/>\n<meta property=\"article:published_time\" content=\"2021-05-24T10:15:12+00:00\" \/>\n<meta property=\"og:image\" content=\"https:\/\/www.almega.se\/app\/uploads\/2020\/12\/almega-share-logo.png\" \/>\n\t<meta property=\"og:image:width\" content=\"1200\" \/>\n\t<meta property=\"og:image:height\" content=\"630\" \/>\n\t<meta property=\"og:image:type\" content=\"image\/png\" \/>\n<meta name=\"author\" content=\"moat\" \/>\n<meta name=\"twitter:card\" content=\"summary_large_image\" \/>\n<meta name=\"twitter:label1\" content=\"Skriven av\" \/>\n\t<meta name=\"twitter:data1\" content=\"moat\" \/>\n\t<meta name=\"twitter:label2\" content=\"Ber\u00e4knad l\u00e4stid\" \/>\n\t<meta name=\"twitter:data2\" content=\"1 minut\" \/>\n<!-- \/ Yoast SEO Premium plugin. -->","yoast_head_json":{"title":"Tillv\u00e4xtverket f\u00f6resl\u00e5r mindre restriktiva regler om korttidsst\u00f6det | Almega","robots":{"index":"index","follow":"follow","max-snippet":"max-snippet:-1","max-image-preview":"max-image-preview:large","max-video-preview":"max-video-preview:-1"},"canonical":"https:\/\/www.almega.se\/2021\/05\/tillvaxtverket-foreslar-mindre-restriktiva-regler-om-korttidsstodet\/","og_locale":"sv_SE","og_type":"article","og_title":"Tillv\u00e4xtverket f\u00f6resl\u00e5r mindre restriktiva regler om korttidsst\u00f6det","og_description":"Tillv\u00e4xtverket vill ha lag\u00e4ndringar g\u00e4llande korttidsst\u00f6det. F\u00f6retag som med godtagbara sk\u00e4l \u00e4r sena med sin avst\u00e4mning ska inte \u00e5terkr\u00e4vas p\u00e5 hela st\u00f6dbeloppet. \u201dDet \u00e4r mycket bra att Tillv\u00e4xtverket nu har uppfattat vad vi p\u00e5 Almega l\u00e4nge har p\u00e5talat; Dagens regler f\u00e5r orimliga effekter f\u00f6r f\u00f6retagen\u201d, s\u00e4ger Almegas vd Thomas Ers\u00e9us.","og_url":"https:\/\/www.almega.se\/2021\/05\/tillvaxtverket-foreslar-mindre-restriktiva-regler-om-korttidsstodet\/","og_site_name":"Almega","article_published_time":"2021-05-24T10:15:12+00:00","og_image":[{"width":1200,"height":630,"url":"https:\/\/www.almega.se\/app\/uploads\/2020\/12\/almega-share-logo.png","type":"image\/png"}],"author":"moat","twitter_card":"summary_large_image","twitter_misc":{"Skriven av":"moat","Ber\u00e4knad l\u00e4stid":"1 minut"},"schema":{"@context":"https:\/\/schema.org","@graph":[{"@type":"NewsArticle","@id":"https:\/\/www.almega.se\/2021\/05\/tillvaxtverket-foreslar-mindre-restriktiva-regler-om-korttidsstodet\/#article","isPartOf":{"@id":"https:\/\/www.almega.se\/2021\/05\/tillvaxtverket-foreslar-mindre-restriktiva-regler-om-korttidsstodet\/"},"author":{"name":"moat","@id":"https:\/\/www.almega.se\/#\/schema\/person\/9e4d7d0abff166be96ada576ca284a77"},"headline":"Tillv\u00e4xtverket f\u00f6resl\u00e5r mindre restriktiva regler om korttids&shy;st\u00f6det","datePublished":"2021-05-24T10:15:12+00:00","mainEntityOfPage":{"@id":"https:\/\/www.almega.se\/2021\/05\/tillvaxtverket-foreslar-mindre-restriktiva-regler-om-korttidsstodet\/"},"wordCount":187,"keywords":["covid -19","Korttidspermittering"],"articleSection":["Arbetsgivarfr\u00e5gor"],"inLanguage":"sv-SE"},{"@type":"WebPage","@id":"https:\/\/www.almega.se\/2021\/05\/tillvaxtverket-foreslar-mindre-restriktiva-regler-om-korttidsstodet\/","url":"https:\/\/www.almega.se\/2021\/05\/tillvaxtverket-foreslar-mindre-restriktiva-regler-om-korttidsstodet\/","name":"Tillv\u00e4xtverket f\u00f6resl\u00e5r mindre restriktiva regler om korttidsst\u00f6det | Almega","isPartOf":{"@id":"https:\/\/www.almega.se\/#website"},"datePublished":"2021-05-24T10:15:12+00:00","author":{"@id":"https:\/\/www.almega.se\/#\/schema\/person\/9e4d7d0abff166be96ada576ca284a77"},"breadcrumb":{"@id":"https:\/\/www.almega.se\/2021\/05\/tillvaxtverket-foreslar-mindre-restriktiva-regler-om-korttidsstodet\/#breadcrumb"},"inLanguage":"sv-SE","potentialAction":[{"@type":"ReadAction","target":["https:\/\/www.almega.se\/2021\/05\/tillvaxtverket-foreslar-mindre-restriktiva-regler-om-korttidsstodet\/"]}]},{"@type":"BreadcrumbList","@id":"https:\/\/www.almega.se\/2021\/05\/tillvaxtverket-foreslar-mindre-restriktiva-regler-om-korttidsstodet\/#breadcrumb","itemListElement":[{"@type":"ListItem","position":1,"name":"Home","item":"https:\/\/www.almega.se\/"},{"@type":"ListItem","position":2,"name":"Tillv\u00e4xtverket f\u00f6resl\u00e5r mindre restriktiva regler om korttids&shy;st\u00f6det"}]},{"@type":"WebSite","@id":"https:\/\/www.almega.se\/#website","url":"https:\/\/www.almega.se\/","name":"Almega","description":"","potentialAction":[{"@type":"SearchAction","target":{"@type":"EntryPoint","urlTemplate":"https:\/\/www.almega.se\/?s={search_term_string}"},"query-input":{"@type":"PropertyValueSpecification","valueRequired":true,"valueName":"search_term_string"}}],"inLanguage":"sv-SE"},{"@type":"Person","@id":"https:\/\/www.almega.se\/#\/schema\/person\/9e4d7d0abff166be96ada576ca284a77","name":"moat","image":{"@type":"ImageObject","inLanguage":"sv-SE","@id":"https:\/\/www.almega.se\/#\/schema\/person\/image\/","url":"https:\/\/secure.gravatar.com\/avatar\/f3aefbf102103714d31ca14074d72cc66619d4b100e6e99b475677d83097fad7?s=96&d=mm&r=g","contentUrl":"https:\/\/secure.gravatar.com\/avatar\/f3aefbf102103714d31ca14074d72cc66619d4b100e6e99b475677d83097fad7?s=96&d=mm&r=g","caption":"moat"},"url":"https:\/\/www.almega.se\/person\/moat\/"}]}},"_links":{"self":[{"href":"https:\/\/www.almega.se\/api\/wp\/v2\/posts\/36350","targetHints":{"allow":["GET"]}}],"collection":[{"href":"https:\/\/www.almega.se\/api\/wp\/v2\/posts"}],"about":[{"href":"https:\/\/www.almega.se\/api\/wp\/v2\/types\/post"}],"author":[{"embeddable":true,"href":"https:\/\/www.almega.se\/api\/wp\/v2\/users\/14826"}],"replies":[{"embeddable":true,"href":"https:\/\/www.almega.se\/api\/wp\/v2\/comments?post=36350"}],"version-history":[{"count":2,"href":"https:\/\/www.almega.se\/api\/wp\/v2\/posts\/36350\/revisions"}],"predecessor-version":[{"id":53656,"href":"https:\/\/www.almega.se\/api\/wp\/v2\/posts\/36350\/revisions\/53656"}],"wp:attachment":[{"href":"https:\/\/www.almega.se\/api\/wp\/v2\/media?parent=36350"}],"wp:term":[{"taxonomy":"category","embeddable":true,"href":"https:\/\/www.almega.se\/api\/wp\/v2\/categories?post=36350"},{"taxonomy":"post_tag","embeddable":true,"href":"https:\/\/www.almega.se\/api\/wp\/v2\/tags?post=36350"},{"taxonomy":"type","embeddable":true,"href":"https:\/\/www.almega.se\/api\/wp\/v2\/article_type?post=36350"},{"taxonomy":"agreement","embeddable":true,"href":"https:\/\/www.almega.se\/api\/wp\/v2\/agreement?post=36350"}],"curies":[{"name":"wp","href":"https:\/\/api.w.org\/{rel}","templated":true}]}}