{"id":36106,"date":"2021-05-10T13:21:53","date_gmt":"2021-05-10T11:21:53","guid":{"rendered":"https:\/\/www.almega.se\/2021\/05\/nodvandigt-almegas-vd-om-forlangt-permitteringsstod\/"},"modified":"2021-05-10T13:21:53","modified_gmt":"2021-05-10T11:21:53","slug":"nodvandigt-almegas-vd-om-forlangt-permitteringsstod","status":"publish","type":"post","link":"https:\/\/www.almega.se\/2021\/05\/nodvandigt-almegas-vd-om-forlangt-permitteringsstod\/","title":{"rendered":"\u201dN\u00f6dv\u00e4ndigt\u201d \u2013 Almegas vd om f\u00f6rl\u00e4ngt permitteringsst\u00f6d"},"content":{"rendered":"<p class=\"intro\">St\u00f6det f\u00f6r korttidsarbete till f\u00f6retag som drabbats av coronapandemin f\u00f6rl\u00e4ngs med ett tre m\u00e5nader till den sista september.<\/p>\n\n<p>St\u00f6det till f\u00f6retag f\u00f6r att korttidspermittera sin personal f\u00f6rl\u00e4ngs tre m\u00e5nader. Detta enligt en \u00f6verenskommelse mellan regeringen och samarbetspartierna Centerpartiet och Liberalerna.<\/p>\n\n\n\n<p>\u2013 Vi har l\u00e4nge efterfr\u00e5gat ett f\u00f6rl\u00e4ngt korttidsst\u00f6d och beskedet \u00e4r n\u00f6dv\u00e4ndigt f\u00f6r att r\u00e4dda f\u00f6retag och jobb. Det \u00e4r bra f\u00f6r f\u00f6retagen att de nu f\u00e5r stabila spelregler om hur st\u00f6den kommer att se ut under sommaren, s\u00e4ger Thomas Ers\u00e9us, vd p\u00e5 Almega.<\/p>\n\n\n\n<p>Enligt vad finansminister Magdalena Andersson s\u00e4ger till Ekot l\u00e4ggs f\u00f6rslaget mot bakgrund av att vaccinationerna har f\u00f6rsenats med kvardr\u00f6jd smittspridning och restriktioner som f\u00f6ljd.<\/p>\n\n\n\n<p>\u2013 F\u00f6r resef\u00f6retag, friskv\u00e5rdsf\u00f6retag, m\u00e4ssor, t\u00e5g- och flygbolag och biografer inneb\u00e4r restriktionerna i praktiken n\u00e4ringsf\u00f6rbud och coronakrisen \u00e4r alltj\u00e4mt lika p\u00e5taglig. Att f\u00f6rl\u00e4nga st\u00f6det f\u00f6r korttidsarbete \u00f6kar m\u00f6jligheten att r\u00e4dda m\u00e5nga jobb. Det \u00e4r \u00e4ven viktigt att staten tar fortsatt ansvar f\u00f6r f\u00f6retagens sjukl\u00f6nekostnader fram till september. Vi hoppas p\u00e5 positiva besked \u00e4ven d\u00e4r, s\u00e4ger Thomas Ers\u00e9us.<\/p>\n","protected":false},"excerpt":{"rendered":"<p>St\u00f6det f\u00f6r korttidsarbete till f\u00f6retag som drabbats av coronapandemin f\u00f6rl\u00e4ngs med ett tre m\u00e5nader till den sista september.<\/p>\n","protected":false},"author":14826,"featured_media":0,"comment_status":"closed","ping_status":"closed","sticky":false,"template":"","format":"standard","meta":{"_acf_changed":false,"footnotes":""},"categories":[64],"tags":[486,488],"article_type":[93],"agreement":[],"class_list":["post-36106","post","type-post","status-publish","format-standard","hentry","category-arbetsmarknad","tag-covid-19","tag-korttidspermittering","type-pressmeddelanden"],"acf":[],"yoast_head":"<!-- This site is optimized with the Yoast SEO Premium plugin v26.8 (Yoast SEO v26.8) - https:\/\/yoast.com\/product\/yoast-seo-premium-wordpress\/ -->\n<title>\u201dN\u00f6dv\u00e4ndigt\u201d \u2013 Almegas vd om f\u00f6rl\u00e4ngt permitteringsst\u00f6d | Almega<\/title>\n<meta name=\"robots\" content=\"index, follow, max-snippet:-1, max-image-preview:large, max-video-preview:-1\" \/>\n<link rel=\"canonical\" href=\"https:\/\/www.almega.se\/2021\/05\/nodvandigt-almegas-vd-om-forlangt-permitteringsstod\/\" \/>\n<meta property=\"og:locale\" content=\"sv_SE\" \/>\n<meta property=\"og:type\" content=\"article\" \/>\n<meta property=\"og:title\" content=\"\u201dN\u00f6dv\u00e4ndigt\u201d \u2013 Almegas vd om f\u00f6rl\u00e4ngt permitteringsst\u00f6d\" \/>\n<meta property=\"og:description\" content=\"St\u00f6det f\u00f6r korttidsarbete till f\u00f6retag som drabbats av coronapandemin f\u00f6rl\u00e4ngs med ett tre m\u00e5nader till den sista september.\" \/>\n<meta property=\"og:url\" content=\"https:\/\/www.almega.se\/2021\/05\/nodvandigt-almegas-vd-om-forlangt-permitteringsstod\/\" \/>\n<meta property=\"og:site_name\" content=\"Almega\" \/>\n<meta property=\"article:published_time\" content=\"2021-05-10T11:21:53+00:00\" \/>\n<meta property=\"og:image\" content=\"https:\/\/www.almega.se\/app\/uploads\/2020\/12\/almega-share-logo.png\" \/>\n\t<meta property=\"og:image:width\" content=\"1200\" \/>\n\t<meta property=\"og:image:height\" content=\"630\" \/>\n\t<meta property=\"og:image:type\" content=\"image\/png\" \/>\n<meta name=\"author\" content=\"moat\" \/>\n<meta name=\"twitter:card\" content=\"summary_large_image\" \/>\n<meta name=\"twitter:label1\" content=\"Skriven av\" \/>\n\t<meta name=\"twitter:data1\" content=\"moat\" \/>\n\t<meta name=\"twitter:label2\" content=\"Ber\u00e4knad l\u00e4stid\" \/>\n\t<meta name=\"twitter:data2\" content=\"1 minut\" \/>\n<!-- \/ Yoast SEO Premium plugin. -->","yoast_head_json":{"title":"\u201dN\u00f6dv\u00e4ndigt\u201d \u2013 Almegas vd om f\u00f6rl\u00e4ngt permitteringsst\u00f6d | Almega","robots":{"index":"index","follow":"follow","max-snippet":"max-snippet:-1","max-image-preview":"max-image-preview:large","max-video-preview":"max-video-preview:-1"},"canonical":"https:\/\/www.almega.se\/2021\/05\/nodvandigt-almegas-vd-om-forlangt-permitteringsstod\/","og_locale":"sv_SE","og_type":"article","og_title":"\u201dN\u00f6dv\u00e4ndigt\u201d \u2013 Almegas vd om f\u00f6rl\u00e4ngt permitteringsst\u00f6d","og_description":"St\u00f6det f\u00f6r korttidsarbete till f\u00f6retag som drabbats av coronapandemin f\u00f6rl\u00e4ngs med ett tre m\u00e5nader till den sista september.","og_url":"https:\/\/www.almega.se\/2021\/05\/nodvandigt-almegas-vd-om-forlangt-permitteringsstod\/","og_site_name":"Almega","article_published_time":"2021-05-10T11:21:53+00:00","og_image":[{"width":1200,"height":630,"url":"https:\/\/www.almega.se\/app\/uploads\/2020\/12\/almega-share-logo.png","type":"image\/png"}],"author":"moat","twitter_card":"summary_large_image","twitter_misc":{"Skriven av":"moat","Ber\u00e4knad l\u00e4stid":"1 minut"},"schema":{"@context":"https:\/\/schema.org","@graph":[{"@type":"NewsArticle","@id":"https:\/\/www.almega.se\/2021\/05\/nodvandigt-almegas-vd-om-forlangt-permitteringsstod\/#article","isPartOf":{"@id":"https:\/\/www.almega.se\/2021\/05\/nodvandigt-almegas-vd-om-forlangt-permitteringsstod\/"},"author":{"name":"moat","@id":"https:\/\/www.almega.se\/#\/schema\/person\/9e4d7d0abff166be96ada576ca284a77"},"headline":"\u201dN\u00f6dv\u00e4ndigt\u201d \u2013 Almegas vd om f\u00f6rl\u00e4ngt permitteringsst\u00f6d","datePublished":"2021-05-10T11:21:53+00:00","mainEntityOfPage":{"@id":"https:\/\/www.almega.se\/2021\/05\/nodvandigt-almegas-vd-om-forlangt-permitteringsstod\/"},"wordCount":208,"keywords":["covid -19","Korttidspermittering"],"articleSection":["Arbetsmarknad"],"inLanguage":"sv-SE"},{"@type":"WebPage","@id":"https:\/\/www.almega.se\/2021\/05\/nodvandigt-almegas-vd-om-forlangt-permitteringsstod\/","url":"https:\/\/www.almega.se\/2021\/05\/nodvandigt-almegas-vd-om-forlangt-permitteringsstod\/","name":"\u201dN\u00f6dv\u00e4ndigt\u201d \u2013 Almegas vd om f\u00f6rl\u00e4ngt permitteringsst\u00f6d | Almega","isPartOf":{"@id":"https:\/\/www.almega.se\/#website"},"datePublished":"2021-05-10T11:21:53+00:00","author":{"@id":"https:\/\/www.almega.se\/#\/schema\/person\/9e4d7d0abff166be96ada576ca284a77"},"breadcrumb":{"@id":"https:\/\/www.almega.se\/2021\/05\/nodvandigt-almegas-vd-om-forlangt-permitteringsstod\/#breadcrumb"},"inLanguage":"sv-SE","potentialAction":[{"@type":"ReadAction","target":["https:\/\/www.almega.se\/2021\/05\/nodvandigt-almegas-vd-om-forlangt-permitteringsstod\/"]}]},{"@type":"BreadcrumbList","@id":"https:\/\/www.almega.se\/2021\/05\/nodvandigt-almegas-vd-om-forlangt-permitteringsstod\/#breadcrumb","itemListElement":[{"@type":"ListItem","position":1,"name":"Home","item":"https:\/\/www.almega.se\/"},{"@type":"ListItem","position":2,"name":"\u201dN\u00f6dv\u00e4ndigt\u201d \u2013 Almegas vd om f\u00f6rl\u00e4ngt permitteringsst\u00f6d"}]},{"@type":"WebSite","@id":"https:\/\/www.almega.se\/#website","url":"https:\/\/www.almega.se\/","name":"Almega","description":"","potentialAction":[{"@type":"SearchAction","target":{"@type":"EntryPoint","urlTemplate":"https:\/\/www.almega.se\/?s={search_term_string}"},"query-input":{"@type":"PropertyValueSpecification","valueRequired":true,"valueName":"search_term_string"}}],"inLanguage":"sv-SE"},{"@type":"Person","@id":"https:\/\/www.almega.se\/#\/schema\/person\/9e4d7d0abff166be96ada576ca284a77","name":"moat","image":{"@type":"ImageObject","inLanguage":"sv-SE","@id":"https:\/\/www.almega.se\/#\/schema\/person\/image\/","url":"https:\/\/secure.gravatar.com\/avatar\/f3aefbf102103714d31ca14074d72cc66619d4b100e6e99b475677d83097fad7?s=96&d=mm&r=g","contentUrl":"https:\/\/secure.gravatar.com\/avatar\/f3aefbf102103714d31ca14074d72cc66619d4b100e6e99b475677d83097fad7?s=96&d=mm&r=g","caption":"moat"},"url":"https:\/\/www.almega.se\/person\/moat\/"}]}},"_links":{"self":[{"href":"https:\/\/www.almega.se\/api\/wp\/v2\/posts\/36106","targetHints":{"allow":["GET"]}}],"collection":[{"href":"https:\/\/www.almega.se\/api\/wp\/v2\/posts"}],"about":[{"href":"https:\/\/www.almega.se\/api\/wp\/v2\/types\/post"}],"author":[{"embeddable":true,"href":"https:\/\/www.almega.se\/api\/wp\/v2\/users\/14826"}],"replies":[{"embeddable":true,"href":"https:\/\/www.almega.se\/api\/wp\/v2\/comments?post=36106"}],"version-history":[{"count":2,"href":"https:\/\/www.almega.se\/api\/wp\/v2\/posts\/36106\/revisions"}],"predecessor-version":[{"id":53663,"href":"https:\/\/www.almega.se\/api\/wp\/v2\/posts\/36106\/revisions\/53663"}],"wp:attachment":[{"href":"https:\/\/www.almega.se\/api\/wp\/v2\/media?parent=36106"}],"wp:term":[{"taxonomy":"category","embeddable":true,"href":"https:\/\/www.almega.se\/api\/wp\/v2\/categories?post=36106"},{"taxonomy":"post_tag","embeddable":true,"href":"https:\/\/www.almega.se\/api\/wp\/v2\/tags?post=36106"},{"taxonomy":"type","embeddable":true,"href":"https:\/\/www.almega.se\/api\/wp\/v2\/article_type?post=36106"},{"taxonomy":"agreement","embeddable":true,"href":"https:\/\/www.almega.se\/api\/wp\/v2\/agreement?post=36106"}],"curies":[{"name":"wp","href":"https:\/\/api.w.org\/{rel}","templated":true}]}}