{"id":35783,"date":"2021-04-15T10:45:54","date_gmt":"2021-04-15T08:45:54","guid":{"rendered":"https:\/\/www.almega.se\/2021\/04\/almega-om-varbudgeten-krisen-kraver-fler-krisatgarder\/"},"modified":"2021-04-15T10:45:54","modified_gmt":"2021-04-15T08:45:54","slug":"almega-om-varbudgeten-krisen-kraver-fler-krisatgarder","status":"publish","type":"post","link":"https:\/\/www.almega.se\/2021\/04\/almega-om-varbudgeten-krisen-kraver-fler-krisatgarder\/","title":{"rendered":"Almega om V\u00e5rbudgeten: Krisen kr\u00e4ver fler kris\u00e5tg\u00e4rder"},"content":{"rendered":"<p class=\"intro\">Jobbpaketet i regeringens v\u00e5rdbudget \u00e4r inte tillr\u00e4ckligt kraftfullt. En allm\u00e4n s\u00e4nkning av arbetsgivaravgiften beh\u00f6vs f\u00f6r att de f\u00f6rlorade jobben snabbt ska komma tillbaka, anser tj\u00e4nstef\u00f6retagens arbetsgivarorganisation Almega.<\/p>\n\n<p>Svensk ekonomi \u00e4r p\u00e5 v\u00e4g upp ur krisen. Men \u00e4ven enligt de mest optimistiska prognoserna kommer det att dr\u00f6ja n\u00e4stan ett \u00e5r innan ekonomin \u00e4r tillbaka p\u00e5 samma niv\u00e5 som f\u00f6re krisen. Dessutom sl\u00e4par arbetsmarknaden och det kommer att dr\u00f6ja betydligt l\u00e4ngre innan arbetsl\u00f6sheten sjunkit till samma niv\u00e5 som f\u00f6re krisen. Under tiden kommer dessv\u00e4rre l\u00e5ngtidsarbetsl\u00f6sheten att \u00f6ka. P\u00e5 ett \u00e5r har antalet l\u00e5ngtidsarbetsl\u00f6sa blivit 60\u00a0000 fler.<\/p>\n\n\n\n<p>\u2013 Risken \u00e4r stor att arbetsl\u00f6sheten biter sig kvar och att de som f\u00f6rlorat jobben under krisen eller inte f\u00e5tt sitt f\u00f6rsta jobb hamnar l\u00e5ngt bak i k\u00f6n. I det perspektivet \u00e4r jobbpaketet i v\u00e5rbudgeten p\u00e5 knappt tv\u00e5 miljarder kronor alldeles f\u00f6r litet och bortplottrat p\u00e5 f\u00f6r m\u00e5nga sm\u00e5 insatser, s\u00e4ger Patrick Joyce, chefekonom p\u00e5 Almega.<\/p>\n\n\n\n<p>Vissa delar av paketet \u00e4r bra. F\u00f6rslaget att kombinera spr\u00e5kutbildning och yrkesutbildning f\u00f6r nyanl\u00e4nda \u00e4r efterl\u00e4ngtat. Erfarenheter fr\u00e5n bland annat Tyskland har visat att s\u00e5dana insatser hj\u00e4lper nyanl\u00e4nda att snabbare f\u00e5 arbete. Almega v\u00e4lkomnar ocks\u00e5 f\u00f6rslaget att s\u00e4nka arbetsgivaravgifterna f\u00f6r unga under sommaren men anser att s\u00e4nkningen ska omfatta fler och vara permanent.<\/p>\n\n\n\n<p>\u2013 Att s\u00e4nka kostnaden f\u00f6r att anst\u00e4lla \u00e4r det b\u00e4sta s\u00e4ttet att hj\u00e4lpa f\u00f6retagen att \u00e5terskapa de jobb som f\u00f6rsvunnit under krisen. Ett verkligt effektivt jobbpaket m\u00e5ste inneh\u00e5lla en generell och varaktig s\u00e4nkning av arbetsgivaravgifterna f\u00f6r alla f\u00f6retag, s\u00e4ger Patrick Joyce.<\/p>\n\n\n\n<p>Enligt en f\u00e4rsk rapport som HUI Research har gjort p\u00e5 uppdrag av Almega skulle en s\u00e4nkning av arbetsgivaravgifterna med tre procentenheter skapa 69 000 nya jobb i tj\u00e4nstesektorn, vilket \u00e4r lika m\u00e5nga som f\u00f6rsvunnit under det senaste \u00e5ret.<\/p>\n","protected":false},"excerpt":{"rendered":"<p>Jobbpaketet i regeringens v\u00e5rdbudget \u00e4r inte tillr\u00e4ckligt kraftfullt. En allm\u00e4n s\u00e4nkning av arbetsgivaravgiften beh\u00f6vs f\u00f6r att de f\u00f6rlorade jobben snabbt ska komma tillbaka, anser tj\u00e4nstef\u00f6retagens arbetsgivarorganisation Almega.<\/p>\n","protected":false},"author":14826,"featured_media":0,"comment_status":"closed","ping_status":"closed","sticky":false,"template":"","format":"standard","meta":{"_acf_changed":false,"footnotes":""},"categories":[57],"tags":[422,486],"article_type":[93],"agreement":[],"class_list":["post-35783","post","type-post","status-publish","format-standard","hentry","category-skatter","tag-arbetsgivaravgift","tag-covid-19","type-pressmeddelanden"],"acf":[],"yoast_head":"<!-- This site is optimized with the Yoast SEO Premium plugin v26.8 (Yoast SEO v26.8) - https:\/\/yoast.com\/product\/yoast-seo-premium-wordpress\/ -->\n<title>Almega om V\u00e5rbudgeten: Krisen kr\u00e4ver fler kris\u00e5tg\u00e4rder | Almega<\/title>\n<meta name=\"robots\" content=\"index, follow, max-snippet:-1, max-image-preview:large, max-video-preview:-1\" \/>\n<link rel=\"canonical\" href=\"https:\/\/www.almega.se\/2021\/04\/almega-om-varbudgeten-krisen-kraver-fler-krisatgarder\/\" \/>\n<meta property=\"og:locale\" content=\"sv_SE\" \/>\n<meta property=\"og:type\" content=\"article\" \/>\n<meta property=\"og:title\" content=\"Almega om V\u00e5rbudgeten: Krisen kr\u00e4ver fler kris\u00e5tg\u00e4rder\" \/>\n<meta property=\"og:description\" content=\"Jobbpaketet i regeringens v\u00e5rdbudget \u00e4r inte tillr\u00e4ckligt kraftfullt. En allm\u00e4n s\u00e4nkning av arbetsgivaravgiften beh\u00f6vs f\u00f6r att de f\u00f6rlorade jobben snabbt ska komma tillbaka, anser tj\u00e4nstef\u00f6retagens arbetsgivarorganisation Almega.\" \/>\n<meta property=\"og:url\" content=\"https:\/\/www.almega.se\/2021\/04\/almega-om-varbudgeten-krisen-kraver-fler-krisatgarder\/\" \/>\n<meta property=\"og:site_name\" content=\"Almega\" \/>\n<meta property=\"article:published_time\" content=\"2021-04-15T08:45:54+00:00\" \/>\n<meta property=\"og:image\" content=\"https:\/\/www.almega.se\/app\/uploads\/2020\/12\/almega-share-logo.png\" \/>\n\t<meta property=\"og:image:width\" content=\"1200\" \/>\n\t<meta property=\"og:image:height\" content=\"630\" \/>\n\t<meta property=\"og:image:type\" content=\"image\/png\" \/>\n<meta name=\"author\" content=\"moat\" \/>\n<meta name=\"twitter:card\" content=\"summary_large_image\" \/>\n<meta name=\"twitter:label1\" content=\"Skriven av\" \/>\n\t<meta name=\"twitter:data1\" content=\"moat\" \/>\n\t<meta name=\"twitter:label2\" content=\"Ber\u00e4knad l\u00e4stid\" \/>\n\t<meta name=\"twitter:data2\" content=\"2 minuter\" \/>\n<!-- \/ Yoast SEO Premium plugin. -->","yoast_head_json":{"title":"Almega om V\u00e5rbudgeten: Krisen kr\u00e4ver fler kris\u00e5tg\u00e4rder | Almega","robots":{"index":"index","follow":"follow","max-snippet":"max-snippet:-1","max-image-preview":"max-image-preview:large","max-video-preview":"max-video-preview:-1"},"canonical":"https:\/\/www.almega.se\/2021\/04\/almega-om-varbudgeten-krisen-kraver-fler-krisatgarder\/","og_locale":"sv_SE","og_type":"article","og_title":"Almega om V\u00e5rbudgeten: Krisen kr\u00e4ver fler kris\u00e5tg\u00e4rder","og_description":"Jobbpaketet i regeringens v\u00e5rdbudget \u00e4r inte tillr\u00e4ckligt kraftfullt. En allm\u00e4n s\u00e4nkning av arbetsgivaravgiften beh\u00f6vs f\u00f6r att de f\u00f6rlorade jobben snabbt ska komma tillbaka, anser tj\u00e4nstef\u00f6retagens arbetsgivarorganisation Almega.","og_url":"https:\/\/www.almega.se\/2021\/04\/almega-om-varbudgeten-krisen-kraver-fler-krisatgarder\/","og_site_name":"Almega","article_published_time":"2021-04-15T08:45:54+00:00","og_image":[{"width":1200,"height":630,"url":"https:\/\/www.almega.se\/app\/uploads\/2020\/12\/almega-share-logo.png","type":"image\/png"}],"author":"moat","twitter_card":"summary_large_image","twitter_misc":{"Skriven av":"moat","Ber\u00e4knad l\u00e4stid":"2 minuter"},"schema":{"@context":"https:\/\/schema.org","@graph":[{"@type":"NewsArticle","@id":"https:\/\/www.almega.se\/2021\/04\/almega-om-varbudgeten-krisen-kraver-fler-krisatgarder\/#article","isPartOf":{"@id":"https:\/\/www.almega.se\/2021\/04\/almega-om-varbudgeten-krisen-kraver-fler-krisatgarder\/"},"author":{"name":"moat","@id":"https:\/\/www.almega.se\/#\/schema\/person\/9e4d7d0abff166be96ada576ca284a77"},"headline":"Almega om V\u00e5rbudgeten: Krisen kr\u00e4ver fler kris\u00e5tg\u00e4rder","datePublished":"2021-04-15T08:45:54+00:00","mainEntityOfPage":{"@id":"https:\/\/www.almega.se\/2021\/04\/almega-om-varbudgeten-krisen-kraver-fler-krisatgarder\/"},"wordCount":319,"keywords":["Arbetsgivaravgift","covid -19"],"articleSection":["Skatter"],"inLanguage":"sv-SE"},{"@type":"WebPage","@id":"https:\/\/www.almega.se\/2021\/04\/almega-om-varbudgeten-krisen-kraver-fler-krisatgarder\/","url":"https:\/\/www.almega.se\/2021\/04\/almega-om-varbudgeten-krisen-kraver-fler-krisatgarder\/","name":"Almega om V\u00e5rbudgeten: Krisen kr\u00e4ver fler kris\u00e5tg\u00e4rder | Almega","isPartOf":{"@id":"https:\/\/www.almega.se\/#website"},"datePublished":"2021-04-15T08:45:54+00:00","author":{"@id":"https:\/\/www.almega.se\/#\/schema\/person\/9e4d7d0abff166be96ada576ca284a77"},"breadcrumb":{"@id":"https:\/\/www.almega.se\/2021\/04\/almega-om-varbudgeten-krisen-kraver-fler-krisatgarder\/#breadcrumb"},"inLanguage":"sv-SE","potentialAction":[{"@type":"ReadAction","target":["https:\/\/www.almega.se\/2021\/04\/almega-om-varbudgeten-krisen-kraver-fler-krisatgarder\/"]}]},{"@type":"BreadcrumbList","@id":"https:\/\/www.almega.se\/2021\/04\/almega-om-varbudgeten-krisen-kraver-fler-krisatgarder\/#breadcrumb","itemListElement":[{"@type":"ListItem","position":1,"name":"Home","item":"https:\/\/www.almega.se\/"},{"@type":"ListItem","position":2,"name":"Almega om V\u00e5rbudgeten: Krisen kr\u00e4ver fler kris\u00e5tg\u00e4rder"}]},{"@type":"WebSite","@id":"https:\/\/www.almega.se\/#website","url":"https:\/\/www.almega.se\/","name":"Almega","description":"","potentialAction":[{"@type":"SearchAction","target":{"@type":"EntryPoint","urlTemplate":"https:\/\/www.almega.se\/?s={search_term_string}"},"query-input":{"@type":"PropertyValueSpecification","valueRequired":true,"valueName":"search_term_string"}}],"inLanguage":"sv-SE"},{"@type":"Person","@id":"https:\/\/www.almega.se\/#\/schema\/person\/9e4d7d0abff166be96ada576ca284a77","name":"moat","image":{"@type":"ImageObject","inLanguage":"sv-SE","@id":"https:\/\/www.almega.se\/#\/schema\/person\/image\/","url":"https:\/\/secure.gravatar.com\/avatar\/f3aefbf102103714d31ca14074d72cc66619d4b100e6e99b475677d83097fad7?s=96&d=mm&r=g","contentUrl":"https:\/\/secure.gravatar.com\/avatar\/f3aefbf102103714d31ca14074d72cc66619d4b100e6e99b475677d83097fad7?s=96&d=mm&r=g","caption":"moat"},"url":"https:\/\/www.almega.se\/person\/moat\/"}]}},"_links":{"self":[{"href":"https:\/\/www.almega.se\/api\/wp\/v2\/posts\/35783","targetHints":{"allow":["GET"]}}],"collection":[{"href":"https:\/\/www.almega.se\/api\/wp\/v2\/posts"}],"about":[{"href":"https:\/\/www.almega.se\/api\/wp\/v2\/types\/post"}],"author":[{"embeddable":true,"href":"https:\/\/www.almega.se\/api\/wp\/v2\/users\/14826"}],"replies":[{"embeddable":true,"href":"https:\/\/www.almega.se\/api\/wp\/v2\/comments?post=35783"}],"version-history":[{"count":2,"href":"https:\/\/www.almega.se\/api\/wp\/v2\/posts\/35783\/revisions"}],"predecessor-version":[{"id":53604,"href":"https:\/\/www.almega.se\/api\/wp\/v2\/posts\/35783\/revisions\/53604"}],"wp:attachment":[{"href":"https:\/\/www.almega.se\/api\/wp\/v2\/media?parent=35783"}],"wp:term":[{"taxonomy":"category","embeddable":true,"href":"https:\/\/www.almega.se\/api\/wp\/v2\/categories?post=35783"},{"taxonomy":"post_tag","embeddable":true,"href":"https:\/\/www.almega.se\/api\/wp\/v2\/tags?post=35783"},{"taxonomy":"type","embeddable":true,"href":"https:\/\/www.almega.se\/api\/wp\/v2\/article_type?post=35783"},{"taxonomy":"agreement","embeddable":true,"href":"https:\/\/www.almega.se\/api\/wp\/v2\/agreement?post=35783"}],"curies":[{"name":"wp","href":"https:\/\/api.w.org\/{rel}","templated":true}]}}