{"id":35767,"date":"2021-04-15T15:25:04","date_gmt":"2021-04-15T13:25:04","guid":{"rendered":"https:\/\/www.almega.se\/?p=35767"},"modified":"2021-04-15T15:25:04","modified_gmt":"2021-04-15T13:25:04","slug":"sa-kan-sankta-arbetsgivaravgifter-skapa-nya-jobb","status":"publish","type":"post","link":"https:\/\/www.almega.se\/2021\/04\/sa-kan-sankta-arbetsgivaravgifter-skapa-nya-jobb\/","title":{"rendered":"S\u00e5 kan s\u00e4nkta arbetsgivaravgifter skapa nya jobb"},"content":{"rendered":"<p class=\"intro\">Enligt en ny rapport skulle s\u00e4nkta arbetsgivaravgifter kunna skapa 107 000 nya jobb i Sverige. M\u00f6t tv\u00e5 tj\u00e4nstef\u00f6retag som ger sin syn p\u00e5 vad f\u00f6rslaget skulle kunna inneb\u00e4ra f\u00f6r deras branscher \u2013 d\u00e4r kompetensbrist och h\u00f6ga kostnader f\u00f6r att nyanst\u00e4lla h\u00e4mmar tillv\u00e4xtm\u00f6jligheterna.<\/p>\n\n<p>I dag \u00e4r arbetskraftskostnaderna inom den svenska tj\u00e4nstesektorn de sj\u00e4tte h\u00f6gsta i Europa och arbetsgivaravgif<span style=\"background-color: transparent;font-size: 1rem\">tern<\/span><span style=\"background-color: transparent;font-size: 1rem\">a i Sverige \u00e4r de h\u00f6gsta inom hela EU. F\u00f6r ett f\u00f6retag som i3tex, som s\u00e4ljer konsulttj\u00e4nster inom allt fr\u00e5n medicinteknik till verkstadsindustri, p\u00e5verkar d<\/span><span style=\"background-color: transparent;font-size: 1rem\">e h\u00f6ga l\u00f6nekostnaderna f\u00f6retagets utvecklingsm\u00f6jligheter i allra h\u00f6gsta grad, menar Sara Lindmark, CEO p\u00e5 i3tex<\/span><\/p>\n\n\n\n<p>\u2013 Vi s\u00e4ljer inga fysiska produkter, utan v\u00e5ra medarbetares kunskap \u00e4r k\u00e4rnan i allt. En s\u00e4nkning av arbetsgivaravgifterna enligt Almegas f\u00f6rslag skulle f\u00f6r oss inneb\u00e4ra cirka tre miljoner i s\u00e4nkta l\u00f6nekostnader per \u00e5r, vilket skulle kunna ge oss m\u00f6jlighet att satsa p\u00e5 vidareutbildning i en helt annan utstr\u00e4ckning \u00e4n vi kan i dag.<\/p>\n\n\n<a class='Share__link Share__link--url copy-text' href='#' rel='nofollow' data-text='kompetensutveckling-behovs' title='Dela url' data-confirmation='L\u00e4nken kopierades till urklipp'><svg class='icon icon--link'  width='18' height='18' viewBox='0 0 18 18' fill='none' xmlns='http:\/\/www.w3.org\/2000\/svg'>\n            <path d='M10.4142 0.514721L6.87868 4.05025L8.29289 5.46447L11.1213 2.63604L15.364 6.87868L12.5355 9.70711L13.9497 11.1213L17.4853 7.58579C17.8763 7.19476 17.8763 6.5626 17.4853 6.17158L11.8284 0.514721C11.4374 0.123691 10.8052 0.123691 10.4142 0.514721Z' fill='black'\/>\n            <path d='M9.7071 12.5355L6.87868 15.364L2.63604 11.1213L5.46446 8.2929L4.05025 6.87868L0.514716 10.4142C0.123686 10.8052 0.123686 11.4374 0.514716 11.8284L6.17157 17.4853C6.5626 17.8763 7.19475 17.8763 7.58578 17.4853L11.1213 13.9497L9.7071 12.5355Z' fill='black'\/>\n            <path d='M6.17157 11.8284C6.5626 12.2195 7.19475 12.2195 7.58578 11.8284L11.8284 7.58579C12.2195 7.19476 12.2195 6.56261 11.8284 6.17158C11.4374 5.78055 10.8052 5.78055 10.4142 6.17158L6.17157 10.4142C5.78054 10.8052 5.78054 11.4374 6.17157 11.8284Z' fill='black'\/>\n            <\/svg> <\/a>\n<h2 class=\"wp-block-heading\">Kompetensutveckling beh\u00f6vs<\/h2>\n\n\n\n<p>Sara Lindmark p\u00e5pekar att det r\u00e5der en missmatch p\u00e5 dagens arbetsmarknad, mellan branschens behov av specifik kompetens och de som \u00e4r arbetsl\u00f6sa. F\u00f6retagen har ett intresse av att hj\u00e4lpa till att \u00f6verbrygga det kompetensgapet, menar hon, men f\u00f6r att ha r\u00e5d beh\u00f6vs fler insatser:<\/p>\n\n\n\n<p>\u2013 Vi har inte sagt upp personal under pandemin, utan satsat p\u00e5 utbildning ist\u00e4llet, men pandemin har ocks\u00e5 skyndat p\u00e5 den digitala transformationen som g\u00f6r det l\u00e4ttare att jobba platsoberoende. F\u00f6r att inte jobben ska f\u00f6rsvinna ut i Europa m\u00e5ste vi ha konkurrenskraftiga villkor \u00e4ven i Sverige. V\u00e5ra kunder efterfr\u00e5gar kvalitativ leverans och&nbsp;h\u00e5llbarhet, men de ser ocks\u00e5 till priset, s\u00e4ger Sara Lindmark och forts\u00e4tter:<\/p>\n\n\n\n<p>\u2013 En s\u00e4nkt arbetsgivaravgift skulle kunna fungera som en m\u00f6jligg\u00f6rare, genom att fler f\u00f6retag skulle ha r\u00e5d att satsa p\u00e5 b\u00e5de utbildning av befintlig personal och kunna ge arbetsl\u00f6sa praktisk erfarenhet som komplement till de utbildningsinsatser som redan g\u00f6rs.<\/p>\n\n\n<a class='Share__link Share__link--url copy-text' href='#' rel='nofollow' data-text='satsa-pa-framtidsbranscher' title='Dela url' data-confirmation='L\u00e4nken kopierades till urklipp'><svg class='icon icon--link'  width='18' height='18' viewBox='0 0 18 18' fill='none' xmlns='http:\/\/www.w3.org\/2000\/svg'>\n            <path d='M10.4142 0.514721L6.87868 4.05025L8.29289 5.46447L11.1213 2.63604L15.364 6.87868L12.5355 9.70711L13.9497 11.1213L17.4853 7.58579C17.8763 7.19476 17.8763 6.5626 17.4853 6.17158L11.8284 0.514721C11.4374 0.123691 10.8052 0.123691 10.4142 0.514721Z' fill='black'\/>\n            <path d='M9.7071 12.5355L6.87868 15.364L2.63604 11.1213L5.46446 8.2929L4.05025 6.87868L0.514716 10.4142C0.123686 10.8052 0.123686 11.4374 0.514716 11.8284L6.17157 17.4853C6.5626 17.8763 7.19475 17.8763 7.58578 17.4853L11.1213 13.9497L9.7071 12.5355Z' fill='black'\/>\n            <path d='M6.17157 11.8284C6.5626 12.2195 7.19475 12.2195 7.58578 11.8284L11.8284 7.58579C12.2195 7.19476 12.2195 6.56261 11.8284 6.17158C11.4374 5.78055 10.8052 5.78055 10.4142 6.17158L6.17157 10.4142C5.78054 10.8052 5.78054 11.4374 6.17157 11.8284Z' fill='black'\/>\n            <\/svg> <\/a>\n<h2 class=\"wp-block-heading\">Satsa p\u00e5 framtidsbranscher<\/h2>\n\n\n\n<p>Sara Lindmark f\u00e5r&nbsp;medh\u00e5l<span style=\"background-color: transparent;font-size: 1rem\">l av Sofia Gerstenfeld, vd p\u00e5 Visma Enterprise. \u00c4ven hon brottas med fr\u00e5gan hur f\u00f6retaget ska kunna v\u00e4xa n\u00e4r det inneb\u00e4r stora kostnader att nyanst\u00e4lla. Visma Enterprise s\u00e4ljer system som automatiserar och effektiviserar processer inom bland annat l\u00f6n och bemanning, en komplex verksamhet d\u00e4r det tar l\u00e5ng tid att l\u00e4ra upp en nyanst\u00e4lld till att bli tillr\u00e4ckligt insatt f\u00f6r att kunna bli produktiv och l\u00f6nsam:<\/span><\/p>\n\n\n\n<p>\u2013 Under intro<span style=\"background-color: transparent;font-size: 1rem\">duktionstiden beh\u00f6ver dessutom befintlig personal avs\u00e4tta tid f\u00f6r att utbilda den nyanst\u00e4llda, tid som d\u00e4rmed inte kan l\u00e4ggas p\u00e5 betalande kunder. Och att det r\u00e5der brist p\u00e5 m\u00e4nniskor med kompetens inom b\u00e5de IT och l\u00f6nefr\u00e5gor g\u00f6r att vi som \u00e4r konkurrenter inom samma bransch ofta h\u00e4mtar nya medarbetare fr\u00e5n varandra, s\u00e4ger Sofia Gerstenfeld. De h\u00f6ga kostnaderna f\u00f6r att nyanst\u00e4lla h\u00e4mmar d\u00e4rf\u00f6r tillv\u00e4xten, menar hon.<\/span><\/p>\n\n\n\n<p>\u2013 F\u00f6rslag om arbetsgivaravgifter kritiseras ofta f\u00f6r att det bara skulle inneb\u00e4ra att f\u00f6retagen tj\u00e4nar mer pengar, men det jag brottas med dagligen \u00e4r snarare hur vi ska kunna v\u00e4xa och samtidigt leva upp till l\u00f6nsamhetskrav n\u00e4r det \u00e4r s\u00e5 dyrt att investera i nyanst\u00e4llda. Jag kan tyck<span style=\"background-color: transparent;font-size: 1rem\">a att det skulle vara bra att satsa p\u00e5 framtidsbranscher som har m\u00f6jlighet att v\u00e4xa, ist\u00e4llet f\u00f6r att bara rikta st\u00f6d\u00e5tg\u00e4rder till branscher i kris.<\/span><\/p>\n\n\n\n<p>Genom att ge f\u00f6retag som verkar inom branscher med stor tillv\u00e4xtpotential b\u00e4ttre f\u00f6ruts\u00e4ttningar f\u00f6r att lyckas, kan samh\u00e4llet vinna mycket, menar hon:<\/p>\n\n\n\n<p>\u2013 I takt med att digitaliseringsresan forts\u00e4tter kommer det att bli allt fler som m\u00e5ste kompetensutvecklas f\u00f6r att inte hamna utanf\u00f6r arbetsmarknaden n\u00e4r deras jobb f\u00f6rsvinner. Kan vi g\u00f6ra det billigare att anst\u00e4lla minskar omst\u00e4llningskostnaderna f\u00f6r dessa individer och det blir l\u00e4ttare att s\u00e4kra kompetensf\u00f6rs\u00f6rjningen i Sverige. Vi verkar i en framtidsbransch och jag skulle \u00f6nska att det fanns st\u00f6rre fokus p\u00e5 vad som beh\u00f6ver g\u00f6ras f\u00f6r att vi ska lyckas \u00e4nnu b\u00e4ttre.<\/p>\n","protected":false},"excerpt":{"rendered":"<p>I dag \u00e4r arbetskraftskostnaderna inom den svenska tj\u00e4nstesektorn de sj\u00e4tte h\u00f6gsta i Europa och arbetsgivaravgifterna i Sverige \u00e4r de h\u00f6gsta inom hela EU. F\u00f6r ett f\u00f6retag som i3tex, som s\u00e4ljer konsulttj\u00e4nster inom allt fr\u00e5n medicinteknik &hellip;<\/p>\n","protected":false},"author":4639,"featured_media":35770,"comment_status":"closed","ping_status":"closed","sticky":false,"template":"","format":"standard","meta":{"_acf_changed":false,"footnotes":""},"categories":[57],"tags":[422],"article_type":[56],"agreement":[],"class_list":["post-35767","post","type-post","status-publish","format-standard","has-post-thumbnail","hentry","category-skatter","tag-arbetsgivaravgift","type-nyheter"],"acf":[],"yoast_head":"<!-- This site is optimized with the Yoast SEO Premium plugin v26.8 (Yoast SEO v26.8) - https:\/\/yoast.com\/product\/yoast-seo-premium-wordpress\/ -->\n<title>S\u00e5 kan s\u00e4nkta arbetsgivaravgifter skapa nya jobb | Almega<\/title>\n<meta name=\"robots\" content=\"index, follow, max-snippet:-1, max-image-preview:large, max-video-preview:-1\" \/>\n<link rel=\"canonical\" href=\"https:\/\/www.almega.se\/2021\/04\/sa-kan-sankta-arbetsgivaravgifter-skapa-nya-jobb\/\" \/>\n<meta property=\"og:locale\" content=\"sv_SE\" \/>\n<meta property=\"og:type\" content=\"article\" \/>\n<meta property=\"og:title\" content=\"S\u00e5 kan s\u00e4nkta arbetsgivaravgifter skapa nya jobb\" \/>\n<meta property=\"og:description\" content=\"I dag \u00e4r arbetskraftskostnaderna inom den svenska tj\u00e4nstesektorn de sj\u00e4tte h\u00f6gsta i Europa och arbetsgivaravgifterna i Sverige \u00e4r de h\u00f6gsta inom hela EU. F\u00f6r ett f\u00f6retag som i3tex, som s\u00e4ljer konsulttj\u00e4nster inom allt fr\u00e5n medicinteknik &hellip;\" \/>\n<meta property=\"og:url\" content=\"https:\/\/www.almega.se\/2021\/04\/sa-kan-sankta-arbetsgivaravgifter-skapa-nya-jobb\/\" \/>\n<meta property=\"og:site_name\" content=\"Almega\" \/>\n<meta property=\"article:published_time\" content=\"2021-04-15T13:25:04+00:00\" \/>\n<meta property=\"og:image\" content=\"https:\/\/www.almega.se\/app\/uploads\/2021\/04\/20210415-arbetsgivaravgifter.png\" \/>\n\t<meta property=\"og:image:width\" content=\"1280\" \/>\n\t<meta property=\"og:image:height\" content=\"720\" \/>\n\t<meta property=\"og:image:type\" content=\"image\/png\" \/>\n<meta name=\"author\" content=\"Julia Setterberg\" \/>\n<meta name=\"twitter:card\" content=\"summary_large_image\" \/>\n<meta name=\"twitter:label1\" content=\"Skriven av\" \/>\n\t<meta name=\"twitter:data1\" content=\"Julia Setterberg\" \/>\n\t<meta name=\"twitter:label2\" content=\"Ber\u00e4knad l\u00e4stid\" \/>\n\t<meta name=\"twitter:data2\" content=\"3 minuter\" \/>\n<!-- \/ Yoast SEO Premium plugin. -->","yoast_head_json":{"title":"S\u00e5 kan s\u00e4nkta arbetsgivaravgifter skapa nya jobb | Almega","robots":{"index":"index","follow":"follow","max-snippet":"max-snippet:-1","max-image-preview":"max-image-preview:large","max-video-preview":"max-video-preview:-1"},"canonical":"https:\/\/www.almega.se\/2021\/04\/sa-kan-sankta-arbetsgivaravgifter-skapa-nya-jobb\/","og_locale":"sv_SE","og_type":"article","og_title":"S\u00e5 kan s\u00e4nkta arbetsgivaravgifter skapa nya jobb","og_description":"I dag \u00e4r arbetskraftskostnaderna inom den svenska tj\u00e4nstesektorn de sj\u00e4tte h\u00f6gsta i Europa och arbetsgivaravgifterna i Sverige \u00e4r de h\u00f6gsta inom hela EU. F\u00f6r ett f\u00f6retag som i3tex, som s\u00e4ljer konsulttj\u00e4nster inom allt fr\u00e5n medicinteknik &hellip;","og_url":"https:\/\/www.almega.se\/2021\/04\/sa-kan-sankta-arbetsgivaravgifter-skapa-nya-jobb\/","og_site_name":"Almega","article_published_time":"2021-04-15T13:25:04+00:00","og_image":[{"width":1280,"height":720,"url":"https:\/\/www.almega.se\/app\/uploads\/2021\/04\/20210415-arbetsgivaravgifter.png","type":"image\/png"}],"author":"Julia Setterberg","twitter_card":"summary_large_image","twitter_misc":{"Skriven av":"Julia Setterberg","Ber\u00e4knad l\u00e4stid":"3 minuter"},"schema":{"@context":"https:\/\/schema.org","@graph":[{"@type":"NewsArticle","@id":"https:\/\/www.almega.se\/2021\/04\/sa-kan-sankta-arbetsgivaravgifter-skapa-nya-jobb\/#article","isPartOf":{"@id":"https:\/\/www.almega.se\/2021\/04\/sa-kan-sankta-arbetsgivaravgifter-skapa-nya-jobb\/"},"author":{"name":"Julia Setterberg","@id":"https:\/\/www.almega.se\/#\/schema\/person\/fe3d8b3d5464e372fd623ff0b080ff07"},"headline":"S\u00e5 kan s\u00e4nkta arbetsgivaravgifter skapa nya jobb","datePublished":"2021-04-15T13:25:04+00:00","mainEntityOfPage":{"@id":"https:\/\/www.almega.se\/2021\/04\/sa-kan-sankta-arbetsgivaravgifter-skapa-nya-jobb\/"},"wordCount":703,"image":{"@id":"https:\/\/www.almega.se\/2021\/04\/sa-kan-sankta-arbetsgivaravgifter-skapa-nya-jobb\/#primaryimage"},"thumbnailUrl":"https:\/\/www.almega.se\/app\/uploads\/2021\/04\/20210415-arbetsgivaravgifter.png","keywords":["Arbetsgivaravgift"],"articleSection":["Skatter"],"inLanguage":"sv-SE"},{"@type":"WebPage","@id":"https:\/\/www.almega.se\/2021\/04\/sa-kan-sankta-arbetsgivaravgifter-skapa-nya-jobb\/","url":"https:\/\/www.almega.se\/2021\/04\/sa-kan-sankta-arbetsgivaravgifter-skapa-nya-jobb\/","name":"S\u00e5 kan s\u00e4nkta arbetsgivaravgifter skapa nya jobb | Almega","isPartOf":{"@id":"https:\/\/www.almega.se\/#website"},"primaryImageOfPage":{"@id":"https:\/\/www.almega.se\/2021\/04\/sa-kan-sankta-arbetsgivaravgifter-skapa-nya-jobb\/#primaryimage"},"image":{"@id":"https:\/\/www.almega.se\/2021\/04\/sa-kan-sankta-arbetsgivaravgifter-skapa-nya-jobb\/#primaryimage"},"thumbnailUrl":"https:\/\/www.almega.se\/app\/uploads\/2021\/04\/20210415-arbetsgivaravgifter.png","datePublished":"2021-04-15T13:25:04+00:00","author":{"@id":"https:\/\/www.almega.se\/#\/schema\/person\/fe3d8b3d5464e372fd623ff0b080ff07"},"breadcrumb":{"@id":"https:\/\/www.almega.se\/2021\/04\/sa-kan-sankta-arbetsgivaravgifter-skapa-nya-jobb\/#breadcrumb"},"inLanguage":"sv-SE","potentialAction":[{"@type":"ReadAction","target":["https:\/\/www.almega.se\/2021\/04\/sa-kan-sankta-arbetsgivaravgifter-skapa-nya-jobb\/"]}]},{"@type":"ImageObject","inLanguage":"sv-SE","@id":"https:\/\/www.almega.se\/2021\/04\/sa-kan-sankta-arbetsgivaravgifter-skapa-nya-jobb\/#primaryimage","url":"https:\/\/www.almega.se\/app\/uploads\/2021\/04\/20210415-arbetsgivaravgifter.png","contentUrl":"https:\/\/www.almega.se\/app\/uploads\/2021\/04\/20210415-arbetsgivaravgifter.png","width":1280,"height":720},{"@type":"BreadcrumbList","@id":"https:\/\/www.almega.se\/2021\/04\/sa-kan-sankta-arbetsgivaravgifter-skapa-nya-jobb\/#breadcrumb","itemListElement":[{"@type":"ListItem","position":1,"name":"Home","item":"https:\/\/www.almega.se\/"},{"@type":"ListItem","position":2,"name":"S\u00e5 kan s\u00e4nkta arbetsgivaravgifter skapa nya jobb"}]},{"@type":"WebSite","@id":"https:\/\/www.almega.se\/#website","url":"https:\/\/www.almega.se\/","name":"Almega","description":"","potentialAction":[{"@type":"SearchAction","target":{"@type":"EntryPoint","urlTemplate":"https:\/\/www.almega.se\/?s={search_term_string}"},"query-input":{"@type":"PropertyValueSpecification","valueRequired":true,"valueName":"search_term_string"}}],"inLanguage":"sv-SE"},{"@type":"Person","@id":"https:\/\/www.almega.se\/#\/schema\/person\/fe3d8b3d5464e372fd623ff0b080ff07","name":"Julia Setterberg","image":{"@type":"ImageObject","inLanguage":"sv-SE","@id":"https:\/\/www.almega.se\/#\/schema\/person\/image\/","url":"https:\/\/secure.gravatar.com\/avatar\/8e5a431a1412393c1d16ec7b4438bea0923df519c9cb0f6c122206764cd23987?s=96&d=mm&r=g","contentUrl":"https:\/\/secure.gravatar.com\/avatar\/8e5a431a1412393c1d16ec7b4438bea0923df519c9cb0f6c122206764cd23987?s=96&d=mm&r=g","caption":"Julia Setterberg"},"description":"Julia arbetar som t.f. kommunikationschef p\u00e5 V\u00e5rdf\u00f6retagarna.","url":"https:\/\/www.almega.se\/person\/juliasetterberg\/"}]}},"_links":{"self":[{"href":"https:\/\/www.almega.se\/api\/wp\/v2\/posts\/35767","targetHints":{"allow":["GET"]}}],"collection":[{"href":"https:\/\/www.almega.se\/api\/wp\/v2\/posts"}],"about":[{"href":"https:\/\/www.almega.se\/api\/wp\/v2\/types\/post"}],"author":[{"embeddable":true,"href":"https:\/\/www.almega.se\/api\/wp\/v2\/users\/4639"}],"replies":[{"embeddable":true,"href":"https:\/\/www.almega.se\/api\/wp\/v2\/comments?post=35767"}],"version-history":[{"count":5,"href":"https:\/\/www.almega.se\/api\/wp\/v2\/posts\/35767\/revisions"}],"predecessor-version":[{"id":53602,"href":"https:\/\/www.almega.se\/api\/wp\/v2\/posts\/35767\/revisions\/53602"}],"wp:featuredmedia":[{"embeddable":true,"href":"https:\/\/www.almega.se\/api\/wp\/v2\/media\/35770"}],"wp:attachment":[{"href":"https:\/\/www.almega.se\/api\/wp\/v2\/media?parent=35767"}],"wp:term":[{"taxonomy":"category","embeddable":true,"href":"https:\/\/www.almega.se\/api\/wp\/v2\/categories?post=35767"},{"taxonomy":"post_tag","embeddable":true,"href":"https:\/\/www.almega.se\/api\/wp\/v2\/tags?post=35767"},{"taxonomy":"type","embeddable":true,"href":"https:\/\/www.almega.se\/api\/wp\/v2\/article_type?post=35767"},{"taxonomy":"agreement","embeddable":true,"href":"https:\/\/www.almega.se\/api\/wp\/v2\/agreement?post=35767"}],"curies":[{"name":"wp","href":"https:\/\/api.w.org\/{rel}","templated":true}]}}