{"id":35681,"date":"2021-04-13T11:27:27","date_gmt":"2021-04-13T09:27:27","guid":{"rendered":"https:\/\/www.almega.se\/?p=35681"},"modified":"2022-03-25T14:11:33","modified_gmt":"2022-03-25T13:11:33","slug":"nationaldagen-i-journalistavtalet-etermedier-mellan-medieforetagen-och-journalistforbundet","status":"publish","type":"post","link":"https:\/\/www.almega.se\/2021\/04\/nationaldagen-i-journalistavtalet-etermedier-mellan-medieforetagen-och-journalistforbundet\/","title":{"rendered":"National&shy;dagen i Journalist&shy;avtalet Etermedier mellan Medie&shy;f\u00f6retagen och Journalist&shy;f\u00f6rbundet"},"content":{"rendered":"\n<p class=\"intro\">2021 infaller Nationaldagen den 6 juni p\u00e5 en s\u00f6ndag.\u00a0I \u00a7 7.2 kollektivavtalet f\u00f6r journalister med Journalistf\u00f6rbundet anges att den anst\u00e4llde har r\u00e4tt till en annan ledig dag utan l\u00f6neavdrag d\u00e5 Nationaldagen infaller p\u00e5 en l\u00f6rdag eller s\u00f6ndag.<\/p>\n<p>R\u00e4tten till ledighet f\u00f6ruts\u00e4tter att den anst\u00e4llde \u00e4r anst\u00e4lld den 6 juni. Det \u00e4r arbetsgivaren som best\u00e4mmer n\u00e4r ledigheten ska f\u00f6rl\u00e4ggas. Arbetsgivaren har ocks\u00e5 en skyldighet att se till att den lediga dagen kan tas ut. Ledigheten m\u00e5ste f\u00f6rl\u00e4ggas till en dag n\u00e4r den anst\u00e4llde fortfarande \u00e4r anst\u00e4lld.<\/p>\n<p>Det \u00e4r inget som hindrar att f\u00f6rl\u00e4ggning sker p\u00e5 en vardag som arbetsgivaren tidigare l\u00e5tit de anst\u00e4llda vara lediga, till exempel en kl\u00e4mdag.<\/p>\n<p>F\u00f6r deltidsanst\u00e4llda ska ledigheten proportioneras i f\u00f6rh\u00e5llande till deltiden.<\/p>\n<p><strong>Nationaldagskompensation vid korttidsarbete<\/strong><\/p>\n<p>Minskning av arbetstiden vid ledighet m\u00e5ndag \u2013 fredag som kompensation f\u00f6r att Nationaldagen infaller p\u00e5 en s\u00f6ndag ska ske p\u00e5 samma s\u00e4tt som f\u00f6r en minskning av arbetstiden f\u00f6r en helgdag.<\/p>\n","protected":false},"excerpt":{"rendered":"<p>2021 infaller Nationaldagen den 6 juni p\u00e5 en s\u00f6ndag.\u00a0I \u00a7 7.2 kollektivavtalet f\u00f6r journalister med Journalistf\u00f6rbundet anges att den anst\u00e4llde har r\u00e4tt till en annan ledig dag utan l\u00f6neavdrag d\u00e5 Nationaldagen infaller p\u00e5 en l\u00f6rdag &hellip;<\/p>\n","protected":false},"author":89,"featured_media":0,"comment_status":"closed","ping_status":"closed","sticky":false,"template":"","format":"standard","meta":{"_acf_changed":false,"footnotes":""},"categories":[1],"tags":[],"article_type":[313],"agreement":[139],"class_list":["post-35681","post","type-post","status-publish","format-standard","hentry","category-okategoriserade","type-arbetsgivarnytt","agreement-22ce80f7-ff07-de11-b4e1-02bf9e69ca65"],"acf":[],"yoast_head":"<!-- This site is optimized with the Yoast SEO Premium plugin v26.8 (Yoast SEO v26.8) - https:\/\/yoast.com\/product\/yoast-seo-premium-wordpress\/ -->\n<title>Nationaldagen i Journalistavtalet Etermedier mellan Medief\u00f6retagen och Journalistf\u00f6rbundet | Almega<\/title>\n<meta name=\"robots\" content=\"index, follow, max-snippet:-1, max-image-preview:large, max-video-preview:-1\" \/>\n<link rel=\"canonical\" href=\"https:\/\/www.almega.se\/2021\/04\/nationaldagen-i-journalistavtalet-etermedier-mellan-medieforetagen-och-journalistforbundet\/\" \/>\n<meta property=\"og:locale\" content=\"sv_SE\" \/>\n<meta property=\"og:type\" content=\"article\" \/>\n<meta property=\"og:title\" content=\"Nationaldagen i Journalistavtalet Etermedier mellan Medief\u00f6retagen och Journalistf\u00f6rbundet\" \/>\n<meta property=\"og:description\" content=\"2021 infaller Nationaldagen den 6 juni p\u00e5 en s\u00f6ndag.\u00a0I \u00a7 7.2 kollektivavtalet f\u00f6r journalister med Journalistf\u00f6rbundet anges att den anst\u00e4llde har r\u00e4tt till en annan ledig dag utan l\u00f6neavdrag d\u00e5 Nationaldagen infaller p\u00e5 en l\u00f6rdag &hellip;\" \/>\n<meta property=\"og:url\" content=\"https:\/\/www.almega.se\/2021\/04\/nationaldagen-i-journalistavtalet-etermedier-mellan-medieforetagen-och-journalistforbundet\/\" \/>\n<meta property=\"og:site_name\" content=\"Almega\" \/>\n<meta property=\"article:published_time\" content=\"2021-04-13T09:27:27+00:00\" \/>\n<meta property=\"article:modified_time\" content=\"2022-03-25T13:11:33+00:00\" \/>\n<meta property=\"og:image\" content=\"https:\/\/www.almega.se\/app\/uploads\/2020\/12\/almega-share-logo.png\" \/>\n\t<meta property=\"og:image:width\" content=\"1200\" \/>\n\t<meta property=\"og:image:height\" content=\"630\" \/>\n\t<meta property=\"og:image:type\" content=\"image\/png\" \/>\n<meta name=\"author\" content=\"Lena Martinell \u00c5kerblom\" \/>\n<meta name=\"twitter:card\" content=\"summary_large_image\" \/>\n<meta name=\"twitter:label1\" content=\"Skriven av\" \/>\n\t<meta name=\"twitter:data1\" content=\"Lena Martinell \u00c5kerblom\" \/>\n\t<meta name=\"twitter:label2\" content=\"Ber\u00e4knad l\u00e4stid\" \/>\n\t<meta name=\"twitter:data2\" content=\"1 minut\" \/>\n<!-- \/ Yoast SEO Premium plugin. -->","yoast_head_json":{"title":"Nationaldagen i Journalistavtalet Etermedier mellan Medief\u00f6retagen och Journalistf\u00f6rbundet | Almega","robots":{"index":"index","follow":"follow","max-snippet":"max-snippet:-1","max-image-preview":"max-image-preview:large","max-video-preview":"max-video-preview:-1"},"canonical":"https:\/\/www.almega.se\/2021\/04\/nationaldagen-i-journalistavtalet-etermedier-mellan-medieforetagen-och-journalistforbundet\/","og_locale":"sv_SE","og_type":"article","og_title":"Nationaldagen i Journalistavtalet Etermedier mellan Medief\u00f6retagen och Journalistf\u00f6rbundet","og_description":"2021 infaller Nationaldagen den 6 juni p\u00e5 en s\u00f6ndag.\u00a0I \u00a7 7.2 kollektivavtalet f\u00f6r journalister med Journalistf\u00f6rbundet anges att den anst\u00e4llde har r\u00e4tt till en annan ledig dag utan l\u00f6neavdrag d\u00e5 Nationaldagen infaller p\u00e5 en l\u00f6rdag &hellip;","og_url":"https:\/\/www.almega.se\/2021\/04\/nationaldagen-i-journalistavtalet-etermedier-mellan-medieforetagen-och-journalistforbundet\/","og_site_name":"Almega","article_published_time":"2021-04-13T09:27:27+00:00","article_modified_time":"2022-03-25T13:11:33+00:00","og_image":[{"width":1200,"height":630,"url":"https:\/\/www.almega.se\/app\/uploads\/2020\/12\/almega-share-logo.png","type":"image\/png"}],"author":"Lena Martinell \u00c5kerblom","twitter_card":"summary_large_image","twitter_misc":{"Skriven av":"Lena Martinell \u00c5kerblom","Ber\u00e4knad l\u00e4stid":"1 minut"},"schema":{"@context":"https:\/\/schema.org","@graph":[{"@type":"NewsArticle","@id":"https:\/\/www.almega.se\/2021\/04\/nationaldagen-i-journalistavtalet-etermedier-mellan-medieforetagen-och-journalistforbundet\/#article","isPartOf":{"@id":"https:\/\/www.almega.se\/2021\/04\/nationaldagen-i-journalistavtalet-etermedier-mellan-medieforetagen-och-journalistforbundet\/"},"author":{"name":"Lena Martinell \u00c5kerblom","@id":"https:\/\/www.almega.se\/#\/schema\/person\/be1f5c450f9fd79fd3ce7cee9c56d246"},"headline":"National&shy;dagen i Journalist&shy;avtalet Etermedier mellan Medie&shy;f\u00f6retagen och Journalist&shy;f\u00f6rbundet","datePublished":"2021-04-13T09:27:27+00:00","dateModified":"2022-03-25T13:11:33+00:00","mainEntityOfPage":{"@id":"https:\/\/www.almega.se\/2021\/04\/nationaldagen-i-journalistavtalet-etermedier-mellan-medieforetagen-och-journalistforbundet\/"},"wordCount":194,"inLanguage":"sv-SE"},{"@type":"WebPage","@id":"https:\/\/www.almega.se\/2021\/04\/nationaldagen-i-journalistavtalet-etermedier-mellan-medieforetagen-och-journalistforbundet\/","url":"https:\/\/www.almega.se\/2021\/04\/nationaldagen-i-journalistavtalet-etermedier-mellan-medieforetagen-och-journalistforbundet\/","name":"Nationaldagen i Journalistavtalet Etermedier mellan Medief\u00f6retagen och Journalistf\u00f6rbundet | Almega","isPartOf":{"@id":"https:\/\/www.almega.se\/#website"},"datePublished":"2021-04-13T09:27:27+00:00","dateModified":"2022-03-25T13:11:33+00:00","author":{"@id":"https:\/\/www.almega.se\/#\/schema\/person\/be1f5c450f9fd79fd3ce7cee9c56d246"},"breadcrumb":{"@id":"https:\/\/www.almega.se\/2021\/04\/nationaldagen-i-journalistavtalet-etermedier-mellan-medieforetagen-och-journalistforbundet\/#breadcrumb"},"inLanguage":"sv-SE","potentialAction":[{"@type":"ReadAction","target":["https:\/\/www.almega.se\/2021\/04\/nationaldagen-i-journalistavtalet-etermedier-mellan-medieforetagen-och-journalistforbundet\/"]}]},{"@type":"BreadcrumbList","@id":"https:\/\/www.almega.se\/2021\/04\/nationaldagen-i-journalistavtalet-etermedier-mellan-medieforetagen-och-journalistforbundet\/#breadcrumb","itemListElement":[{"@type":"ListItem","position":1,"name":"Home","item":"https:\/\/www.almega.se\/"},{"@type":"ListItem","position":2,"name":"Nationaldagen i Journalist&shy;avtalet Etermedier mellan Medie&shy;f\u00f6retagen och Journalist&shy;f\u00f6rbundet"}]},{"@type":"WebSite","@id":"https:\/\/www.almega.se\/#website","url":"https:\/\/www.almega.se\/","name":"Almega","description":"","potentialAction":[{"@type":"SearchAction","target":{"@type":"EntryPoint","urlTemplate":"https:\/\/www.almega.se\/?s={search_term_string}"},"query-input":{"@type":"PropertyValueSpecification","valueRequired":true,"valueName":"search_term_string"}}],"inLanguage":"sv-SE"},{"@type":"Person","@id":"https:\/\/www.almega.se\/#\/schema\/person\/be1f5c450f9fd79fd3ce7cee9c56d246","name":"Lena Martinell \u00c5kerblom","image":{"@type":"ImageObject","inLanguage":"sv-SE","@id":"https:\/\/www.almega.se\/#\/schema\/person\/image\/","url":"https:\/\/secure.gravatar.com\/avatar\/6b96f0f959d0411120737c5f1f1bb551e7f38fe13ddbaab86a1108e9f0051c53?s=96&d=mm&r=g","contentUrl":"https:\/\/secure.gravatar.com\/avatar\/6b96f0f959d0411120737c5f1f1bb551e7f38fe13ddbaab86a1108e9f0051c53?s=96&d=mm&r=g","caption":"Lena Martinell \u00c5kerblom"},"description":"Lena \u00e4r team leader f\u00f6r administrat\u00f6rerna inom Arbetsgivarservice p\u00e5 Almega i Stockholm.","url":"https:\/\/www.almega.se\/person\/lenamartinellakerblom\/"}]}},"_links":{"self":[{"href":"https:\/\/www.almega.se\/api\/wp\/v2\/posts\/35681","targetHints":{"allow":["GET"]}}],"collection":[{"href":"https:\/\/www.almega.se\/api\/wp\/v2\/posts"}],"about":[{"href":"https:\/\/www.almega.se\/api\/wp\/v2\/types\/post"}],"author":[{"embeddable":true,"href":"https:\/\/www.almega.se\/api\/wp\/v2\/users\/89"}],"replies":[{"embeddable":true,"href":"https:\/\/www.almega.se\/api\/wp\/v2\/comments?post=35681"}],"version-history":[{"count":0,"href":"https:\/\/www.almega.se\/api\/wp\/v2\/posts\/35681\/revisions"}],"wp:attachment":[{"href":"https:\/\/www.almega.se\/api\/wp\/v2\/media?parent=35681"}],"wp:term":[{"taxonomy":"category","embeddable":true,"href":"https:\/\/www.almega.se\/api\/wp\/v2\/categories?post=35681"},{"taxonomy":"post_tag","embeddable":true,"href":"https:\/\/www.almega.se\/api\/wp\/v2\/tags?post=35681"},{"taxonomy":"type","embeddable":true,"href":"https:\/\/www.almega.se\/api\/wp\/v2\/article_type?post=35681"},{"taxonomy":"agreement","embeddable":true,"href":"https:\/\/www.almega.se\/api\/wp\/v2\/agreement?post=35681"}],"curies":[{"name":"wp","href":"https:\/\/api.w.org\/{rel}","templated":true}]}}