{"id":35585,"date":"2021-04-01T11:32:21","date_gmt":"2021-04-01T09:32:21","guid":{"rendered":"https:\/\/www.almega.se\/?p=35585"},"modified":"2022-03-25T14:12:31","modified_gmt":"2022-03-25T13:12:31","slug":"nya-ad-domar-6-2-2-2-2-2-2-2-2-2-2-2","status":"publish","type":"post","link":"https:\/\/www.almega.se\/2021\/04\/nya-ad-domar-6-2-2-2-2-2-2-2-2-2-2-2\/","title":{"rendered":"Nya AD-domar"},"content":{"rendered":"\n<p class=\"intro\">H\u00e4r publicerar vi snabba, korta kommentarer av de viktigaste domarna under veckan i Arbetsdomstolen. Hela domarna hittar du p\u00e5 Arbetsdomstolen hemsida via l\u00e4nken under kommentarer.<\/p>\n<p><strong>AD 2021 13<\/strong><\/p>\n<p>Fr\u00e5ga om en sk\u00e5despelare, som engagerats f\u00f6r att under tre m\u00e5nader medverka i upps\u00e4ttningen av en teaterpj\u00e4s, skulle anses ha varit arbetstagare. \u00c4ven fr\u00e5ga om avtal tr\u00e4ffats om att viss del av l\u00f6nen bara skulle betalas om alla planerade f\u00f6rest\u00e4llningar genomf\u00f6rdes.<\/p>\n<p>En ideell f\u00f6rening (\u201dF\u00f6reningen\u201d) och en person (\u201dsk\u00e5despelaren\u201d) kom i december 2019 \u00f6verens om att sk\u00e5despelaren skulle medverka i en pj\u00e4s mot betalning. Parterna i m\u00e5let var ense om att \u00f6verenskommelsen innebar att han skulle delta i repetitioner och f\u00f6rest\u00e4llningar mellan den 2 januari \u2013 26 mars 2020. Tio f\u00f6rest\u00e4llningar skulle ges under tiden 9-26 mars 2020. Till f\u00f6ljd av coronapandemin st\u00e4lldes f\u00f6rest\u00e4llningarna in efter premi\u00e4ren den 9 mars. Sk\u00e5despelarens medverkan i pj\u00e4sen kom d\u00e4rf\u00f6r endast att avse tiden 2 januari \u2013 9 mars 2020.<\/p>\n<p>Sk\u00e5despelaren v\u00e4ckte talan mot F\u00f6reningen och gjorde g\u00e4llande att han varit arbetstagare, och yrkade l\u00f6n med visst belopp f\u00f6r tiden t.o.m. den 9 mars 2020, samt semesterers\u00e4ttning. F\u00f6reningen bestred talan, gjorde g\u00e4llande att sk\u00e5despelaren varit uppdragstagare och redan hade f\u00e5tt all ers\u00e4ttning som han hade r\u00e4tt till. F\u00f6reningen gjorde vidare g\u00e4llande att sk\u00e5despelaren inte hade r\u00e4tt till n\u00e5gon semesterers\u00e4ttning eftersom han inte varit arbetstagare.<\/p>\n<p>Parterna var \u00f6verens om att k\u00e4rom\u00e5let skulle avsl\u00e5s om r\u00e4tten fann att det inte f\u00f6relegat ett anst\u00e4llningsf\u00f6rh\u00e5llande mellan sk\u00e5despelaren och F\u00f6reningen. Utifr\u00e5n hur parterna utformat sin talan hade Arbetsdomstolen f\u00f6rst att pr\u00f6va huruvida sk\u00e5despelaren varit arbetstagare.<\/p>\n<p>Domstolen inledde d\u00e4rvid med en r\u00e4ttslig redog\u00f6relse av gr\u00e4nserna mellan arbetstagare och uppdragstagare. Arbetsdomstolen h\u00e4nvisade bl.a. till tidigare praxis och angav bl.a. f\u00f6ljande. Fr\u00e5gan om en arbetspresterande part \u00e4r att anse som arbetstagare eller uppdragstagare ska avg\u00f6ras genom en helhetsbed\u00f6mning av samtliga omst\u00e4ndigheter i det enskilda fallet, t ex om arbetet har utf\u00f6rts under huvudmannens ledning och kontroll, arbetsf\u00f6rh\u00e5llandets varaktighet, syssels\u00e4ttningsgraden och ers\u00e4ttningens form. H\u00e4nsyn ska inte bara tas till inneh\u00e5llet i det avtal parterna tr\u00e4ffat utan \u00e4ven s\u00e5dana omst\u00e4ndigheter som den sakliga inneb\u00f6rden av avtalade villkor och de faktiska f\u00f6rh\u00e5llanden under vilken den arbetspresterande parten har utf\u00f6rt arbete. Hur parterna rubricerat sitt avtal \u00e4r inte avg\u00f6rande, utan arbetstagarbegreppet \u00e4r i princip tvingande. I tveksamma fall b\u00f6r det avg\u00f6ras till arbetstagarens f\u00f6rdel, dvs. ett arbetstagarf\u00f6rh\u00e5llande b\u00f6r d\u00e5 anses f\u00f6religga. Det finns emellertid \u00e4ven exempel i r\u00e4ttspraxis d\u00e4r domstolarna, i situationer som ligger i gr\u00e4nsomr\u00e5det mellan anst\u00e4llnings- och uppdragsf\u00f6rh\u00e5llanden, har beaktat hur parterna sj\u00e4lva uppfattat sitt avtal.<\/p>\n<p>Enligt Arbetsdomstolen pekade utredningen p\u00e5 att det var vanligt f\u00f6rekommande att sk\u00e5despelare som medverkar vid enstaka upps\u00e4ttningar i vissa fall g\u00f6r detta som arbetstagare och i vissa andra fall som uppdragstagare. I det aktuella fallet fanns det, enligt Arbetsdomstolen, vissa omst\u00e4ndigheter som talade f\u00f6r ett anst\u00e4llningsf\u00f6rh\u00e5llande och vissa omst\u00e4ndigheter som talade f\u00f6r ett uppdragsf\u00f6rh\u00e5llande. Enligt Arbetsdomstolen var det inte visat att parterna hade kommit \u00f6verens om huruvida sk\u00e5despelaren skulle utf\u00f6ra arbetet som uppdragstagare eller arbetstagare. Vid en helhetsbed\u00f6mning av omst\u00e4ndigheterna kom Arbetsdomstolen till slutsatsen att sk\u00e5despelaren var arbetstagare.<\/p>\n<p>Arbetsdomstolen pr\u00f6vade d\u00e4refter huruvida sk\u00e5despelaren hade r\u00e4tt till ytterligare l\u00f6n samt semesterers\u00e4ttning. Parternas inst\u00e4llning i l\u00f6nefr\u00e5gan var f\u00f6ljande.<\/p>\n<p>Sk\u00e5despelaren gjorde g\u00e4llande att parterna kommit \u00f6verens om en l\u00f6n om 48\u00a0000 kr f\u00f6r hela avtalsperioden (2 jan \u2013 26 mars). Han arbetade under tiden 2 jan-9 mars, och hade r\u00e4tt till l\u00f6n i proportion till den del av avtalsperioden som han arbetat, med avdrag f\u00f6r vad F\u00f6reningen redan hade betalat i februari m\u00e5nad.<\/p>\n<p>F\u00f6reningen anf\u00f6rde att ers\u00e4ttningen skulle betalas i tv\u00e5 lika stora delar. Den f\u00f6rsta delen skulle betalas i februari, och den andra delen efter att alla f\u00f6rest\u00e4llningarna var spelade. Eftersom f\u00f6rest\u00e4llningarna st\u00e4lldes in hade sk\u00e5despelaren inte r\u00e4tt till ytterligare betalning.<\/p>\n<p>Arbetsdomstolen redogjorde f\u00f6r de r\u00e4ttsliga utg\u00e5ngspunkterna och angav d\u00e4rvid bl.a. f\u00f6ljande. En arbetstagare tj\u00e4nar som huvudregel in l\u00f6nen allteftersom arbetet utf\u00f6rs. Om en arbetstagare som t ex \u00e4r m\u00e5nadsavl\u00f6nad slutar anst\u00e4llningen under en m\u00e5nad har han eller hon r\u00e4tt till l\u00f6n motsvarande den del av m\u00e5naden som arbete utf\u00f6rts. Ett krav p\u00e5 att arbetstagaren t ex ska kvarst\u00e5 i anst\u00e4llningen vid tidpunkten f\u00f6r l\u00f6neutbetalningen f\u00f6r att erh\u00e5lla viss del av l\u00f6nen kan dock t\u00e4nkas f\u00f6lja av avtal, bruk p\u00e5 arbetsplatsen eller sedv\u00e4nja i branschen. Avtal som ber\u00e4ttigar arbetsgivare att mer allm\u00e4nt inneh\u00e5lla l\u00f6n som s\u00e4kerhet f\u00f6r fullg\u00f6rande av arbetet kan t\u00e4nkas vara osk\u00e4liga enligt 36 \u00a7 avtalslagen.<\/p>\n<p>Enligt Arbetsdomstolen gav utredningen visst st\u00f6d f\u00f6r att ledningen f\u00f6r F\u00f6reningen hade t\u00e4nkt sig att den andra delen av ers\u00e4ttningen inte skulle betalas om f\u00f6rest\u00e4llningarna inte genomf\u00f6rdes. Enligt Arbetsdomstolens bed\u00f6mning hade det emellertid inte framkommit att F\u00f6reningen hade klargjort sin uppfattning f\u00f6r sk\u00e5despelaren, och det hade inte heller framkommit n\u00e5got som gav st\u00f6d f\u00f6r att avtalet mellan sk\u00e5despelaren och F\u00f6reningen hade den inneb\u00f6rd som F\u00f6reningen gjorde g\u00e4llande. Arbetsdomstolen fann d\u00e4rmed att sk\u00e5despelaren hade r\u00e4tt till l\u00f6n f\u00f6r sitt arbete fram t.o.m. den 9 mars. L\u00f6neyrkandet bif\u00f6lls d\u00e4rmed.<\/p>\n<p>Eftersom Arbetsdomstolen kommit fram till att sk\u00e5despelaren var arbetstagare konstaterade domstolen vidare att han hade r\u00e4tt till semesterers\u00e4ttning, med 12 procent, av den l\u00f6n som han tj\u00e4nat sammanlagt.<\/p>\n<p>Som vinnande part tilld\u00f6mdes sk\u00e5despelaren \u00e4ven ers\u00e4ttning f\u00f6r sina r\u00e4tteg\u00e5ngskostnader.<\/p>\n<p><strong>AD 2021 14<\/strong><\/p>\n<p>Fr\u00e5ga i m\u00e5let var om arbetsgivaren avskedat arbetstagaren eller om arbetstagaren sj\u00e4lvmant fr\u00e5ntr\u00e4tt anst\u00e4llningen. Parterna var \u00f6verens om att arbetstagaren och bolagets VD hade ett m\u00f6te den 22 maj 2018 och att arbetstagaren efter den dagen inte utf\u00f6rt arbete i arbetsgivarens verksamhet.<\/p>\n<p>Arbetstagaren angav i f\u00f6rh\u00f6r att hon i m\u00f6tet med VD:n den 22 maj blev tillsagd att inte \u00e5terv\u00e4nda till arbetet och att hon blev ombedd att l\u00e4mna in sin tj\u00e4nstetelefon, vilket hon gjorde. VD:n \u00e5 sin sida angav att arbetstagaren beg\u00e4rde och beviljades ledighet i avvaktan p\u00e5 att bolaget skulle f\u00e5 besked om det fanns arbetsuppgifter till henne och att hon inte \u00e5terl\u00e4mnade sin tj\u00e4nstetelefon. Arbetstagarens uppgifter fick st\u00f6d av ett vittne som uppgav att arbetstagaren ringt henne samma dag och beg\u00e4rde facklig r\u00e5dgivning eftersom hon blivit tillsagd att hon inte beh\u00f6vde komma till arbetet mer. Tv\u00e5 vittnen gav st\u00f6d till arbetsgivarens uppgifter. Sammantaget fann Arbetsdomstolen inte utrett att arbetstagaren vid m\u00f6tet den 22 maj blev tillsagd att inte \u00e5terv\u00e4nda till bolaget. Det befanns s\u00e5ledes inte styrkt att hon avskedades den dagen eller att bolagets f\u00f6retr\u00e4dare agerat p\u00e5 ett s\u00e4tt som gjort att hon haft fog att uppfatta att bolaget avslutade hennes anst\u00e4llning.<\/p>\n<p>Arbetsdomstolen \u00f6vergick till att pr\u00f6va om arbetsgivaren \u00e4nd\u00e5 kunde anses ha avskedat arbetstagaren genom vad som framkom mellan parterna d\u00e4refter.<\/p>\n<p>Mejlv\u00e4xling f\u00f6rekom mellan arbetstagaren och arbetsgivaren, d\u00e4r arbetstagaren den 23 maj bl a f\u00f6rklarade att hon uppfattat att hon inte l\u00e4ngre skulle komma till jobbet men att hon fanns tillg\u00e4nglig f\u00f6r arbete. Hon fick inget svar fr\u00e5n arbetsgivaren utan skickade ett mejl igen den 28 maj och fr\u00e5gade n\u00e4r hennes l\u00f6n skulle komma. Arbetsgivaren svarade samma dag med en beg\u00e4ran om ett m\u00f6te dagen efter. Arbetstagaren infann sig inte till m\u00f6tet och f\u00f6rklarade i mejl den 30 maj att hon inte hade l\u00e4st bolagets mejl, men att hon kunde komma till arbetet n\u00e4stkommande dag. Arbetstagaren efterfr\u00e5gade p\u00e5 nytt den l\u00f6n som bolaget inte hade betalat till henne och informerade om att hon hade varit i kontakt med \u201dfacket\u201d. Arbetsgivaren fr\u00e5gade i mejl samma dag om arbetstagarens fack skulle kommunicera med honom och bad henne \u00e5terl\u00e4mna en nyckel till lokalen. D\u00e4refter fr\u00e5gade arbetstagaren varf\u00f6r arbetsgivaren inte svarade p\u00e5 hennes fr\u00e5gor och varf\u00f6r l\u00f6n inte hade betalats. Den 30 maj skickade samorganisationen en f\u00f6rhandlingsframst\u00e4llan till bolaget med p\u00e5st\u00e5ende om att bolaget avskedat arbetstagaren den 22 maj. Enligt bolaget var det f\u00f6rst vid beg\u00e4ran om f\u00f6rhandling som bolaget ins\u00e5g att arbetstagaren ans\u00e5g att anst\u00e4llningen hade avslutats av bolaget, och det var anledningen till att bolaget beg\u00e4rt in nyckeln.<\/p>\n<p>Arbetsdomstolen betvivlade inte arbetstagarens uppgifter om att n\u00e5got h\u00e4nt mellan henne och VD:n vid m\u00f6tet den 22 maj som r\u00f6rde anst\u00e4llningen, och att hon uppfattat situationen som s\u00e5 att hon blev skild fr\u00e5n anst\u00e4llningen i vart fall senast vid den mejlv\u00e4xling som f\u00f6rekom dagarna efter m\u00f6tet. Fr\u00e5gan var om arbetsgivaren haft grundad anledning att inse att arbetstagaren uppfattat sig som avskedad.<\/p>\n<p>Genom mejlen fr\u00e5n arbetstagaren och f\u00f6rhandlingsframst\u00e4llan ang\u00e5ende avsked fr\u00e5n samorganisationen m\u00e5ste bolaget, enligt Arbetsdomstolen, \u00e5tminstone vid denna senare tidpunkt, haft grundad anledning att inse att arbetstagaren uppfattade sig som skild fr\u00e5n anst\u00e4llningen. Det hade d\u00e4rmed \u00e5legat bolaget att undanr\u00f6ja det missf\u00f6rst\u00e5nd som uppst\u00e5tt. Vid efterf\u00f6ljande f\u00f6rhandling f\u00f6rnekade bolaget att arbetstagaren alls varit anst\u00e4lld och ans\u00e5g d\u00e4rf\u00f6r att n\u00e5got avskedande inte skett. Bolaget klargjorde inte att anst\u00e4llningen bestod och h\u00e4ndelsef\u00f6rloppet skulle d\u00e4rmed enligt Arbetsdomstolen j\u00e4mst\u00e4llas med ett avskedande.<\/p>\n<p>Arbetsdomstolen d\u00f6mde \u00e4ven ut allm\u00e4nt skadest\u00e5nd f\u00f6r formaliafel, sk konsekvensskadest\u00e5nd f\u00f6r brott mot skriftlighetskravet och varselskyldigheten. I fall d\u00e4r arbetsgivaren i god tro agerat utifr\u00e5n sin uppfattning har domstolen enligt sin praxis inte d\u00f6mt ut allm\u00e4nt skadest\u00e5nd. I detta fall fann Arbetsdomstolen att arbetsgivaren i f\u00f6rhandlingen med samorganisationen, mot b\u00e4ttre vetande, hade f\u00f6rnekat att arbetstagaren \u00f6ver huvud taget varit anst\u00e4lld, varf\u00f6r arbetsgivaren inte kunde undg\u00e5 att betala skadest\u00e5nd f\u00f6r formaliafelen.<\/p>\n<p><a href=\"http:\/\/www.arbetsdomstolen.se\/pages\/page.asp?lngID=4&amp;lngLangID=1&amp;Year=2020\" target=\"_blank\" rel=\"noopener noreferrer\">L\u00e4s mer om domarna p\u00e5 Arbetsdomstolens hemsida.<\/a>\n","protected":false},"excerpt":{"rendered":"<p>H\u00e4r publicerar vi snabba, korta kommentarer av de viktigaste domarna under veckan i Arbetsdomstolen. Hela domarna hittar du p\u00e5 Arbetsdomstolen hemsida via l\u00e4nken under kommentarer. AD 2021 13 Fr\u00e5ga om en sk\u00e5despelare, som engagerats f\u00f6r &hellip;<\/p>\n","protected":false},"author":163,"featured_media":0,"comment_status":"closed","ping_status":"closed","sticky":false,"template":"","format":"standard","meta":{"_acf_changed":false,"footnotes":""},"categories":[1],"tags":[],"article_type":[312],"agreement":[162,103,104,105,106,174,190,109,114,110,111,112,113,115,116,117,118,119,120,121,122,123,124,125,127,126,236,129,130,131,132,156,133,134,157,135,136,137,138,139,186,140,142,141,143,145,146,144,147,148,152,149,151,150,155,154,158,159,160,161,246,163,164,165,166,167,168,459,169,170,172,173,175,176,177,178,179,180,455,183,181,182,184,185,188,191,192,193,194,195,196,197,201,202,224,203,204,207,205,206,208,209,475,214,213,212,210,215,216,217,410,187,218,219,220,221,222,223,226,230,225,228,108,227,128,229,231,232,107,189,171,233,234,235,237,238,476,411,239,240,241,242,245,243,477,244],"class_list":["post-35585","post","type-post","status-publish","format-standard","hentry","category-okategoriserade","type-ad-domar","agreement-79ce80f7-ff07-de11-b4e1-02bf9e69ca65","agreement-5cce80f7-ff07-de11-b4e1-02bf9e69ca65","agreement-cacd80f7-ff07-de11-b4e1-02bf9e69ca65","agreement-cbcd80f7-ff07-de11-b4e1-02bf9e69ca65","agreement-8dce80f7-ff07-de11-b4e1-02bf9e69ca65","agreement-a1c8f241-0761-e011-a194-02bf9e69ca65","agreement-a6e84646-06ab-e611-8108-003dd8b71e47","agreement-9cce80f7-ff07-de11-b4e1-02bf9e69ca65","agreement-a8ce80f7-ff07-de11-b4e1-02bf9e69ca65","agreement-a2ce80f7-ff07-de11-b4e1-02bf9e69ca65","agreement-a1ce80f7-ff07-de11-b4e1-02bf9e69ca65","agreement-9dce80f7-ff07-de11-b4e1-02bf9e69ca65","agreement-a3ce80f7-ff07-de11-b4e1-02bf9e69ca65","agreement-9ece80f7-ff07-de11-b4e1-02bf9e69ca65","agreement-a4ce80f7-ff07-de11-b4e1-02bf9e69ca65","agreement-20c6e08e-fe12-de11-b4e1-02bf9e69ca65","agreement-a7ce80f7-ff07-de11-b4e1-02bf9e69ca65","agreement-a5ce80f7-ff07-de11-b4e1-02bf9e69ca65","agreement-a6ce80f7-ff07-de11-b4e1-02bf9e69ca65","agreement-a0ce80f7-ff07-de11-b4e1-02bf9e69ca65","agreement-9fce80f7-ff07-de11-b4e1-02bf9e69ca65","agreement-aace80f7-ff07-de11-b4e1-02bf9e69ca65","agreement-a9ce80f7-ff07-de11-b4e1-02bf9e69ca65","agreement-705d8229-a064-de11-bdb9-02bf9e69ca65","agreement-875fe194-42a2-e411-95d0-005056b20fd6","agreement-2767ab55-42a2-e411-95d0-005056b20fd6","agreement-b0ce80f7-ff07-de11-b4e1-02bf9e69ca65","agreement-80801b30-bf59-de11-bdb9-02bf9e69ca65","agreement-4ace80f7-ff07-de11-b4e1-02bf9e69ca65","agreement-5bd980a8-f612-de11-b4e1-02bf9e69ca65","agreement-12ce80f7-ff07-de11-b4e1-02bf9e69ca65","agreement-19ce80f7-ff07-de11-b4e1-02bf9e69ca65","agreement-91c18dfe-fd12-de11-b4e1-02bf9e69ca65","agreement-58ce80f7-ff07-de11-b4e1-02bf9e69ca65","agreement-dbc1f569-b5f1-e511-b8fc-005056b20fd8","agreement-a0dd9b4d-7a56-de11-bdb9-02bf9e69ca65","agreement-81ce80f7-ff07-de11-b4e1-02bf9e69ca65","agreement-bccd80f7-ff07-de11-b4e1-02bf9e69ca65","agreement-4bce80f7-ff07-de11-b4e1-02bf9e69ca65","agreement-22ce80f7-ff07-de11-b4e1-02bf9e69ca65","agreement-45ce80f7-ff07-de11-b4e1-02bf9e69ca65","agreement-6fce80f7-ff07-de11-b4e1-02bf9e69ca65","agreement-72ce80f7-ff07-de11-b4e1-02bf9e69ca65","agreement-6ece80f7-ff07-de11-b4e1-02bf9e69ca65","agreement-71ce80f7-ff07-de11-b4e1-02bf9e69ca65","agreement-74ce80f7-ff07-de11-b4e1-02bf9e69ca65","agreement-47ce80f7-ff07-de11-b4e1-02bf9e69ca65","agreement-70ce80f7-ff07-de11-b4e1-02bf9e69ca65","agreement-21ce80f7-ff07-de11-b4e1-02bf9e69ca65","agreement-4843d367-7a56-de11-bdb9-02bf9e69ca65","agreement-64ce80f7-ff07-de11-b4e1-02bf9e69ca65","agreement-62ce80f7-ff07-de11-b4e1-02bf9e69ca65","agreement-61ce80f7-ff07-de11-b4e1-02bf9e69ca65","agreement-63ce80f7-ff07-de11-b4e1-02bf9e69ca65","agreement-31055653-edd3-e511-afc2-005056b20fd8","agreement-48ce80f7-ff07-de11-b4e1-02bf9e69ca65","agreement-c1cd80f7-ff07-de11-b4e1-02bf9e69ca65","agreement-c4cd80f7-ff07-de11-b4e1-02bf9e69ca65","agreement-1cce80f7-ff07-de11-b4e1-02bf9e69ca65","agreement-5dce80f7-ff07-de11-b4e1-02bf9e69ca65","agreement-d7532451-e4a4-e711-810e-003dd8b71e49","agreement-4ece80f7-ff07-de11-b4e1-02bf9e69ca65","agreement-84ce80f7-ff07-de11-b4e1-02bf9e69ca65","agreement-10cec22e-2f50-de11-bdb9-02bf9e69ca65","agreement-57ce80f7-ff07-de11-b4e1-02bf9e69ca65","agreement-6bce80f7-ff07-de11-b4e1-02bf9e69ca65","agreement-24ce80f7-ff07-de11-b4e1-02bf9e69ca65","agreement-9de9353e-79fc-e811-811f-003dd8b71e49","agreement-9ace80f7-ff07-de11-b4e1-02bf9e69ca65","agreement-ff73fbfd-74c6-e111-9e82-005056b20fd8","agreement-68ce80f7-ff07-de11-b4e1-02bf9e69ca65","agreement-8b353f92-eae2-e111-b718-005056b20fd6","agreement-65ce80f7-ff07-de11-b4e1-02bf9e69ca65","agreement-80ce80f7-ff07-de11-b4e1-02bf9e69ca65","agreement-52ce80f7-ff07-de11-b4e1-02bf9e69ca65","agreement-1dce80f7-ff07-de11-b4e1-02bf9e69ca65","agreement-8bce80f7-ff07-de11-b4e1-02bf9e69ca65","agreement-8cce80f7-ff07-de11-b4e1-02bf9e69ca65","agreement-b16e46a5-f2eb-e811-811e-003dd8b71e49","agreement-5ece80f7-ff07-de11-b4e1-02bf9e69ca65","agreement-20ce80f7-ff07-de11-b4e1-02bf9e69ca65","agreement-50febb79-7a56-de11-bdb9-02bf9e69ca65","agreement-5fce80f7-ff07-de11-b4e1-02bf9e69ca65","agreement-7dce80f7-ff07-de11-b4e1-02bf9e69ca65","agreement-4bb0699c-fd12-de11-b4e1-02bf9e69ca65","agreement-c5cd80f7-ff07-de11-b4e1-02bf9e69ca65","agreement-d95c3e3a-0da2-de11-b057-02bf9e69ca65","agreement-2b2479db-06a2-de11-b057-02bf9e69ca65","agreement-89175bca-06a2-de11-b057-02bf9e69ca65","agreement-5ace80f7-ff07-de11-b4e1-02bf9e69ca65","agreement-55ce80f7-ff07-de11-b4e1-02bf9e69ca65","agreement-4dce80f7-ff07-de11-b4e1-02bf9e69ca65","agreement-86ce80f7-ff07-de11-b4e1-02bf9e69ca65","agreement-85ce80f7-ff07-de11-b4e1-02bf9e69ca65","agreement-88ce80f7-ff07-de11-b4e1-02bf9e69ca65","agreement-5bce80f7-ff07-de11-b4e1-02bf9e69ca65","agreement-9477b1e1-28ad-e011-8875-005056b20278","agreement-43ce80f7-ff07-de11-b4e1-02bf9e69ca65","agreement-44ce80f7-ff07-de11-b4e1-02bf9e69ca65","agreement-9277b1e1-28ad-e011-8875-005056b20278","agreement-87ce80f7-ff07-de11-b4e1-02bf9e69ca65","agreement-7ace80f7-ff07-de11-b4e1-02bf9e69ca65","agreement-f3ee7667-590c-ea11-8160-003dd8b71d64","agreement-46ce80f7-ff07-de11-b4e1-02bf9e69ca65","agreement-cccd80f7-ff07-de11-b4e1-02bf9e69ca65","agreement-18ce80f7-ff07-de11-b4e1-02bf9e69ca65","agreement-7bce80f7-ff07-de11-b4e1-02bf9e69ca65","agreement-7ece80f7-ff07-de11-b4e1-02bf9e69ca65","agreement-83ce80f7-ff07-de11-b4e1-02bf9e69ca65","agreement-bbcd80f7-ff07-de11-b4e1-02bf9e69ca65","agreement-becd80f7-ff07-de11-b4e1-02bf9e69ca65","agreement-42ce80f7-ff07-de11-b4e1-02bf9e69ca65","agreement-99ce80f7-ff07-de11-b4e1-02bf9e69ca65","agreement-49ce80f7-ff07-de11-b4e1-02bf9e69ca65","agreement-284e69e0-7a56-de11-bdb9-02bf9e69ca65","agreement-587f7203-7b56-de11-bdb9-02bf9e69ca65","agreement-26ce80f7-ff07-de11-b4e1-02bf9e69ca65","agreement-68c1af9f-6b56-de11-bdb9-02bf9e69ca65","agreement-29ce80f7-ff07-de11-b4e1-02bf9e69ca65","agreement-1fce80f7-ff07-de11-b4e1-02bf9e69ca65","agreement-25ce80f7-ff07-de11-b4e1-02bf9e69ca65","agreement-1ece80f7-ff07-de11-b4e1-02bf9e69ca65","agreement-acce80f7-ff07-de11-b4e1-02bf9e69ca65","agreement-59ce80f7-ff07-de11-b4e1-02bf9e69ca65","agreement-abce80f7-ff07-de11-b4e1-02bf9e69ca65","agreement-53ce80f7-ff07-de11-b4e1-02bf9e69ca65","agreement-6ace80f7-ff07-de11-b4e1-02bf9e69ca65","agreement-69ce80f7-ff07-de11-b4e1-02bf9e69ca65","agreement-4cce80f7-ff07-de11-b4e1-02bf9e69ca65","agreement-4fce80f7-ff07-de11-b4e1-02bf9e69ca65","agreement-23ce80f7-ff07-de11-b4e1-02bf9e69ca65","agreement-7cce80f7-ff07-de11-b4e1-02bf9e69ca65","agreement-8ace80f7-ff07-de11-b4e1-02bf9e69ca65","agreement-67ce80f7-ff07-de11-b4e1-02bf9e69ca65","agreement-60ce80f7-ff07-de11-b4e1-02bf9e69ca65","agreement-bfcd80f7-ff07-de11-b4e1-02bf9e69ca65","agreement-c1aa62bf-6a50-e911-812e-003dd8b71e47","agreement-a438d278-7ccb-e711-810f-003dd8b71e49","agreement-c0cd80f7-ff07-de11-b4e1-02bf9e69ca65","agreement-adce80f7-ff07-de11-b4e1-02bf9e69ca65","agreement-66ce80f7-ff07-de11-b4e1-02bf9e69ca65","agreement-78ce80f7-ff07-de11-b4e1-02bf9e69ca65","agreement-d8372015-3f44-e211-be83-005056b20fd8","agreement-1ac6e1f5-3f44-e211-be83-005056b20fd8","agreement-0c9dcc75-6a50-e911-812e-003dd8b71e47","agreement-70ee1081-3f44-e211-be83-005056b20fd8"],"acf":[],"yoast_head":"<!-- This site is optimized with the Yoast SEO Premium plugin v26.8 (Yoast SEO v26.8) - https:\/\/yoast.com\/product\/yoast-seo-premium-wordpress\/ -->\n<title>Nya AD-domar | Almega<\/title>\n<meta name=\"robots\" content=\"index, follow, max-snippet:-1, max-image-preview:large, max-video-preview:-1\" \/>\n<link rel=\"canonical\" href=\"https:\/\/www.almega.se\/2021\/04\/nya-ad-domar-6-2-2-2-2-2-2-2-2-2-2-2\/\" \/>\n<meta property=\"og:locale\" content=\"sv_SE\" \/>\n<meta property=\"og:type\" content=\"article\" \/>\n<meta property=\"og:title\" content=\"Nya AD-domar\" \/>\n<meta property=\"og:description\" content=\"H\u00e4r publicerar vi snabba, korta kommentarer av de viktigaste domarna under veckan i Arbetsdomstolen. Hela domarna hittar du p\u00e5 Arbetsdomstolen hemsida via l\u00e4nken under kommentarer. AD 2021 13 Fr\u00e5ga om en sk\u00e5despelare, som engagerats f\u00f6r &hellip;\" \/>\n<meta property=\"og:url\" content=\"https:\/\/www.almega.se\/2021\/04\/nya-ad-domar-6-2-2-2-2-2-2-2-2-2-2-2\/\" \/>\n<meta property=\"og:site_name\" content=\"Almega\" \/>\n<meta property=\"article:published_time\" content=\"2021-04-01T09:32:21+00:00\" \/>\n<meta property=\"article:modified_time\" content=\"2022-03-25T13:12:31+00:00\" \/>\n<meta property=\"og:image\" content=\"https:\/\/www.almega.se\/app\/uploads\/2020\/12\/almega-share-logo.png\" \/>\n\t<meta property=\"og:image:width\" content=\"1200\" \/>\n\t<meta property=\"og:image:height\" content=\"630\" \/>\n\t<meta property=\"og:image:type\" content=\"image\/png\" \/>\n<meta name=\"author\" content=\"Lena Ragell\" \/>\n<meta name=\"twitter:card\" content=\"summary_large_image\" \/>\n<meta name=\"twitter:label1\" content=\"Skriven av\" \/>\n\t<meta name=\"twitter:data1\" content=\"Lena Ragell\" \/>\n\t<meta name=\"twitter:label2\" content=\"Ber\u00e4knad l\u00e4stid\" \/>\n\t<meta name=\"twitter:data2\" content=\"9 minuter\" \/>\n<!-- \/ Yoast SEO Premium plugin. -->","yoast_head_json":{"title":"Nya AD-domar | Almega","robots":{"index":"index","follow":"follow","max-snippet":"max-snippet:-1","max-image-preview":"max-image-preview:large","max-video-preview":"max-video-preview:-1"},"canonical":"https:\/\/www.almega.se\/2021\/04\/nya-ad-domar-6-2-2-2-2-2-2-2-2-2-2-2\/","og_locale":"sv_SE","og_type":"article","og_title":"Nya AD-domar","og_description":"H\u00e4r publicerar vi snabba, korta kommentarer av de viktigaste domarna under veckan i Arbetsdomstolen. Hela domarna hittar du p\u00e5 Arbetsdomstolen hemsida via l\u00e4nken under kommentarer. AD 2021 13 Fr\u00e5ga om en sk\u00e5despelare, som engagerats f\u00f6r &hellip;","og_url":"https:\/\/www.almega.se\/2021\/04\/nya-ad-domar-6-2-2-2-2-2-2-2-2-2-2-2\/","og_site_name":"Almega","article_published_time":"2021-04-01T09:32:21+00:00","article_modified_time":"2022-03-25T13:12:31+00:00","og_image":[{"width":1200,"height":630,"url":"https:\/\/www.almega.se\/app\/uploads\/2020\/12\/almega-share-logo.png","type":"image\/png"}],"author":"Lena Ragell","twitter_card":"summary_large_image","twitter_misc":{"Skriven av":"Lena Ragell","Ber\u00e4knad l\u00e4stid":"9 minuter"},"schema":{"@context":"https:\/\/schema.org","@graph":[{"@type":"NewsArticle","@id":"https:\/\/www.almega.se\/2021\/04\/nya-ad-domar-6-2-2-2-2-2-2-2-2-2-2-2\/#article","isPartOf":{"@id":"https:\/\/www.almega.se\/2021\/04\/nya-ad-domar-6-2-2-2-2-2-2-2-2-2-2-2\/"},"author":{"name":"Lena Ragell","@id":"https:\/\/www.almega.se\/#\/schema\/person\/365a6d59b66a5989673b48ba4e584163"},"headline":"Nya AD-domar","datePublished":"2021-04-01T09:32:21+00:00","dateModified":"2022-03-25T13:12:31+00:00","mainEntityOfPage":{"@id":"https:\/\/www.almega.se\/2021\/04\/nya-ad-domar-6-2-2-2-2-2-2-2-2-2-2-2\/"},"wordCount":1808,"inLanguage":"sv-SE"},{"@type":"WebPage","@id":"https:\/\/www.almega.se\/2021\/04\/nya-ad-domar-6-2-2-2-2-2-2-2-2-2-2-2\/","url":"https:\/\/www.almega.se\/2021\/04\/nya-ad-domar-6-2-2-2-2-2-2-2-2-2-2-2\/","name":"Nya AD-domar | Almega","isPartOf":{"@id":"https:\/\/www.almega.se\/#website"},"datePublished":"2021-04-01T09:32:21+00:00","dateModified":"2022-03-25T13:12:31+00:00","author":{"@id":"https:\/\/www.almega.se\/#\/schema\/person\/365a6d59b66a5989673b48ba4e584163"},"breadcrumb":{"@id":"https:\/\/www.almega.se\/2021\/04\/nya-ad-domar-6-2-2-2-2-2-2-2-2-2-2-2\/#breadcrumb"},"inLanguage":"sv-SE","potentialAction":[{"@type":"ReadAction","target":["https:\/\/www.almega.se\/2021\/04\/nya-ad-domar-6-2-2-2-2-2-2-2-2-2-2-2\/"]}]},{"@type":"BreadcrumbList","@id":"https:\/\/www.almega.se\/2021\/04\/nya-ad-domar-6-2-2-2-2-2-2-2-2-2-2-2\/#breadcrumb","itemListElement":[{"@type":"ListItem","position":1,"name":"Home","item":"https:\/\/www.almega.se\/"},{"@type":"ListItem","position":2,"name":"Nya AD-domar"}]},{"@type":"WebSite","@id":"https:\/\/www.almega.se\/#website","url":"https:\/\/www.almega.se\/","name":"Almega","description":"","potentialAction":[{"@type":"SearchAction","target":{"@type":"EntryPoint","urlTemplate":"https:\/\/www.almega.se\/?s={search_term_string}"},"query-input":{"@type":"PropertyValueSpecification","valueRequired":true,"valueName":"search_term_string"}}],"inLanguage":"sv-SE"},{"@type":"Person","@id":"https:\/\/www.almega.se\/#\/schema\/person\/365a6d59b66a5989673b48ba4e584163","name":"Lena Ragell","image":{"@type":"ImageObject","inLanguage":"sv-SE","@id":"https:\/\/www.almega.se\/#\/schema\/person\/image\/","url":"https:\/\/secure.gravatar.com\/avatar\/b08c10feead92fb4e24d6ce4a27fbce858bbeffdd343fbc8639cad850f2f7026?s=96&d=mm&r=g","contentUrl":"https:\/\/secure.gravatar.com\/avatar\/b08c10feead92fb4e24d6ce4a27fbce858bbeffdd343fbc8639cad850f2f7026?s=96&d=mm&r=g","caption":"Lena Ragell"},"description":"Lena arbetar som administrat\u00f6r p\u00e5 enheten Arbetsgivarservice.","url":"https:\/\/www.almega.se\/person\/lenaragell\/"}]}},"_links":{"self":[{"href":"https:\/\/www.almega.se\/api\/wp\/v2\/posts\/35585","targetHints":{"allow":["GET"]}}],"collection":[{"href":"https:\/\/www.almega.se\/api\/wp\/v2\/posts"}],"about":[{"href":"https:\/\/www.almega.se\/api\/wp\/v2\/types\/post"}],"author":[{"embeddable":true,"href":"https:\/\/www.almega.se\/api\/wp\/v2\/users\/163"}],"replies":[{"embeddable":true,"href":"https:\/\/www.almega.se\/api\/wp\/v2\/comments?post=35585"}],"version-history":[{"count":0,"href":"https:\/\/www.almega.se\/api\/wp\/v2\/posts\/35585\/revisions"}],"wp:attachment":[{"href":"https:\/\/www.almega.se\/api\/wp\/v2\/media?parent=35585"}],"wp:term":[{"taxonomy":"category","embeddable":true,"href":"https:\/\/www.almega.se\/api\/wp\/v2\/categories?post=35585"},{"taxonomy":"post_tag","embeddable":true,"href":"https:\/\/www.almega.se\/api\/wp\/v2\/tags?post=35585"},{"taxonomy":"type","embeddable":true,"href":"https:\/\/www.almega.se\/api\/wp\/v2\/article_type?post=35585"},{"taxonomy":"agreement","embeddable":true,"href":"https:\/\/www.almega.se\/api\/wp\/v2\/agreement?post=35585"}],"curies":[{"name":"wp","href":"https:\/\/api.w.org\/{rel}","templated":true}]}}