{"id":35312,"date":"2021-03-17T15:15:53","date_gmt":"2021-03-17T14:15:53","guid":{"rendered":"https:\/\/www.almega.se\/2021\/03\/ratt-att-arbetsformedlingen-avslar-karlshamns-ansokan\/"},"modified":"2021-03-17T15:15:53","modified_gmt":"2021-03-17T14:15:53","slug":"ratt-att-arbetsformedlingen-avslar-karlshamns-ansokan","status":"publish","type":"post","link":"https:\/\/www.almega.se\/2021\/03\/ratt-att-arbetsformedlingen-avslar-karlshamns-ansokan\/","title":{"rendered":"R\u00e4tt att Arbetsf\u00f6rmedlingen avsl\u00e5r Karlshamns ans\u00f6kan"},"content":{"rendered":"<p class=\"intro\">Karlshamns kommun har som f\u00f6rsta kommun i Sverige ans\u00f6kt om starta en egen kommunal arbetsf\u00f6rmedling. Nu tycks dock kommunen st\u00f6tt p\u00e5 patrull d\u00e5 Arbetsf\u00f6rmedlingen har avslagit deras ans\u00f6kan.<\/p>\n\n<p>Anledningen till Karlshamns kommuns planer \u00e4r enligt kommunens f\u00f6retr\u00e4dare att de vill kunna ta del av de statliga ers\u00e4ttningar som utg\u00e5r f\u00f6r denna typ av tj\u00e4nster. Nu rapporterar dock tidningen Arbetet att kommunen f\u00e5tt avslag p\u00e5 sin ans\u00f6kan av Arbetsf\u00f6rmedlingen.<\/p>\n\n\n\n<p>\u2013 Detta \u00e4r givetvis mycket positivt. Det finns redan n\u00e4rmare ett tiotal frist\u00e5ende jobbf\u00f6rmedlare i Karlshamns kommun, och d\u00e5 \u00e4r det direkt skadligt att med skattemedel i ryggen g\u00e5 in och konkurrera med dessa, s\u00e4ger Andreas \u00c5str\u00f6m, n\u00e4ringspolitisk chef p\u00e5 Almega.<\/p>\n\n\n\n<p>Arbetsf\u00f6rmedlingen \u00e4r f\u00f6rtegen om anledningen till avslaget och menar att de bara g\u00f6r en upphandlingsr\u00e4ttslig bed\u00f6mning utifr\u00e5n kraven i tj\u00e4nsten n\u00e4r en kommun ans\u00f6ker om att bli leverant\u00f6r. Samtidigt menar Olle Lundin, professor i f\u00f6rvaltningsr\u00e4tt vid Uppsala universitet, att en kommun som erbjuder arbetsf\u00f6rmedlingsverksamhet bryter mot lagen.<\/p>\n\n\n\n<p>\u2013&nbsp; Kommunallagen \u00e4r tydlig med vad en kommun f\u00e5r och inte f\u00e5r g\u00f6ra, och Karlshamns planer faller dessv\u00e4rre under det senare. Mitt r\u00e5d till kommunen \u00e4r att l\u00e4gga ned planerna och ist\u00e4llet l\u00e4gga energin p\u00e5 att skapa ett gott samarbete med de frist\u00e5ende jobbf\u00f6rmedlarna, s\u00e4ger Andreas \u00c5str\u00f6m, n\u00e4ringspolitisk chef p\u00e5 Almega.<\/p>\n\n\n\n<p>Karlshamns kommun \u00e4r \u00e4ven anm\u00e4ld till F\u00f6rvaltningsr\u00e4tten i V\u00e4xj\u00f6. Anm\u00e4laren, en privatperson bosatt i kommunen, menar att kommunens planerade verksamhet kommer att konkurrera med de frist\u00e5ende jobbf\u00f6rmedlingsakt\u00f6rerna.<\/p>\n","protected":false},"excerpt":{"rendered":"<p>Karlshamns kommun har som f\u00f6rsta kommun i Sverige ans\u00f6kt om starta en egen kommunal arbetsf\u00f6rmedling. Nu tycks dock kommunen st\u00f6tt p\u00e5 patrull d\u00e5 Arbetsf\u00f6rmedlingen har avslagit deras ans\u00f6kan.<\/p>\n","protected":false},"author":1,"featured_media":0,"comment_status":"closed","ping_status":"closed","sticky":false,"template":"","format":"standard","meta":{"_acf_changed":false,"footnotes":""},"categories":[607],"tags":[608],"article_type":[93],"agreement":[],"class_list":["post-35312","post","type-post","status-publish","format-standard","hentry","category-osund-konkurrens","tag-osund-konkurrens","type-pressmeddelanden"],"acf":[],"yoast_head":"<!-- This site is optimized with the Yoast SEO Premium plugin v26.8 (Yoast SEO v26.8) - https:\/\/yoast.com\/product\/yoast-seo-premium-wordpress\/ -->\n<title>R\u00e4tt att Arbetsf\u00f6rmedlingen avsl\u00e5r Karlshamns ans\u00f6kan | Almega<\/title>\n<meta name=\"robots\" content=\"index, follow, max-snippet:-1, max-image-preview:large, max-video-preview:-1\" \/>\n<link rel=\"canonical\" href=\"https:\/\/www.almega.se\/2021\/03\/ratt-att-arbetsformedlingen-avslar-karlshamns-ansokan\/\" \/>\n<meta property=\"og:locale\" content=\"sv_SE\" \/>\n<meta property=\"og:type\" content=\"article\" \/>\n<meta property=\"og:title\" content=\"R\u00e4tt att Arbetsf\u00f6rmedlingen avsl\u00e5r Karlshamns ans\u00f6kan\" \/>\n<meta property=\"og:description\" content=\"Karlshamns kommun har som f\u00f6rsta kommun i Sverige ans\u00f6kt om starta en egen kommunal arbetsf\u00f6rmedling. Nu tycks dock kommunen st\u00f6tt p\u00e5 patrull d\u00e5 Arbetsf\u00f6rmedlingen har avslagit deras ans\u00f6kan.\" \/>\n<meta property=\"og:url\" content=\"https:\/\/www.almega.se\/2021\/03\/ratt-att-arbetsformedlingen-avslar-karlshamns-ansokan\/\" \/>\n<meta property=\"og:site_name\" content=\"Almega\" \/>\n<meta property=\"article:published_time\" content=\"2021-03-17T14:15:53+00:00\" \/>\n<meta property=\"og:image\" content=\"https:\/\/www.almega.se\/app\/uploads\/2020\/12\/almega-share-logo.png\" \/>\n\t<meta property=\"og:image:width\" content=\"1200\" \/>\n\t<meta property=\"og:image:height\" content=\"630\" \/>\n\t<meta property=\"og:image:type\" content=\"image\/png\" \/>\n<meta name=\"author\" content=\"admin\" \/>\n<meta name=\"twitter:card\" content=\"summary_large_image\" \/>\n<meta name=\"twitter:label1\" content=\"Skriven av\" \/>\n\t<meta name=\"twitter:data1\" content=\"admin\" \/>\n\t<meta name=\"twitter:label2\" content=\"Ber\u00e4knad l\u00e4stid\" \/>\n\t<meta name=\"twitter:data2\" content=\"2 minuter\" \/>\n<!-- \/ Yoast SEO Premium plugin. -->","yoast_head_json":{"title":"R\u00e4tt att Arbetsf\u00f6rmedlingen avsl\u00e5r Karlshamns ans\u00f6kan | Almega","robots":{"index":"index","follow":"follow","max-snippet":"max-snippet:-1","max-image-preview":"max-image-preview:large","max-video-preview":"max-video-preview:-1"},"canonical":"https:\/\/www.almega.se\/2021\/03\/ratt-att-arbetsformedlingen-avslar-karlshamns-ansokan\/","og_locale":"sv_SE","og_type":"article","og_title":"R\u00e4tt att Arbetsf\u00f6rmedlingen avsl\u00e5r Karlshamns ans\u00f6kan","og_description":"Karlshamns kommun har som f\u00f6rsta kommun i Sverige ans\u00f6kt om starta en egen kommunal arbetsf\u00f6rmedling. Nu tycks dock kommunen st\u00f6tt p\u00e5 patrull d\u00e5 Arbetsf\u00f6rmedlingen har avslagit deras ans\u00f6kan.","og_url":"https:\/\/www.almega.se\/2021\/03\/ratt-att-arbetsformedlingen-avslar-karlshamns-ansokan\/","og_site_name":"Almega","article_published_time":"2021-03-17T14:15:53+00:00","og_image":[{"width":1200,"height":630,"url":"https:\/\/www.almega.se\/app\/uploads\/2020\/12\/almega-share-logo.png","type":"image\/png"}],"author":"admin","twitter_card":"summary_large_image","twitter_misc":{"Skriven av":"admin","Ber\u00e4knad l\u00e4stid":"2 minuter"},"schema":{"@context":"https:\/\/schema.org","@graph":[{"@type":"NewsArticle","@id":"https:\/\/www.almega.se\/2021\/03\/ratt-att-arbetsformedlingen-avslar-karlshamns-ansokan\/#article","isPartOf":{"@id":"https:\/\/www.almega.se\/2021\/03\/ratt-att-arbetsformedlingen-avslar-karlshamns-ansokan\/"},"author":{"name":"admin","@id":"https:\/\/www.almega.se\/#\/schema\/person\/9c3674d192fb8b2d1d8b7a3f31c5151d"},"headline":"R\u00e4tt att Arbetsf\u00f6rmedlingen avsl\u00e5r Karlshamns ans\u00f6kan","datePublished":"2021-03-17T14:15:53+00:00","mainEntityOfPage":{"@id":"https:\/\/www.almega.se\/2021\/03\/ratt-att-arbetsformedlingen-avslar-karlshamns-ansokan\/"},"wordCount":264,"keywords":["Osund konkurrens"],"articleSection":["Osund konkurrens"],"inLanguage":"sv-SE"},{"@type":"WebPage","@id":"https:\/\/www.almega.se\/2021\/03\/ratt-att-arbetsformedlingen-avslar-karlshamns-ansokan\/","url":"https:\/\/www.almega.se\/2021\/03\/ratt-att-arbetsformedlingen-avslar-karlshamns-ansokan\/","name":"R\u00e4tt att Arbetsf\u00f6rmedlingen avsl\u00e5r Karlshamns ans\u00f6kan | Almega","isPartOf":{"@id":"https:\/\/www.almega.se\/#website"},"datePublished":"2021-03-17T14:15:53+00:00","author":{"@id":"https:\/\/www.almega.se\/#\/schema\/person\/9c3674d192fb8b2d1d8b7a3f31c5151d"},"breadcrumb":{"@id":"https:\/\/www.almega.se\/2021\/03\/ratt-att-arbetsformedlingen-avslar-karlshamns-ansokan\/#breadcrumb"},"inLanguage":"sv-SE","potentialAction":[{"@type":"ReadAction","target":["https:\/\/www.almega.se\/2021\/03\/ratt-att-arbetsformedlingen-avslar-karlshamns-ansokan\/"]}]},{"@type":"BreadcrumbList","@id":"https:\/\/www.almega.se\/2021\/03\/ratt-att-arbetsformedlingen-avslar-karlshamns-ansokan\/#breadcrumb","itemListElement":[{"@type":"ListItem","position":1,"name":"Home","item":"https:\/\/www.almega.se\/"},{"@type":"ListItem","position":2,"name":"R\u00e4tt att Arbetsf\u00f6rmedlingen avsl\u00e5r Karlshamns ans\u00f6kan"}]},{"@type":"WebSite","@id":"https:\/\/www.almega.se\/#website","url":"https:\/\/www.almega.se\/","name":"Almega","description":"","potentialAction":[{"@type":"SearchAction","target":{"@type":"EntryPoint","urlTemplate":"https:\/\/www.almega.se\/?s={search_term_string}"},"query-input":{"@type":"PropertyValueSpecification","valueRequired":true,"valueName":"search_term_string"}}],"inLanguage":"sv-SE"},{"@type":"Person","@id":"https:\/\/www.almega.se\/#\/schema\/person\/9c3674d192fb8b2d1d8b7a3f31c5151d","name":"admin","image":{"@type":"ImageObject","inLanguage":"sv-SE","@id":"https:\/\/www.almega.se\/#\/schema\/person\/image\/","url":"https:\/\/secure.gravatar.com\/avatar\/13aac7e7a7582f599e3ba7706cec051e12eac4ad6c2ffe6f9d24800e63294187?s=96&d=mm&r=g","contentUrl":"https:\/\/secure.gravatar.com\/avatar\/13aac7e7a7582f599e3ba7706cec051e12eac4ad6c2ffe6f9d24800e63294187?s=96&d=mm&r=g","caption":"admin"},"url":"https:\/\/www.almega.se\/person\/admin\/"}]}},"_links":{"self":[{"href":"https:\/\/www.almega.se\/api\/wp\/v2\/posts\/35312","targetHints":{"allow":["GET"]}}],"collection":[{"href":"https:\/\/www.almega.se\/api\/wp\/v2\/posts"}],"about":[{"href":"https:\/\/www.almega.se\/api\/wp\/v2\/types\/post"}],"author":[{"embeddable":true,"href":"https:\/\/www.almega.se\/api\/wp\/v2\/users\/1"}],"replies":[{"embeddable":true,"href":"https:\/\/www.almega.se\/api\/wp\/v2\/comments?post=35312"}],"version-history":[{"count":2,"href":"https:\/\/www.almega.se\/api\/wp\/v2\/posts\/35312\/revisions"}],"predecessor-version":[{"id":53451,"href":"https:\/\/www.almega.se\/api\/wp\/v2\/posts\/35312\/revisions\/53451"}],"wp:attachment":[{"href":"https:\/\/www.almega.se\/api\/wp\/v2\/media?parent=35312"}],"wp:term":[{"taxonomy":"category","embeddable":true,"href":"https:\/\/www.almega.se\/api\/wp\/v2\/categories?post=35312"},{"taxonomy":"post_tag","embeddable":true,"href":"https:\/\/www.almega.se\/api\/wp\/v2\/tags?post=35312"},{"taxonomy":"type","embeddable":true,"href":"https:\/\/www.almega.se\/api\/wp\/v2\/article_type?post=35312"},{"taxonomy":"agreement","embeddable":true,"href":"https:\/\/www.almega.se\/api\/wp\/v2\/agreement?post=35312"}],"curies":[{"name":"wp","href":"https:\/\/api.w.org\/{rel}","templated":true}]}}