{"id":35279,"date":"2021-03-15T10:04:27","date_gmt":"2021-03-15T09:04:27","guid":{"rendered":"https:\/\/www.almega.se\/?p=35279"},"modified":"2022-03-25T14:15:35","modified_gmt":"2022-03-25T13:15:35","slug":"nya-ad-domar-6-2-2-2-2-2-2-2-2-2-2","status":"publish","type":"post","link":"https:\/\/www.almega.se\/2021\/03\/nya-ad-domar-6-2-2-2-2-2-2-2-2-2-2\/","title":{"rendered":"Nya AD-domar"},"content":{"rendered":"\n<p class=\"intro\">H\u00e4r publicerar vi snabba, korta kommentarer av de viktigaste domarna under veckan i Arbetsdomstolen. Hela domarna hittar du p\u00e5 Arbetsdomstolen hemsida via l\u00e4nken under kommentarer.<\/p>\n<p><strong>AD 2021 10<\/strong><\/p>\n<p>M\u00e5let g\u00e4llde huruvida ett avskedande var lagligen grundat.<\/p>\n<p>Arbetstagaren som avskedats var anst\u00e4lld hos Arbetsf\u00f6rmedlingen. Staten gjorde g\u00e4llande att arbetstagaren hade kommenterat en arbetss\u00f6kandes utseende p\u00e5 ett ol\u00e4mpligt s\u00e4tt, f\u00f6ljt med till hennes hem och d\u00e4r kommit med sexuella n\u00e4rmanden mot henne, b\u00e5de fysiskt och verbalt, och d\u00e4rvid utlovat vissa f\u00f6rm\u00e5ner fr\u00e5n Arbetsf\u00f6rmedlingens sida till henne i utbyte mot en sexuell relation. Staten gjorde vidare g\u00e4llande att arbetstagaren agerat utanf\u00f6r ramen f\u00f6r sin anst\u00e4llning \u2013 genom att sammanfattningsvis ha s\u00f6kt ordna en praktikplats \u00e5t arbetss\u00f6kanden och d\u00e4rvid k\u00f6rt henne i sin privata bil och d\u00e4rut\u00f6ver ha kommunicerat med henne genom sin privata mobiltelefon \u2013 samt varit olovligen fr\u00e5nvarande fr\u00e5n arbetet.<\/p>\n<p>Arbetstagarsidan bestred att arbetstagaren gjort sexuella n\u00e4rmanden och utlovat f\u00f6rm\u00e5ner i utbyte mot en sexuell relation. Arbetstagarsidan tillstod att arbetstagaren anv\u00e4nt sin privata bil och mobiltelefon p\u00e5 det s\u00e4tt staten gjort g\u00e4llande, men bestred att arbetstagaren d\u00e4rigenom agerat utanf\u00f6r ramen f\u00f6r sin anst\u00e4llning. Arbetstagarsidan bestred \u00e4ven p\u00e5st\u00e5endet om olovlig fr\u00e5nvaro.<\/p>\n<p>Arbetsdomstolen framh\u00f6ll inledningsvis att arbetsgivaren har bevisb\u00f6rdan f\u00f6r att arbetstagaren beg\u00e5tt en handling av s\u00e5dant slag att ett avskedande varit ber\u00e4ttigat.<\/p>\n<p>Arbetsdomstolen bed\u00f6mde att de uppgifter som arbetss\u00f6kanden hade l\u00e4mnat framstod som tillf\u00f6rlitliga och skulle tillm\u00e4tas ett h\u00f6gt bevisv\u00e4rde. Vidare ans\u00e5g Arbetsdomstolen att hennes uppgifter fick ett s\u00e5dant st\u00f6d av den \u00f6vriga utredningen att det, enligt domstolen, fick anses styrkt att arbetstagaren hade agerat p\u00e5 det s\u00e4tt som staten gjorde g\u00e4llande.<\/p>\n<p>Arbetsdomstolen ans\u00e5g att de uppgifter som arbetstagaren sj\u00e4lv hade l\u00e4mnat inte f\u00f6rtog n\u00e5got av styrkan i statens bevisning.<\/p>\n<p>Arbetsdomstolen fann det s\u00e5lunda styrkt att arbetstagaren hade kommenterat arbetss\u00f6kandens utseende, att han hade sagt till henne att han kunde hj\u00e4lpa henne med olika f\u00f6rm\u00e5ner som k\u00f6rkortsundervisning, praktikplats och undervisning i svenska i utbyte mot en sexuell relation, och att han hade tagit p\u00e5 hennes kropp och \u00e4ven f\u00f6rs\u00f6kt kyssa henne. Enligt domstolen var det utrett att de sexuella n\u00e4rmandena varit o\u00f6nskade fr\u00e5n den arbetss\u00f6kandes sida.<\/p>\n<p>Arbetsdomstolen \u00f6vergick sedan till bed\u00f6mningen av om det funnits laga sk\u00e4l f\u00f6r avskedande, och uttalade d\u00e4rvid f\u00f6ljande. Det som var utrett om de sexuella n\u00e4rmandena var allvarligt i sig. Genom att, i egenskap av anst\u00e4lld hos Arbetsf\u00f6rmedlingen, ha utlovat f\u00f6rm\u00e5ner fr\u00e5n Arbetsf\u00f6rmedlingen i utbyte mot en sexuell relation, hade arbetstagaren utnyttjat sin st\u00e4llning p\u00e5 ett h\u00f6gst klanderv\u00e4rt s\u00e4tt. Enligt Arbetsdomstolens bed\u00f6mning hade hans agerande dels skadat arbetsgivarens f\u00f6rtroende f\u00f6r honom, samt medf\u00f6rt risk f\u00f6r att skada allm\u00e4nhetens f\u00f6rtroende f\u00f6r Arbetsf\u00f6rmedlingen.<\/p>\n<p>Enligt Arbetsdomstolens mening hade arbetstagaren redan d\u00e4rigenom grovt \u00e5sidosatt sina \u00e5ligganden mot staten p\u00e5 ett s\u00e5dant s\u00e4tt att det funnits laga sk\u00e4l f\u00f6r avskedandet. Arbetsdomstolen fann det d\u00e4rf\u00f6r inte n\u00f6dv\u00e4ndigt att g\u00e5 vidare med en pr\u00f6vning av det som lagts arbetstagaren till last i \u00f6vrigt.<\/p>\n<p>Bed\u00f6mningen innebar att Arbetsdomstolen avslog arbetstagarsidans talan, och \u00e5lade arbetstagarsidan att ers\u00e4tta staten f\u00f6r dess r\u00e4tteg\u00e5ngskostnader.<\/p>\n<p><strong>AD 2021 11<\/strong><\/p>\n<p>M\u00e5let g\u00e4llde huruvida en talan om skadest\u00e5nd f\u00f6r brott mot anst\u00e4llningsskyddslagen var preskriberad. Fr\u00e5ga var dels om arbetsgivaren som tr\u00e4tt ur sin arbetsgivarorganisation \u00e4nd\u00e5 var bunden av ett kollektivavtal och dess f\u00f6rhandlingsordning, dels om arbetstagaren hade v\u00e4ckt talan i r\u00e4tt tid efter att tvistef\u00f6rhandling hade avslutats.<\/p>\n<p>Arbetsdomstolen redogjorde f\u00f6r de r\u00e4ttsliga utg\u00e5ngspunkterna och konstaterade d\u00e4rvid att en uttr\u00e4dande medlem inte \u00e4r bunden av kollektivavtalet under l\u00e4ngre tid \u00e4n den avtalsslutande organisationen och att en uttr\u00e4dande medlem blir fri fr\u00e5n avtalet utan s\u00e4rskild upps\u00e4gning vid den tidpunkt avtalet upph\u00f6r att g\u00e4lla f\u00f6r organisationen. Detta g\u00e4ller oavsett om avtalet blivit uppsagt i f\u00f6rh\u00e5llandet mellan organisationerna eller om det utan f\u00f6reg\u00e5ende upps\u00e4gning ersatts av annat avtal. Av praxis framg\u00e5r vidare att en arbetsgivare som uttr\u00e4der ur en arbetsgivarorganisation forts\u00e4tter att vara bunden av kollektivavtalet \u00e4ven om avtalstiden f\u00f6rl\u00e4ngs. Om avtalstiden f\u00f6rl\u00e4ngs genom att de avtalsslutande organisationerna kommer \u00f6verens om det l\u00e4r det dock kr\u00e4vas att \u00f6verenskommelsen om f\u00f6rl\u00e4ngning tr\u00e4ffas under avtalets giltighetstid f\u00f6r att den uttr\u00e4dande arbetsgivaren ska vara fortsatt bunden. En uttr\u00e4dande arbetsgivare kan undvika att bli bunden under den f\u00f6rl\u00e4ngda avtalstiden genom att sj\u00e4lv s\u00e4ga upp avtalet. Om kollektivavtalet inte \u00e4r tidsbegr\u00e4nsat utan g\u00e4ller tillsvidare, kan den uttr\u00e4dde arbetsgivaren s\u00e4ga upp avtalet med avtalad eller sk\u00e4lig upps\u00e4gningstid.<\/p>\n<p>En central fr\u00e5ga f\u00f6r en arbetsgivare som uttr\u00e4der ur sin arbetsgivarorganisation \u00e4r allts\u00e5 om det ursprungliga kollektivavtalet har upph\u00f6rt och ersatts av ett annat avtal, eller om dess giltighetstid f\u00f6rl\u00e4ngts.<\/p>\n<p>Arbetsdomstolen konstaterade att parternas avtalsf\u00f6rhandlingar normalt avslutas med att parterna tr\u00e4ffar en \u00f6verenskommelse som dokumenteras i ett protokoll. Protokollet anger ofta att det tidigare kollektivavtalet prolongeras med de \u00e4ndringar och till\u00e4gg som anges i protokollet. I protokollet anges den nya avtalstiden samt de f\u00f6r\u00e4ndringar av l\u00f6ner och allm\u00e4nna anst\u00e4llningsvillkor m.m. som parterna enats om. Det \u00e4r vidare vanligt att parterna d\u00e4refter uppr\u00e4ttar ett avtalstryck som inneh\u00e5ller den konsoliderade avtalstext som parterna enats om. Efter en redog\u00f6relse av domstolens praxis konstaterade Arbetsdomstolen att det gamla kollektivavtalet normalt f\u00e5r anses ha upph\u00f6rt att g\u00e4lla och ersatts av ett nytt om parterna gemensamt uppr\u00e4ttat ett avtalstryck som anger den nya avtalstiden och inneh\u00e5ller den konsoliderade avtalstexten. Detsamma g\u00e4ller \u00e4ven om parterna inte uppr\u00e4ttar ett avtalstryck, om parterna i samband med att de enas om ny avtalstid \u00e4ven kommer \u00f6verens om s\u00e5dana \u00e4ndringar av l\u00f6ner och anst\u00e4llningsvillkor som \u00e4r brukliga vid omf\u00f6rhandlingar av f\u00f6rbundsavtal.<\/p>\n<p>Arbetsgivar- och arbetstagarorganisationen f\u00f6r det i m\u00e5let aktuella kollektivavtalsomr\u00e5det hade kommit \u00f6verens om ett kollektivavtal. Av protokollet framgick att parterna prolongerade mellanvarande avtal f\u00f6r perioden 1 april 2017 \u2013 31 mars 2020 med de \u00e4ndringar och till\u00e4gg som framgick av s\u00e4rskild bilaga. Ett avtalstryck med den konsoliderade avtalstexten hade d\u00e4refter uppr\u00e4ttats. Med h\u00e4nvisning till sin praxis konstaterade Arbetsdomstolen att \u00f6verenskommelsen innebar ett nytt avtal som ersatte det \u00e4ldre. Arbetsgivaren var inte l\u00e4ngre bunden av det tidigare kollektivavtalet eftersom dess tidigare arbetsgivarorganisation inte l\u00e4ngre var det.<\/p>\n<p>I m\u00e5let framf\u00f6rdes en inv\u00e4ndning om att en uttr\u00e4dande arbetsgivare som inte s\u00e4ger upp avtalet \u00e4r bunden av \u201ddet gamla avtalet\u201d \u00e4ven om organisationerna har kommit \u00f6verens om vad som ska g\u00e4lla f\u00f6r n\u00e4sta avtalsperiod. Arbetsdomstolen fann att den uppfattningen inte var f\u00f6renlig med f\u00f6rarbeten och r\u00e4ttspraxis om att en medlem aldrig \u00e4r bunden l\u00e4ngre \u00e4n organisationen.<\/p>\n<p>Arbetsdomstolen redogjorde f\u00f6r preskriptionsreglerna i 41 \u00a7 LAS som anger att den som vill kr\u00e4va skadest\u00e5nd f\u00f6r brott mot anst\u00e4llningsskyddslagen ska underr\u00e4tta motparten inom fyra m\u00e5nader fr\u00e5n den tidpunkt den skadeg\u00f6rande handlingen f\u00f6retogs. Om f\u00f6rhandling enligt MBL eller kollektivavtal p\u00e5kallats ska talan v\u00e4ckas inom fyra m\u00e5nader fr\u00e5n det att f\u00f6rhandlingen avslutades f\u00f6r att talan inte ska preskriberas. Saknas kollektivavtal mellan de f\u00f6rhandlande parterna \u00e4r tvistef\u00f6rhandling slutf\u00f6rd efter en f\u00f6rhandlingsomg\u00e5ng, ist\u00e4llet f\u00f6r uppdelningen med lokal och d\u00e4refter central f\u00f6rhandling, som annars \u00e4r brukligt vid kollektivavtalsbundenhet.<\/p>\n<p>I fr\u00e5gan om preskription konstaterade Arbetsdomstolen att arbetstagarorganisationen hade p\u00e5kallat lokal f\u00f6rhandling i tid. Efter att lokal f\u00f6rhandling avslutats p\u00e5kallades \u201dcentral f\u00f6rhandling\u201d som h\u00f6lls utan att arbetsgivaren gjorde n\u00e5gon inv\u00e4ndning om preskription eller om att man inte var f\u00f6rhandlingsskyldig. Talan v\u00e4cktes sedermera mer \u00e4n fyra m\u00e5nader efter den lokala f\u00f6rhandlingen avslutats, men kortare tid \u00e4n fyra m\u00e5nader efter att den andra f\u00f6rhandlingen avslutats. Eftersom arbetsgivaren inte var bundet av kollektivavtalets f\u00f6rhandlingsordning var tvistef\u00f6rhandlingen avslutad efter den f\u00f6rsta f\u00f6rhandlingsomg\u00e5ngen. Trots detta medverkade arbetsgivaren vid en \u201dcentral f\u00f6rhandling\u201d. I sin praxis har Arbetsdomstolen funnit att arbetstagare i s\u00e5dan situation n\u00e4r preskriptionsfrister l\u00f6per under en f\u00f6rhandling, haft grundad anledning att anta att han, f\u00f6r att undg\u00e5 preskription, i vart fall inte skulle beh\u00f6va v\u00e4cka talan innan den \u201dcentrala\u201d f\u00f6rhandlingen \u00e4gt rum. Vidare har domstolen i sin praxis givit arbetstagaren sk\u00e4ligt r\u00e5drum med en m\u00e5nad att v\u00e4cka talan efter att den \u201dcentrala\u201d f\u00f6rhandlingen avslutats. Samma st\u00e4llningstagande gjordes \u00e4ven i detta m\u00e5l. Eftersom arbetstagaren inte hade v\u00e4ckt talan inom en m\u00e5nad efter att den andra f\u00f6rhandlingen avslutats var talan preskriberad. R\u00e4ttsl\u00e4get bed\u00f6mdes ha varit p\u00e5tagligt sv\u00e5rbed\u00f6mt och arbetstagaren ans\u00e5gs haft sk\u00e4lig anledning att f\u00e5 tvisten pr\u00f6vas, varf\u00f6r vardera parten fick b\u00e4ra sin r\u00e4tteg\u00e5ngskostnad.<\/p>\n<p><a href=\"http:\/\/www.arbetsdomstolen.se\/pages\/page.asp?lngID=4&amp;lngLangID=1&amp;Year=2020\" target=\"_blank\" rel=\"noopener noreferrer\">L\u00e4s mer om domarna p\u00e5 Arbetsdomstolens hemsida.<\/a>\n","protected":false},"excerpt":{"rendered":"<p>H\u00e4r publicerar vi snabba, korta kommentarer av de viktigaste domarna under veckan i Arbetsdomstolen. Hela domarna hittar du p\u00e5 Arbetsdomstolen hemsida via l\u00e4nken under kommentarer. AD 2021 10 M\u00e5let g\u00e4llde huruvida ett avskedande var lagligen &hellip;<\/p>\n","protected":false},"author":163,"featured_media":0,"comment_status":"closed","ping_status":"closed","sticky":false,"template":"","format":"standard","meta":{"_acf_changed":false,"footnotes":""},"categories":[1],"tags":[],"article_type":[312],"agreement":[162,103,104,105,106,174,190,109,114,110,111,112,113,115,116,117,118,119,120,121,122,123,124,125,127,126,236,129,130,131,132,156,133,134,157,135,136,137,138,139,186,140,142,141,143,145,146,144,147,148,152,149,151,150,155,154,158,159,160,161,246,163,164,165,166,167,168,459,169,170,172,173,175,176,177,178,179,180,455,183,181,182,184,185,188,191,192,193,194,195,196,197,201,202,224,203,204,207,205,206,208,209,475,214,213,212,210,215,216,217,410,187,218,219,220,221,222,223,226,230,225,228,108,227,128,229,231,232,107,189,171,233,234,235,237,238,476,411,239,240,241,242,245,243,477,244],"class_list":["post-35279","post","type-post","status-publish","format-standard","hentry","category-okategoriserade","type-ad-domar","agreement-79ce80f7-ff07-de11-b4e1-02bf9e69ca65","agreement-5cce80f7-ff07-de11-b4e1-02bf9e69ca65","agreement-cacd80f7-ff07-de11-b4e1-02bf9e69ca65","agreement-cbcd80f7-ff07-de11-b4e1-02bf9e69ca65","agreement-8dce80f7-ff07-de11-b4e1-02bf9e69ca65","agreement-a1c8f241-0761-e011-a194-02bf9e69ca65","agreement-a6e84646-06ab-e611-8108-003dd8b71e47","agreement-9cce80f7-ff07-de11-b4e1-02bf9e69ca65","agreement-a8ce80f7-ff07-de11-b4e1-02bf9e69ca65","agreement-a2ce80f7-ff07-de11-b4e1-02bf9e69ca65","agreement-a1ce80f7-ff07-de11-b4e1-02bf9e69ca65","agreement-9dce80f7-ff07-de11-b4e1-02bf9e69ca65","agreement-a3ce80f7-ff07-de11-b4e1-02bf9e69ca65","agreement-9ece80f7-ff07-de11-b4e1-02bf9e69ca65","agreement-a4ce80f7-ff07-de11-b4e1-02bf9e69ca65","agreement-20c6e08e-fe12-de11-b4e1-02bf9e69ca65","agreement-a7ce80f7-ff07-de11-b4e1-02bf9e69ca65","agreement-a5ce80f7-ff07-de11-b4e1-02bf9e69ca65","agreement-a6ce80f7-ff07-de11-b4e1-02bf9e69ca65","agreement-a0ce80f7-ff07-de11-b4e1-02bf9e69ca65","agreement-9fce80f7-ff07-de11-b4e1-02bf9e69ca65","agreement-aace80f7-ff07-de11-b4e1-02bf9e69ca65","agreement-a9ce80f7-ff07-de11-b4e1-02bf9e69ca65","agreement-705d8229-a064-de11-bdb9-02bf9e69ca65","agreement-875fe194-42a2-e411-95d0-005056b20fd6","agreement-2767ab55-42a2-e411-95d0-005056b20fd6","agreement-b0ce80f7-ff07-de11-b4e1-02bf9e69ca65","agreement-80801b30-bf59-de11-bdb9-02bf9e69ca65","agreement-4ace80f7-ff07-de11-b4e1-02bf9e69ca65","agreement-5bd980a8-f612-de11-b4e1-02bf9e69ca65","agreement-12ce80f7-ff07-de11-b4e1-02bf9e69ca65","agreement-19ce80f7-ff07-de11-b4e1-02bf9e69ca65","agreement-91c18dfe-fd12-de11-b4e1-02bf9e69ca65","agreement-58ce80f7-ff07-de11-b4e1-02bf9e69ca65","agreement-dbc1f569-b5f1-e511-b8fc-005056b20fd8","agreement-a0dd9b4d-7a56-de11-bdb9-02bf9e69ca65","agreement-81ce80f7-ff07-de11-b4e1-02bf9e69ca65","agreement-bccd80f7-ff07-de11-b4e1-02bf9e69ca65","agreement-4bce80f7-ff07-de11-b4e1-02bf9e69ca65","agreement-22ce80f7-ff07-de11-b4e1-02bf9e69ca65","agreement-45ce80f7-ff07-de11-b4e1-02bf9e69ca65","agreement-6fce80f7-ff07-de11-b4e1-02bf9e69ca65","agreement-72ce80f7-ff07-de11-b4e1-02bf9e69ca65","agreement-6ece80f7-ff07-de11-b4e1-02bf9e69ca65","agreement-71ce80f7-ff07-de11-b4e1-02bf9e69ca65","agreement-74ce80f7-ff07-de11-b4e1-02bf9e69ca65","agreement-47ce80f7-ff07-de11-b4e1-02bf9e69ca65","agreement-70ce80f7-ff07-de11-b4e1-02bf9e69ca65","agreement-21ce80f7-ff07-de11-b4e1-02bf9e69ca65","agreement-4843d367-7a56-de11-bdb9-02bf9e69ca65","agreement-64ce80f7-ff07-de11-b4e1-02bf9e69ca65","agreement-62ce80f7-ff07-de11-b4e1-02bf9e69ca65","agreement-61ce80f7-ff07-de11-b4e1-02bf9e69ca65","agreement-63ce80f7-ff07-de11-b4e1-02bf9e69ca65","agreement-31055653-edd3-e511-afc2-005056b20fd8","agreement-48ce80f7-ff07-de11-b4e1-02bf9e69ca65","agreement-c1cd80f7-ff07-de11-b4e1-02bf9e69ca65","agreement-c4cd80f7-ff07-de11-b4e1-02bf9e69ca65","agreement-1cce80f7-ff07-de11-b4e1-02bf9e69ca65","agreement-5dce80f7-ff07-de11-b4e1-02bf9e69ca65","agreement-d7532451-e4a4-e711-810e-003dd8b71e49","agreement-4ece80f7-ff07-de11-b4e1-02bf9e69ca65","agreement-84ce80f7-ff07-de11-b4e1-02bf9e69ca65","agreement-10cec22e-2f50-de11-bdb9-02bf9e69ca65","agreement-57ce80f7-ff07-de11-b4e1-02bf9e69ca65","agreement-6bce80f7-ff07-de11-b4e1-02bf9e69ca65","agreement-24ce80f7-ff07-de11-b4e1-02bf9e69ca65","agreement-9de9353e-79fc-e811-811f-003dd8b71e49","agreement-9ace80f7-ff07-de11-b4e1-02bf9e69ca65","agreement-ff73fbfd-74c6-e111-9e82-005056b20fd8","agreement-68ce80f7-ff07-de11-b4e1-02bf9e69ca65","agreement-8b353f92-eae2-e111-b718-005056b20fd6","agreement-65ce80f7-ff07-de11-b4e1-02bf9e69ca65","agreement-80ce80f7-ff07-de11-b4e1-02bf9e69ca65","agreement-52ce80f7-ff07-de11-b4e1-02bf9e69ca65","agreement-1dce80f7-ff07-de11-b4e1-02bf9e69ca65","agreement-8bce80f7-ff07-de11-b4e1-02bf9e69ca65","agreement-8cce80f7-ff07-de11-b4e1-02bf9e69ca65","agreement-b16e46a5-f2eb-e811-811e-003dd8b71e49","agreement-5ece80f7-ff07-de11-b4e1-02bf9e69ca65","agreement-20ce80f7-ff07-de11-b4e1-02bf9e69ca65","agreement-50febb79-7a56-de11-bdb9-02bf9e69ca65","agreement-5fce80f7-ff07-de11-b4e1-02bf9e69ca65","agreement-7dce80f7-ff07-de11-b4e1-02bf9e69ca65","agreement-4bb0699c-fd12-de11-b4e1-02bf9e69ca65","agreement-c5cd80f7-ff07-de11-b4e1-02bf9e69ca65","agreement-d95c3e3a-0da2-de11-b057-02bf9e69ca65","agreement-2b2479db-06a2-de11-b057-02bf9e69ca65","agreement-89175bca-06a2-de11-b057-02bf9e69ca65","agreement-5ace80f7-ff07-de11-b4e1-02bf9e69ca65","agreement-55ce80f7-ff07-de11-b4e1-02bf9e69ca65","agreement-4dce80f7-ff07-de11-b4e1-02bf9e69ca65","agreement-86ce80f7-ff07-de11-b4e1-02bf9e69ca65","agreement-85ce80f7-ff07-de11-b4e1-02bf9e69ca65","agreement-88ce80f7-ff07-de11-b4e1-02bf9e69ca65","agreement-5bce80f7-ff07-de11-b4e1-02bf9e69ca65","agreement-9477b1e1-28ad-e011-8875-005056b20278","agreement-43ce80f7-ff07-de11-b4e1-02bf9e69ca65","agreement-44ce80f7-ff07-de11-b4e1-02bf9e69ca65","agreement-9277b1e1-28ad-e011-8875-005056b20278","agreement-87ce80f7-ff07-de11-b4e1-02bf9e69ca65","agreement-7ace80f7-ff07-de11-b4e1-02bf9e69ca65","agreement-f3ee7667-590c-ea11-8160-003dd8b71d64","agreement-46ce80f7-ff07-de11-b4e1-02bf9e69ca65","agreement-cccd80f7-ff07-de11-b4e1-02bf9e69ca65","agreement-18ce80f7-ff07-de11-b4e1-02bf9e69ca65","agreement-7bce80f7-ff07-de11-b4e1-02bf9e69ca65","agreement-7ece80f7-ff07-de11-b4e1-02bf9e69ca65","agreement-83ce80f7-ff07-de11-b4e1-02bf9e69ca65","agreement-bbcd80f7-ff07-de11-b4e1-02bf9e69ca65","agreement-becd80f7-ff07-de11-b4e1-02bf9e69ca65","agreement-42ce80f7-ff07-de11-b4e1-02bf9e69ca65","agreement-99ce80f7-ff07-de11-b4e1-02bf9e69ca65","agreement-49ce80f7-ff07-de11-b4e1-02bf9e69ca65","agreement-284e69e0-7a56-de11-bdb9-02bf9e69ca65","agreement-587f7203-7b56-de11-bdb9-02bf9e69ca65","agreement-26ce80f7-ff07-de11-b4e1-02bf9e69ca65","agreement-68c1af9f-6b56-de11-bdb9-02bf9e69ca65","agreement-29ce80f7-ff07-de11-b4e1-02bf9e69ca65","agreement-1fce80f7-ff07-de11-b4e1-02bf9e69ca65","agreement-25ce80f7-ff07-de11-b4e1-02bf9e69ca65","agreement-1ece80f7-ff07-de11-b4e1-02bf9e69ca65","agreement-acce80f7-ff07-de11-b4e1-02bf9e69ca65","agreement-59ce80f7-ff07-de11-b4e1-02bf9e69ca65","agreement-abce80f7-ff07-de11-b4e1-02bf9e69ca65","agreement-53ce80f7-ff07-de11-b4e1-02bf9e69ca65","agreement-6ace80f7-ff07-de11-b4e1-02bf9e69ca65","agreement-69ce80f7-ff07-de11-b4e1-02bf9e69ca65","agreement-4cce80f7-ff07-de11-b4e1-02bf9e69ca65","agreement-4fce80f7-ff07-de11-b4e1-02bf9e69ca65","agreement-23ce80f7-ff07-de11-b4e1-02bf9e69ca65","agreement-7cce80f7-ff07-de11-b4e1-02bf9e69ca65","agreement-8ace80f7-ff07-de11-b4e1-02bf9e69ca65","agreement-67ce80f7-ff07-de11-b4e1-02bf9e69ca65","agreement-60ce80f7-ff07-de11-b4e1-02bf9e69ca65","agreement-bfcd80f7-ff07-de11-b4e1-02bf9e69ca65","agreement-c1aa62bf-6a50-e911-812e-003dd8b71e47","agreement-a438d278-7ccb-e711-810f-003dd8b71e49","agreement-c0cd80f7-ff07-de11-b4e1-02bf9e69ca65","agreement-adce80f7-ff07-de11-b4e1-02bf9e69ca65","agreement-66ce80f7-ff07-de11-b4e1-02bf9e69ca65","agreement-78ce80f7-ff07-de11-b4e1-02bf9e69ca65","agreement-d8372015-3f44-e211-be83-005056b20fd8","agreement-1ac6e1f5-3f44-e211-be83-005056b20fd8","agreement-0c9dcc75-6a50-e911-812e-003dd8b71e47","agreement-70ee1081-3f44-e211-be83-005056b20fd8"],"acf":[],"yoast_head":"<!-- This site is optimized with the Yoast SEO Premium plugin v26.8 (Yoast SEO v26.8) - https:\/\/yoast.com\/product\/yoast-seo-premium-wordpress\/ -->\n<title>Nya AD-domar | Almega<\/title>\n<meta name=\"robots\" content=\"index, follow, max-snippet:-1, max-image-preview:large, max-video-preview:-1\" \/>\n<link rel=\"canonical\" href=\"https:\/\/www.almega.se\/2021\/03\/nya-ad-domar-6-2-2-2-2-2-2-2-2-2-2\/\" \/>\n<meta property=\"og:locale\" content=\"sv_SE\" \/>\n<meta property=\"og:type\" content=\"article\" \/>\n<meta property=\"og:title\" content=\"Nya AD-domar\" \/>\n<meta property=\"og:description\" content=\"H\u00e4r publicerar vi snabba, korta kommentarer av de viktigaste domarna under veckan i Arbetsdomstolen. Hela domarna hittar du p\u00e5 Arbetsdomstolen hemsida via l\u00e4nken under kommentarer. AD 2021 10 M\u00e5let g\u00e4llde huruvida ett avskedande var lagligen &hellip;\" \/>\n<meta property=\"og:url\" content=\"https:\/\/www.almega.se\/2021\/03\/nya-ad-domar-6-2-2-2-2-2-2-2-2-2-2\/\" \/>\n<meta property=\"og:site_name\" content=\"Almega\" \/>\n<meta property=\"article:published_time\" content=\"2021-03-15T09:04:27+00:00\" \/>\n<meta property=\"article:modified_time\" content=\"2022-03-25T13:15:35+00:00\" \/>\n<meta property=\"og:image\" content=\"https:\/\/www.almega.se\/app\/uploads\/2020\/12\/almega-share-logo.png\" \/>\n\t<meta property=\"og:image:width\" content=\"1200\" \/>\n\t<meta property=\"og:image:height\" content=\"630\" \/>\n\t<meta property=\"og:image:type\" content=\"image\/png\" \/>\n<meta name=\"author\" content=\"Lena Ragell\" \/>\n<meta name=\"twitter:card\" content=\"summary_large_image\" \/>\n<meta name=\"twitter:label1\" content=\"Skriven av\" \/>\n\t<meta name=\"twitter:data1\" content=\"Lena Ragell\" \/>\n\t<meta name=\"twitter:label2\" content=\"Ber\u00e4knad l\u00e4stid\" \/>\n\t<meta name=\"twitter:data2\" content=\"8 minuter\" \/>\n<!-- \/ Yoast SEO Premium plugin. -->","yoast_head_json":{"title":"Nya AD-domar | Almega","robots":{"index":"index","follow":"follow","max-snippet":"max-snippet:-1","max-image-preview":"max-image-preview:large","max-video-preview":"max-video-preview:-1"},"canonical":"https:\/\/www.almega.se\/2021\/03\/nya-ad-domar-6-2-2-2-2-2-2-2-2-2-2\/","og_locale":"sv_SE","og_type":"article","og_title":"Nya AD-domar","og_description":"H\u00e4r publicerar vi snabba, korta kommentarer av de viktigaste domarna under veckan i Arbetsdomstolen. Hela domarna hittar du p\u00e5 Arbetsdomstolen hemsida via l\u00e4nken under kommentarer. AD 2021 10 M\u00e5let g\u00e4llde huruvida ett avskedande var lagligen &hellip;","og_url":"https:\/\/www.almega.se\/2021\/03\/nya-ad-domar-6-2-2-2-2-2-2-2-2-2-2\/","og_site_name":"Almega","article_published_time":"2021-03-15T09:04:27+00:00","article_modified_time":"2022-03-25T13:15:35+00:00","og_image":[{"width":1200,"height":630,"url":"https:\/\/www.almega.se\/app\/uploads\/2020\/12\/almega-share-logo.png","type":"image\/png"}],"author":"Lena Ragell","twitter_card":"summary_large_image","twitter_misc":{"Skriven av":"Lena Ragell","Ber\u00e4knad l\u00e4stid":"8 minuter"},"schema":{"@context":"https:\/\/schema.org","@graph":[{"@type":"NewsArticle","@id":"https:\/\/www.almega.se\/2021\/03\/nya-ad-domar-6-2-2-2-2-2-2-2-2-2-2\/#article","isPartOf":{"@id":"https:\/\/www.almega.se\/2021\/03\/nya-ad-domar-6-2-2-2-2-2-2-2-2-2-2\/"},"author":{"name":"Lena Ragell","@id":"https:\/\/www.almega.se\/#\/schema\/person\/365a6d59b66a5989673b48ba4e584163"},"headline":"Nya AD-domar","datePublished":"2021-03-15T09:04:27+00:00","dateModified":"2022-03-25T13:15:35+00:00","mainEntityOfPage":{"@id":"https:\/\/www.almega.se\/2021\/03\/nya-ad-domar-6-2-2-2-2-2-2-2-2-2-2\/"},"wordCount":1600,"inLanguage":"sv-SE"},{"@type":"WebPage","@id":"https:\/\/www.almega.se\/2021\/03\/nya-ad-domar-6-2-2-2-2-2-2-2-2-2-2\/","url":"https:\/\/www.almega.se\/2021\/03\/nya-ad-domar-6-2-2-2-2-2-2-2-2-2-2\/","name":"Nya AD-domar | Almega","isPartOf":{"@id":"https:\/\/www.almega.se\/#website"},"datePublished":"2021-03-15T09:04:27+00:00","dateModified":"2022-03-25T13:15:35+00:00","author":{"@id":"https:\/\/www.almega.se\/#\/schema\/person\/365a6d59b66a5989673b48ba4e584163"},"breadcrumb":{"@id":"https:\/\/www.almega.se\/2021\/03\/nya-ad-domar-6-2-2-2-2-2-2-2-2-2-2\/#breadcrumb"},"inLanguage":"sv-SE","potentialAction":[{"@type":"ReadAction","target":["https:\/\/www.almega.se\/2021\/03\/nya-ad-domar-6-2-2-2-2-2-2-2-2-2-2\/"]}]},{"@type":"BreadcrumbList","@id":"https:\/\/www.almega.se\/2021\/03\/nya-ad-domar-6-2-2-2-2-2-2-2-2-2-2\/#breadcrumb","itemListElement":[{"@type":"ListItem","position":1,"name":"Home","item":"https:\/\/www.almega.se\/"},{"@type":"ListItem","position":2,"name":"Nya AD-domar"}]},{"@type":"WebSite","@id":"https:\/\/www.almega.se\/#website","url":"https:\/\/www.almega.se\/","name":"Almega","description":"","potentialAction":[{"@type":"SearchAction","target":{"@type":"EntryPoint","urlTemplate":"https:\/\/www.almega.se\/?s={search_term_string}"},"query-input":{"@type":"PropertyValueSpecification","valueRequired":true,"valueName":"search_term_string"}}],"inLanguage":"sv-SE"},{"@type":"Person","@id":"https:\/\/www.almega.se\/#\/schema\/person\/365a6d59b66a5989673b48ba4e584163","name":"Lena Ragell","image":{"@type":"ImageObject","inLanguage":"sv-SE","@id":"https:\/\/www.almega.se\/#\/schema\/person\/image\/","url":"https:\/\/secure.gravatar.com\/avatar\/b08c10feead92fb4e24d6ce4a27fbce858bbeffdd343fbc8639cad850f2f7026?s=96&d=mm&r=g","contentUrl":"https:\/\/secure.gravatar.com\/avatar\/b08c10feead92fb4e24d6ce4a27fbce858bbeffdd343fbc8639cad850f2f7026?s=96&d=mm&r=g","caption":"Lena Ragell"},"description":"Lena arbetar som administrat\u00f6r p\u00e5 enheten Arbetsgivarservice.","url":"https:\/\/www.almega.se\/person\/lenaragell\/"}]}},"_links":{"self":[{"href":"https:\/\/www.almega.se\/api\/wp\/v2\/posts\/35279","targetHints":{"allow":["GET"]}}],"collection":[{"href":"https:\/\/www.almega.se\/api\/wp\/v2\/posts"}],"about":[{"href":"https:\/\/www.almega.se\/api\/wp\/v2\/types\/post"}],"author":[{"embeddable":true,"href":"https:\/\/www.almega.se\/api\/wp\/v2\/users\/163"}],"replies":[{"embeddable":true,"href":"https:\/\/www.almega.se\/api\/wp\/v2\/comments?post=35279"}],"version-history":[{"count":0,"href":"https:\/\/www.almega.se\/api\/wp\/v2\/posts\/35279\/revisions"}],"wp:attachment":[{"href":"https:\/\/www.almega.se\/api\/wp\/v2\/media?parent=35279"}],"wp:term":[{"taxonomy":"category","embeddable":true,"href":"https:\/\/www.almega.se\/api\/wp\/v2\/categories?post=35279"},{"taxonomy":"post_tag","embeddable":true,"href":"https:\/\/www.almega.se\/api\/wp\/v2\/tags?post=35279"},{"taxonomy":"type","embeddable":true,"href":"https:\/\/www.almega.se\/api\/wp\/v2\/article_type?post=35279"},{"taxonomy":"agreement","embeddable":true,"href":"https:\/\/www.almega.se\/api\/wp\/v2\/agreement?post=35279"}],"curies":[{"name":"wp","href":"https:\/\/api.w.org\/{rel}","templated":true}]}}